{"id":357090,"date":"2022-04-25T09:00:41","date_gmt":"2022-04-25T07:00:41","guid":{"rendered":"https:\/\/www.elle.be\/fr\/?p=357090"},"modified":"2022-04-29T12:50:47","modified_gmt":"2022-04-29T10:50:47","slug":"oenotourisme-et-roses-green-sur-la-route-des-vins-de-provence","status":"publish","type":"post","link":"https:\/\/www.elle.be\/fr\/357090-oenotourisme-et-roses-green-sur-la-route-des-vins-de-provence.html","title":{"rendered":"\u0152notourisme et ros\u00e9s \u00ab\u2009green\u2009\u00bb\u00a0: sur la route des Vins de Provence"},"content":{"rendered":"","protected":false},"excerpt":{"rendered":"Avec ses paysages uniques, son climat agr\u00e9able, ses villages pittoresques et son littoral bleu azur, la Provence est une terre g\u00e9n\u00e9reuse, respectueuse et accueillante qui n\u2019attend que vous pour partager son histoire viticole mill\u00e9naire.","protected":false},"author":47,"featured_media":357188,"comment_status":"open","ping_status":"closed","sticky":false,"template":"","format":"standard","meta":{"_acf_changed":false,"footnotes":""},"categories":[2202,2191],"tags":[],"class_list":["post-357090","post","type-post","status-publish","format-standard","has-post-thumbnail","hentry","category-news-actu","category-lifestyle"],"acf":[],"image_verticale":"358321","_yoast_wpseo_title":"\u0152notourisme\u00a0: sur la route des Vins de Provence %%page%% %%sep%% %%sitename%%","_yoast_wpseo_metadesc":"Avec ses paysages uniques, ses villages pittoresques et son littoral bleu azur, la Provence partage son histoire viticole.","_yoast_wpseo_focuskw_text_input":null,"_yoast_wpseo_opengraph-title":null,"yoast_head":"<!-- This site is optimized with the Yoast SEO plugin v27.4 - https:\/\/yoast.com\/product\/yoast-seo-wordpress\/ -->\n<title>\u0152notourisme\u00a0: sur la route des Vins de Provence - ELLE.be<\/title>\n<meta name=\"description\" content=\"Avec ses paysages uniques, ses villages pittoresques et son littoral bleu azur, la Provence partage son histoire viticole.\" \/>\n<meta name=\"robots\" content=\"index, follow, max-snippet:-1, max-image-preview:large, max-video-preview:-1\" \/>\n<link rel=\"canonical\" href=\"https:\/\/www.elle.be\/fr\/357090-oenotourisme-et-roses-green-sur-la-route-des-vins-de-provence.html\" \/>\n<meta property=\"og:locale\" content=\"fr_FR\" \/>\n<meta property=\"og:type\" content=\"article\" \/>\n<meta property=\"og:title\" content=\"\u0152notourisme\u00a0: sur la route des Vins de Provence - ELLE.be\" \/>\n<meta property=\"og:description\" content=\"Avec ses paysages uniques, ses villages pittoresques et son littoral bleu azur, la Provence partage son histoire viticole.\" \/>\n<meta property=\"og:url\" content=\"https:\/\/www.elle.be\/fr\/357090-oenotourisme-et-roses-green-sur-la-route-des-vins-de-provence.html\" \/>\n<meta property=\"og:site_name\" content=\"ELLE.be\" \/>\n<meta property=\"article:publisher\" content=\"https:\/\/www.facebook.com\/ELLEbelgium\/\" \/>\n<meta property=\"article:published_time\" content=\"2022-04-25T07:00:41+00:00\" \/>\n<meta property=\"article:modified_time\" content=\"2022-04-29T10:50:47+00:00\" \/>\n<meta property=\"og:image\" content=\"https:\/\/www.elle.be\/fr\/wp-content\/uploads\/2022\/03\/elle-1200x628-3.jpg\" \/>\n\t<meta property=\"og:image:width\" content=\"1200\" \/>\n\t<meta property=\"og:image:height\" content=\"628\" \/>\n\t<meta property=\"og:image:type\" content=\"image\/jpeg\" \/>\n<meta name=\"author\" content=\"ELLE Partenaire\" \/>\n<meta name=\"twitter:card\" content=\"summary_large_image\" \/>\n<meta name=\"twitter:creator\" content=\"@ELLEBelgique\" \/>\n<meta name=\"twitter:site\" content=\"@ELLEBelgique\" \/>\n<meta name=\"twitter:label1\" content=\"\u00c9crit par\" \/>\n\t<meta name=\"twitter:data1\" content=\"ELLE Partenaire\" \/>\n\t<meta name=\"twitter:label2\" content=\"Dur\u00e9e de lecture estim\u00e9e\" \/>\n\t<meta name=\"twitter:data2\" content=\"5 minutes\" \/>\n<script type=\"application\/ld+json\" class=\"yoast-schema-graph\">{\"@context\":\"https:\\\/\\\/schema.org\",\"@graph\":[{\"@type\":\"NewsArticle\",\"@id\":\"https:\\\/\\\/www.elle.be\\\/fr\\\/357090-oenotourisme-et-roses-green-sur-la-route-des-vins-de-provence.html#article\",\"isPartOf\":{\"@id\":\"https:\\\/\\\/www.elle.be\\\/fr\\\/357090-oenotourisme-et-roses-green-sur-la-route-des-vins-de-provence.html\"},\"author\":{\"name\":\"ELLE Partenaire\",\"@id\":\"https:\\\/\\\/www.elle.be\\\/fr\\\/#\\\/schema\\\/person\\\/2c7693f13ee3d4992850ec2ff033c586\"},\"headline\":\"\u0152notourisme et ros\u00e9s \u00ab\u2009green\u2009\u00bb\u00a0: sur la route des Vins de Provence\",\"datePublished\":\"2022-04-25T07:00:41+00:00\",\"dateModified\":\"2022-04-29T10:50:47+00:00\",\"mainEntityOfPage\":{\"@id\":\"https:\\\/\\\/www.elle.be\\\/fr\\\/357090-oenotourisme-et-roses-green-sur-la-route-des-vins-de-provence.html\"},\"wordCount\":917,\"commentCount\":0,\"publisher\":{\"@id\":\"https:\\\/\\\/www.elle.be\\\/fr\\\/#organization\"},\"image\":{\"@id\":\"https:\\\/\\\/www.elle.be\\\/fr\\\/357090-oenotourisme-et-roses-green-sur-la-route-des-vins-de-provence.html#primaryimage\"},\"thumbnailUrl\":\"https:\\\/\\\/www.elle.be\\\/fr\\\/wp-content\\\/uploads\\\/2022\\\/03\\\/elle-1200x628-3.jpg\",\"articleSection\":[\"News Actu\",\"Lifestyle\"],\"inLanguage\":\"fr-FR\",\"potentialAction\":[{\"@type\":\"CommentAction\",\"name\":\"Comment\",\"target\":[\"https:\\\/\\\/www.elle.be\\\/fr\\\/357090-oenotourisme-et-roses-green-sur-la-route-des-vins-de-provence.html#respond\"]}]},{\"@type\":\"WebPage\",\"@id\":\"https:\\\/\\\/www.elle.be\\\/fr\\\/357090-oenotourisme-et-roses-green-sur-la-route-des-vins-de-provence.html\",\"url\":\"https:\\\/\\\/www.elle.be\\\/fr\\\/357090-oenotourisme-et-roses-green-sur-la-route-des-vins-de-provence.html\",\"name\":\"\u0152notourisme\u00a0: sur la route des Vins de Provence - ELLE.be\",\"isPartOf\":{\"@id\":\"https:\\\/\\\/www.elle.be\\\/fr\\\/#website\"},\"primaryImageOfPage\":{\"@id\":\"https:\\\/\\\/www.elle.be\\\/fr\\\/357090-oenotourisme-et-roses-green-sur-la-route-des-vins-de-provence.html#primaryimage\"},\"image\":{\"@id\":\"https:\\\/\\\/www.elle.be\\\/fr\\\/357090-oenotourisme-et-roses-green-sur-la-route-des-vins-de-provence.html#primaryimage\"},\"thumbnailUrl\":\"https:\\\/\\\/www.elle.be\\\/fr\\\/wp-content\\\/uploads\\\/2022\\\/03\\\/elle-1200x628-3.jpg\",\"datePublished\":\"2022-04-25T07:00:41+00:00\",\"dateModified\":\"2022-04-29T10:50:47+00:00\",\"description\":\"Avec ses paysages uniques, ses villages pittoresques et son littoral bleu azur, la Provence partage son histoire viticole.\",\"breadcrumb\":{\"@id\":\"https:\\\/\\\/www.elle.be\\\/fr\\\/357090-oenotourisme-et-roses-green-sur-la-route-des-vins-de-provence.html#breadcrumb\"},\"inLanguage\":\"fr-FR\",\"potentialAction\":[{\"@type\":\"ReadAction\",\"target\":[\"https:\\\/\\\/www.elle.be\\\/fr\\\/357090-oenotourisme-et-roses-green-sur-la-route-des-vins-de-provence.html\"]}]},{\"@type\":\"ImageObject\",\"inLanguage\":\"fr-FR\",\"@id\":\"https:\\\/\\\/www.elle.be\\\/fr\\\/357090-oenotourisme-et-roses-green-sur-la-route-des-vins-de-provence.html#primaryimage\",\"url\":\"https:\\\/\\\/www.elle.be\\\/fr\\\/wp-content\\\/uploads\\\/2022\\\/03\\\/elle-1200x628-3.jpg\",\"contentUrl\":\"https:\\\/\\\/www.elle.be\\\/fr\\\/wp-content\\\/uploads\\\/2022\\\/03\\\/elle-1200x628-3.jpg\",\"width\":1200,\"height\":628,\"caption\":\"Vins de Provence x ELLE\"},{\"@type\":\"BreadcrumbList\",\"@id\":\"https:\\\/\\\/www.elle.be\\\/fr\\\/357090-oenotourisme-et-roses-green-sur-la-route-des-vins-de-provence.html#breadcrumb\",\"itemListElement\":[{\"@type\":\"ListItem\",\"position\":1,\"name\":\"FR\",\"item\":\"https:\\\/\\\/www.elle.be\\\/fr\"},{\"@type\":\"ListItem\",\"position\":2,\"name\":\"Actu\",\"item\":\"https:\\\/\\\/www.elle.be\\\/fr\\\/actu\"},{\"@type\":\"ListItem\",\"position\":3,\"name\":\"News Actu\",\"item\":\"https:\\\/\\\/www.elle.be\\\/fr\\\/actu\\\/news-actu\"},{\"@type\":\"ListItem\",\"position\":4,\"name\":\"\u0152notourisme et ros\u00e9s \u00ab\u2009green\u2009\u00bb\u00a0: sur la route des Vins de Provence\"}]},{\"@type\":\"WebSite\",\"@id\":\"https:\\\/\\\/www.elle.be\\\/fr\\\/#website\",\"url\":\"https:\\\/\\\/www.elle.be\\\/fr\\\/\",\"name\":\"ELLE.be\",\"description\":\"Toutes les infos mode, beaut\u00e9 et lifestyle les plus pointues ainsi qu&#039;un contenu 100% belge d\u00e9clin\u00e9 \u00e0 360\u00b0sur le site ELLE.be, nos r\u00e9seaux sociaux et notre cha\u00eene Youtube.\",\"publisher\":{\"@id\":\"https:\\\/\\\/www.elle.be\\\/fr\\\/#organization\"},\"potentialAction\":[{\"@type\":\"SearchAction\",\"target\":{\"@type\":\"EntryPoint\",\"urlTemplate\":\"https:\\\/\\\/www.elle.be\\\/fr\\\/?s={search_term_string}\"},\"query-input\":{\"@type\":\"PropertyValueSpecification\",\"valueRequired\":true,\"valueName\":\"search_term_string\"}}],\"inLanguage\":\"fr-FR\"},{\"@type\":\"Organization\",\"@id\":\"https:\\\/\\\/www.elle.be\\\/fr\\\/#organization\",\"name\":\"ELLE Belgique\",\"url\":\"https:\\\/\\\/www.elle.be\\\/fr\\\/\",\"logo\":{\"@type\":\"ImageObject\",\"inLanguage\":\"fr-FR\",\"@id\":\"https:\\\/\\\/www.elle.be\\\/fr\\\/#\\\/schema\\\/logo\\\/image\\\/\",\"url\":\"https:\\\/\\\/www.elle.be\\\/fr\\\/wp-content\\\/uploads\\\/2017\\\/03\\\/elle-icon-200px.jpeg\",\"contentUrl\":\"https:\\\/\\\/www.elle.be\\\/fr\\\/wp-content\\\/uploads\\\/2017\\\/03\\\/elle-icon-200px.jpeg\",\"width\":200,\"height\":200,\"caption\":\"ELLE Belgique\"},\"image\":{\"@id\":\"https:\\\/\\\/www.elle.be\\\/fr\\\/#\\\/schema\\\/logo\\\/image\\\/\"},\"sameAs\":[\"https:\\\/\\\/www.facebook.com\\\/ELLEbelgium\\\/\",\"https:\\\/\\\/x.com\\\/ELLEBelgique\",\"http:\\\/\\\/instagram.com\\\/ellebelgique\\\/\",\"https:\\\/\\\/www.pinterest.com\\\/ellebelgique\\\/\",\"https:\\\/\\\/www.youtube.com\\\/user\\\/ELLEbelgique1\"]},{\"@type\":\"Person\",\"@id\":\"https:\\\/\\\/www.elle.be\\\/fr\\\/#\\\/schema\\\/person\\\/2c7693f13ee3d4992850ec2ff033c586\",\"name\":\"ELLE Partenaire\",\"image\":{\"@type\":\"ImageObject\",\"inLanguage\":\"fr-FR\",\"@id\":\"https:\\\/\\\/secure.gravatar.com\\\/avatar\\\/dddcf2d7bb88803a2e434d2b1c6a7b997b2de2334d047a137cc5e9dc165ca7e2?s=96&r=g\",\"url\":\"https:\\\/\\\/secure.gravatar.com\\\/avatar\\\/dddcf2d7bb88803a2e434d2b1c6a7b997b2de2334d047a137cc5e9dc165ca7e2?s=96&r=g\",\"contentUrl\":\"https:\\\/\\\/secure.gravatar.com\\\/avatar\\\/dddcf2d7bb88803a2e434d2b1c6a7b997b2de2334d047a137cc5e9dc165ca7e2?s=96&r=g\",\"caption\":\"ELLE Partenaire\"},\"url\":\"https:\\\/\\\/www.elle.be\\\/fr\\\/author\\\/operation-speciale\"}]}<\/script>\n<!-- \/ Yoast SEO plugin. -->","yoast_head_json":{"title":"\u0152notourisme\u00a0: sur la route des Vins de Provence - ELLE.be","description":"Avec ses paysages uniques, ses villages pittoresques et son littoral bleu azur, la Provence partage son histoire viticole.","robots":{"index":"index","follow":"follow","max-snippet":"max-snippet:-1","max-image-preview":"max-image-preview:large","max-video-preview":"max-video-preview:-1"},"canonical":"https:\/\/www.elle.be\/fr\/357090-oenotourisme-et-roses-green-sur-la-route-des-vins-de-provence.html","og_locale":"fr_FR","og_type":"article","og_title":"\u0152notourisme\u00a0: sur la route des Vins de Provence - ELLE.be","og_description":"Avec ses paysages uniques, ses villages pittoresques et son littoral bleu azur, la Provence partage son histoire viticole.","og_url":"https:\/\/www.elle.be\/fr\/357090-oenotourisme-et-roses-green-sur-la-route-des-vins-de-provence.html","og_site_name":"ELLE.be","article_publisher":"https:\/\/www.facebook.com\/ELLEbelgium\/","article_published_time":"2022-04-25T07:00:41+00:00","article_modified_time":"2022-04-29T10:50:47+00:00","og_image":[{"width":1200,"height":628,"url":"https:\/\/www.elle.be\/fr\/wp-content\/uploads\/2022\/03\/elle-1200x628-3.jpg","type":"image\/jpeg"}],"author":"ELLE Partenaire","twitter_card":"summary_large_image","twitter_creator":"@ELLEBelgique","twitter_site":"@ELLEBelgique","twitter_misc":{"\u00c9crit par":"ELLE Partenaire","Dur\u00e9e de lecture estim\u00e9e":"5 minutes"},"schema":{"@context":"https:\/\/schema.org","@graph":[{"@type":"NewsArticle","@id":"https:\/\/www.elle.be\/fr\/357090-oenotourisme-et-roses-green-sur-la-route-des-vins-de-provence.html#article","isPartOf":{"@id":"https:\/\/www.elle.be\/fr\/357090-oenotourisme-et-roses-green-sur-la-route-des-vins-de-provence.html"},"author":{"name":"ELLE Partenaire","@id":"https:\/\/www.elle.be\/fr\/#\/schema\/person\/2c7693f13ee3d4992850ec2ff033c586"},"headline":"\u0152notourisme et ros\u00e9s \u00ab\u2009green\u2009\u00bb\u00a0: sur la route des Vins de Provence","datePublished":"2022-04-25T07:00:41+00:00","dateModified":"2022-04-29T10:50:47+00:00","mainEntityOfPage":{"@id":"https:\/\/www.elle.be\/fr\/357090-oenotourisme-et-roses-green-sur-la-route-des-vins-de-provence.html"},"wordCount":917,"commentCount":0,"publisher":{"@id":"https:\/\/www.elle.be\/fr\/#organization"},"image":{"@id":"https:\/\/www.elle.be\/fr\/357090-oenotourisme-et-roses-green-sur-la-route-des-vins-de-provence.html#primaryimage"},"thumbnailUrl":"https:\/\/www.elle.be\/fr\/wp-content\/uploads\/2022\/03\/elle-1200x628-3.jpg","articleSection":["News Actu","Lifestyle"],"inLanguage":"fr-FR","potentialAction":[{"@type":"CommentAction","name":"Comment","target":["https:\/\/www.elle.be\/fr\/357090-oenotourisme-et-roses-green-sur-la-route-des-vins-de-provence.html#respond"]}]},{"@type":"WebPage","@id":"https:\/\/www.elle.be\/fr\/357090-oenotourisme-et-roses-green-sur-la-route-des-vins-de-provence.html","url":"https:\/\/www.elle.be\/fr\/357090-oenotourisme-et-roses-green-sur-la-route-des-vins-de-provence.html","name":"\u0152notourisme\u00a0: sur la route des Vins de Provence - ELLE.be","isPartOf":{"@id":"https:\/\/www.elle.be\/fr\/#website"},"primaryImageOfPage":{"@id":"https:\/\/www.elle.be\/fr\/357090-oenotourisme-et-roses-green-sur-la-route-des-vins-de-provence.html#primaryimage"},"image":{"@id":"https:\/\/www.elle.be\/fr\/357090-oenotourisme-et-roses-green-sur-la-route-des-vins-de-provence.html#primaryimage"},"thumbnailUrl":"https:\/\/www.elle.be\/fr\/wp-content\/uploads\/2022\/03\/elle-1200x628-3.jpg","datePublished":"2022-04-25T07:00:41+00:00","dateModified":"2022-04-29T10:50:47+00:00","description":"Avec ses paysages uniques, ses villages pittoresques et son littoral bleu azur, la Provence partage son histoire viticole.","breadcrumb":{"@id":"https:\/\/www.elle.be\/fr\/357090-oenotourisme-et-roses-green-sur-la-route-des-vins-de-provence.html#breadcrumb"},"inLanguage":"fr-FR","potentialAction":[{"@type":"ReadAction","target":["https:\/\/www.elle.be\/fr\/357090-oenotourisme-et-roses-green-sur-la-route-des-vins-de-provence.html"]}]},{"@type":"ImageObject","inLanguage":"fr-FR","@id":"https:\/\/www.elle.be\/fr\/357090-oenotourisme-et-roses-green-sur-la-route-des-vins-de-provence.html#primaryimage","url":"https:\/\/www.elle.be\/fr\/wp-content\/uploads\/2022\/03\/elle-1200x628-3.jpg","contentUrl":"https:\/\/www.elle.be\/fr\/wp-content\/uploads\/2022\/03\/elle-1200x628-3.jpg","width":1200,"height":628,"caption":"Vins de Provence x ELLE"},{"@type":"BreadcrumbList","@id":"https:\/\/www.elle.be\/fr\/357090-oenotourisme-et-roses-green-sur-la-route-des-vins-de-provence.html#breadcrumb","itemListElement":[{"@type":"ListItem","position":1,"name":"FR","item":"https:\/\/www.elle.be\/fr"},{"@type":"ListItem","position":2,"name":"Actu","item":"https:\/\/www.elle.be\/fr\/actu"},{"@type":"ListItem","position":3,"name":"News Actu","item":"https:\/\/www.elle.be\/fr\/actu\/news-actu"},{"@type":"ListItem","position":4,"name":"\u0152notourisme et ros\u00e9s \u00ab\u2009green\u2009\u00bb\u00a0: sur la route des Vins de Provence"}]},{"@type":"WebSite","@id":"https:\/\/www.elle.be\/fr\/#website","url":"https:\/\/www.elle.be\/fr\/","name":"ELLE.be","description":"Toutes les infos mode, beaut\u00e9 et lifestyle les plus pointues ainsi qu&#039;un contenu 100% belge d\u00e9clin\u00e9 \u00e0 360\u00b0sur le site ELLE.be, nos r\u00e9seaux sociaux et notre cha\u00eene Youtube.","publisher":{"@id":"https:\/\/www.elle.be\/fr\/#organization"},"potentialAction":[{"@type":"SearchAction","target":{"@type":"EntryPoint","urlTemplate":"https:\/\/www.elle.be\/fr\/?s={search_term_string}"},"query-input":{"@type":"PropertyValueSpecification","valueRequired":true,"valueName":"search_term_string"}}],"inLanguage":"fr-FR"},{"@type":"Organization","@id":"https:\/\/www.elle.be\/fr\/#organization","name":"ELLE Belgique","url":"https:\/\/www.elle.be\/fr\/","logo":{"@type":"ImageObject","inLanguage":"fr-FR","@id":"https:\/\/www.elle.be\/fr\/#\/schema\/logo\/image\/","url":"https:\/\/www.elle.be\/fr\/wp-content\/uploads\/2017\/03\/elle-icon-200px.jpeg","contentUrl":"https:\/\/www.elle.be\/fr\/wp-content\/uploads\/2017\/03\/elle-icon-200px.jpeg","width":200,"height":200,"caption":"ELLE Belgique"},"image":{"@id":"https:\/\/www.elle.be\/fr\/#\/schema\/logo\/image\/"},"sameAs":["https:\/\/www.facebook.com\/ELLEbelgium\/","https:\/\/x.com\/ELLEBelgique","http:\/\/instagram.com\/ellebelgique\/","https:\/\/www.pinterest.com\/ellebelgique\/","https:\/\/www.youtube.com\/user\/ELLEbelgique1"]},{"@type":"Person","@id":"https:\/\/www.elle.be\/fr\/#\/schema\/person\/2c7693f13ee3d4992850ec2ff033c586","name":"ELLE Partenaire","image":{"@type":"ImageObject","inLanguage":"fr-FR","@id":"https:\/\/secure.gravatar.com\/avatar\/dddcf2d7bb88803a2e434d2b1c6a7b997b2de2334d047a137cc5e9dc165ca7e2?s=96&r=g","url":"https:\/\/secure.gravatar.com\/avatar\/dddcf2d7bb88803a2e434d2b1c6a7b997b2de2334d047a137cc5e9dc165ca7e2?s=96&r=g","contentUrl":"https:\/\/secure.gravatar.com\/avatar\/dddcf2d7bb88803a2e434d2b1c6a7b997b2de2334d047a137cc5e9dc165ca7e2?s=96&r=g","caption":"ELLE Partenaire"},"url":"https:\/\/www.elle.be\/fr\/author\/operation-speciale"}]}},"_links":{"self":[{"href":"https:\/\/www.elle.be\/fr\/wp-json\/wp\/v2\/posts\/357090","targetHints":{"allow":["GET"]}}],"collection":[{"href":"https:\/\/www.elle.be\/fr\/wp-json\/wp\/v2\/posts"}],"about":[{"href":"https:\/\/www.elle.be\/fr\/wp-json\/wp\/v2\/types\/post"}],"author":[{"embeddable":true,"href":"https:\/\/www.elle.be\/fr\/wp-json\/wp\/v2\/users\/47"}],"replies":[{"embeddable":true,"href":"https:\/\/www.elle.be\/fr\/wp-json\/wp\/v2\/comments?post=357090"}],"version-history":[{"count":23,"href":"https:\/\/www.elle.be\/fr\/wp-json\/wp\/v2\/posts\/357090\/revisions"}],"predecessor-version":[{"id":358815,"href":"https:\/\/www.elle.be\/fr\/wp-json\/wp\/v2\/posts\/357090\/revisions\/358815"}],"wp:featuredmedia":[{"embeddable":true,"href":"https:\/\/www.elle.be\/fr\/wp-json\/wp\/v2\/media\/357188"}],"wp:attachment":[{"href":"https:\/\/www.elle.be\/fr\/wp-json\/wp\/v2\/media?parent=357090"}],"wp:term":[{"taxonomy":"category","embeddable":true,"href":"https:\/\/www.elle.be\/fr\/wp-json\/wp\/v2\/categories?post=357090"},{"taxonomy":"post_tag","embeddable":true,"href":"https:\/\/www.elle.be\/fr\/wp-json\/wp\/v2\/tags?post=357090"}],"curies":[{"name":"wp","href":"https:\/\/api.w.org\/{rel}","templated":true}]}}