{"id":356423,"date":"2022-03-17T15:35:26","date_gmt":"2022-03-17T14:35:26","guid":{"rendered":"https:\/\/www.elle.be\/fr\/?p=356423"},"modified":"2022-03-17T15:35:42","modified_gmt":"2022-03-17T14:35:42","slug":"un-quartier-a-taille-humaine","status":"publish","type":"post","link":"https:\/\/www.elle.be\/fr\/356423-un-quartier-a-taille-humaine.html","title":{"rendered":"Un quartier \u00e0 taille humaine !"},"content":{"rendered":"","protected":false},"excerpt":{"rendered":"Vous \u00eates en qu\u00eate d\u2019un lieu exceptionnel dans un centre urbain dynamique et novateur? Ce cadre id\u00e9al, beaucoup l\u2019ont d\u00e9j\u00e0 adopt\u00e9, comme en t\u00e9moigne le succ\u00e8s de la premi\u00e8re phase du projet Esprit Courbevoie.","protected":false},"author":47,"featured_media":356577,"comment_status":"open","ping_status":"closed","sticky":false,"template":"","format":"standard","meta":{"_acf_changed":false,"footnotes":""},"categories":[3269,3304],"tags":[],"class_list":["post-356423","post","type-post","status-publish","format-standard","has-post-thumbnail","hentry","category-elle-decoration","category-immo"],"acf":[],"image_verticale":"356575","_yoast_wpseo_title":"Le projet de r\u00e9novation Besix Red offre la chance de vivre un cadre id\u00e9al","_yoast_wpseo_metadesc":"Vous \u00eates en qu\u00eate d\u2019un lieu exceptionnel ? Le projet Esprit Courbevoie, \u00e0 Louvain-la-Neuve, vous offre la chance de vivre un cadre id\u00e9al.","_yoast_wpseo_focuskw_text_input":null,"_yoast_wpseo_opengraph-title":null,"yoast_head":"<!-- This site is optimized with the Yoast SEO plugin v27.4 - https:\/\/yoast.com\/product\/yoast-seo-wordpress\/ -->\n<title>Le projet de r\u00e9novation Besix Red offre la chance de vivre un cadre id\u00e9al<\/title>\n<meta name=\"description\" content=\"Vous \u00eates en qu\u00eate d\u2019un lieu exceptionnel ? Le projet Esprit Courbevoie, \u00e0 Louvain-la-Neuve, vous offre la chance de vivre un cadre id\u00e9al.\" \/>\n<meta name=\"robots\" content=\"index, follow, max-snippet:-1, max-image-preview:large, max-video-preview:-1\" \/>\n<link rel=\"canonical\" href=\"https:\/\/www.elle.be\/fr\/356423-un-quartier-a-taille-humaine.html\" \/>\n<meta property=\"og:locale\" content=\"fr_FR\" \/>\n<meta property=\"og:type\" content=\"article\" \/>\n<meta property=\"og:title\" content=\"Le projet de r\u00e9novation Besix Red offre la chance de vivre un cadre id\u00e9al\" \/>\n<meta property=\"og:description\" content=\"Vous \u00eates en qu\u00eate d\u2019un lieu exceptionnel ? Le projet Esprit Courbevoie, \u00e0 Louvain-la-Neuve, vous offre la chance de vivre un cadre id\u00e9al.\" \/>\n<meta property=\"og:url\" content=\"https:\/\/www.elle.be\/fr\/356423-un-quartier-a-taille-humaine.html\" \/>\n<meta property=\"og:site_name\" content=\"ELLE.be\" \/>\n<meta property=\"article:publisher\" content=\"https:\/\/www.facebook.com\/ELLEbelgium\/\" \/>\n<meta property=\"article:published_time\" content=\"2022-03-17T14:35:26+00:00\" \/>\n<meta property=\"article:modified_time\" content=\"2022-03-17T14:35:42+00:00\" \/>\n<meta property=\"og:image\" content=\"https:\/\/www.elle.be\/fr\/wp-content\/uploads\/2012\/03\/elledecoration-1200x628-2.jpg\" \/>\n\t<meta property=\"og:image:width\" content=\"1200\" \/>\n\t<meta property=\"og:image:height\" content=\"628\" \/>\n\t<meta property=\"og:image:type\" content=\"image\/jpeg\" \/>\n<meta name=\"author\" content=\"ELLE Partenaire\" \/>\n<meta name=\"twitter:card\" content=\"summary_large_image\" \/>\n<meta name=\"twitter:creator\" content=\"@ELLEBelgique\" \/>\n<meta name=\"twitter:site\" content=\"@ELLEBelgique\" \/>\n<meta name=\"twitter:label1\" content=\"\u00c9crit par\" \/>\n\t<meta name=\"twitter:data1\" content=\"ELLE Partenaire\" \/>\n\t<meta name=\"twitter:label2\" content=\"Dur\u00e9e de lecture estim\u00e9e\" \/>\n\t<meta name=\"twitter:data2\" content=\"3 minutes\" \/>\n<script type=\"application\/ld+json\" class=\"yoast-schema-graph\">{\"@context\":\"https:\\\/\\\/schema.org\",\"@graph\":[{\"@type\":\"NewsArticle\",\"@id\":\"https:\\\/\\\/www.elle.be\\\/fr\\\/356423-un-quartier-a-taille-humaine.html#article\",\"isPartOf\":{\"@id\":\"https:\\\/\\\/www.elle.be\\\/fr\\\/356423-un-quartier-a-taille-humaine.html\"},\"author\":{\"name\":\"ELLE Partenaire\",\"@id\":\"https:\\\/\\\/www.elle.be\\\/fr\\\/#\\\/schema\\\/person\\\/2c7693f13ee3d4992850ec2ff033c586\"},\"headline\":\"Un quartier \u00e0 taille humaine !\",\"datePublished\":\"2022-03-17T14:35:26+00:00\",\"dateModified\":\"2022-03-17T14:35:42+00:00\",\"mainEntityOfPage\":{\"@id\":\"https:\\\/\\\/www.elle.be\\\/fr\\\/356423-un-quartier-a-taille-humaine.html\"},\"wordCount\":451,\"commentCount\":0,\"publisher\":{\"@id\":\"https:\\\/\\\/www.elle.be\\\/fr\\\/#organization\"},\"image\":{\"@id\":\"https:\\\/\\\/www.elle.be\\\/fr\\\/356423-un-quartier-a-taille-humaine.html#primaryimage\"},\"thumbnailUrl\":\"https:\\\/\\\/www.elle.be\\\/fr\\\/wp-content\\\/uploads\\\/2012\\\/03\\\/elledecoration-1200x628-2.jpg\",\"articleSection\":[\"ELLE d\u00e9coration\",\"Immo\"],\"inLanguage\":\"fr-FR\",\"potentialAction\":[{\"@type\":\"CommentAction\",\"name\":\"Comment\",\"target\":[\"https:\\\/\\\/www.elle.be\\\/fr\\\/356423-un-quartier-a-taille-humaine.html#respond\"]}]},{\"@type\":\"WebPage\",\"@id\":\"https:\\\/\\\/www.elle.be\\\/fr\\\/356423-un-quartier-a-taille-humaine.html\",\"url\":\"https:\\\/\\\/www.elle.be\\\/fr\\\/356423-un-quartier-a-taille-humaine.html\",\"name\":\"Le projet de r\u00e9novation Besix Red offre la chance de vivre un cadre id\u00e9al\",\"isPartOf\":{\"@id\":\"https:\\\/\\\/www.elle.be\\\/fr\\\/#website\"},\"primaryImageOfPage\":{\"@id\":\"https:\\\/\\\/www.elle.be\\\/fr\\\/356423-un-quartier-a-taille-humaine.html#primaryimage\"},\"image\":{\"@id\":\"https:\\\/\\\/www.elle.be\\\/fr\\\/356423-un-quartier-a-taille-humaine.html#primaryimage\"},\"thumbnailUrl\":\"https:\\\/\\\/www.elle.be\\\/fr\\\/wp-content\\\/uploads\\\/2012\\\/03\\\/elledecoration-1200x628-2.jpg\",\"datePublished\":\"2022-03-17T14:35:26+00:00\",\"dateModified\":\"2022-03-17T14:35:42+00:00\",\"description\":\"Vous \u00eates en qu\u00eate d\u2019un lieu exceptionnel ? Le projet Esprit Courbevoie, \u00e0 Louvain-la-Neuve, vous offre la chance de vivre un cadre id\u00e9al.\",\"breadcrumb\":{\"@id\":\"https:\\\/\\\/www.elle.be\\\/fr\\\/356423-un-quartier-a-taille-humaine.html#breadcrumb\"},\"inLanguage\":\"fr-FR\",\"potentialAction\":[{\"@type\":\"ReadAction\",\"target\":[\"https:\\\/\\\/www.elle.be\\\/fr\\\/356423-un-quartier-a-taille-humaine.html\"]}]},{\"@type\":\"ImageObject\",\"inLanguage\":\"fr-FR\",\"@id\":\"https:\\\/\\\/www.elle.be\\\/fr\\\/356423-un-quartier-a-taille-humaine.html#primaryimage\",\"url\":\"https:\\\/\\\/www.elle.be\\\/fr\\\/wp-content\\\/uploads\\\/2012\\\/03\\\/elledecoration-1200x628-2.jpg\",\"contentUrl\":\"https:\\\/\\\/www.elle.be\\\/fr\\\/wp-content\\\/uploads\\\/2012\\\/03\\\/elledecoration-1200x628-2.jpg\",\"width\":1200,\"height\":628,\"caption\":\"ELLE x Besix Red\"},{\"@type\":\"BreadcrumbList\",\"@id\":\"https:\\\/\\\/www.elle.be\\\/fr\\\/356423-un-quartier-a-taille-humaine.html#breadcrumb\",\"itemListElement\":[{\"@type\":\"ListItem\",\"position\":1,\"name\":\"FR\",\"item\":\"https:\\\/\\\/www.elle.be\\\/fr\"},{\"@type\":\"ListItem\",\"position\":2,\"name\":\"ELLE d\u00e9coration\",\"item\":\"https:\\\/\\\/www.elle.be\\\/fr\\\/elle-decoration\"},{\"@type\":\"ListItem\",\"position\":3,\"name\":\"Un quartier \u00e0 taille humaine !\"}]},{\"@type\":\"WebSite\",\"@id\":\"https:\\\/\\\/www.elle.be\\\/fr\\\/#website\",\"url\":\"https:\\\/\\\/www.elle.be\\\/fr\\\/\",\"name\":\"ELLE.be\",\"description\":\"Toutes les infos mode, beaut\u00e9 et lifestyle les plus pointues ainsi qu&#039;un contenu 100% belge d\u00e9clin\u00e9 \u00e0 360\u00b0sur le site ELLE.be, nos r\u00e9seaux sociaux et notre cha\u00eene Youtube.\",\"publisher\":{\"@id\":\"https:\\\/\\\/www.elle.be\\\/fr\\\/#organization\"},\"potentialAction\":[{\"@type\":\"SearchAction\",\"target\":{\"@type\":\"EntryPoint\",\"urlTemplate\":\"https:\\\/\\\/www.elle.be\\\/fr\\\/?s={search_term_string}\"},\"query-input\":{\"@type\":\"PropertyValueSpecification\",\"valueRequired\":true,\"valueName\":\"search_term_string\"}}],\"inLanguage\":\"fr-FR\"},{\"@type\":\"Organization\",\"@id\":\"https:\\\/\\\/www.elle.be\\\/fr\\\/#organization\",\"name\":\"ELLE Belgique\",\"url\":\"https:\\\/\\\/www.elle.be\\\/fr\\\/\",\"logo\":{\"@type\":\"ImageObject\",\"inLanguage\":\"fr-FR\",\"@id\":\"https:\\\/\\\/www.elle.be\\\/fr\\\/#\\\/schema\\\/logo\\\/image\\\/\",\"url\":\"https:\\\/\\\/www.elle.be\\\/fr\\\/wp-content\\\/uploads\\\/2017\\\/03\\\/elle-icon-200px.jpeg\",\"contentUrl\":\"https:\\\/\\\/www.elle.be\\\/fr\\\/wp-content\\\/uploads\\\/2017\\\/03\\\/elle-icon-200px.jpeg\",\"width\":200,\"height\":200,\"caption\":\"ELLE Belgique\"},\"image\":{\"@id\":\"https:\\\/\\\/www.elle.be\\\/fr\\\/#\\\/schema\\\/logo\\\/image\\\/\"},\"sameAs\":[\"https:\\\/\\\/www.facebook.com\\\/ELLEbelgium\\\/\",\"https:\\\/\\\/x.com\\\/ELLEBelgique\",\"http:\\\/\\\/instagram.com\\\/ellebelgique\\\/\",\"https:\\\/\\\/www.pinterest.com\\\/ellebelgique\\\/\",\"https:\\\/\\\/www.youtube.com\\\/user\\\/ELLEbelgique1\"]},{\"@type\":\"Person\",\"@id\":\"https:\\\/\\\/www.elle.be\\\/fr\\\/#\\\/schema\\\/person\\\/2c7693f13ee3d4992850ec2ff033c586\",\"name\":\"ELLE Partenaire\",\"image\":{\"@type\":\"ImageObject\",\"inLanguage\":\"fr-FR\",\"@id\":\"https:\\\/\\\/secure.gravatar.com\\\/avatar\\\/dddcf2d7bb88803a2e434d2b1c6a7b997b2de2334d047a137cc5e9dc165ca7e2?s=96&r=g\",\"url\":\"https:\\\/\\\/secure.gravatar.com\\\/avatar\\\/dddcf2d7bb88803a2e434d2b1c6a7b997b2de2334d047a137cc5e9dc165ca7e2?s=96&r=g\",\"contentUrl\":\"https:\\\/\\\/secure.gravatar.com\\\/avatar\\\/dddcf2d7bb88803a2e434d2b1c6a7b997b2de2334d047a137cc5e9dc165ca7e2?s=96&r=g\",\"caption\":\"ELLE Partenaire\"},\"url\":\"https:\\\/\\\/www.elle.be\\\/fr\\\/author\\\/operation-speciale\"}]}<\/script>\n<!-- \/ Yoast SEO plugin. -->","yoast_head_json":{"title":"Le projet de r\u00e9novation Besix Red offre la chance de vivre un cadre id\u00e9al","description":"Vous \u00eates en qu\u00eate d\u2019un lieu exceptionnel ? Le projet Esprit Courbevoie, \u00e0 Louvain-la-Neuve, vous offre la chance de vivre un cadre id\u00e9al.","robots":{"index":"index","follow":"follow","max-snippet":"max-snippet:-1","max-image-preview":"max-image-preview:large","max-video-preview":"max-video-preview:-1"},"canonical":"https:\/\/www.elle.be\/fr\/356423-un-quartier-a-taille-humaine.html","og_locale":"fr_FR","og_type":"article","og_title":"Le projet de r\u00e9novation Besix Red offre la chance de vivre un cadre id\u00e9al","og_description":"Vous \u00eates en qu\u00eate d\u2019un lieu exceptionnel ? Le projet Esprit Courbevoie, \u00e0 Louvain-la-Neuve, vous offre la chance de vivre un cadre id\u00e9al.","og_url":"https:\/\/www.elle.be\/fr\/356423-un-quartier-a-taille-humaine.html","og_site_name":"ELLE.be","article_publisher":"https:\/\/www.facebook.com\/ELLEbelgium\/","article_published_time":"2022-03-17T14:35:26+00:00","article_modified_time":"2022-03-17T14:35:42+00:00","og_image":[{"width":1200,"height":628,"url":"https:\/\/www.elle.be\/fr\/wp-content\/uploads\/2012\/03\/elledecoration-1200x628-2.jpg","type":"image\/jpeg"}],"author":"ELLE Partenaire","twitter_card":"summary_large_image","twitter_creator":"@ELLEBelgique","twitter_site":"@ELLEBelgique","twitter_misc":{"\u00c9crit par":"ELLE Partenaire","Dur\u00e9e de lecture estim\u00e9e":"3 minutes"},"schema":{"@context":"https:\/\/schema.org","@graph":[{"@type":"NewsArticle","@id":"https:\/\/www.elle.be\/fr\/356423-un-quartier-a-taille-humaine.html#article","isPartOf":{"@id":"https:\/\/www.elle.be\/fr\/356423-un-quartier-a-taille-humaine.html"},"author":{"name":"ELLE Partenaire","@id":"https:\/\/www.elle.be\/fr\/#\/schema\/person\/2c7693f13ee3d4992850ec2ff033c586"},"headline":"Un quartier \u00e0 taille humaine !","datePublished":"2022-03-17T14:35:26+00:00","dateModified":"2022-03-17T14:35:42+00:00","mainEntityOfPage":{"@id":"https:\/\/www.elle.be\/fr\/356423-un-quartier-a-taille-humaine.html"},"wordCount":451,"commentCount":0,"publisher":{"@id":"https:\/\/www.elle.be\/fr\/#organization"},"image":{"@id":"https:\/\/www.elle.be\/fr\/356423-un-quartier-a-taille-humaine.html#primaryimage"},"thumbnailUrl":"https:\/\/www.elle.be\/fr\/wp-content\/uploads\/2012\/03\/elledecoration-1200x628-2.jpg","articleSection":["ELLE d\u00e9coration","Immo"],"inLanguage":"fr-FR","potentialAction":[{"@type":"CommentAction","name":"Comment","target":["https:\/\/www.elle.be\/fr\/356423-un-quartier-a-taille-humaine.html#respond"]}]},{"@type":"WebPage","@id":"https:\/\/www.elle.be\/fr\/356423-un-quartier-a-taille-humaine.html","url":"https:\/\/www.elle.be\/fr\/356423-un-quartier-a-taille-humaine.html","name":"Le projet de r\u00e9novation Besix Red offre la chance de vivre un cadre id\u00e9al","isPartOf":{"@id":"https:\/\/www.elle.be\/fr\/#website"},"primaryImageOfPage":{"@id":"https:\/\/www.elle.be\/fr\/356423-un-quartier-a-taille-humaine.html#primaryimage"},"image":{"@id":"https:\/\/www.elle.be\/fr\/356423-un-quartier-a-taille-humaine.html#primaryimage"},"thumbnailUrl":"https:\/\/www.elle.be\/fr\/wp-content\/uploads\/2012\/03\/elledecoration-1200x628-2.jpg","datePublished":"2022-03-17T14:35:26+00:00","dateModified":"2022-03-17T14:35:42+00:00","description":"Vous \u00eates en qu\u00eate d\u2019un lieu exceptionnel ? Le projet Esprit Courbevoie, \u00e0 Louvain-la-Neuve, vous offre la chance de vivre un cadre id\u00e9al.","breadcrumb":{"@id":"https:\/\/www.elle.be\/fr\/356423-un-quartier-a-taille-humaine.html#breadcrumb"},"inLanguage":"fr-FR","potentialAction":[{"@type":"ReadAction","target":["https:\/\/www.elle.be\/fr\/356423-un-quartier-a-taille-humaine.html"]}]},{"@type":"ImageObject","inLanguage":"fr-FR","@id":"https:\/\/www.elle.be\/fr\/356423-un-quartier-a-taille-humaine.html#primaryimage","url":"https:\/\/www.elle.be\/fr\/wp-content\/uploads\/2012\/03\/elledecoration-1200x628-2.jpg","contentUrl":"https:\/\/www.elle.be\/fr\/wp-content\/uploads\/2012\/03\/elledecoration-1200x628-2.jpg","width":1200,"height":628,"caption":"ELLE x Besix Red"},{"@type":"BreadcrumbList","@id":"https:\/\/www.elle.be\/fr\/356423-un-quartier-a-taille-humaine.html#breadcrumb","itemListElement":[{"@type":"ListItem","position":1,"name":"FR","item":"https:\/\/www.elle.be\/fr"},{"@type":"ListItem","position":2,"name":"ELLE d\u00e9coration","item":"https:\/\/www.elle.be\/fr\/elle-decoration"},{"@type":"ListItem","position":3,"name":"Un quartier \u00e0 taille humaine !"}]},{"@type":"WebSite","@id":"https:\/\/www.elle.be\/fr\/#website","url":"https:\/\/www.elle.be\/fr\/","name":"ELLE.be","description":"Toutes les infos mode, beaut\u00e9 et lifestyle les plus pointues ainsi qu&#039;un contenu 100% belge d\u00e9clin\u00e9 \u00e0 360\u00b0sur le site ELLE.be, nos r\u00e9seaux sociaux et notre cha\u00eene Youtube.","publisher":{"@id":"https:\/\/www.elle.be\/fr\/#organization"},"potentialAction":[{"@type":"SearchAction","target":{"@type":"EntryPoint","urlTemplate":"https:\/\/www.elle.be\/fr\/?s={search_term_string}"},"query-input":{"@type":"PropertyValueSpecification","valueRequired":true,"valueName":"search_term_string"}}],"inLanguage":"fr-FR"},{"@type":"Organization","@id":"https:\/\/www.elle.be\/fr\/#organization","name":"ELLE Belgique","url":"https:\/\/www.elle.be\/fr\/","logo":{"@type":"ImageObject","inLanguage":"fr-FR","@id":"https:\/\/www.elle.be\/fr\/#\/schema\/logo\/image\/","url":"https:\/\/www.elle.be\/fr\/wp-content\/uploads\/2017\/03\/elle-icon-200px.jpeg","contentUrl":"https:\/\/www.elle.be\/fr\/wp-content\/uploads\/2017\/03\/elle-icon-200px.jpeg","width":200,"height":200,"caption":"ELLE Belgique"},"image":{"@id":"https:\/\/www.elle.be\/fr\/#\/schema\/logo\/image\/"},"sameAs":["https:\/\/www.facebook.com\/ELLEbelgium\/","https:\/\/x.com\/ELLEBelgique","http:\/\/instagram.com\/ellebelgique\/","https:\/\/www.pinterest.com\/ellebelgique\/","https:\/\/www.youtube.com\/user\/ELLEbelgique1"]},{"@type":"Person","@id":"https:\/\/www.elle.be\/fr\/#\/schema\/person\/2c7693f13ee3d4992850ec2ff033c586","name":"ELLE Partenaire","image":{"@type":"ImageObject","inLanguage":"fr-FR","@id":"https:\/\/secure.gravatar.com\/avatar\/dddcf2d7bb88803a2e434d2b1c6a7b997b2de2334d047a137cc5e9dc165ca7e2?s=96&r=g","url":"https:\/\/secure.gravatar.com\/avatar\/dddcf2d7bb88803a2e434d2b1c6a7b997b2de2334d047a137cc5e9dc165ca7e2?s=96&r=g","contentUrl":"https:\/\/secure.gravatar.com\/avatar\/dddcf2d7bb88803a2e434d2b1c6a7b997b2de2334d047a137cc5e9dc165ca7e2?s=96&r=g","caption":"ELLE Partenaire"},"url":"https:\/\/www.elle.be\/fr\/author\/operation-speciale"}]}},"_links":{"self":[{"href":"https:\/\/www.elle.be\/fr\/wp-json\/wp\/v2\/posts\/356423","targetHints":{"allow":["GET"]}}],"collection":[{"href":"https:\/\/www.elle.be\/fr\/wp-json\/wp\/v2\/posts"}],"about":[{"href":"https:\/\/www.elle.be\/fr\/wp-json\/wp\/v2\/types\/post"}],"author":[{"embeddable":true,"href":"https:\/\/www.elle.be\/fr\/wp-json\/wp\/v2\/users\/47"}],"replies":[{"embeddable":true,"href":"https:\/\/www.elle.be\/fr\/wp-json\/wp\/v2\/comments?post=356423"}],"version-history":[{"count":20,"href":"https:\/\/www.elle.be\/fr\/wp-json\/wp\/v2\/posts\/356423\/revisions"}],"predecessor-version":[{"id":356640,"href":"https:\/\/www.elle.be\/fr\/wp-json\/wp\/v2\/posts\/356423\/revisions\/356640"}],"wp:featuredmedia":[{"embeddable":true,"href":"https:\/\/www.elle.be\/fr\/wp-json\/wp\/v2\/media\/356577"}],"wp:attachment":[{"href":"https:\/\/www.elle.be\/fr\/wp-json\/wp\/v2\/media?parent=356423"}],"wp:term":[{"taxonomy":"category","embeddable":true,"href":"https:\/\/www.elle.be\/fr\/wp-json\/wp\/v2\/categories?post=356423"},{"taxonomy":"post_tag","embeddable":true,"href":"https:\/\/www.elle.be\/fr\/wp-json\/wp\/v2\/tags?post=356423"}],"curies":[{"name":"wp","href":"https:\/\/api.w.org\/{rel}","templated":true}]}}