{"id":346117,"date":"2021-10-15T09:25:21","date_gmt":"2021-10-15T07:25:21","guid":{"rendered":"https:\/\/www.elle.be\/fr\/?p=346117"},"modified":"2021-11-15T09:27:25","modified_gmt":"2021-11-15T08:27:25","slug":"6-facons-de-deguster-le-skyr-le-matin","status":"publish","type":"post","link":"https:\/\/www.elle.be\/fr\/346117-6-facons-de-deguster-le-skyr-le-matin.html","title":{"rendered":"6 fa\u00e7ons de d\u00e9guster le skyr le matin"},"content":{"rendered":"","protected":false},"excerpt":{"rendered":"Apparu dans les rayons des supermarch\u00e9s fran\u00e7ais il y a quelques ann\u00e9es, le skyr est une sp\u00e9cialit\u00e9 laiti\u00e8re ayant une consistance \u00e0 mi-chemin entre un yaourt et un fromage.","protected":false},"author":74,"featured_media":346120,"comment_status":"open","ping_status":"closed","sticky":false,"template":"","format":"standard","meta":{"_acf_changed":false,"footnotes":""},"categories":[2916,1451],"tags":[],"class_list":["post-346117","post","type-post","status-publish","format-standard","has-post-thumbnail","hentry","category-news-food","category-elle-a-table"],"acf":[],"image_verticale":"","_yoast_wpseo_title":null,"_yoast_wpseo_metadesc":null,"_yoast_wpseo_focuskw_text_input":null,"_yoast_wpseo_opengraph-title":null,"yoast_head":"<!-- This site is optimized with the Yoast SEO plugin v27.4 - https:\/\/yoast.com\/product\/yoast-seo-wordpress\/ -->\n<title>6 fa\u00e7ons de d\u00e9guster le skyr le matin - ELLE.be<\/title>\n<meta name=\"description\" content=\"Apparu dans les rayons des supermarch\u00e9s fran\u00e7ais il y a quelques ann\u00e9es, le skyr est une sp\u00e9cialit\u00e9 laiti\u00e8re ayant une consistance \u00e0 mi-chemin entre un\" \/>\n<meta name=\"robots\" content=\"index, follow, max-snippet:-1, max-image-preview:large, max-video-preview:-1\" \/>\n<link rel=\"canonical\" href=\"https:\/\/www.elle.be\/fr\/346117-6-facons-de-deguster-le-skyr-le-matin.html\" \/>\n<meta property=\"og:locale\" content=\"fr_FR\" \/>\n<meta property=\"og:type\" content=\"article\" \/>\n<meta property=\"og:title\" content=\"6 fa\u00e7ons de d\u00e9guster le skyr le matin - ELLE.be\" \/>\n<meta property=\"og:description\" content=\"Apparu dans les rayons des supermarch\u00e9s fran\u00e7ais il y a quelques ann\u00e9es, le skyr est une sp\u00e9cialit\u00e9 laiti\u00e8re ayant une consistance \u00e0 mi-chemin entre un\" \/>\n<meta property=\"og:url\" content=\"https:\/\/www.elle.be\/fr\/346117-6-facons-de-deguster-le-skyr-le-matin.html\" \/>\n<meta property=\"og:site_name\" content=\"ELLE.be\" \/>\n<meta property=\"article:publisher\" content=\"https:\/\/www.facebook.com\/ELLEbelgium\/\" \/>\n<meta property=\"article:published_time\" content=\"2021-10-15T07:25:21+00:00\" \/>\n<meta property=\"article:modified_time\" content=\"2021-11-15T08:27:25+00:00\" \/>\n<meta property=\"og:image\" content=\"https:\/\/www.elle.be\/fr\/wp-content\/uploads\/2021\/11\/image-deguster-facons.jpg\" \/>\n\t<meta property=\"og:image:width\" content=\"1200\" \/>\n\t<meta property=\"og:image:height\" content=\"918\" \/>\n\t<meta property=\"og:image:type\" content=\"image\/jpeg\" \/>\n<meta name=\"author\" content=\"La r\u00e9daction\" \/>\n<meta name=\"twitter:card\" content=\"summary_large_image\" \/>\n<meta name=\"twitter:creator\" content=\"@ELLEBelgique\" \/>\n<meta name=\"twitter:site\" content=\"@ELLEBelgique\" \/>\n<meta name=\"twitter:label1\" content=\"\u00c9crit par\" \/>\n\t<meta name=\"twitter:data1\" content=\"La r\u00e9daction\" \/>\n\t<meta name=\"twitter:label2\" content=\"Dur\u00e9e de lecture estim\u00e9e\" \/>\n\t<meta name=\"twitter:data2\" content=\"8 minutes\" \/>\n<script type=\"application\/ld+json\" class=\"yoast-schema-graph\">{\"@context\":\"https:\\\/\\\/schema.org\",\"@graph\":[{\"@type\":\"NewsArticle\",\"@id\":\"https:\\\/\\\/www.elle.be\\\/fr\\\/346117-6-facons-de-deguster-le-skyr-le-matin.html#article\",\"isPartOf\":{\"@id\":\"https:\\\/\\\/www.elle.be\\\/fr\\\/346117-6-facons-de-deguster-le-skyr-le-matin.html\"},\"author\":{\"name\":\"La r\u00e9daction\",\"@id\":\"https:\\\/\\\/www.elle.be\\\/fr\\\/#\\\/schema\\\/person\\\/4c5bb55655357317e8598edc0d2db13a\"},\"headline\":\"6 fa\u00e7ons de d\u00e9guster le skyr le matin\",\"datePublished\":\"2021-10-15T07:25:21+00:00\",\"dateModified\":\"2021-11-15T08:27:25+00:00\",\"mainEntityOfPage\":{\"@id\":\"https:\\\/\\\/www.elle.be\\\/fr\\\/346117-6-facons-de-deguster-le-skyr-le-matin.html\"},\"wordCount\":1639,\"commentCount\":0,\"publisher\":{\"@id\":\"https:\\\/\\\/www.elle.be\\\/fr\\\/#organization\"},\"image\":{\"@id\":\"https:\\\/\\\/www.elle.be\\\/fr\\\/346117-6-facons-de-deguster-le-skyr-le-matin.html#primaryimage\"},\"thumbnailUrl\":\"https:\\\/\\\/www.elle.be\\\/fr\\\/wp-content\\\/uploads\\\/2021\\\/11\\\/image-deguster-facons.jpg\",\"articleSection\":[\"News Food\",\"ELLE \u00e0 Table\"],\"inLanguage\":\"fr-FR\",\"potentialAction\":[{\"@type\":\"CommentAction\",\"name\":\"Comment\",\"target\":[\"https:\\\/\\\/www.elle.be\\\/fr\\\/346117-6-facons-de-deguster-le-skyr-le-matin.html#respond\"]}]},{\"@type\":\"WebPage\",\"@id\":\"https:\\\/\\\/www.elle.be\\\/fr\\\/346117-6-facons-de-deguster-le-skyr-le-matin.html\",\"url\":\"https:\\\/\\\/www.elle.be\\\/fr\\\/346117-6-facons-de-deguster-le-skyr-le-matin.html\",\"name\":\"6 fa\u00e7ons de d\u00e9guster le skyr le matin - ELLE.be\",\"isPartOf\":{\"@id\":\"https:\\\/\\\/www.elle.be\\\/fr\\\/#website\"},\"primaryImageOfPage\":{\"@id\":\"https:\\\/\\\/www.elle.be\\\/fr\\\/346117-6-facons-de-deguster-le-skyr-le-matin.html#primaryimage\"},\"image\":{\"@id\":\"https:\\\/\\\/www.elle.be\\\/fr\\\/346117-6-facons-de-deguster-le-skyr-le-matin.html#primaryimage\"},\"thumbnailUrl\":\"https:\\\/\\\/www.elle.be\\\/fr\\\/wp-content\\\/uploads\\\/2021\\\/11\\\/image-deguster-facons.jpg\",\"datePublished\":\"2021-10-15T07:25:21+00:00\",\"dateModified\":\"2021-11-15T08:27:25+00:00\",\"description\":\"Apparu dans les rayons des supermarch\u00e9s fran\u00e7ais il y a quelques ann\u00e9es, le skyr est une sp\u00e9cialit\u00e9 laiti\u00e8re ayant une consistance \u00e0 mi-chemin entre un\",\"breadcrumb\":{\"@id\":\"https:\\\/\\\/www.elle.be\\\/fr\\\/346117-6-facons-de-deguster-le-skyr-le-matin.html#breadcrumb\"},\"inLanguage\":\"fr-FR\",\"potentialAction\":[{\"@type\":\"ReadAction\",\"target\":[\"https:\\\/\\\/www.elle.be\\\/fr\\\/346117-6-facons-de-deguster-le-skyr-le-matin.html\"]}]},{\"@type\":\"ImageObject\",\"inLanguage\":\"fr-FR\",\"@id\":\"https:\\\/\\\/www.elle.be\\\/fr\\\/346117-6-facons-de-deguster-le-skyr-le-matin.html#primaryimage\",\"url\":\"https:\\\/\\\/www.elle.be\\\/fr\\\/wp-content\\\/uploads\\\/2021\\\/11\\\/image-deguster-facons.jpg\",\"contentUrl\":\"https:\\\/\\\/www.elle.be\\\/fr\\\/wp-content\\\/uploads\\\/2021\\\/11\\\/image-deguster-facons.jpg\",\"width\":1200,\"height\":918},{\"@type\":\"BreadcrumbList\",\"@id\":\"https:\\\/\\\/www.elle.be\\\/fr\\\/346117-6-facons-de-deguster-le-skyr-le-matin.html#breadcrumb\",\"itemListElement\":[{\"@type\":\"ListItem\",\"position\":1,\"name\":\"FR\",\"item\":\"https:\\\/\\\/www.elle.be\\\/fr\"},{\"@type\":\"ListItem\",\"position\":2,\"name\":\"ELLE \u00e0 Table\",\"item\":\"https:\\\/\\\/www.elle.be\\\/fr\\\/elle-a-table\"},{\"@type\":\"ListItem\",\"position\":3,\"name\":\"6 fa\u00e7ons de d\u00e9guster le skyr le matin\"}]},{\"@type\":\"WebSite\",\"@id\":\"https:\\\/\\\/www.elle.be\\\/fr\\\/#website\",\"url\":\"https:\\\/\\\/www.elle.be\\\/fr\\\/\",\"name\":\"ELLE.be\",\"description\":\"Toutes les infos mode, beaut\u00e9 et lifestyle les plus pointues ainsi qu&#039;un contenu 100% belge d\u00e9clin\u00e9 \u00e0 360\u00b0sur le site ELLE.be, nos r\u00e9seaux sociaux et notre cha\u00eene Youtube.\",\"publisher\":{\"@id\":\"https:\\\/\\\/www.elle.be\\\/fr\\\/#organization\"},\"potentialAction\":[{\"@type\":\"SearchAction\",\"target\":{\"@type\":\"EntryPoint\",\"urlTemplate\":\"https:\\\/\\\/www.elle.be\\\/fr\\\/?s={search_term_string}\"},\"query-input\":{\"@type\":\"PropertyValueSpecification\",\"valueRequired\":true,\"valueName\":\"search_term_string\"}}],\"inLanguage\":\"fr-FR\"},{\"@type\":\"Organization\",\"@id\":\"https:\\\/\\\/www.elle.be\\\/fr\\\/#organization\",\"name\":\"ELLE Belgique\",\"url\":\"https:\\\/\\\/www.elle.be\\\/fr\\\/\",\"logo\":{\"@type\":\"ImageObject\",\"inLanguage\":\"fr-FR\",\"@id\":\"https:\\\/\\\/www.elle.be\\\/fr\\\/#\\\/schema\\\/logo\\\/image\\\/\",\"url\":\"https:\\\/\\\/www.elle.be\\\/fr\\\/wp-content\\\/uploads\\\/2017\\\/03\\\/elle-icon-200px.jpeg\",\"contentUrl\":\"https:\\\/\\\/www.elle.be\\\/fr\\\/wp-content\\\/uploads\\\/2017\\\/03\\\/elle-icon-200px.jpeg\",\"width\":200,\"height\":200,\"caption\":\"ELLE Belgique\"},\"image\":{\"@id\":\"https:\\\/\\\/www.elle.be\\\/fr\\\/#\\\/schema\\\/logo\\\/image\\\/\"},\"sameAs\":[\"https:\\\/\\\/www.facebook.com\\\/ELLEbelgium\\\/\",\"https:\\\/\\\/x.com\\\/ELLEBelgique\",\"http:\\\/\\\/instagram.com\\\/ellebelgique\\\/\",\"https:\\\/\\\/www.pinterest.com\\\/ellebelgique\\\/\",\"https:\\\/\\\/www.youtube.com\\\/user\\\/ELLEbelgique1\"]},{\"@type\":\"Person\",\"@id\":\"https:\\\/\\\/www.elle.be\\\/fr\\\/#\\\/schema\\\/person\\\/4c5bb55655357317e8598edc0d2db13a\",\"name\":\"La r\u00e9daction\",\"image\":{\"@type\":\"ImageObject\",\"inLanguage\":\"fr-FR\",\"@id\":\"https:\\\/\\\/secure.gravatar.com\\\/avatar\\\/09bdf918c4ba5982d7ea1180e49c901ee340e78187544d4bbc826f9c62e5270d?s=96&r=g\",\"url\":\"https:\\\/\\\/secure.gravatar.com\\\/avatar\\\/09bdf918c4ba5982d7ea1180e49c901ee340e78187544d4bbc826f9c62e5270d?s=96&r=g\",\"contentUrl\":\"https:\\\/\\\/secure.gravatar.com\\\/avatar\\\/09bdf918c4ba5982d7ea1180e49c901ee340e78187544d4bbc826f9c62e5270d?s=96&r=g\",\"caption\":\"La r\u00e9daction\"},\"url\":\"https:\\\/\\\/www.elle.be\\\/fr\\\/author\\\/stagiaires\"}]}<\/script>\n<!-- \/ Yoast SEO plugin. -->","yoast_head_json":{"title":"6 fa\u00e7ons de d\u00e9guster le skyr le matin - ELLE.be","description":"Apparu dans les rayons des supermarch\u00e9s fran\u00e7ais il y a quelques ann\u00e9es, le skyr est une sp\u00e9cialit\u00e9 laiti\u00e8re ayant une consistance \u00e0 mi-chemin entre un","robots":{"index":"index","follow":"follow","max-snippet":"max-snippet:-1","max-image-preview":"max-image-preview:large","max-video-preview":"max-video-preview:-1"},"canonical":"https:\/\/www.elle.be\/fr\/346117-6-facons-de-deguster-le-skyr-le-matin.html","og_locale":"fr_FR","og_type":"article","og_title":"6 fa\u00e7ons de d\u00e9guster le skyr le matin - ELLE.be","og_description":"Apparu dans les rayons des supermarch\u00e9s fran\u00e7ais il y a quelques ann\u00e9es, le skyr est une sp\u00e9cialit\u00e9 laiti\u00e8re ayant une consistance \u00e0 mi-chemin entre un","og_url":"https:\/\/www.elle.be\/fr\/346117-6-facons-de-deguster-le-skyr-le-matin.html","og_site_name":"ELLE.be","article_publisher":"https:\/\/www.facebook.com\/ELLEbelgium\/","article_published_time":"2021-10-15T07:25:21+00:00","article_modified_time":"2021-11-15T08:27:25+00:00","og_image":[{"width":1200,"height":918,"url":"https:\/\/www.elle.be\/fr\/wp-content\/uploads\/2021\/11\/image-deguster-facons.jpg","type":"image\/jpeg"}],"author":"La r\u00e9daction","twitter_card":"summary_large_image","twitter_creator":"@ELLEBelgique","twitter_site":"@ELLEBelgique","twitter_misc":{"\u00c9crit par":"La r\u00e9daction","Dur\u00e9e de lecture estim\u00e9e":"8 minutes"},"schema":{"@context":"https:\/\/schema.org","@graph":[{"@type":"NewsArticle","@id":"https:\/\/www.elle.be\/fr\/346117-6-facons-de-deguster-le-skyr-le-matin.html#article","isPartOf":{"@id":"https:\/\/www.elle.be\/fr\/346117-6-facons-de-deguster-le-skyr-le-matin.html"},"author":{"name":"La r\u00e9daction","@id":"https:\/\/www.elle.be\/fr\/#\/schema\/person\/4c5bb55655357317e8598edc0d2db13a"},"headline":"6 fa\u00e7ons de d\u00e9guster le skyr le matin","datePublished":"2021-10-15T07:25:21+00:00","dateModified":"2021-11-15T08:27:25+00:00","mainEntityOfPage":{"@id":"https:\/\/www.elle.be\/fr\/346117-6-facons-de-deguster-le-skyr-le-matin.html"},"wordCount":1639,"commentCount":0,"publisher":{"@id":"https:\/\/www.elle.be\/fr\/#organization"},"image":{"@id":"https:\/\/www.elle.be\/fr\/346117-6-facons-de-deguster-le-skyr-le-matin.html#primaryimage"},"thumbnailUrl":"https:\/\/www.elle.be\/fr\/wp-content\/uploads\/2021\/11\/image-deguster-facons.jpg","articleSection":["News Food","ELLE \u00e0 Table"],"inLanguage":"fr-FR","potentialAction":[{"@type":"CommentAction","name":"Comment","target":["https:\/\/www.elle.be\/fr\/346117-6-facons-de-deguster-le-skyr-le-matin.html#respond"]}]},{"@type":"WebPage","@id":"https:\/\/www.elle.be\/fr\/346117-6-facons-de-deguster-le-skyr-le-matin.html","url":"https:\/\/www.elle.be\/fr\/346117-6-facons-de-deguster-le-skyr-le-matin.html","name":"6 fa\u00e7ons de d\u00e9guster le skyr le matin - ELLE.be","isPartOf":{"@id":"https:\/\/www.elle.be\/fr\/#website"},"primaryImageOfPage":{"@id":"https:\/\/www.elle.be\/fr\/346117-6-facons-de-deguster-le-skyr-le-matin.html#primaryimage"},"image":{"@id":"https:\/\/www.elle.be\/fr\/346117-6-facons-de-deguster-le-skyr-le-matin.html#primaryimage"},"thumbnailUrl":"https:\/\/www.elle.be\/fr\/wp-content\/uploads\/2021\/11\/image-deguster-facons.jpg","datePublished":"2021-10-15T07:25:21+00:00","dateModified":"2021-11-15T08:27:25+00:00","description":"Apparu dans les rayons des supermarch\u00e9s fran\u00e7ais il y a quelques ann\u00e9es, le skyr est une sp\u00e9cialit\u00e9 laiti\u00e8re ayant une consistance \u00e0 mi-chemin entre un","breadcrumb":{"@id":"https:\/\/www.elle.be\/fr\/346117-6-facons-de-deguster-le-skyr-le-matin.html#breadcrumb"},"inLanguage":"fr-FR","potentialAction":[{"@type":"ReadAction","target":["https:\/\/www.elle.be\/fr\/346117-6-facons-de-deguster-le-skyr-le-matin.html"]}]},{"@type":"ImageObject","inLanguage":"fr-FR","@id":"https:\/\/www.elle.be\/fr\/346117-6-facons-de-deguster-le-skyr-le-matin.html#primaryimage","url":"https:\/\/www.elle.be\/fr\/wp-content\/uploads\/2021\/11\/image-deguster-facons.jpg","contentUrl":"https:\/\/www.elle.be\/fr\/wp-content\/uploads\/2021\/11\/image-deguster-facons.jpg","width":1200,"height":918},{"@type":"BreadcrumbList","@id":"https:\/\/www.elle.be\/fr\/346117-6-facons-de-deguster-le-skyr-le-matin.html#breadcrumb","itemListElement":[{"@type":"ListItem","position":1,"name":"FR","item":"https:\/\/www.elle.be\/fr"},{"@type":"ListItem","position":2,"name":"ELLE \u00e0 Table","item":"https:\/\/www.elle.be\/fr\/elle-a-table"},{"@type":"ListItem","position":3,"name":"6 fa\u00e7ons de d\u00e9guster le skyr le matin"}]},{"@type":"WebSite","@id":"https:\/\/www.elle.be\/fr\/#website","url":"https:\/\/www.elle.be\/fr\/","name":"ELLE.be","description":"Toutes les infos mode, beaut\u00e9 et lifestyle les plus pointues ainsi qu&#039;un contenu 100% belge d\u00e9clin\u00e9 \u00e0 360\u00b0sur le site ELLE.be, nos r\u00e9seaux sociaux et notre cha\u00eene Youtube.","publisher":{"@id":"https:\/\/www.elle.be\/fr\/#organization"},"potentialAction":[{"@type":"SearchAction","target":{"@type":"EntryPoint","urlTemplate":"https:\/\/www.elle.be\/fr\/?s={search_term_string}"},"query-input":{"@type":"PropertyValueSpecification","valueRequired":true,"valueName":"search_term_string"}}],"inLanguage":"fr-FR"},{"@type":"Organization","@id":"https:\/\/www.elle.be\/fr\/#organization","name":"ELLE Belgique","url":"https:\/\/www.elle.be\/fr\/","logo":{"@type":"ImageObject","inLanguage":"fr-FR","@id":"https:\/\/www.elle.be\/fr\/#\/schema\/logo\/image\/","url":"https:\/\/www.elle.be\/fr\/wp-content\/uploads\/2017\/03\/elle-icon-200px.jpeg","contentUrl":"https:\/\/www.elle.be\/fr\/wp-content\/uploads\/2017\/03\/elle-icon-200px.jpeg","width":200,"height":200,"caption":"ELLE Belgique"},"image":{"@id":"https:\/\/www.elle.be\/fr\/#\/schema\/logo\/image\/"},"sameAs":["https:\/\/www.facebook.com\/ELLEbelgium\/","https:\/\/x.com\/ELLEBelgique","http:\/\/instagram.com\/ellebelgique\/","https:\/\/www.pinterest.com\/ellebelgique\/","https:\/\/www.youtube.com\/user\/ELLEbelgique1"]},{"@type":"Person","@id":"https:\/\/www.elle.be\/fr\/#\/schema\/person\/4c5bb55655357317e8598edc0d2db13a","name":"La r\u00e9daction","image":{"@type":"ImageObject","inLanguage":"fr-FR","@id":"https:\/\/secure.gravatar.com\/avatar\/09bdf918c4ba5982d7ea1180e49c901ee340e78187544d4bbc826f9c62e5270d?s=96&r=g","url":"https:\/\/secure.gravatar.com\/avatar\/09bdf918c4ba5982d7ea1180e49c901ee340e78187544d4bbc826f9c62e5270d?s=96&r=g","contentUrl":"https:\/\/secure.gravatar.com\/avatar\/09bdf918c4ba5982d7ea1180e49c901ee340e78187544d4bbc826f9c62e5270d?s=96&r=g","caption":"La r\u00e9daction"},"url":"https:\/\/www.elle.be\/fr\/author\/stagiaires"}]}},"_links":{"self":[{"href":"https:\/\/www.elle.be\/fr\/wp-json\/wp\/v2\/posts\/346117","targetHints":{"allow":["GET"]}}],"collection":[{"href":"https:\/\/www.elle.be\/fr\/wp-json\/wp\/v2\/posts"}],"about":[{"href":"https:\/\/www.elle.be\/fr\/wp-json\/wp\/v2\/types\/post"}],"author":[{"embeddable":true,"href":"https:\/\/www.elle.be\/fr\/wp-json\/wp\/v2\/users\/74"}],"replies":[{"embeddable":true,"href":"https:\/\/www.elle.be\/fr\/wp-json\/wp\/v2\/comments?post=346117"}],"version-history":[{"count":1,"href":"https:\/\/www.elle.be\/fr\/wp-json\/wp\/v2\/posts\/346117\/revisions"}],"predecessor-version":[{"id":346121,"href":"https:\/\/www.elle.be\/fr\/wp-json\/wp\/v2\/posts\/346117\/revisions\/346121"}],"wp:featuredmedia":[{"embeddable":true,"href":"https:\/\/www.elle.be\/fr\/wp-json\/wp\/v2\/media\/346120"}],"wp:attachment":[{"href":"https:\/\/www.elle.be\/fr\/wp-json\/wp\/v2\/media?parent=346117"}],"wp:term":[{"taxonomy":"category","embeddable":true,"href":"https:\/\/www.elle.be\/fr\/wp-json\/wp\/v2\/categories?post=346117"},{"taxonomy":"post_tag","embeddable":true,"href":"https:\/\/www.elle.be\/fr\/wp-json\/wp\/v2\/tags?post=346117"}],"curies":[{"name":"wp","href":"https:\/\/api.w.org\/{rel}","templated":true}]}}