{"id":341363,"date":"2021-09-23T10:00:40","date_gmt":"2021-09-23T08:00:40","guid":{"rendered":"https:\/\/www.elle.be\/fr\/?p=341363"},"modified":"2021-09-20T16:36:10","modified_gmt":"2021-09-20T14:36:10","slug":"sushi-shop-signe-une-collab-gourmande-avec-paul-pairet","status":"publish","type":"post","link":"https:\/\/www.elle.be\/fr\/341363-sushi-shop-signe-une-collab-gourmande-avec-paul-pairet.html","title":{"rendered":"Sushi Shop signe une collab&#8217; gourmande avec Paul Pairet"},"content":{"rendered":"","protected":false},"excerpt":{"rendered":"D\u00e8s ce jeudi 23 septembre, la carte de Sushi Shop\u00a0s\u2019enrichit de cr\u00e9ations in\u00e9dites, imagin\u00e9es par\u00a0Paul Pairet. ...","protected":false},"author":104,"featured_media":341708,"comment_status":"open","ping_status":"closed","sticky":false,"template":"","format":"standard","meta":{"_acf_changed":false,"footnotes":""},"categories":[2916,1451],"tags":[3022,3274,49,105,589,706,2281,2327],"class_list":["post-341363","post","type-post","status-publish","format-standard","has-post-thumbnail","hentry","category-news-food","category-elle-a-table","tag-actu-food","tag-collab","tag-bruxelles","tag-belgique","tag-food","tag-sushi","tag-japonais","tag-collaboration"],"acf":[],"image_verticale":"341709","_yoast_wpseo_title":"Sushi Shop signe une collab' gourmande avec Paul Pairet","_yoast_wpseo_metadesc":"Alerte foodie ! Sushi Shop et\u00a0Paul Pairet s'allient pour des cr\u00e9ations in\u00e9dites. De nouvelles recettes \u00e0 d\u00e9couvrir, d\u00e9guster et partager.","_yoast_wpseo_focuskw_text_input":null,"_yoast_wpseo_opengraph-title":null,"yoast_head":"<!-- This site is optimized with the Yoast SEO plugin v27.4 - https:\/\/yoast.com\/product\/yoast-seo-wordpress\/ -->\n<title>Sushi Shop signe une collab&#039; gourmande avec Paul Pairet<\/title>\n<meta name=\"description\" content=\"Alerte foodie ! Sushi Shop et\u00a0Paul Pairet s&#039;allient pour des cr\u00e9ations in\u00e9dites. De nouvelles recettes \u00e0 d\u00e9couvrir, d\u00e9guster et partager.\" \/>\n<meta name=\"robots\" content=\"index, follow, max-snippet:-1, max-image-preview:large, max-video-preview:-1\" \/>\n<link rel=\"canonical\" href=\"https:\/\/www.elle.be\/fr\/341363-sushi-shop-signe-une-collab-gourmande-avec-paul-pairet.html\" \/>\n<meta property=\"og:locale\" content=\"fr_FR\" \/>\n<meta property=\"og:type\" content=\"article\" \/>\n<meta property=\"og:title\" content=\"Sushi Shop signe une collab&#039; gourmande avec Paul Pairet\" \/>\n<meta property=\"og:description\" content=\"Alerte foodie ! Sushi Shop et\u00a0Paul Pairet s&#039;allient pour des cr\u00e9ations in\u00e9dites. De nouvelles recettes \u00e0 d\u00e9couvrir, d\u00e9guster et partager.\" \/>\n<meta property=\"og:url\" content=\"https:\/\/www.elle.be\/fr\/341363-sushi-shop-signe-une-collab-gourmande-avec-paul-pairet.html\" \/>\n<meta property=\"og:site_name\" content=\"ELLE.be\" \/>\n<meta property=\"article:publisher\" content=\"https:\/\/www.facebook.com\/ELLEbelgium\/\" \/>\n<meta property=\"article:published_time\" content=\"2021-09-23T08:00:40+00:00\" \/>\n<meta property=\"og:image\" content=\"https:\/\/www.elle.be\/fr\/wp-content\/uploads\/2021\/09\/beijing-rollmea.jpg\" \/>\n\t<meta property=\"og:image:width\" content=\"1200\" \/>\n\t<meta property=\"og:image:height\" content=\"628\" \/>\n\t<meta property=\"og:image:type\" content=\"image\/jpeg\" \/>\n<meta name=\"author\" content=\"Clothilde Van Brussel\" \/>\n<meta name=\"twitter:card\" content=\"summary_large_image\" \/>\n<meta name=\"twitter:creator\" content=\"@ELLEBelgique\" \/>\n<meta name=\"twitter:site\" content=\"@ELLEBelgique\" \/>\n<meta name=\"twitter:label1\" content=\"\u00c9crit par\" \/>\n\t<meta name=\"twitter:data1\" content=\"Clothilde Van Brussel\" \/>\n\t<meta name=\"twitter:label2\" content=\"Dur\u00e9e de lecture estim\u00e9e\" \/>\n\t<meta name=\"twitter:data2\" content=\"2 minutes\" \/>\n<script type=\"application\/ld+json\" class=\"yoast-schema-graph\">{\"@context\":\"https:\\\/\\\/schema.org\",\"@graph\":[{\"@type\":\"NewsArticle\",\"@id\":\"https:\\\/\\\/www.elle.be\\\/fr\\\/341363-sushi-shop-signe-une-collab-gourmande-avec-paul-pairet.html#article\",\"isPartOf\":{\"@id\":\"https:\\\/\\\/www.elle.be\\\/fr\\\/341363-sushi-shop-signe-une-collab-gourmande-avec-paul-pairet.html\"},\"author\":{\"name\":\"Clothilde Van Brussel\",\"@id\":\"https:\\\/\\\/www.elle.be\\\/fr\\\/#\\\/schema\\\/person\\\/152b4703cedd693830ec757430e1e027\"},\"headline\":\"Sushi Shop signe une collab&#8217; gourmande avec Paul Pairet\",\"datePublished\":\"2021-09-23T08:00:40+00:00\",\"mainEntityOfPage\":{\"@id\":\"https:\\\/\\\/www.elle.be\\\/fr\\\/341363-sushi-shop-signe-une-collab-gourmande-avec-paul-pairet.html\"},\"wordCount\":279,\"commentCount\":0,\"publisher\":{\"@id\":\"https:\\\/\\\/www.elle.be\\\/fr\\\/#organization\"},\"image\":{\"@id\":\"https:\\\/\\\/www.elle.be\\\/fr\\\/341363-sushi-shop-signe-une-collab-gourmande-avec-paul-pairet.html#primaryimage\"},\"thumbnailUrl\":\"https:\\\/\\\/www.elle.be\\\/fr\\\/wp-content\\\/uploads\\\/2021\\\/09\\\/beijing-rollmea.jpg\",\"keywords\":[\"actu food\",\"collab\",\"bruxelles\",\"belgique\",\"food\",\"sushi\",\"japonais\",\"collaboration\"],\"articleSection\":[\"News Food\",\"ELLE \u00e0 Table\"],\"inLanguage\":\"fr-FR\",\"potentialAction\":[{\"@type\":\"CommentAction\",\"name\":\"Comment\",\"target\":[\"https:\\\/\\\/www.elle.be\\\/fr\\\/341363-sushi-shop-signe-une-collab-gourmande-avec-paul-pairet.html#respond\"]}]},{\"@type\":\"WebPage\",\"@id\":\"https:\\\/\\\/www.elle.be\\\/fr\\\/341363-sushi-shop-signe-une-collab-gourmande-avec-paul-pairet.html\",\"url\":\"https:\\\/\\\/www.elle.be\\\/fr\\\/341363-sushi-shop-signe-une-collab-gourmande-avec-paul-pairet.html\",\"name\":\"Sushi Shop signe une collab' gourmande avec Paul Pairet\",\"isPartOf\":{\"@id\":\"https:\\\/\\\/www.elle.be\\\/fr\\\/#website\"},\"primaryImageOfPage\":{\"@id\":\"https:\\\/\\\/www.elle.be\\\/fr\\\/341363-sushi-shop-signe-une-collab-gourmande-avec-paul-pairet.html#primaryimage\"},\"image\":{\"@id\":\"https:\\\/\\\/www.elle.be\\\/fr\\\/341363-sushi-shop-signe-une-collab-gourmande-avec-paul-pairet.html#primaryimage\"},\"thumbnailUrl\":\"https:\\\/\\\/www.elle.be\\\/fr\\\/wp-content\\\/uploads\\\/2021\\\/09\\\/beijing-rollmea.jpg\",\"datePublished\":\"2021-09-23T08:00:40+00:00\",\"description\":\"Alerte foodie ! Sushi Shop et\u00a0Paul Pairet s'allient pour des cr\u00e9ations in\u00e9dites. De nouvelles recettes \u00e0 d\u00e9couvrir, d\u00e9guster et partager.\",\"breadcrumb\":{\"@id\":\"https:\\\/\\\/www.elle.be\\\/fr\\\/341363-sushi-shop-signe-une-collab-gourmande-avec-paul-pairet.html#breadcrumb\"},\"inLanguage\":\"fr-FR\",\"potentialAction\":[{\"@type\":\"ReadAction\",\"target\":[\"https:\\\/\\\/www.elle.be\\\/fr\\\/341363-sushi-shop-signe-une-collab-gourmande-avec-paul-pairet.html\"]}]},{\"@type\":\"ImageObject\",\"inLanguage\":\"fr-FR\",\"@id\":\"https:\\\/\\\/www.elle.be\\\/fr\\\/341363-sushi-shop-signe-une-collab-gourmande-avec-paul-pairet.html#primaryimage\",\"url\":\"https:\\\/\\\/www.elle.be\\\/fr\\\/wp-content\\\/uploads\\\/2021\\\/09\\\/beijing-rollmea.jpg\",\"contentUrl\":\"https:\\\/\\\/www.elle.be\\\/fr\\\/wp-content\\\/uploads\\\/2021\\\/09\\\/beijing-rollmea.jpg\",\"width\":1200,\"height\":628,\"caption\":\"Sushi Shop x Paul Pairet\"},{\"@type\":\"BreadcrumbList\",\"@id\":\"https:\\\/\\\/www.elle.be\\\/fr\\\/341363-sushi-shop-signe-une-collab-gourmande-avec-paul-pairet.html#breadcrumb\",\"itemListElement\":[{\"@type\":\"ListItem\",\"position\":1,\"name\":\"FR\",\"item\":\"https:\\\/\\\/www.elle.be\\\/fr\"},{\"@type\":\"ListItem\",\"position\":2,\"name\":\"ELLE \u00e0 Table\",\"item\":\"https:\\\/\\\/www.elle.be\\\/fr\\\/elle-a-table\"},{\"@type\":\"ListItem\",\"position\":3,\"name\":\"Sushi Shop signe une collab&rsquo; gourmande avec Paul Pairet\"}]},{\"@type\":\"WebSite\",\"@id\":\"https:\\\/\\\/www.elle.be\\\/fr\\\/#website\",\"url\":\"https:\\\/\\\/www.elle.be\\\/fr\\\/\",\"name\":\"ELLE.be\",\"description\":\"Toutes les infos mode, beaut\u00e9 et lifestyle les plus pointues ainsi qu&#039;un contenu 100% belge d\u00e9clin\u00e9 \u00e0 360\u00b0sur le site ELLE.be, nos r\u00e9seaux sociaux et notre cha\u00eene Youtube.\",\"publisher\":{\"@id\":\"https:\\\/\\\/www.elle.be\\\/fr\\\/#organization\"},\"potentialAction\":[{\"@type\":\"SearchAction\",\"target\":{\"@type\":\"EntryPoint\",\"urlTemplate\":\"https:\\\/\\\/www.elle.be\\\/fr\\\/?s={search_term_string}\"},\"query-input\":{\"@type\":\"PropertyValueSpecification\",\"valueRequired\":true,\"valueName\":\"search_term_string\"}}],\"inLanguage\":\"fr-FR\"},{\"@type\":\"Organization\",\"@id\":\"https:\\\/\\\/www.elle.be\\\/fr\\\/#organization\",\"name\":\"ELLE Belgique\",\"url\":\"https:\\\/\\\/www.elle.be\\\/fr\\\/\",\"logo\":{\"@type\":\"ImageObject\",\"inLanguage\":\"fr-FR\",\"@id\":\"https:\\\/\\\/www.elle.be\\\/fr\\\/#\\\/schema\\\/logo\\\/image\\\/\",\"url\":\"https:\\\/\\\/www.elle.be\\\/fr\\\/wp-content\\\/uploads\\\/2017\\\/03\\\/elle-icon-200px.jpeg\",\"contentUrl\":\"https:\\\/\\\/www.elle.be\\\/fr\\\/wp-content\\\/uploads\\\/2017\\\/03\\\/elle-icon-200px.jpeg\",\"width\":200,\"height\":200,\"caption\":\"ELLE Belgique\"},\"image\":{\"@id\":\"https:\\\/\\\/www.elle.be\\\/fr\\\/#\\\/schema\\\/logo\\\/image\\\/\"},\"sameAs\":[\"https:\\\/\\\/www.facebook.com\\\/ELLEbelgium\\\/\",\"https:\\\/\\\/x.com\\\/ELLEBelgique\",\"http:\\\/\\\/instagram.com\\\/ellebelgique\\\/\",\"https:\\\/\\\/www.pinterest.com\\\/ellebelgique\\\/\",\"https:\\\/\\\/www.youtube.com\\\/user\\\/ELLEbelgique1\"]},{\"@type\":\"Person\",\"@id\":\"https:\\\/\\\/www.elle.be\\\/fr\\\/#\\\/schema\\\/person\\\/152b4703cedd693830ec757430e1e027\",\"name\":\"Clothilde Van Brussel\",\"image\":{\"@type\":\"ImageObject\",\"inLanguage\":\"fr-FR\",\"@id\":\"https:\\\/\\\/secure.gravatar.com\\\/avatar\\\/f255de82743184e4540a294a61fbb08d2bd3b0d964c434ce6210920246245dae?s=96&r=g\",\"url\":\"https:\\\/\\\/secure.gravatar.com\\\/avatar\\\/f255de82743184e4540a294a61fbb08d2bd3b0d964c434ce6210920246245dae?s=96&r=g\",\"contentUrl\":\"https:\\\/\\\/secure.gravatar.com\\\/avatar\\\/f255de82743184e4540a294a61fbb08d2bd3b0d964c434ce6210920246245dae?s=96&r=g\",\"caption\":\"Clothilde Van Brussel\"},\"url\":\"https:\\\/\\\/www.elle.be\\\/fr\\\/author\\\/cvbelleatable-be\"}]}<\/script>\n<!-- \/ Yoast SEO plugin. -->","yoast_head_json":{"title":"Sushi Shop signe une collab' gourmande avec Paul Pairet","description":"Alerte foodie ! Sushi Shop et\u00a0Paul Pairet s'allient pour des cr\u00e9ations in\u00e9dites. De nouvelles recettes \u00e0 d\u00e9couvrir, d\u00e9guster et partager.","robots":{"index":"index","follow":"follow","max-snippet":"max-snippet:-1","max-image-preview":"max-image-preview:large","max-video-preview":"max-video-preview:-1"},"canonical":"https:\/\/www.elle.be\/fr\/341363-sushi-shop-signe-une-collab-gourmande-avec-paul-pairet.html","og_locale":"fr_FR","og_type":"article","og_title":"Sushi Shop signe une collab' gourmande avec Paul Pairet","og_description":"Alerte foodie ! Sushi Shop et\u00a0Paul Pairet s'allient pour des cr\u00e9ations in\u00e9dites. De nouvelles recettes \u00e0 d\u00e9couvrir, d\u00e9guster et partager.","og_url":"https:\/\/www.elle.be\/fr\/341363-sushi-shop-signe-une-collab-gourmande-avec-paul-pairet.html","og_site_name":"ELLE.be","article_publisher":"https:\/\/www.facebook.com\/ELLEbelgium\/","article_published_time":"2021-09-23T08:00:40+00:00","og_image":[{"width":1200,"height":628,"url":"https:\/\/www.elle.be\/fr\/wp-content\/uploads\/2021\/09\/beijing-rollmea.jpg","type":"image\/jpeg"}],"author":"Clothilde Van Brussel","twitter_card":"summary_large_image","twitter_creator":"@ELLEBelgique","twitter_site":"@ELLEBelgique","twitter_misc":{"\u00c9crit par":"Clothilde Van Brussel","Dur\u00e9e de lecture estim\u00e9e":"2 minutes"},"schema":{"@context":"https:\/\/schema.org","@graph":[{"@type":"NewsArticle","@id":"https:\/\/www.elle.be\/fr\/341363-sushi-shop-signe-une-collab-gourmande-avec-paul-pairet.html#article","isPartOf":{"@id":"https:\/\/www.elle.be\/fr\/341363-sushi-shop-signe-une-collab-gourmande-avec-paul-pairet.html"},"author":{"name":"Clothilde Van Brussel","@id":"https:\/\/www.elle.be\/fr\/#\/schema\/person\/152b4703cedd693830ec757430e1e027"},"headline":"Sushi Shop signe une collab&#8217; gourmande avec Paul Pairet","datePublished":"2021-09-23T08:00:40+00:00","mainEntityOfPage":{"@id":"https:\/\/www.elle.be\/fr\/341363-sushi-shop-signe-une-collab-gourmande-avec-paul-pairet.html"},"wordCount":279,"commentCount":0,"publisher":{"@id":"https:\/\/www.elle.be\/fr\/#organization"},"image":{"@id":"https:\/\/www.elle.be\/fr\/341363-sushi-shop-signe-une-collab-gourmande-avec-paul-pairet.html#primaryimage"},"thumbnailUrl":"https:\/\/www.elle.be\/fr\/wp-content\/uploads\/2021\/09\/beijing-rollmea.jpg","keywords":["actu food","collab","bruxelles","belgique","food","sushi","japonais","collaboration"],"articleSection":["News Food","ELLE \u00e0 Table"],"inLanguage":"fr-FR","potentialAction":[{"@type":"CommentAction","name":"Comment","target":["https:\/\/www.elle.be\/fr\/341363-sushi-shop-signe-une-collab-gourmande-avec-paul-pairet.html#respond"]}]},{"@type":"WebPage","@id":"https:\/\/www.elle.be\/fr\/341363-sushi-shop-signe-une-collab-gourmande-avec-paul-pairet.html","url":"https:\/\/www.elle.be\/fr\/341363-sushi-shop-signe-une-collab-gourmande-avec-paul-pairet.html","name":"Sushi Shop signe une collab' gourmande avec Paul Pairet","isPartOf":{"@id":"https:\/\/www.elle.be\/fr\/#website"},"primaryImageOfPage":{"@id":"https:\/\/www.elle.be\/fr\/341363-sushi-shop-signe-une-collab-gourmande-avec-paul-pairet.html#primaryimage"},"image":{"@id":"https:\/\/www.elle.be\/fr\/341363-sushi-shop-signe-une-collab-gourmande-avec-paul-pairet.html#primaryimage"},"thumbnailUrl":"https:\/\/www.elle.be\/fr\/wp-content\/uploads\/2021\/09\/beijing-rollmea.jpg","datePublished":"2021-09-23T08:00:40+00:00","description":"Alerte foodie ! Sushi Shop et\u00a0Paul Pairet s'allient pour des cr\u00e9ations in\u00e9dites. De nouvelles recettes \u00e0 d\u00e9couvrir, d\u00e9guster et partager.","breadcrumb":{"@id":"https:\/\/www.elle.be\/fr\/341363-sushi-shop-signe-une-collab-gourmande-avec-paul-pairet.html#breadcrumb"},"inLanguage":"fr-FR","potentialAction":[{"@type":"ReadAction","target":["https:\/\/www.elle.be\/fr\/341363-sushi-shop-signe-une-collab-gourmande-avec-paul-pairet.html"]}]},{"@type":"ImageObject","inLanguage":"fr-FR","@id":"https:\/\/www.elle.be\/fr\/341363-sushi-shop-signe-une-collab-gourmande-avec-paul-pairet.html#primaryimage","url":"https:\/\/www.elle.be\/fr\/wp-content\/uploads\/2021\/09\/beijing-rollmea.jpg","contentUrl":"https:\/\/www.elle.be\/fr\/wp-content\/uploads\/2021\/09\/beijing-rollmea.jpg","width":1200,"height":628,"caption":"Sushi Shop x Paul Pairet"},{"@type":"BreadcrumbList","@id":"https:\/\/www.elle.be\/fr\/341363-sushi-shop-signe-une-collab-gourmande-avec-paul-pairet.html#breadcrumb","itemListElement":[{"@type":"ListItem","position":1,"name":"FR","item":"https:\/\/www.elle.be\/fr"},{"@type":"ListItem","position":2,"name":"ELLE \u00e0 Table","item":"https:\/\/www.elle.be\/fr\/elle-a-table"},{"@type":"ListItem","position":3,"name":"Sushi Shop signe une collab&rsquo; gourmande avec Paul Pairet"}]},{"@type":"WebSite","@id":"https:\/\/www.elle.be\/fr\/#website","url":"https:\/\/www.elle.be\/fr\/","name":"ELLE.be","description":"Toutes les infos mode, beaut\u00e9 et lifestyle les plus pointues ainsi qu&#039;un contenu 100% belge d\u00e9clin\u00e9 \u00e0 360\u00b0sur le site ELLE.be, nos r\u00e9seaux sociaux et notre cha\u00eene Youtube.","publisher":{"@id":"https:\/\/www.elle.be\/fr\/#organization"},"potentialAction":[{"@type":"SearchAction","target":{"@type":"EntryPoint","urlTemplate":"https:\/\/www.elle.be\/fr\/?s={search_term_string}"},"query-input":{"@type":"PropertyValueSpecification","valueRequired":true,"valueName":"search_term_string"}}],"inLanguage":"fr-FR"},{"@type":"Organization","@id":"https:\/\/www.elle.be\/fr\/#organization","name":"ELLE Belgique","url":"https:\/\/www.elle.be\/fr\/","logo":{"@type":"ImageObject","inLanguage":"fr-FR","@id":"https:\/\/www.elle.be\/fr\/#\/schema\/logo\/image\/","url":"https:\/\/www.elle.be\/fr\/wp-content\/uploads\/2017\/03\/elle-icon-200px.jpeg","contentUrl":"https:\/\/www.elle.be\/fr\/wp-content\/uploads\/2017\/03\/elle-icon-200px.jpeg","width":200,"height":200,"caption":"ELLE Belgique"},"image":{"@id":"https:\/\/www.elle.be\/fr\/#\/schema\/logo\/image\/"},"sameAs":["https:\/\/www.facebook.com\/ELLEbelgium\/","https:\/\/x.com\/ELLEBelgique","http:\/\/instagram.com\/ellebelgique\/","https:\/\/www.pinterest.com\/ellebelgique\/","https:\/\/www.youtube.com\/user\/ELLEbelgique1"]},{"@type":"Person","@id":"https:\/\/www.elle.be\/fr\/#\/schema\/person\/152b4703cedd693830ec757430e1e027","name":"Clothilde Van Brussel","image":{"@type":"ImageObject","inLanguage":"fr-FR","@id":"https:\/\/secure.gravatar.com\/avatar\/f255de82743184e4540a294a61fbb08d2bd3b0d964c434ce6210920246245dae?s=96&r=g","url":"https:\/\/secure.gravatar.com\/avatar\/f255de82743184e4540a294a61fbb08d2bd3b0d964c434ce6210920246245dae?s=96&r=g","contentUrl":"https:\/\/secure.gravatar.com\/avatar\/f255de82743184e4540a294a61fbb08d2bd3b0d964c434ce6210920246245dae?s=96&r=g","caption":"Clothilde Van Brussel"},"url":"https:\/\/www.elle.be\/fr\/author\/cvbelleatable-be"}]}},"_links":{"self":[{"href":"https:\/\/www.elle.be\/fr\/wp-json\/wp\/v2\/posts\/341363","targetHints":{"allow":["GET"]}}],"collection":[{"href":"https:\/\/www.elle.be\/fr\/wp-json\/wp\/v2\/posts"}],"about":[{"href":"https:\/\/www.elle.be\/fr\/wp-json\/wp\/v2\/types\/post"}],"author":[{"embeddable":true,"href":"https:\/\/www.elle.be\/fr\/wp-json\/wp\/v2\/users\/104"}],"replies":[{"embeddable":true,"href":"https:\/\/www.elle.be\/fr\/wp-json\/wp\/v2\/comments?post=341363"}],"version-history":[{"count":10,"href":"https:\/\/www.elle.be\/fr\/wp-json\/wp\/v2\/posts\/341363\/revisions"}],"predecessor-version":[{"id":341738,"href":"https:\/\/www.elle.be\/fr\/wp-json\/wp\/v2\/posts\/341363\/revisions\/341738"}],"wp:featuredmedia":[{"embeddable":true,"href":"https:\/\/www.elle.be\/fr\/wp-json\/wp\/v2\/media\/341708"}],"wp:attachment":[{"href":"https:\/\/www.elle.be\/fr\/wp-json\/wp\/v2\/media?parent=341363"}],"wp:term":[{"taxonomy":"category","embeddable":true,"href":"https:\/\/www.elle.be\/fr\/wp-json\/wp\/v2\/categories?post=341363"},{"taxonomy":"post_tag","embeddable":true,"href":"https:\/\/www.elle.be\/fr\/wp-json\/wp\/v2\/tags?post=341363"}],"curies":[{"name":"wp","href":"https:\/\/api.w.org\/{rel}","templated":true}]}}