{"id":334101,"date":"2021-07-29T11:00:52","date_gmt":"2021-07-29T09:00:52","guid":{"rendered":"https:\/\/www.elle.be\/fr\/?p=334101"},"modified":"2021-07-29T11:17:50","modified_gmt":"2021-07-29T09:17:50","slug":"les-confessions-beaute-de-lily-rose-depp-et-un-concours-exclusif-elle-x-chanel","status":"publish","type":"post","link":"https:\/\/www.elle.be\/fr\/334101-les-confessions-beaute-de-lily-rose-depp-et-un-concours-exclusif-elle-x-chanel.html","title":{"rendered":"Les confessions beaut\u00e9 de Lily-Rose Depp (et un concours exclusif ELLE X CHANEL)"},"content":{"rendered":"","protected":false},"excerpt":{"rendered":"Lily-Rose Depp, fille de Vanessa Paradis et Johnny Depp, collabore une nouvelle fois avec la Maison Chanel \u00e0 l\u2019occasion du lancement de la toute nouvelle gamme Rouge Coco Bloom, des rouges \u00e0 l\u00e8vres \u00e0 la texture fondante, poss\u00e9dant une brillance intense et une tenue longue dur\u00e9e.","protected":false},"author":4,"featured_media":334124,"comment_status":"open","ping_status":"closed","sticky":false,"template":"","format":"standard","meta":{"_acf_changed":false,"footnotes":""},"categories":[2842,2207],"tags":[31],"class_list":["post-334101","post","type-post","status-publish","format-standard","has-post-thumbnail","hentry","category-beaute","category-make-up","tag-chanel"],"acf":[],"image_verticale":"334125","_yoast_wpseo_title":"Les confessions beaut\u00e9 de Lily-Rose Depp %%page%% %%sep%% %%sitename%%","_yoast_wpseo_metadesc":"Lily-Rose Depp collabore une nouvelle fois avec la Maison Chanel \u00e0 l\u2019occasion du lancement de la toute nouvelle gamme Rouge Coco Bloom.","_yoast_wpseo_focuskw_text_input":null,"_yoast_wpseo_opengraph-title":null,"yoast_head":"<!-- This site is optimized with the Yoast SEO plugin v27.4 - https:\/\/yoast.com\/product\/yoast-seo-wordpress\/ -->\n<title>Les confessions beaut\u00e9 de Lily-Rose Depp - ELLE.be<\/title>\n<meta name=\"description\" content=\"Lily-Rose Depp collabore une nouvelle fois avec la Maison Chanel \u00e0 l\u2019occasion du lancement de la toute nouvelle gamme Rouge Coco Bloom.\" \/>\n<meta name=\"robots\" content=\"index, follow, max-snippet:-1, max-image-preview:large, max-video-preview:-1\" \/>\n<link rel=\"canonical\" href=\"https:\/\/www.elle.be\/fr\/334101-les-confessions-beaute-de-lily-rose-depp-et-un-concours-exclusif-elle-x-chanel.html\" \/>\n<meta property=\"og:locale\" content=\"fr_FR\" \/>\n<meta property=\"og:type\" content=\"article\" \/>\n<meta property=\"og:title\" content=\"Les confessions beaut\u00e9 de Lily-Rose Depp - ELLE.be\" \/>\n<meta property=\"og:description\" content=\"Lily-Rose Depp collabore une nouvelle fois avec la Maison Chanel \u00e0 l\u2019occasion du lancement de la toute nouvelle gamme Rouge Coco Bloom.\" \/>\n<meta property=\"og:url\" content=\"https:\/\/www.elle.be\/fr\/334101-les-confessions-beaute-de-lily-rose-depp-et-un-concours-exclusif-elle-x-chanel.html\" \/>\n<meta property=\"og:site_name\" content=\"ELLE.be\" \/>\n<meta property=\"article:publisher\" content=\"https:\/\/www.facebook.com\/ELLEbelgium\/\" \/>\n<meta property=\"article:author\" content=\"https:\/\/www.facebook.com\/vekemans.mary\" \/>\n<meta property=\"article:published_time\" content=\"2021-07-29T09:00:52+00:00\" \/>\n<meta property=\"article:modified_time\" content=\"2021-07-29T09:17:50+00:00\" \/>\n<meta property=\"og:image\" content=\"https:\/\/www.elle.be\/fr\/wp-content\/uploads\/2021\/06\/chanel-cover.jpg\" \/>\n\t<meta property=\"og:image:width\" content=\"1200\" \/>\n\t<meta property=\"og:image:height\" content=\"628\" \/>\n\t<meta property=\"og:image:type\" content=\"image\/jpeg\" \/>\n<meta name=\"author\" content=\"Marie-No\u00eblle Vekemans\" \/>\n<meta name=\"twitter:card\" content=\"summary_large_image\" \/>\n<meta name=\"twitter:creator\" content=\"@ELLEBelgique\" \/>\n<meta name=\"twitter:site\" content=\"@ELLEBelgique\" \/>\n<meta name=\"twitter:label1\" content=\"\u00c9crit par\" \/>\n\t<meta name=\"twitter:data1\" content=\"Marie-No\u00eblle Vekemans\" \/>\n\t<meta name=\"twitter:label2\" content=\"Dur\u00e9e de lecture estim\u00e9e\" \/>\n\t<meta name=\"twitter:data2\" content=\"3 minutes\" \/>\n<script type=\"application\/ld+json\" class=\"yoast-schema-graph\">{\"@context\":\"https:\\\/\\\/schema.org\",\"@graph\":[{\"@type\":\"NewsArticle\",\"@id\":\"https:\\\/\\\/www.elle.be\\\/fr\\\/334101-les-confessions-beaute-de-lily-rose-depp-et-un-concours-exclusif-elle-x-chanel.html#article\",\"isPartOf\":{\"@id\":\"https:\\\/\\\/www.elle.be\\\/fr\\\/334101-les-confessions-beaute-de-lily-rose-depp-et-un-concours-exclusif-elle-x-chanel.html\"},\"author\":{\"name\":\"Marie-No\u00eblle Vekemans\",\"@id\":\"https:\\\/\\\/www.elle.be\\\/fr\\\/#\\\/schema\\\/person\\\/6bec7b95a22c85dde0b8e5c823ed7f1c\"},\"headline\":\"Les confessions beaut\u00e9 de Lily-Rose Depp (et un concours exclusif ELLE X CHANEL)\",\"datePublished\":\"2021-07-29T09:00:52+00:00\",\"dateModified\":\"2021-07-29T09:17:50+00:00\",\"mainEntityOfPage\":{\"@id\":\"https:\\\/\\\/www.elle.be\\\/fr\\\/334101-les-confessions-beaute-de-lily-rose-depp-et-un-concours-exclusif-elle-x-chanel.html\"},\"wordCount\":618,\"commentCount\":0,\"publisher\":{\"@id\":\"https:\\\/\\\/www.elle.be\\\/fr\\\/#organization\"},\"image\":{\"@id\":\"https:\\\/\\\/www.elle.be\\\/fr\\\/334101-les-confessions-beaute-de-lily-rose-depp-et-un-concours-exclusif-elle-x-chanel.html#primaryimage\"},\"thumbnailUrl\":\"https:\\\/\\\/www.elle.be\\\/fr\\\/wp-content\\\/uploads\\\/2021\\\/06\\\/chanel-cover.jpg\",\"keywords\":[\"chanel\"],\"articleSection\":[\"Beaut\u00e9\",\"Make-Up\"],\"inLanguage\":\"fr-FR\",\"potentialAction\":[{\"@type\":\"CommentAction\",\"name\":\"Comment\",\"target\":[\"https:\\\/\\\/www.elle.be\\\/fr\\\/334101-les-confessions-beaute-de-lily-rose-depp-et-un-concours-exclusif-elle-x-chanel.html#respond\"]}]},{\"@type\":\"WebPage\",\"@id\":\"https:\\\/\\\/www.elle.be\\\/fr\\\/334101-les-confessions-beaute-de-lily-rose-depp-et-un-concours-exclusif-elle-x-chanel.html\",\"url\":\"https:\\\/\\\/www.elle.be\\\/fr\\\/334101-les-confessions-beaute-de-lily-rose-depp-et-un-concours-exclusif-elle-x-chanel.html\",\"name\":\"Les confessions beaut\u00e9 de Lily-Rose Depp - ELLE.be\",\"isPartOf\":{\"@id\":\"https:\\\/\\\/www.elle.be\\\/fr\\\/#website\"},\"primaryImageOfPage\":{\"@id\":\"https:\\\/\\\/www.elle.be\\\/fr\\\/334101-les-confessions-beaute-de-lily-rose-depp-et-un-concours-exclusif-elle-x-chanel.html#primaryimage\"},\"image\":{\"@id\":\"https:\\\/\\\/www.elle.be\\\/fr\\\/334101-les-confessions-beaute-de-lily-rose-depp-et-un-concours-exclusif-elle-x-chanel.html#primaryimage\"},\"thumbnailUrl\":\"https:\\\/\\\/www.elle.be\\\/fr\\\/wp-content\\\/uploads\\\/2021\\\/06\\\/chanel-cover.jpg\",\"datePublished\":\"2021-07-29T09:00:52+00:00\",\"dateModified\":\"2021-07-29T09:17:50+00:00\",\"description\":\"Lily-Rose Depp collabore une nouvelle fois avec la Maison Chanel \u00e0 l\u2019occasion du lancement de la toute nouvelle gamme Rouge Coco Bloom.\",\"breadcrumb\":{\"@id\":\"https:\\\/\\\/www.elle.be\\\/fr\\\/334101-les-confessions-beaute-de-lily-rose-depp-et-un-concours-exclusif-elle-x-chanel.html#breadcrumb\"},\"inLanguage\":\"fr-FR\",\"potentialAction\":[{\"@type\":\"ReadAction\",\"target\":[\"https:\\\/\\\/www.elle.be\\\/fr\\\/334101-les-confessions-beaute-de-lily-rose-depp-et-un-concours-exclusif-elle-x-chanel.html\"]}]},{\"@type\":\"ImageObject\",\"inLanguage\":\"fr-FR\",\"@id\":\"https:\\\/\\\/www.elle.be\\\/fr\\\/334101-les-confessions-beaute-de-lily-rose-depp-et-un-concours-exclusif-elle-x-chanel.html#primaryimage\",\"url\":\"https:\\\/\\\/www.elle.be\\\/fr\\\/wp-content\\\/uploads\\\/2021\\\/06\\\/chanel-cover.jpg\",\"contentUrl\":\"https:\\\/\\\/www.elle.be\\\/fr\\\/wp-content\\\/uploads\\\/2021\\\/06\\\/chanel-cover.jpg\",\"width\":1200,\"height\":628},{\"@type\":\"BreadcrumbList\",\"@id\":\"https:\\\/\\\/www.elle.be\\\/fr\\\/334101-les-confessions-beaute-de-lily-rose-depp-et-un-concours-exclusif-elle-x-chanel.html#breadcrumb\",\"itemListElement\":[{\"@type\":\"ListItem\",\"position\":1,\"name\":\"FR\",\"item\":\"https:\\\/\\\/www.elle.be\\\/fr\"},{\"@type\":\"ListItem\",\"position\":2,\"name\":\"Beaut\u00e9\",\"item\":\"https:\\\/\\\/www.elle.be\\\/fr\\\/beaute\"},{\"@type\":\"ListItem\",\"position\":3,\"name\":\"Les confessions beaut\u00e9 de Lily-Rose Depp (et un concours exclusif ELLE X CHANEL)\"}]},{\"@type\":\"WebSite\",\"@id\":\"https:\\\/\\\/www.elle.be\\\/fr\\\/#website\",\"url\":\"https:\\\/\\\/www.elle.be\\\/fr\\\/\",\"name\":\"ELLE.be\",\"description\":\"Toutes les infos mode, beaut\u00e9 et lifestyle les plus pointues ainsi qu&#039;un contenu 100% belge d\u00e9clin\u00e9 \u00e0 360\u00b0sur le site ELLE.be, nos r\u00e9seaux sociaux et notre cha\u00eene Youtube.\",\"publisher\":{\"@id\":\"https:\\\/\\\/www.elle.be\\\/fr\\\/#organization\"},\"potentialAction\":[{\"@type\":\"SearchAction\",\"target\":{\"@type\":\"EntryPoint\",\"urlTemplate\":\"https:\\\/\\\/www.elle.be\\\/fr\\\/?s={search_term_string}\"},\"query-input\":{\"@type\":\"PropertyValueSpecification\",\"valueRequired\":true,\"valueName\":\"search_term_string\"}}],\"inLanguage\":\"fr-FR\"},{\"@type\":\"Organization\",\"@id\":\"https:\\\/\\\/www.elle.be\\\/fr\\\/#organization\",\"name\":\"ELLE Belgique\",\"url\":\"https:\\\/\\\/www.elle.be\\\/fr\\\/\",\"logo\":{\"@type\":\"ImageObject\",\"inLanguage\":\"fr-FR\",\"@id\":\"https:\\\/\\\/www.elle.be\\\/fr\\\/#\\\/schema\\\/logo\\\/image\\\/\",\"url\":\"https:\\\/\\\/www.elle.be\\\/fr\\\/wp-content\\\/uploads\\\/2017\\\/03\\\/elle-icon-200px.jpeg\",\"contentUrl\":\"https:\\\/\\\/www.elle.be\\\/fr\\\/wp-content\\\/uploads\\\/2017\\\/03\\\/elle-icon-200px.jpeg\",\"width\":200,\"height\":200,\"caption\":\"ELLE Belgique\"},\"image\":{\"@id\":\"https:\\\/\\\/www.elle.be\\\/fr\\\/#\\\/schema\\\/logo\\\/image\\\/\"},\"sameAs\":[\"https:\\\/\\\/www.facebook.com\\\/ELLEbelgium\\\/\",\"https:\\\/\\\/x.com\\\/ELLEBelgique\",\"http:\\\/\\\/instagram.com\\\/ellebelgique\\\/\",\"https:\\\/\\\/www.pinterest.com\\\/ellebelgique\\\/\",\"https:\\\/\\\/www.youtube.com\\\/user\\\/ELLEbelgique1\"]},{\"@type\":\"Person\",\"@id\":\"https:\\\/\\\/www.elle.be\\\/fr\\\/#\\\/schema\\\/person\\\/6bec7b95a22c85dde0b8e5c823ed7f1c\",\"name\":\"Marie-No\u00eblle Vekemans\",\"image\":{\"@type\":\"ImageObject\",\"inLanguage\":\"fr-FR\",\"@id\":\"https:\\\/\\\/www.elle.be\\\/fr\\\/wp-content\\\/uploads\\\/2017\\\/03\\\/elle_marie-noelle-96x96.jpg\",\"url\":\"https:\\\/\\\/www.elle.be\\\/fr\\\/wp-content\\\/uploads\\\/2017\\\/03\\\/elle_marie-noelle-96x96.jpg\",\"contentUrl\":\"https:\\\/\\\/www.elle.be\\\/fr\\\/wp-content\\\/uploads\\\/2017\\\/03\\\/elle_marie-noelle-96x96.jpg\",\"caption\":\"Marie-No\u00eblle Vekemans\"},\"sameAs\":[\"https:\\\/\\\/www.facebook.com\\\/vekemans.mary\",\"http:\\\/\\\/instagram.com\\\/maryvekemans\"],\"url\":\"https:\\\/\\\/www.elle.be\\\/fr\\\/author\\\/marie-noelle\"}]}<\/script>\n<!-- \/ Yoast SEO plugin. -->","yoast_head_json":{"title":"Les confessions beaut\u00e9 de Lily-Rose Depp - ELLE.be","description":"Lily-Rose Depp collabore une nouvelle fois avec la Maison Chanel \u00e0 l\u2019occasion du lancement de la toute nouvelle gamme Rouge Coco Bloom.","robots":{"index":"index","follow":"follow","max-snippet":"max-snippet:-1","max-image-preview":"max-image-preview:large","max-video-preview":"max-video-preview:-1"},"canonical":"https:\/\/www.elle.be\/fr\/334101-les-confessions-beaute-de-lily-rose-depp-et-un-concours-exclusif-elle-x-chanel.html","og_locale":"fr_FR","og_type":"article","og_title":"Les confessions beaut\u00e9 de Lily-Rose Depp - ELLE.be","og_description":"Lily-Rose Depp collabore une nouvelle fois avec la Maison Chanel \u00e0 l\u2019occasion du lancement de la toute nouvelle gamme Rouge Coco Bloom.","og_url":"https:\/\/www.elle.be\/fr\/334101-les-confessions-beaute-de-lily-rose-depp-et-un-concours-exclusif-elle-x-chanel.html","og_site_name":"ELLE.be","article_publisher":"https:\/\/www.facebook.com\/ELLEbelgium\/","article_author":"https:\/\/www.facebook.com\/vekemans.mary","article_published_time":"2021-07-29T09:00:52+00:00","article_modified_time":"2021-07-29T09:17:50+00:00","og_image":[{"width":1200,"height":628,"url":"https:\/\/www.elle.be\/fr\/wp-content\/uploads\/2021\/06\/chanel-cover.jpg","type":"image\/jpeg"}],"author":"Marie-No\u00eblle Vekemans","twitter_card":"summary_large_image","twitter_creator":"@ELLEBelgique","twitter_site":"@ELLEBelgique","twitter_misc":{"\u00c9crit par":"Marie-No\u00eblle Vekemans","Dur\u00e9e de lecture estim\u00e9e":"3 minutes"},"schema":{"@context":"https:\/\/schema.org","@graph":[{"@type":"NewsArticle","@id":"https:\/\/www.elle.be\/fr\/334101-les-confessions-beaute-de-lily-rose-depp-et-un-concours-exclusif-elle-x-chanel.html#article","isPartOf":{"@id":"https:\/\/www.elle.be\/fr\/334101-les-confessions-beaute-de-lily-rose-depp-et-un-concours-exclusif-elle-x-chanel.html"},"author":{"name":"Marie-No\u00eblle Vekemans","@id":"https:\/\/www.elle.be\/fr\/#\/schema\/person\/6bec7b95a22c85dde0b8e5c823ed7f1c"},"headline":"Les confessions beaut\u00e9 de Lily-Rose Depp (et un concours exclusif ELLE X CHANEL)","datePublished":"2021-07-29T09:00:52+00:00","dateModified":"2021-07-29T09:17:50+00:00","mainEntityOfPage":{"@id":"https:\/\/www.elle.be\/fr\/334101-les-confessions-beaute-de-lily-rose-depp-et-un-concours-exclusif-elle-x-chanel.html"},"wordCount":618,"commentCount":0,"publisher":{"@id":"https:\/\/www.elle.be\/fr\/#organization"},"image":{"@id":"https:\/\/www.elle.be\/fr\/334101-les-confessions-beaute-de-lily-rose-depp-et-un-concours-exclusif-elle-x-chanel.html#primaryimage"},"thumbnailUrl":"https:\/\/www.elle.be\/fr\/wp-content\/uploads\/2021\/06\/chanel-cover.jpg","keywords":["chanel"],"articleSection":["Beaut\u00e9","Make-Up"],"inLanguage":"fr-FR","potentialAction":[{"@type":"CommentAction","name":"Comment","target":["https:\/\/www.elle.be\/fr\/334101-les-confessions-beaute-de-lily-rose-depp-et-un-concours-exclusif-elle-x-chanel.html#respond"]}]},{"@type":"WebPage","@id":"https:\/\/www.elle.be\/fr\/334101-les-confessions-beaute-de-lily-rose-depp-et-un-concours-exclusif-elle-x-chanel.html","url":"https:\/\/www.elle.be\/fr\/334101-les-confessions-beaute-de-lily-rose-depp-et-un-concours-exclusif-elle-x-chanel.html","name":"Les confessions beaut\u00e9 de Lily-Rose Depp - ELLE.be","isPartOf":{"@id":"https:\/\/www.elle.be\/fr\/#website"},"primaryImageOfPage":{"@id":"https:\/\/www.elle.be\/fr\/334101-les-confessions-beaute-de-lily-rose-depp-et-un-concours-exclusif-elle-x-chanel.html#primaryimage"},"image":{"@id":"https:\/\/www.elle.be\/fr\/334101-les-confessions-beaute-de-lily-rose-depp-et-un-concours-exclusif-elle-x-chanel.html#primaryimage"},"thumbnailUrl":"https:\/\/www.elle.be\/fr\/wp-content\/uploads\/2021\/06\/chanel-cover.jpg","datePublished":"2021-07-29T09:00:52+00:00","dateModified":"2021-07-29T09:17:50+00:00","description":"Lily-Rose Depp collabore une nouvelle fois avec la Maison Chanel \u00e0 l\u2019occasion du lancement de la toute nouvelle gamme Rouge Coco Bloom.","breadcrumb":{"@id":"https:\/\/www.elle.be\/fr\/334101-les-confessions-beaute-de-lily-rose-depp-et-un-concours-exclusif-elle-x-chanel.html#breadcrumb"},"inLanguage":"fr-FR","potentialAction":[{"@type":"ReadAction","target":["https:\/\/www.elle.be\/fr\/334101-les-confessions-beaute-de-lily-rose-depp-et-un-concours-exclusif-elle-x-chanel.html"]}]},{"@type":"ImageObject","inLanguage":"fr-FR","@id":"https:\/\/www.elle.be\/fr\/334101-les-confessions-beaute-de-lily-rose-depp-et-un-concours-exclusif-elle-x-chanel.html#primaryimage","url":"https:\/\/www.elle.be\/fr\/wp-content\/uploads\/2021\/06\/chanel-cover.jpg","contentUrl":"https:\/\/www.elle.be\/fr\/wp-content\/uploads\/2021\/06\/chanel-cover.jpg","width":1200,"height":628},{"@type":"BreadcrumbList","@id":"https:\/\/www.elle.be\/fr\/334101-les-confessions-beaute-de-lily-rose-depp-et-un-concours-exclusif-elle-x-chanel.html#breadcrumb","itemListElement":[{"@type":"ListItem","position":1,"name":"FR","item":"https:\/\/www.elle.be\/fr"},{"@type":"ListItem","position":2,"name":"Beaut\u00e9","item":"https:\/\/www.elle.be\/fr\/beaute"},{"@type":"ListItem","position":3,"name":"Les confessions beaut\u00e9 de Lily-Rose Depp (et un concours exclusif ELLE X CHANEL)"}]},{"@type":"WebSite","@id":"https:\/\/www.elle.be\/fr\/#website","url":"https:\/\/www.elle.be\/fr\/","name":"ELLE.be","description":"Toutes les infos mode, beaut\u00e9 et lifestyle les plus pointues ainsi qu&#039;un contenu 100% belge d\u00e9clin\u00e9 \u00e0 360\u00b0sur le site ELLE.be, nos r\u00e9seaux sociaux et notre cha\u00eene Youtube.","publisher":{"@id":"https:\/\/www.elle.be\/fr\/#organization"},"potentialAction":[{"@type":"SearchAction","target":{"@type":"EntryPoint","urlTemplate":"https:\/\/www.elle.be\/fr\/?s={search_term_string}"},"query-input":{"@type":"PropertyValueSpecification","valueRequired":true,"valueName":"search_term_string"}}],"inLanguage":"fr-FR"},{"@type":"Organization","@id":"https:\/\/www.elle.be\/fr\/#organization","name":"ELLE Belgique","url":"https:\/\/www.elle.be\/fr\/","logo":{"@type":"ImageObject","inLanguage":"fr-FR","@id":"https:\/\/www.elle.be\/fr\/#\/schema\/logo\/image\/","url":"https:\/\/www.elle.be\/fr\/wp-content\/uploads\/2017\/03\/elle-icon-200px.jpeg","contentUrl":"https:\/\/www.elle.be\/fr\/wp-content\/uploads\/2017\/03\/elle-icon-200px.jpeg","width":200,"height":200,"caption":"ELLE Belgique"},"image":{"@id":"https:\/\/www.elle.be\/fr\/#\/schema\/logo\/image\/"},"sameAs":["https:\/\/www.facebook.com\/ELLEbelgium\/","https:\/\/x.com\/ELLEBelgique","http:\/\/instagram.com\/ellebelgique\/","https:\/\/www.pinterest.com\/ellebelgique\/","https:\/\/www.youtube.com\/user\/ELLEbelgique1"]},{"@type":"Person","@id":"https:\/\/www.elle.be\/fr\/#\/schema\/person\/6bec7b95a22c85dde0b8e5c823ed7f1c","name":"Marie-No\u00eblle Vekemans","image":{"@type":"ImageObject","inLanguage":"fr-FR","@id":"https:\/\/www.elle.be\/fr\/wp-content\/uploads\/2017\/03\/elle_marie-noelle-96x96.jpg","url":"https:\/\/www.elle.be\/fr\/wp-content\/uploads\/2017\/03\/elle_marie-noelle-96x96.jpg","contentUrl":"https:\/\/www.elle.be\/fr\/wp-content\/uploads\/2017\/03\/elle_marie-noelle-96x96.jpg","caption":"Marie-No\u00eblle Vekemans"},"sameAs":["https:\/\/www.facebook.com\/vekemans.mary","http:\/\/instagram.com\/maryvekemans"],"url":"https:\/\/www.elle.be\/fr\/author\/marie-noelle"}]}},"_links":{"self":[{"href":"https:\/\/www.elle.be\/fr\/wp-json\/wp\/v2\/posts\/334101","targetHints":{"allow":["GET"]}}],"collection":[{"href":"https:\/\/www.elle.be\/fr\/wp-json\/wp\/v2\/posts"}],"about":[{"href":"https:\/\/www.elle.be\/fr\/wp-json\/wp\/v2\/types\/post"}],"author":[{"embeddable":true,"href":"https:\/\/www.elle.be\/fr\/wp-json\/wp\/v2\/users\/4"}],"replies":[{"embeddable":true,"href":"https:\/\/www.elle.be\/fr\/wp-json\/wp\/v2\/comments?post=334101"}],"version-history":[{"count":1,"href":"https:\/\/www.elle.be\/fr\/wp-json\/wp\/v2\/posts\/334101\/revisions"}],"predecessor-version":[{"id":334129,"href":"https:\/\/www.elle.be\/fr\/wp-json\/wp\/v2\/posts\/334101\/revisions\/334129"}],"wp:featuredmedia":[{"embeddable":true,"href":"https:\/\/www.elle.be\/fr\/wp-json\/wp\/v2\/media\/334124"}],"wp:attachment":[{"href":"https:\/\/www.elle.be\/fr\/wp-json\/wp\/v2\/media?parent=334101"}],"wp:term":[{"taxonomy":"category","embeddable":true,"href":"https:\/\/www.elle.be\/fr\/wp-json\/wp\/v2\/categories?post=334101"},{"taxonomy":"post_tag","embeddable":true,"href":"https:\/\/www.elle.be\/fr\/wp-json\/wp\/v2\/tags?post=334101"}],"curies":[{"name":"wp","href":"https:\/\/api.w.org\/{rel}","templated":true}]}}