{"id":328700,"date":"2021-06-16T09:29:50","date_gmt":"2021-06-16T07:29:50","guid":{"rendered":"https:\/\/www.elle.be\/fr\/?p=328700"},"modified":"2021-05-26T13:00:52","modified_gmt":"2021-05-26T11:00:52","slug":"fast-design-enjeux","status":"publish","type":"post","link":"https:\/\/www.elle.be\/fr\/328700-fast-design-enjeux.html","title":{"rendered":"Fast design : tous accros et inconscients ?"},"content":{"rendered":"","protected":false},"excerpt":{"rendered":"Des \u00ab\u2009twisted candles\u2009\u00bb, des bustes de femmes sans t\u00eate, des tapis berb\u00e8res, des \u00ab\u2009lounge chairs\u2009\u00bb, une profusion de fleurs s\u00e9ch\u00e9es\u2026 On parie que vous avez craqu\u00e9 pour une de ces tendances r\u00e9cemment\u2009? Vous \u00eates peut-\u00eatre atteint.","protected":false},"author":105,"featured_media":328702,"comment_status":"closed","ping_status":"closed","sticky":false,"template":"","format":"standard","meta":{"_acf_changed":false,"footnotes":""},"categories":[3269,3270],"tags":[],"class_list":["post-328700","post","type-post","status-publish","format-standard","has-post-thumbnail","hentry","category-elle-decoration","category-tendances-deco"],"acf":[],"image_verticale":"328702","_yoast_wpseo_title":null,"_yoast_wpseo_metadesc":"On parie que vous avez craqu\u00e9 pour une tendance d\u00e9co\u2009? Vous \u00eates peut-\u00eatre atteint.e de \u00ab\u2009fast design\u2009\u00bb aigu, et on vous rassure, vous n\u2019\u00eates pas seul.e.","_yoast_wpseo_focuskw_text_input":null,"_yoast_wpseo_opengraph-title":null,"yoast_head":"<!-- This site is optimized with the Yoast SEO plugin v27.4 - https:\/\/yoast.com\/product\/yoast-seo-wordpress\/ -->\n<title>Fast design : tous accros et inconscients ? - ELLE.be<\/title>\n<meta name=\"description\" content=\"On parie que vous avez craqu\u00e9 pour une tendance d\u00e9co\u2009? Vous \u00eates peut-\u00eatre atteint.e de \u00ab\u2009fast design\u2009\u00bb aigu, et on vous rassure, vous n\u2019\u00eates pas seul.e.\" \/>\n<meta name=\"robots\" content=\"index, follow, max-snippet:-1, max-image-preview:large, max-video-preview:-1\" \/>\n<link rel=\"canonical\" href=\"https:\/\/www.elle.be\/fr\/328700-fast-design-enjeux.html\" \/>\n<meta property=\"og:locale\" content=\"fr_FR\" \/>\n<meta property=\"og:type\" content=\"article\" \/>\n<meta property=\"og:title\" content=\"Fast design : tous accros et inconscients ? - ELLE.be\" \/>\n<meta property=\"og:description\" content=\"On parie que vous avez craqu\u00e9 pour une tendance d\u00e9co\u2009? Vous \u00eates peut-\u00eatre atteint.e de \u00ab\u2009fast design\u2009\u00bb aigu, et on vous rassure, vous n\u2019\u00eates pas seul.e.\" \/>\n<meta property=\"og:url\" content=\"https:\/\/www.elle.be\/fr\/328700-fast-design-enjeux.html\" \/>\n<meta property=\"og:site_name\" content=\"ELLE.be\" \/>\n<meta property=\"article:publisher\" content=\"https:\/\/www.facebook.com\/ELLEbelgium\/\" \/>\n<meta property=\"article:published_time\" content=\"2021-06-16T07:29:50+00:00\" \/>\n<meta property=\"og:image\" content=\"https:\/\/www.elle.be\/fr\/wp-content\/uploads\/2021\/04\/fastdesign_site.jpg\" \/>\n\t<meta property=\"og:image:width\" content=\"480\" \/>\n\t<meta property=\"og:image:height\" content=\"545\" \/>\n\t<meta property=\"og:image:type\" content=\"image\/jpeg\" \/>\n<meta name=\"author\" content=\"Camille Vernin\" \/>\n<meta name=\"twitter:card\" content=\"summary_large_image\" \/>\n<meta name=\"twitter:creator\" content=\"@ELLEBelgique\" \/>\n<meta name=\"twitter:site\" content=\"@ELLEBelgique\" \/>\n<meta name=\"twitter:label1\" content=\"\u00c9crit par\" \/>\n\t<meta name=\"twitter:data1\" content=\"Camille Vernin\" \/>\n\t<meta name=\"twitter:label2\" content=\"Dur\u00e9e de lecture estim\u00e9e\" \/>\n\t<meta name=\"twitter:data2\" content=\"11 minutes\" \/>\n<script type=\"application\/ld+json\" class=\"yoast-schema-graph\">{\"@context\":\"https:\\\/\\\/schema.org\",\"@graph\":[{\"@type\":\"NewsArticle\",\"@id\":\"https:\\\/\\\/www.elle.be\\\/fr\\\/328700-fast-design-enjeux.html#article\",\"isPartOf\":{\"@id\":\"https:\\\/\\\/www.elle.be\\\/fr\\\/328700-fast-design-enjeux.html\"},\"author\":{\"name\":\"Camille Vernin\",\"@id\":\"https:\\\/\\\/www.elle.be\\\/fr\\\/#\\\/schema\\\/person\\\/b3aea5bbef80b73c9441f0b80adb1f89\"},\"headline\":\"Fast design : tous accros et inconscients ?\",\"datePublished\":\"2021-06-16T07:29:50+00:00\",\"mainEntityOfPage\":{\"@id\":\"https:\\\/\\\/www.elle.be\\\/fr\\\/328700-fast-design-enjeux.html\"},\"wordCount\":2153,\"publisher\":{\"@id\":\"https:\\\/\\\/www.elle.be\\\/fr\\\/#organization\"},\"image\":{\"@id\":\"https:\\\/\\\/www.elle.be\\\/fr\\\/328700-fast-design-enjeux.html#primaryimage\"},\"thumbnailUrl\":\"https:\\\/\\\/www.elle.be\\\/fr\\\/wp-content\\\/uploads\\\/2021\\\/04\\\/fastdesign_site.jpg\",\"articleSection\":[\"ELLE d\u00e9coration\",\"Tendances D\u00e9co\"],\"inLanguage\":\"fr-FR\"},{\"@type\":\"WebPage\",\"@id\":\"https:\\\/\\\/www.elle.be\\\/fr\\\/328700-fast-design-enjeux.html\",\"url\":\"https:\\\/\\\/www.elle.be\\\/fr\\\/328700-fast-design-enjeux.html\",\"name\":\"Fast design : tous accros et inconscients ? - ELLE.be\",\"isPartOf\":{\"@id\":\"https:\\\/\\\/www.elle.be\\\/fr\\\/#website\"},\"primaryImageOfPage\":{\"@id\":\"https:\\\/\\\/www.elle.be\\\/fr\\\/328700-fast-design-enjeux.html#primaryimage\"},\"image\":{\"@id\":\"https:\\\/\\\/www.elle.be\\\/fr\\\/328700-fast-design-enjeux.html#primaryimage\"},\"thumbnailUrl\":\"https:\\\/\\\/www.elle.be\\\/fr\\\/wp-content\\\/uploads\\\/2021\\\/04\\\/fastdesign_site.jpg\",\"datePublished\":\"2021-06-16T07:29:50+00:00\",\"description\":\"On parie que vous avez craqu\u00e9 pour une tendance d\u00e9co\u2009? Vous \u00eates peut-\u00eatre atteint.e de \u00ab\u2009fast design\u2009\u00bb aigu, et on vous rassure, vous n\u2019\u00eates pas seul.e.\",\"breadcrumb\":{\"@id\":\"https:\\\/\\\/www.elle.be\\\/fr\\\/328700-fast-design-enjeux.html#breadcrumb\"},\"inLanguage\":\"fr-FR\",\"potentialAction\":[{\"@type\":\"ReadAction\",\"target\":[\"https:\\\/\\\/www.elle.be\\\/fr\\\/328700-fast-design-enjeux.html\"]}]},{\"@type\":\"ImageObject\",\"inLanguage\":\"fr-FR\",\"@id\":\"https:\\\/\\\/www.elle.be\\\/fr\\\/328700-fast-design-enjeux.html#primaryimage\",\"url\":\"https:\\\/\\\/www.elle.be\\\/fr\\\/wp-content\\\/uploads\\\/2021\\\/04\\\/fastdesign_site.jpg\",\"contentUrl\":\"https:\\\/\\\/www.elle.be\\\/fr\\\/wp-content\\\/uploads\\\/2021\\\/04\\\/fastdesign_site.jpg\",\"width\":480,\"height\":545,\"caption\":\"\u00a9Shutterstock\"},{\"@type\":\"BreadcrumbList\",\"@id\":\"https:\\\/\\\/www.elle.be\\\/fr\\\/328700-fast-design-enjeux.html#breadcrumb\",\"itemListElement\":[{\"@type\":\"ListItem\",\"position\":1,\"name\":\"FR\",\"item\":\"https:\\\/\\\/www.elle.be\\\/fr\"},{\"@type\":\"ListItem\",\"position\":2,\"name\":\"ELLE d\u00e9coration\",\"item\":\"https:\\\/\\\/www.elle.be\\\/fr\\\/elle-decoration\"},{\"@type\":\"ListItem\",\"position\":3,\"name\":\"Fast design : tous accros et inconscients ?\"}]},{\"@type\":\"WebSite\",\"@id\":\"https:\\\/\\\/www.elle.be\\\/fr\\\/#website\",\"url\":\"https:\\\/\\\/www.elle.be\\\/fr\\\/\",\"name\":\"ELLE.be\",\"description\":\"Toutes les infos mode, beaut\u00e9 et lifestyle les plus pointues ainsi qu&#039;un contenu 100% belge d\u00e9clin\u00e9 \u00e0 360\u00b0sur le site ELLE.be, nos r\u00e9seaux sociaux et notre cha\u00eene Youtube.\",\"publisher\":{\"@id\":\"https:\\\/\\\/www.elle.be\\\/fr\\\/#organization\"},\"potentialAction\":[{\"@type\":\"SearchAction\",\"target\":{\"@type\":\"EntryPoint\",\"urlTemplate\":\"https:\\\/\\\/www.elle.be\\\/fr\\\/?s={search_term_string}\"},\"query-input\":{\"@type\":\"PropertyValueSpecification\",\"valueRequired\":true,\"valueName\":\"search_term_string\"}}],\"inLanguage\":\"fr-FR\"},{\"@type\":\"Organization\",\"@id\":\"https:\\\/\\\/www.elle.be\\\/fr\\\/#organization\",\"name\":\"ELLE Belgique\",\"url\":\"https:\\\/\\\/www.elle.be\\\/fr\\\/\",\"logo\":{\"@type\":\"ImageObject\",\"inLanguage\":\"fr-FR\",\"@id\":\"https:\\\/\\\/www.elle.be\\\/fr\\\/#\\\/schema\\\/logo\\\/image\\\/\",\"url\":\"https:\\\/\\\/www.elle.be\\\/fr\\\/wp-content\\\/uploads\\\/2017\\\/03\\\/elle-icon-200px.jpeg\",\"contentUrl\":\"https:\\\/\\\/www.elle.be\\\/fr\\\/wp-content\\\/uploads\\\/2017\\\/03\\\/elle-icon-200px.jpeg\",\"width\":200,\"height\":200,\"caption\":\"ELLE Belgique\"},\"image\":{\"@id\":\"https:\\\/\\\/www.elle.be\\\/fr\\\/#\\\/schema\\\/logo\\\/image\\\/\"},\"sameAs\":[\"https:\\\/\\\/www.facebook.com\\\/ELLEbelgium\\\/\",\"https:\\\/\\\/x.com\\\/ELLEBelgique\",\"http:\\\/\\\/instagram.com\\\/ellebelgique\\\/\",\"https:\\\/\\\/www.pinterest.com\\\/ellebelgique\\\/\",\"https:\\\/\\\/www.youtube.com\\\/user\\\/ELLEbelgique1\"]},{\"@type\":\"Person\",\"@id\":\"https:\\\/\\\/www.elle.be\\\/fr\\\/#\\\/schema\\\/person\\\/b3aea5bbef80b73c9441f0b80adb1f89\",\"name\":\"Camille Vernin\",\"image\":{\"@type\":\"ImageObject\",\"inLanguage\":\"fr-FR\",\"@id\":\"https:\\\/\\\/www.elle.be\\\/fr\\\/wp-content\\\/uploads\\\/2021\\\/01\\\/capture-decran-2024-07-28-a-221623-96x96.jpg\",\"url\":\"https:\\\/\\\/www.elle.be\\\/fr\\\/wp-content\\\/uploads\\\/2021\\\/01\\\/capture-decran-2024-07-28-a-221623-96x96.jpg\",\"contentUrl\":\"https:\\\/\\\/www.elle.be\\\/fr\\\/wp-content\\\/uploads\\\/2021\\\/01\\\/capture-decran-2024-07-28-a-221623-96x96.jpg\",\"caption\":\"Camille Vernin\"},\"url\":\"https:\\\/\\\/www.elle.be\\\/fr\\\/author\\\/camille-vernin\"}]}<\/script>\n<!-- \/ Yoast SEO plugin. -->","yoast_head_json":{"title":"Fast design : tous accros et inconscients ? - ELLE.be","description":"On parie que vous avez craqu\u00e9 pour une tendance d\u00e9co\u2009? Vous \u00eates peut-\u00eatre atteint.e de \u00ab\u2009fast design\u2009\u00bb aigu, et on vous rassure, vous n\u2019\u00eates pas seul.e.","robots":{"index":"index","follow":"follow","max-snippet":"max-snippet:-1","max-image-preview":"max-image-preview:large","max-video-preview":"max-video-preview:-1"},"canonical":"https:\/\/www.elle.be\/fr\/328700-fast-design-enjeux.html","og_locale":"fr_FR","og_type":"article","og_title":"Fast design : tous accros et inconscients ? - ELLE.be","og_description":"On parie que vous avez craqu\u00e9 pour une tendance d\u00e9co\u2009? Vous \u00eates peut-\u00eatre atteint.e de \u00ab\u2009fast design\u2009\u00bb aigu, et on vous rassure, vous n\u2019\u00eates pas seul.e.","og_url":"https:\/\/www.elle.be\/fr\/328700-fast-design-enjeux.html","og_site_name":"ELLE.be","article_publisher":"https:\/\/www.facebook.com\/ELLEbelgium\/","article_published_time":"2021-06-16T07:29:50+00:00","og_image":[{"width":480,"height":545,"url":"https:\/\/www.elle.be\/fr\/wp-content\/uploads\/2021\/04\/fastdesign_site.jpg","type":"image\/jpeg"}],"author":"Camille Vernin","twitter_card":"summary_large_image","twitter_creator":"@ELLEBelgique","twitter_site":"@ELLEBelgique","twitter_misc":{"\u00c9crit par":"Camille Vernin","Dur\u00e9e de lecture estim\u00e9e":"11 minutes"},"schema":{"@context":"https:\/\/schema.org","@graph":[{"@type":"NewsArticle","@id":"https:\/\/www.elle.be\/fr\/328700-fast-design-enjeux.html#article","isPartOf":{"@id":"https:\/\/www.elle.be\/fr\/328700-fast-design-enjeux.html"},"author":{"name":"Camille Vernin","@id":"https:\/\/www.elle.be\/fr\/#\/schema\/person\/b3aea5bbef80b73c9441f0b80adb1f89"},"headline":"Fast design : tous accros et inconscients ?","datePublished":"2021-06-16T07:29:50+00:00","mainEntityOfPage":{"@id":"https:\/\/www.elle.be\/fr\/328700-fast-design-enjeux.html"},"wordCount":2153,"publisher":{"@id":"https:\/\/www.elle.be\/fr\/#organization"},"image":{"@id":"https:\/\/www.elle.be\/fr\/328700-fast-design-enjeux.html#primaryimage"},"thumbnailUrl":"https:\/\/www.elle.be\/fr\/wp-content\/uploads\/2021\/04\/fastdesign_site.jpg","articleSection":["ELLE d\u00e9coration","Tendances D\u00e9co"],"inLanguage":"fr-FR"},{"@type":"WebPage","@id":"https:\/\/www.elle.be\/fr\/328700-fast-design-enjeux.html","url":"https:\/\/www.elle.be\/fr\/328700-fast-design-enjeux.html","name":"Fast design : tous accros et inconscients ? - ELLE.be","isPartOf":{"@id":"https:\/\/www.elle.be\/fr\/#website"},"primaryImageOfPage":{"@id":"https:\/\/www.elle.be\/fr\/328700-fast-design-enjeux.html#primaryimage"},"image":{"@id":"https:\/\/www.elle.be\/fr\/328700-fast-design-enjeux.html#primaryimage"},"thumbnailUrl":"https:\/\/www.elle.be\/fr\/wp-content\/uploads\/2021\/04\/fastdesign_site.jpg","datePublished":"2021-06-16T07:29:50+00:00","description":"On parie que vous avez craqu\u00e9 pour une tendance d\u00e9co\u2009? Vous \u00eates peut-\u00eatre atteint.e de \u00ab\u2009fast design\u2009\u00bb aigu, et on vous rassure, vous n\u2019\u00eates pas seul.e.","breadcrumb":{"@id":"https:\/\/www.elle.be\/fr\/328700-fast-design-enjeux.html#breadcrumb"},"inLanguage":"fr-FR","potentialAction":[{"@type":"ReadAction","target":["https:\/\/www.elle.be\/fr\/328700-fast-design-enjeux.html"]}]},{"@type":"ImageObject","inLanguage":"fr-FR","@id":"https:\/\/www.elle.be\/fr\/328700-fast-design-enjeux.html#primaryimage","url":"https:\/\/www.elle.be\/fr\/wp-content\/uploads\/2021\/04\/fastdesign_site.jpg","contentUrl":"https:\/\/www.elle.be\/fr\/wp-content\/uploads\/2021\/04\/fastdesign_site.jpg","width":480,"height":545,"caption":"\u00a9Shutterstock"},{"@type":"BreadcrumbList","@id":"https:\/\/www.elle.be\/fr\/328700-fast-design-enjeux.html#breadcrumb","itemListElement":[{"@type":"ListItem","position":1,"name":"FR","item":"https:\/\/www.elle.be\/fr"},{"@type":"ListItem","position":2,"name":"ELLE d\u00e9coration","item":"https:\/\/www.elle.be\/fr\/elle-decoration"},{"@type":"ListItem","position":3,"name":"Fast design : tous accros et inconscients ?"}]},{"@type":"WebSite","@id":"https:\/\/www.elle.be\/fr\/#website","url":"https:\/\/www.elle.be\/fr\/","name":"ELLE.be","description":"Toutes les infos mode, beaut\u00e9 et lifestyle les plus pointues ainsi qu&#039;un contenu 100% belge d\u00e9clin\u00e9 \u00e0 360\u00b0sur le site ELLE.be, nos r\u00e9seaux sociaux et notre cha\u00eene Youtube.","publisher":{"@id":"https:\/\/www.elle.be\/fr\/#organization"},"potentialAction":[{"@type":"SearchAction","target":{"@type":"EntryPoint","urlTemplate":"https:\/\/www.elle.be\/fr\/?s={search_term_string}"},"query-input":{"@type":"PropertyValueSpecification","valueRequired":true,"valueName":"search_term_string"}}],"inLanguage":"fr-FR"},{"@type":"Organization","@id":"https:\/\/www.elle.be\/fr\/#organization","name":"ELLE Belgique","url":"https:\/\/www.elle.be\/fr\/","logo":{"@type":"ImageObject","inLanguage":"fr-FR","@id":"https:\/\/www.elle.be\/fr\/#\/schema\/logo\/image\/","url":"https:\/\/www.elle.be\/fr\/wp-content\/uploads\/2017\/03\/elle-icon-200px.jpeg","contentUrl":"https:\/\/www.elle.be\/fr\/wp-content\/uploads\/2017\/03\/elle-icon-200px.jpeg","width":200,"height":200,"caption":"ELLE Belgique"},"image":{"@id":"https:\/\/www.elle.be\/fr\/#\/schema\/logo\/image\/"},"sameAs":["https:\/\/www.facebook.com\/ELLEbelgium\/","https:\/\/x.com\/ELLEBelgique","http:\/\/instagram.com\/ellebelgique\/","https:\/\/www.pinterest.com\/ellebelgique\/","https:\/\/www.youtube.com\/user\/ELLEbelgique1"]},{"@type":"Person","@id":"https:\/\/www.elle.be\/fr\/#\/schema\/person\/b3aea5bbef80b73c9441f0b80adb1f89","name":"Camille Vernin","image":{"@type":"ImageObject","inLanguage":"fr-FR","@id":"https:\/\/www.elle.be\/fr\/wp-content\/uploads\/2021\/01\/capture-decran-2024-07-28-a-221623-96x96.jpg","url":"https:\/\/www.elle.be\/fr\/wp-content\/uploads\/2021\/01\/capture-decran-2024-07-28-a-221623-96x96.jpg","contentUrl":"https:\/\/www.elle.be\/fr\/wp-content\/uploads\/2021\/01\/capture-decran-2024-07-28-a-221623-96x96.jpg","caption":"Camille Vernin"},"url":"https:\/\/www.elle.be\/fr\/author\/camille-vernin"}]}},"_links":{"self":[{"href":"https:\/\/www.elle.be\/fr\/wp-json\/wp\/v2\/posts\/328700","targetHints":{"allow":["GET"]}}],"collection":[{"href":"https:\/\/www.elle.be\/fr\/wp-json\/wp\/v2\/posts"}],"about":[{"href":"https:\/\/www.elle.be\/fr\/wp-json\/wp\/v2\/types\/post"}],"author":[{"embeddable":true,"href":"https:\/\/www.elle.be\/fr\/wp-json\/wp\/v2\/users\/105"}],"replies":[{"embeddable":true,"href":"https:\/\/www.elle.be\/fr\/wp-json\/wp\/v2\/comments?post=328700"}],"version-history":[{"count":3,"href":"https:\/\/www.elle.be\/fr\/wp-json\/wp\/v2\/posts\/328700\/revisions"}],"predecessor-version":[{"id":328707,"href":"https:\/\/www.elle.be\/fr\/wp-json\/wp\/v2\/posts\/328700\/revisions\/328707"}],"wp:featuredmedia":[{"embeddable":true,"href":"https:\/\/www.elle.be\/fr\/wp-json\/wp\/v2\/media\/328702"}],"wp:attachment":[{"href":"https:\/\/www.elle.be\/fr\/wp-json\/wp\/v2\/media?parent=328700"}],"wp:term":[{"taxonomy":"category","embeddable":true,"href":"https:\/\/www.elle.be\/fr\/wp-json\/wp\/v2\/categories?post=328700"},{"taxonomy":"post_tag","embeddable":true,"href":"https:\/\/www.elle.be\/fr\/wp-json\/wp\/v2\/tags?post=328700"}],"curies":[{"name":"wp","href":"https:\/\/api.w.org\/{rel}","templated":true}]}}