{"id":325569,"date":"2021-03-08T10:59:05","date_gmt":"2021-03-08T09:59:05","guid":{"rendered":"https:\/\/www.elle.be\/fr\/?p=325569"},"modified":"2021-03-08T10:59:05","modified_gmt":"2021-03-08T09:59:05","slug":"decouvrez-le-defile-dior-automne-hiver-21-en-live","status":"publish","type":"post","link":"https:\/\/www.elle.be\/fr\/325569-decouvrez-le-defile-dior-automne-hiver-21-en-live.html","title":{"rendered":"D\u00e9couvrez le d\u00e9fil\u00e9 Dior automne-hiver 21 en live"},"content":{"rendered":"","protected":false},"excerpt":{"rendered":"Cet apr\u00e8s-midi, la Maison Dior pr\u00e9sente son d\u00e9fil\u00e9 Automne \/ Hiver 2021. ...","protected":false},"author":3,"featured_media":325599,"comment_status":"open","ping_status":"closed","sticky":false,"template":"","format":"standard","meta":{"_acf_changed":false,"footnotes":""},"categories":[5,2202],"tags":[2927],"class_list":["post-325569","post","type-post","status-publish","format-standard","has-post-thumbnail","hentry","category-mode","category-news-actu","tag-tendances"],"acf":[],"image_verticale":"325595","_yoast_wpseo_title":null,"_yoast_wpseo_metadesc":null,"_yoast_wpseo_focuskw_text_input":null,"_yoast_wpseo_opengraph-title":null,"yoast_head":"<!-- This site is optimized with the Yoast SEO plugin v27.4 - https:\/\/yoast.com\/product\/yoast-seo-wordpress\/ -->\n<title>D\u00e9couvrez le d\u00e9fil\u00e9 Dior automne-hiver 21 en live - ELLE.be<\/title>\n<meta name=\"description\" content=\"Cet apr\u00e8s-midi, la Maison Dior pr\u00e9sente son d\u00e9fil\u00e9 Automne \/ Hiver 2021. Vous aussi, vous pouvez suivre le spectacle compl\u00e8tement en direct, alors\" \/>\n<meta name=\"robots\" content=\"index, follow, max-snippet:-1, max-image-preview:large, max-video-preview:-1\" \/>\n<link rel=\"canonical\" href=\"https:\/\/www.elle.be\/fr\/325569-decouvrez-le-defile-dior-automne-hiver-21-en-live.html\" \/>\n<meta property=\"og:locale\" content=\"fr_FR\" \/>\n<meta property=\"og:type\" content=\"article\" \/>\n<meta property=\"og:title\" content=\"D\u00e9couvrez le d\u00e9fil\u00e9 Dior automne-hiver 21 en live - ELLE.be\" \/>\n<meta property=\"og:description\" content=\"Cet apr\u00e8s-midi, la Maison Dior pr\u00e9sente son d\u00e9fil\u00e9 Automne \/ Hiver 2021. Vous aussi, vous pouvez suivre le spectacle compl\u00e8tement en direct, alors\" \/>\n<meta property=\"og:url\" content=\"https:\/\/www.elle.be\/fr\/325569-decouvrez-le-defile-dior-automne-hiver-21-en-live.html\" \/>\n<meta property=\"og:site_name\" content=\"ELLE.be\" \/>\n<meta property=\"article:publisher\" content=\"https:\/\/www.facebook.com\/ELLEbelgium\/\" \/>\n<meta property=\"article:author\" content=\"https:\/\/www.facebook.com\/Marie-Gurin-1721050434849149\/\" \/>\n<meta property=\"article:published_time\" content=\"2021-03-08T09:59:05+00:00\" \/>\n<meta property=\"og:image\" content=\"https:\/\/www.elle.be\/fr\/wp-content\/uploads\/2021\/03\/dior.jpg\" \/>\n\t<meta property=\"og:image:width\" content=\"1200\" \/>\n\t<meta property=\"og:image:height\" content=\"628\" \/>\n\t<meta property=\"og:image:type\" content=\"image\/jpeg\" \/>\n<meta name=\"author\" content=\"Marie Gu\u00e9rin\" \/>\n<meta name=\"twitter:card\" content=\"summary_large_image\" \/>\n<meta name=\"twitter:creator\" content=\"@marie_elle_be\" \/>\n<meta name=\"twitter:site\" content=\"@ELLEBelgique\" \/>\n<meta name=\"twitter:label1\" content=\"\u00c9crit par\" \/>\n\t<meta name=\"twitter:data1\" content=\"Marie Gu\u00e9rin\" \/>\n\t<meta name=\"twitter:label2\" content=\"Dur\u00e9e de lecture estim\u00e9e\" \/>\n\t<meta name=\"twitter:data2\" content=\"1 minute\" \/>\n<script type=\"application\/ld+json\" class=\"yoast-schema-graph\">{\"@context\":\"https:\\\/\\\/schema.org\",\"@graph\":[{\"@type\":\"NewsArticle\",\"@id\":\"https:\\\/\\\/www.elle.be\\\/fr\\\/325569-decouvrez-le-defile-dior-automne-hiver-21-en-live.html#article\",\"isPartOf\":{\"@id\":\"https:\\\/\\\/www.elle.be\\\/fr\\\/325569-decouvrez-le-defile-dior-automne-hiver-21-en-live.html\"},\"author\":{\"name\":\"Marie Gu\u00e9rin\",\"@id\":\"https:\\\/\\\/www.elle.be\\\/fr\\\/#\\\/schema\\\/person\\\/aa4e257722b2e3dd300f8fbdb031db01\"},\"headline\":\"D\u00e9couvrez le d\u00e9fil\u00e9 Dior automne-hiver 21 en live\",\"datePublished\":\"2021-03-08T09:59:05+00:00\",\"mainEntityOfPage\":{\"@id\":\"https:\\\/\\\/www.elle.be\\\/fr\\\/325569-decouvrez-le-defile-dior-automne-hiver-21-en-live.html\"},\"wordCount\":216,\"commentCount\":0,\"publisher\":{\"@id\":\"https:\\\/\\\/www.elle.be\\\/fr\\\/#organization\"},\"image\":{\"@id\":\"https:\\\/\\\/www.elle.be\\\/fr\\\/325569-decouvrez-le-defile-dior-automne-hiver-21-en-live.html#primaryimage\"},\"thumbnailUrl\":\"https:\\\/\\\/www.elle.be\\\/fr\\\/wp-content\\\/uploads\\\/2021\\\/03\\\/dior.jpg\",\"keywords\":[\"tendances\"],\"articleSection\":[\"Mode\",\"News Actu\"],\"inLanguage\":\"fr-FR\",\"potentialAction\":[{\"@type\":\"CommentAction\",\"name\":\"Comment\",\"target\":[\"https:\\\/\\\/www.elle.be\\\/fr\\\/325569-decouvrez-le-defile-dior-automne-hiver-21-en-live.html#respond\"]}]},{\"@type\":\"WebPage\",\"@id\":\"https:\\\/\\\/www.elle.be\\\/fr\\\/325569-decouvrez-le-defile-dior-automne-hiver-21-en-live.html\",\"url\":\"https:\\\/\\\/www.elle.be\\\/fr\\\/325569-decouvrez-le-defile-dior-automne-hiver-21-en-live.html\",\"name\":\"D\u00e9couvrez le d\u00e9fil\u00e9 Dior automne-hiver 21 en live - ELLE.be\",\"isPartOf\":{\"@id\":\"https:\\\/\\\/www.elle.be\\\/fr\\\/#website\"},\"primaryImageOfPage\":{\"@id\":\"https:\\\/\\\/www.elle.be\\\/fr\\\/325569-decouvrez-le-defile-dior-automne-hiver-21-en-live.html#primaryimage\"},\"image\":{\"@id\":\"https:\\\/\\\/www.elle.be\\\/fr\\\/325569-decouvrez-le-defile-dior-automne-hiver-21-en-live.html#primaryimage\"},\"thumbnailUrl\":\"https:\\\/\\\/www.elle.be\\\/fr\\\/wp-content\\\/uploads\\\/2021\\\/03\\\/dior.jpg\",\"datePublished\":\"2021-03-08T09:59:05+00:00\",\"description\":\"Cet apr\u00e8s-midi, la Maison Dior pr\u00e9sente son d\u00e9fil\u00e9 Automne \\\/ Hiver 2021. Vous aussi, vous pouvez suivre le spectacle compl\u00e8tement en direct, alors\",\"breadcrumb\":{\"@id\":\"https:\\\/\\\/www.elle.be\\\/fr\\\/325569-decouvrez-le-defile-dior-automne-hiver-21-en-live.html#breadcrumb\"},\"inLanguage\":\"fr-FR\",\"potentialAction\":[{\"@type\":\"ReadAction\",\"target\":[\"https:\\\/\\\/www.elle.be\\\/fr\\\/325569-decouvrez-le-defile-dior-automne-hiver-21-en-live.html\"]}]},{\"@type\":\"ImageObject\",\"inLanguage\":\"fr-FR\",\"@id\":\"https:\\\/\\\/www.elle.be\\\/fr\\\/325569-decouvrez-le-defile-dior-automne-hiver-21-en-live.html#primaryimage\",\"url\":\"https:\\\/\\\/www.elle.be\\\/fr\\\/wp-content\\\/uploads\\\/2021\\\/03\\\/dior.jpg\",\"contentUrl\":\"https:\\\/\\\/www.elle.be\\\/fr\\\/wp-content\\\/uploads\\\/2021\\\/03\\\/dior.jpg\",\"width\":1200,\"height\":628,\"caption\":\"Suivez le d\u00e9fil\u00e9 Dior en direct !\"},{\"@type\":\"BreadcrumbList\",\"@id\":\"https:\\\/\\\/www.elle.be\\\/fr\\\/325569-decouvrez-le-defile-dior-automne-hiver-21-en-live.html#breadcrumb\",\"itemListElement\":[{\"@type\":\"ListItem\",\"position\":1,\"name\":\"FR\",\"item\":\"https:\\\/\\\/www.elle.be\\\/fr\"},{\"@type\":\"ListItem\",\"position\":2,\"name\":\"Actu\",\"item\":\"https:\\\/\\\/www.elle.be\\\/fr\\\/actu\"},{\"@type\":\"ListItem\",\"position\":3,\"name\":\"News Actu\",\"item\":\"https:\\\/\\\/www.elle.be\\\/fr\\\/actu\\\/news-actu\"},{\"@type\":\"ListItem\",\"position\":4,\"name\":\"D\u00e9couvrez le d\u00e9fil\u00e9 Dior automne-hiver 21 en live\"}]},{\"@type\":\"WebSite\",\"@id\":\"https:\\\/\\\/www.elle.be\\\/fr\\\/#website\",\"url\":\"https:\\\/\\\/www.elle.be\\\/fr\\\/\",\"name\":\"ELLE.be\",\"description\":\"Toutes les infos mode, beaut\u00e9 et lifestyle les plus pointues ainsi qu&#039;un contenu 100% belge d\u00e9clin\u00e9 \u00e0 360\u00b0sur le site ELLE.be, nos r\u00e9seaux sociaux et notre cha\u00eene Youtube.\",\"publisher\":{\"@id\":\"https:\\\/\\\/www.elle.be\\\/fr\\\/#organization\"},\"potentialAction\":[{\"@type\":\"SearchAction\",\"target\":{\"@type\":\"EntryPoint\",\"urlTemplate\":\"https:\\\/\\\/www.elle.be\\\/fr\\\/?s={search_term_string}\"},\"query-input\":{\"@type\":\"PropertyValueSpecification\",\"valueRequired\":true,\"valueName\":\"search_term_string\"}}],\"inLanguage\":\"fr-FR\"},{\"@type\":\"Organization\",\"@id\":\"https:\\\/\\\/www.elle.be\\\/fr\\\/#organization\",\"name\":\"ELLE Belgique\",\"url\":\"https:\\\/\\\/www.elle.be\\\/fr\\\/\",\"logo\":{\"@type\":\"ImageObject\",\"inLanguage\":\"fr-FR\",\"@id\":\"https:\\\/\\\/www.elle.be\\\/fr\\\/#\\\/schema\\\/logo\\\/image\\\/\",\"url\":\"https:\\\/\\\/www.elle.be\\\/fr\\\/wp-content\\\/uploads\\\/2017\\\/03\\\/elle-icon-200px.jpeg\",\"contentUrl\":\"https:\\\/\\\/www.elle.be\\\/fr\\\/wp-content\\\/uploads\\\/2017\\\/03\\\/elle-icon-200px.jpeg\",\"width\":200,\"height\":200,\"caption\":\"ELLE Belgique\"},\"image\":{\"@id\":\"https:\\\/\\\/www.elle.be\\\/fr\\\/#\\\/schema\\\/logo\\\/image\\\/\"},\"sameAs\":[\"https:\\\/\\\/www.facebook.com\\\/ELLEbelgium\\\/\",\"https:\\\/\\\/x.com\\\/ELLEBelgique\",\"http:\\\/\\\/instagram.com\\\/ellebelgique\\\/\",\"https:\\\/\\\/www.pinterest.com\\\/ellebelgique\\\/\",\"https:\\\/\\\/www.youtube.com\\\/user\\\/ELLEbelgique1\"]},{\"@type\":\"Person\",\"@id\":\"https:\\\/\\\/www.elle.be\\\/fr\\\/#\\\/schema\\\/person\\\/aa4e257722b2e3dd300f8fbdb031db01\",\"name\":\"Marie Gu\u00e9rin\",\"image\":{\"@type\":\"ImageObject\",\"inLanguage\":\"fr-FR\",\"@id\":\"https:\\\/\\\/www.elle.be\\\/fr\\\/wp-content\\\/uploads\\\/2017\\\/03\\\/IMG_4442-96x96.jpg\",\"url\":\"https:\\\/\\\/www.elle.be\\\/fr\\\/wp-content\\\/uploads\\\/2017\\\/03\\\/IMG_4442-96x96.jpg\",\"contentUrl\":\"https:\\\/\\\/www.elle.be\\\/fr\\\/wp-content\\\/uploads\\\/2017\\\/03\\\/IMG_4442-96x96.jpg\",\"caption\":\"Marie Gu\u00e9rin\"},\"description\":\"Obs\u00e9d\u00e9e par les stilettos et tout ce qui facilite la marche \u00e0 pied, cette journaliste sportive (ou pas) sillonne pour vous le monde entier (et la Belgique le reste du temps) \u00e0 la recherche de l'actu mode, beaut\u00e9, lifestyle et de ses meilleurs bons plans.\",\"sameAs\":[\"https:\\\/\\\/www.facebook.com\\\/Marie-Gurin-1721050434849149\\\/\",\"https:\\\/\\\/www.instagram.com\\\/marie_elle_be\\\/\",\"https:\\\/\\\/x.com\\\/marie_elle_be\"],\"url\":\"https:\\\/\\\/www.elle.be\\\/fr\\\/author\\\/marie\"}]}<\/script>\n<!-- \/ Yoast SEO plugin. -->","yoast_head_json":{"title":"D\u00e9couvrez le d\u00e9fil\u00e9 Dior automne-hiver 21 en live - ELLE.be","description":"Cet apr\u00e8s-midi, la Maison Dior pr\u00e9sente son d\u00e9fil\u00e9 Automne \/ Hiver 2021. Vous aussi, vous pouvez suivre le spectacle compl\u00e8tement en direct, alors","robots":{"index":"index","follow":"follow","max-snippet":"max-snippet:-1","max-image-preview":"max-image-preview:large","max-video-preview":"max-video-preview:-1"},"canonical":"https:\/\/www.elle.be\/fr\/325569-decouvrez-le-defile-dior-automne-hiver-21-en-live.html","og_locale":"fr_FR","og_type":"article","og_title":"D\u00e9couvrez le d\u00e9fil\u00e9 Dior automne-hiver 21 en live - ELLE.be","og_description":"Cet apr\u00e8s-midi, la Maison Dior pr\u00e9sente son d\u00e9fil\u00e9 Automne \/ Hiver 2021. Vous aussi, vous pouvez suivre le spectacle compl\u00e8tement en direct, alors","og_url":"https:\/\/www.elle.be\/fr\/325569-decouvrez-le-defile-dior-automne-hiver-21-en-live.html","og_site_name":"ELLE.be","article_publisher":"https:\/\/www.facebook.com\/ELLEbelgium\/","article_author":"https:\/\/www.facebook.com\/Marie-Gurin-1721050434849149\/","article_published_time":"2021-03-08T09:59:05+00:00","og_image":[{"width":1200,"height":628,"url":"https:\/\/www.elle.be\/fr\/wp-content\/uploads\/2021\/03\/dior.jpg","type":"image\/jpeg"}],"author":"Marie Gu\u00e9rin","twitter_card":"summary_large_image","twitter_creator":"@marie_elle_be","twitter_site":"@ELLEBelgique","twitter_misc":{"\u00c9crit par":"Marie Gu\u00e9rin","Dur\u00e9e de lecture estim\u00e9e":"1 minute"},"schema":{"@context":"https:\/\/schema.org","@graph":[{"@type":"NewsArticle","@id":"https:\/\/www.elle.be\/fr\/325569-decouvrez-le-defile-dior-automne-hiver-21-en-live.html#article","isPartOf":{"@id":"https:\/\/www.elle.be\/fr\/325569-decouvrez-le-defile-dior-automne-hiver-21-en-live.html"},"author":{"name":"Marie Gu\u00e9rin","@id":"https:\/\/www.elle.be\/fr\/#\/schema\/person\/aa4e257722b2e3dd300f8fbdb031db01"},"headline":"D\u00e9couvrez le d\u00e9fil\u00e9 Dior automne-hiver 21 en live","datePublished":"2021-03-08T09:59:05+00:00","mainEntityOfPage":{"@id":"https:\/\/www.elle.be\/fr\/325569-decouvrez-le-defile-dior-automne-hiver-21-en-live.html"},"wordCount":216,"commentCount":0,"publisher":{"@id":"https:\/\/www.elle.be\/fr\/#organization"},"image":{"@id":"https:\/\/www.elle.be\/fr\/325569-decouvrez-le-defile-dior-automne-hiver-21-en-live.html#primaryimage"},"thumbnailUrl":"https:\/\/www.elle.be\/fr\/wp-content\/uploads\/2021\/03\/dior.jpg","keywords":["tendances"],"articleSection":["Mode","News Actu"],"inLanguage":"fr-FR","potentialAction":[{"@type":"CommentAction","name":"Comment","target":["https:\/\/www.elle.be\/fr\/325569-decouvrez-le-defile-dior-automne-hiver-21-en-live.html#respond"]}]},{"@type":"WebPage","@id":"https:\/\/www.elle.be\/fr\/325569-decouvrez-le-defile-dior-automne-hiver-21-en-live.html","url":"https:\/\/www.elle.be\/fr\/325569-decouvrez-le-defile-dior-automne-hiver-21-en-live.html","name":"D\u00e9couvrez le d\u00e9fil\u00e9 Dior automne-hiver 21 en live - ELLE.be","isPartOf":{"@id":"https:\/\/www.elle.be\/fr\/#website"},"primaryImageOfPage":{"@id":"https:\/\/www.elle.be\/fr\/325569-decouvrez-le-defile-dior-automne-hiver-21-en-live.html#primaryimage"},"image":{"@id":"https:\/\/www.elle.be\/fr\/325569-decouvrez-le-defile-dior-automne-hiver-21-en-live.html#primaryimage"},"thumbnailUrl":"https:\/\/www.elle.be\/fr\/wp-content\/uploads\/2021\/03\/dior.jpg","datePublished":"2021-03-08T09:59:05+00:00","description":"Cet apr\u00e8s-midi, la Maison Dior pr\u00e9sente son d\u00e9fil\u00e9 Automne \/ Hiver 2021. Vous aussi, vous pouvez suivre le spectacle compl\u00e8tement en direct, alors","breadcrumb":{"@id":"https:\/\/www.elle.be\/fr\/325569-decouvrez-le-defile-dior-automne-hiver-21-en-live.html#breadcrumb"},"inLanguage":"fr-FR","potentialAction":[{"@type":"ReadAction","target":["https:\/\/www.elle.be\/fr\/325569-decouvrez-le-defile-dior-automne-hiver-21-en-live.html"]}]},{"@type":"ImageObject","inLanguage":"fr-FR","@id":"https:\/\/www.elle.be\/fr\/325569-decouvrez-le-defile-dior-automne-hiver-21-en-live.html#primaryimage","url":"https:\/\/www.elle.be\/fr\/wp-content\/uploads\/2021\/03\/dior.jpg","contentUrl":"https:\/\/www.elle.be\/fr\/wp-content\/uploads\/2021\/03\/dior.jpg","width":1200,"height":628,"caption":"Suivez le d\u00e9fil\u00e9 Dior en direct !"},{"@type":"BreadcrumbList","@id":"https:\/\/www.elle.be\/fr\/325569-decouvrez-le-defile-dior-automne-hiver-21-en-live.html#breadcrumb","itemListElement":[{"@type":"ListItem","position":1,"name":"FR","item":"https:\/\/www.elle.be\/fr"},{"@type":"ListItem","position":2,"name":"Actu","item":"https:\/\/www.elle.be\/fr\/actu"},{"@type":"ListItem","position":3,"name":"News Actu","item":"https:\/\/www.elle.be\/fr\/actu\/news-actu"},{"@type":"ListItem","position":4,"name":"D\u00e9couvrez le d\u00e9fil\u00e9 Dior automne-hiver 21 en live"}]},{"@type":"WebSite","@id":"https:\/\/www.elle.be\/fr\/#website","url":"https:\/\/www.elle.be\/fr\/","name":"ELLE.be","description":"Toutes les infos mode, beaut\u00e9 et lifestyle les plus pointues ainsi qu&#039;un contenu 100% belge d\u00e9clin\u00e9 \u00e0 360\u00b0sur le site ELLE.be, nos r\u00e9seaux sociaux et notre cha\u00eene Youtube.","publisher":{"@id":"https:\/\/www.elle.be\/fr\/#organization"},"potentialAction":[{"@type":"SearchAction","target":{"@type":"EntryPoint","urlTemplate":"https:\/\/www.elle.be\/fr\/?s={search_term_string}"},"query-input":{"@type":"PropertyValueSpecification","valueRequired":true,"valueName":"search_term_string"}}],"inLanguage":"fr-FR"},{"@type":"Organization","@id":"https:\/\/www.elle.be\/fr\/#organization","name":"ELLE Belgique","url":"https:\/\/www.elle.be\/fr\/","logo":{"@type":"ImageObject","inLanguage":"fr-FR","@id":"https:\/\/www.elle.be\/fr\/#\/schema\/logo\/image\/","url":"https:\/\/www.elle.be\/fr\/wp-content\/uploads\/2017\/03\/elle-icon-200px.jpeg","contentUrl":"https:\/\/www.elle.be\/fr\/wp-content\/uploads\/2017\/03\/elle-icon-200px.jpeg","width":200,"height":200,"caption":"ELLE Belgique"},"image":{"@id":"https:\/\/www.elle.be\/fr\/#\/schema\/logo\/image\/"},"sameAs":["https:\/\/www.facebook.com\/ELLEbelgium\/","https:\/\/x.com\/ELLEBelgique","http:\/\/instagram.com\/ellebelgique\/","https:\/\/www.pinterest.com\/ellebelgique\/","https:\/\/www.youtube.com\/user\/ELLEbelgique1"]},{"@type":"Person","@id":"https:\/\/www.elle.be\/fr\/#\/schema\/person\/aa4e257722b2e3dd300f8fbdb031db01","name":"Marie Gu\u00e9rin","image":{"@type":"ImageObject","inLanguage":"fr-FR","@id":"https:\/\/www.elle.be\/fr\/wp-content\/uploads\/2017\/03\/IMG_4442-96x96.jpg","url":"https:\/\/www.elle.be\/fr\/wp-content\/uploads\/2017\/03\/IMG_4442-96x96.jpg","contentUrl":"https:\/\/www.elle.be\/fr\/wp-content\/uploads\/2017\/03\/IMG_4442-96x96.jpg","caption":"Marie Gu\u00e9rin"},"description":"Obs\u00e9d\u00e9e par les stilettos et tout ce qui facilite la marche \u00e0 pied, cette journaliste sportive (ou pas) sillonne pour vous le monde entier (et la Belgique le reste du temps) \u00e0 la recherche de l'actu mode, beaut\u00e9, lifestyle et de ses meilleurs bons plans.","sameAs":["https:\/\/www.facebook.com\/Marie-Gurin-1721050434849149\/","https:\/\/www.instagram.com\/marie_elle_be\/","https:\/\/x.com\/marie_elle_be"],"url":"https:\/\/www.elle.be\/fr\/author\/marie"}]}},"_links":{"self":[{"href":"https:\/\/www.elle.be\/fr\/wp-json\/wp\/v2\/posts\/325569","targetHints":{"allow":["GET"]}}],"collection":[{"href":"https:\/\/www.elle.be\/fr\/wp-json\/wp\/v2\/posts"}],"about":[{"href":"https:\/\/www.elle.be\/fr\/wp-json\/wp\/v2\/types\/post"}],"author":[{"embeddable":true,"href":"https:\/\/www.elle.be\/fr\/wp-json\/wp\/v2\/users\/3"}],"replies":[{"embeddable":true,"href":"https:\/\/www.elle.be\/fr\/wp-json\/wp\/v2\/comments?post=325569"}],"version-history":[{"count":2,"href":"https:\/\/www.elle.be\/fr\/wp-json\/wp\/v2\/posts\/325569\/revisions"}],"predecessor-version":[{"id":325601,"href":"https:\/\/www.elle.be\/fr\/wp-json\/wp\/v2\/posts\/325569\/revisions\/325601"}],"wp:featuredmedia":[{"embeddable":true,"href":"https:\/\/www.elle.be\/fr\/wp-json\/wp\/v2\/media\/325599"}],"wp:attachment":[{"href":"https:\/\/www.elle.be\/fr\/wp-json\/wp\/v2\/media?parent=325569"}],"wp:term":[{"taxonomy":"category","embeddable":true,"href":"https:\/\/www.elle.be\/fr\/wp-json\/wp\/v2\/categories?post=325569"},{"taxonomy":"post_tag","embeddable":true,"href":"https:\/\/www.elle.be\/fr\/wp-json\/wp\/v2\/tags?post=325569"}],"curies":[{"name":"wp","href":"https:\/\/api.w.org\/{rel}","templated":true}]}}