{"id":324879,"date":"2021-03-01T10:48:52","date_gmt":"2021-03-01T09:48:52","guid":{"rendered":"https:\/\/www.elle.be\/fr\/?p=324879"},"modified":"2021-03-03T17:51:03","modified_gmt":"2021-03-03T16:51:03","slug":"magnifique-hotel-de-maitre-entierement-renove-a-uccle-forbes-properties","status":"publish","type":"post","link":"https:\/\/www.elle.be\/fr\/324879-magnifique-hotel-de-maitre-entierement-renove-a-uccle-forbes-properties.html","title":{"rendered":"Magnifique H\u00f4tel de ma\u00eetre \u00e0 Uccle"},"content":{"rendered":"","protected":false},"excerpt":{"rendered":"\u00c0 deux pas du parvis Saint-Pierre et du parc de Wolvendael, sur l\u2019une des plus belles avenues de la commune d\u2019Uccle, si\u00e8ge un magnifique h\u00f4tel de ma\u00eetre de 604m2 enti\u00e8rement r\u00e9nov\u00e9 avec go\u00fbt et finitions de qualit\u00e9.","protected":false},"author":47,"featured_media":324910,"comment_status":"open","ping_status":"closed","sticky":false,"template":"","format":"standard","meta":{"_acf_changed":false,"footnotes":""},"categories":[3269,3304],"tags":[3350,3371],"class_list":["post-324879","post","type-post","status-publish","format-standard","has-post-thumbnail","hentry","category-elle-decoration","category-immo","tag-immo","tag-forbes-properties"],"acf":[],"image_verticale":"324909","_yoast_wpseo_title":"Magnifique H\u00f4tel de ma\u00eetre enti\u00e8rement r\u00e9nov\u00e9 \u00e0 Uccle%%page%% %%sep%% %%sitename%%","_yoast_wpseo_metadesc":"\u00c0 deux pas du parvis Saint-Pierre et du parc de Wolvendael, sur l\u2019une des plus belles avenues de la commune d\u2019Uccle, si\u00e8ge un magnifique h\u00f4tel de ma\u00eetre.","_yoast_wpseo_focuskw_text_input":null,"_yoast_wpseo_opengraph-title":"Magnifique H\u00f4tel de ma\u00eetre enti\u00e8rement r\u00e9nov\u00e9 \u00e0 Uccle","yoast_head":"<!-- This site is optimized with the Yoast SEO plugin v27.4 - https:\/\/yoast.com\/product\/yoast-seo-wordpress\/ -->\n<title>Magnifique H\u00f4tel de ma\u00eetre enti\u00e8rement r\u00e9nov\u00e9 \u00e0 Uccle - ELLE.be<\/title>\n<meta name=\"description\" content=\"\u00c0 deux pas du parvis Saint-Pierre et du parc de Wolvendael, sur l\u2019une des plus belles avenues de la commune d\u2019Uccle, si\u00e8ge un magnifique h\u00f4tel de ma\u00eetre.\" \/>\n<meta name=\"robots\" content=\"index, follow, max-snippet:-1, max-image-preview:large, max-video-preview:-1\" \/>\n<link rel=\"canonical\" href=\"https:\/\/www.elle.be\/fr\/324879-magnifique-hotel-de-maitre-entierement-renove-a-uccle-forbes-properties.html\" \/>\n<meta property=\"og:locale\" content=\"fr_FR\" \/>\n<meta property=\"og:type\" content=\"article\" \/>\n<meta property=\"og:title\" content=\"Magnifique H\u00f4tel de ma\u00eetre enti\u00e8rement r\u00e9nov\u00e9 \u00e0 Uccle\" \/>\n<meta property=\"og:description\" content=\"\u00c0 deux pas du parvis Saint-Pierre et du parc de Wolvendael, sur l\u2019une des plus belles avenues de la commune d\u2019Uccle, si\u00e8ge un magnifique h\u00f4tel de ma\u00eetre de\" \/>\n<meta property=\"og:url\" content=\"https:\/\/www.elle.be\/fr\/324879-magnifique-hotel-de-maitre-entierement-renove-a-uccle-forbes-properties.html\" \/>\n<meta property=\"og:site_name\" content=\"ELLE.be\" \/>\n<meta property=\"article:publisher\" content=\"https:\/\/www.facebook.com\/ELLEbelgium\/\" \/>\n<meta property=\"article:published_time\" content=\"2021-03-01T09:48:52+00:00\" \/>\n<meta property=\"article:modified_time\" content=\"2021-03-03T16:51:03+00:00\" \/>\n<meta property=\"og:image\" content=\"https:\/\/www.elle.be\/fr\/wp-content\/uploads\/2012\/03\/210301_forbesproperties_1200x628.jpg\" \/>\n\t<meta property=\"og:image:width\" content=\"1200\" \/>\n\t<meta property=\"og:image:height\" content=\"628\" \/>\n\t<meta property=\"og:image:type\" content=\"image\/jpeg\" \/>\n<meta name=\"author\" content=\"ELLE Partenaire\" \/>\n<meta name=\"twitter:card\" content=\"summary_large_image\" \/>\n<meta name=\"twitter:creator\" content=\"@ELLEBelgique\" \/>\n<meta name=\"twitter:site\" content=\"@ELLEBelgique\" \/>\n<meta name=\"twitter:label1\" content=\"\u00c9crit par\" \/>\n\t<meta name=\"twitter:data1\" content=\"ELLE Partenaire\" \/>\n\t<meta name=\"twitter:label2\" content=\"Dur\u00e9e de lecture estim\u00e9e\" \/>\n\t<meta name=\"twitter:data2\" content=\"2 minutes\" \/>\n<script type=\"application\/ld+json\" class=\"yoast-schema-graph\">{\"@context\":\"https:\\\/\\\/schema.org\",\"@graph\":[{\"@type\":\"NewsArticle\",\"@id\":\"https:\\\/\\\/www.elle.be\\\/fr\\\/324879-magnifique-hotel-de-maitre-entierement-renove-a-uccle-forbes-properties.html#article\",\"isPartOf\":{\"@id\":\"https:\\\/\\\/www.elle.be\\\/fr\\\/324879-magnifique-hotel-de-maitre-entierement-renove-a-uccle-forbes-properties.html\"},\"author\":{\"name\":\"ELLE Partenaire\",\"@id\":\"https:\\\/\\\/www.elle.be\\\/fr\\\/#\\\/schema\\\/person\\\/2c7693f13ee3d4992850ec2ff033c586\"},\"headline\":\"Magnifique H\u00f4tel de ma\u00eetre \u00e0 Uccle\",\"datePublished\":\"2021-03-01T09:48:52+00:00\",\"dateModified\":\"2021-03-03T16:51:03+00:00\",\"mainEntityOfPage\":{\"@id\":\"https:\\\/\\\/www.elle.be\\\/fr\\\/324879-magnifique-hotel-de-maitre-entierement-renove-a-uccle-forbes-properties.html\"},\"wordCount\":338,\"commentCount\":0,\"publisher\":{\"@id\":\"https:\\\/\\\/www.elle.be\\\/fr\\\/#organization\"},\"image\":{\"@id\":\"https:\\\/\\\/www.elle.be\\\/fr\\\/324879-magnifique-hotel-de-maitre-entierement-renove-a-uccle-forbes-properties.html#primaryimage\"},\"thumbnailUrl\":\"https:\\\/\\\/www.elle.be\\\/fr\\\/wp-content\\\/uploads\\\/2012\\\/03\\\/210301_forbesproperties_1200x628.jpg\",\"keywords\":[\"immo\",\"forbes Properties\"],\"articleSection\":[\"ELLE d\u00e9coration\",\"Immo\"],\"inLanguage\":\"fr-FR\",\"potentialAction\":[{\"@type\":\"CommentAction\",\"name\":\"Comment\",\"target\":[\"https:\\\/\\\/www.elle.be\\\/fr\\\/324879-magnifique-hotel-de-maitre-entierement-renove-a-uccle-forbes-properties.html#respond\"]}]},{\"@type\":\"WebPage\",\"@id\":\"https:\\\/\\\/www.elle.be\\\/fr\\\/324879-magnifique-hotel-de-maitre-entierement-renove-a-uccle-forbes-properties.html\",\"url\":\"https:\\\/\\\/www.elle.be\\\/fr\\\/324879-magnifique-hotel-de-maitre-entierement-renove-a-uccle-forbes-properties.html\",\"name\":\"Magnifique H\u00f4tel de ma\u00eetre enti\u00e8rement r\u00e9nov\u00e9 \u00e0 Uccle - ELLE.be\",\"isPartOf\":{\"@id\":\"https:\\\/\\\/www.elle.be\\\/fr\\\/#website\"},\"primaryImageOfPage\":{\"@id\":\"https:\\\/\\\/www.elle.be\\\/fr\\\/324879-magnifique-hotel-de-maitre-entierement-renove-a-uccle-forbes-properties.html#primaryimage\"},\"image\":{\"@id\":\"https:\\\/\\\/www.elle.be\\\/fr\\\/324879-magnifique-hotel-de-maitre-entierement-renove-a-uccle-forbes-properties.html#primaryimage\"},\"thumbnailUrl\":\"https:\\\/\\\/www.elle.be\\\/fr\\\/wp-content\\\/uploads\\\/2012\\\/03\\\/210301_forbesproperties_1200x628.jpg\",\"datePublished\":\"2021-03-01T09:48:52+00:00\",\"dateModified\":\"2021-03-03T16:51:03+00:00\",\"description\":\"\u00c0 deux pas du parvis Saint-Pierre et du parc de Wolvendael, sur l\u2019une des plus belles avenues de la commune d\u2019Uccle, si\u00e8ge un magnifique h\u00f4tel de ma\u00eetre.\",\"breadcrumb\":{\"@id\":\"https:\\\/\\\/www.elle.be\\\/fr\\\/324879-magnifique-hotel-de-maitre-entierement-renove-a-uccle-forbes-properties.html#breadcrumb\"},\"inLanguage\":\"fr-FR\",\"potentialAction\":[{\"@type\":\"ReadAction\",\"target\":[\"https:\\\/\\\/www.elle.be\\\/fr\\\/324879-magnifique-hotel-de-maitre-entierement-renove-a-uccle-forbes-properties.html\"]}]},{\"@type\":\"ImageObject\",\"inLanguage\":\"fr-FR\",\"@id\":\"https:\\\/\\\/www.elle.be\\\/fr\\\/324879-magnifique-hotel-de-maitre-entierement-renove-a-uccle-forbes-properties.html#primaryimage\",\"url\":\"https:\\\/\\\/www.elle.be\\\/fr\\\/wp-content\\\/uploads\\\/2012\\\/03\\\/210301_forbesproperties_1200x628.jpg\",\"contentUrl\":\"https:\\\/\\\/www.elle.be\\\/fr\\\/wp-content\\\/uploads\\\/2012\\\/03\\\/210301_forbesproperties_1200x628.jpg\",\"width\":1200,\"height\":628,\"caption\":\"Forbes Properties\"},{\"@type\":\"BreadcrumbList\",\"@id\":\"https:\\\/\\\/www.elle.be\\\/fr\\\/324879-magnifique-hotel-de-maitre-entierement-renove-a-uccle-forbes-properties.html#breadcrumb\",\"itemListElement\":[{\"@type\":\"ListItem\",\"position\":1,\"name\":\"FR\",\"item\":\"https:\\\/\\\/www.elle.be\\\/fr\"},{\"@type\":\"ListItem\",\"position\":2,\"name\":\"ELLE d\u00e9coration\",\"item\":\"https:\\\/\\\/www.elle.be\\\/fr\\\/elle-decoration\"},{\"@type\":\"ListItem\",\"position\":3,\"name\":\"Magnifique H\u00f4tel de ma\u00eetre \u00e0 Uccle\"}]},{\"@type\":\"WebSite\",\"@id\":\"https:\\\/\\\/www.elle.be\\\/fr\\\/#website\",\"url\":\"https:\\\/\\\/www.elle.be\\\/fr\\\/\",\"name\":\"ELLE.be\",\"description\":\"Toutes les infos mode, beaut\u00e9 et lifestyle les plus pointues ainsi qu&#039;un contenu 100% belge d\u00e9clin\u00e9 \u00e0 360\u00b0sur le site ELLE.be, nos r\u00e9seaux sociaux et notre cha\u00eene Youtube.\",\"publisher\":{\"@id\":\"https:\\\/\\\/www.elle.be\\\/fr\\\/#organization\"},\"potentialAction\":[{\"@type\":\"SearchAction\",\"target\":{\"@type\":\"EntryPoint\",\"urlTemplate\":\"https:\\\/\\\/www.elle.be\\\/fr\\\/?s={search_term_string}\"},\"query-input\":{\"@type\":\"PropertyValueSpecification\",\"valueRequired\":true,\"valueName\":\"search_term_string\"}}],\"inLanguage\":\"fr-FR\"},{\"@type\":\"Organization\",\"@id\":\"https:\\\/\\\/www.elle.be\\\/fr\\\/#organization\",\"name\":\"ELLE Belgique\",\"url\":\"https:\\\/\\\/www.elle.be\\\/fr\\\/\",\"logo\":{\"@type\":\"ImageObject\",\"inLanguage\":\"fr-FR\",\"@id\":\"https:\\\/\\\/www.elle.be\\\/fr\\\/#\\\/schema\\\/logo\\\/image\\\/\",\"url\":\"https:\\\/\\\/www.elle.be\\\/fr\\\/wp-content\\\/uploads\\\/2017\\\/03\\\/elle-icon-200px.jpeg\",\"contentUrl\":\"https:\\\/\\\/www.elle.be\\\/fr\\\/wp-content\\\/uploads\\\/2017\\\/03\\\/elle-icon-200px.jpeg\",\"width\":200,\"height\":200,\"caption\":\"ELLE Belgique\"},\"image\":{\"@id\":\"https:\\\/\\\/www.elle.be\\\/fr\\\/#\\\/schema\\\/logo\\\/image\\\/\"},\"sameAs\":[\"https:\\\/\\\/www.facebook.com\\\/ELLEbelgium\\\/\",\"https:\\\/\\\/x.com\\\/ELLEBelgique\",\"http:\\\/\\\/instagram.com\\\/ellebelgique\\\/\",\"https:\\\/\\\/www.pinterest.com\\\/ellebelgique\\\/\",\"https:\\\/\\\/www.youtube.com\\\/user\\\/ELLEbelgique1\"]},{\"@type\":\"Person\",\"@id\":\"https:\\\/\\\/www.elle.be\\\/fr\\\/#\\\/schema\\\/person\\\/2c7693f13ee3d4992850ec2ff033c586\",\"name\":\"ELLE Partenaire\",\"image\":{\"@type\":\"ImageObject\",\"inLanguage\":\"fr-FR\",\"@id\":\"https:\\\/\\\/secure.gravatar.com\\\/avatar\\\/dddcf2d7bb88803a2e434d2b1c6a7b997b2de2334d047a137cc5e9dc165ca7e2?s=96&r=g\",\"url\":\"https:\\\/\\\/secure.gravatar.com\\\/avatar\\\/dddcf2d7bb88803a2e434d2b1c6a7b997b2de2334d047a137cc5e9dc165ca7e2?s=96&r=g\",\"contentUrl\":\"https:\\\/\\\/secure.gravatar.com\\\/avatar\\\/dddcf2d7bb88803a2e434d2b1c6a7b997b2de2334d047a137cc5e9dc165ca7e2?s=96&r=g\",\"caption\":\"ELLE Partenaire\"},\"url\":\"https:\\\/\\\/www.elle.be\\\/fr\\\/author\\\/operation-speciale\"}]}<\/script>\n<!-- \/ Yoast SEO plugin. -->","yoast_head_json":{"title":"Magnifique H\u00f4tel de ma\u00eetre enti\u00e8rement r\u00e9nov\u00e9 \u00e0 Uccle - ELLE.be","description":"\u00c0 deux pas du parvis Saint-Pierre et du parc de Wolvendael, sur l\u2019une des plus belles avenues de la commune d\u2019Uccle, si\u00e8ge un magnifique h\u00f4tel de ma\u00eetre.","robots":{"index":"index","follow":"follow","max-snippet":"max-snippet:-1","max-image-preview":"max-image-preview:large","max-video-preview":"max-video-preview:-1"},"canonical":"https:\/\/www.elle.be\/fr\/324879-magnifique-hotel-de-maitre-entierement-renove-a-uccle-forbes-properties.html","og_locale":"fr_FR","og_type":"article","og_title":"Magnifique H\u00f4tel de ma\u00eetre enti\u00e8rement r\u00e9nov\u00e9 \u00e0 Uccle","og_description":"\u00c0 deux pas du parvis Saint-Pierre et du parc de Wolvendael, sur l\u2019une des plus belles avenues de la commune d\u2019Uccle, si\u00e8ge un magnifique h\u00f4tel de ma\u00eetre de","og_url":"https:\/\/www.elle.be\/fr\/324879-magnifique-hotel-de-maitre-entierement-renove-a-uccle-forbes-properties.html","og_site_name":"ELLE.be","article_publisher":"https:\/\/www.facebook.com\/ELLEbelgium\/","article_published_time":"2021-03-01T09:48:52+00:00","article_modified_time":"2021-03-03T16:51:03+00:00","og_image":[{"width":1200,"height":628,"url":"https:\/\/www.elle.be\/fr\/wp-content\/uploads\/2012\/03\/210301_forbesproperties_1200x628.jpg","type":"image\/jpeg"}],"author":"ELLE Partenaire","twitter_card":"summary_large_image","twitter_creator":"@ELLEBelgique","twitter_site":"@ELLEBelgique","twitter_misc":{"\u00c9crit par":"ELLE Partenaire","Dur\u00e9e de lecture estim\u00e9e":"2 minutes"},"schema":{"@context":"https:\/\/schema.org","@graph":[{"@type":"NewsArticle","@id":"https:\/\/www.elle.be\/fr\/324879-magnifique-hotel-de-maitre-entierement-renove-a-uccle-forbes-properties.html#article","isPartOf":{"@id":"https:\/\/www.elle.be\/fr\/324879-magnifique-hotel-de-maitre-entierement-renove-a-uccle-forbes-properties.html"},"author":{"name":"ELLE Partenaire","@id":"https:\/\/www.elle.be\/fr\/#\/schema\/person\/2c7693f13ee3d4992850ec2ff033c586"},"headline":"Magnifique H\u00f4tel de ma\u00eetre \u00e0 Uccle","datePublished":"2021-03-01T09:48:52+00:00","dateModified":"2021-03-03T16:51:03+00:00","mainEntityOfPage":{"@id":"https:\/\/www.elle.be\/fr\/324879-magnifique-hotel-de-maitre-entierement-renove-a-uccle-forbes-properties.html"},"wordCount":338,"commentCount":0,"publisher":{"@id":"https:\/\/www.elle.be\/fr\/#organization"},"image":{"@id":"https:\/\/www.elle.be\/fr\/324879-magnifique-hotel-de-maitre-entierement-renove-a-uccle-forbes-properties.html#primaryimage"},"thumbnailUrl":"https:\/\/www.elle.be\/fr\/wp-content\/uploads\/2012\/03\/210301_forbesproperties_1200x628.jpg","keywords":["immo","forbes Properties"],"articleSection":["ELLE d\u00e9coration","Immo"],"inLanguage":"fr-FR","potentialAction":[{"@type":"CommentAction","name":"Comment","target":["https:\/\/www.elle.be\/fr\/324879-magnifique-hotel-de-maitre-entierement-renove-a-uccle-forbes-properties.html#respond"]}]},{"@type":"WebPage","@id":"https:\/\/www.elle.be\/fr\/324879-magnifique-hotel-de-maitre-entierement-renove-a-uccle-forbes-properties.html","url":"https:\/\/www.elle.be\/fr\/324879-magnifique-hotel-de-maitre-entierement-renove-a-uccle-forbes-properties.html","name":"Magnifique H\u00f4tel de ma\u00eetre enti\u00e8rement r\u00e9nov\u00e9 \u00e0 Uccle - ELLE.be","isPartOf":{"@id":"https:\/\/www.elle.be\/fr\/#website"},"primaryImageOfPage":{"@id":"https:\/\/www.elle.be\/fr\/324879-magnifique-hotel-de-maitre-entierement-renove-a-uccle-forbes-properties.html#primaryimage"},"image":{"@id":"https:\/\/www.elle.be\/fr\/324879-magnifique-hotel-de-maitre-entierement-renove-a-uccle-forbes-properties.html#primaryimage"},"thumbnailUrl":"https:\/\/www.elle.be\/fr\/wp-content\/uploads\/2012\/03\/210301_forbesproperties_1200x628.jpg","datePublished":"2021-03-01T09:48:52+00:00","dateModified":"2021-03-03T16:51:03+00:00","description":"\u00c0 deux pas du parvis Saint-Pierre et du parc de Wolvendael, sur l\u2019une des plus belles avenues de la commune d\u2019Uccle, si\u00e8ge un magnifique h\u00f4tel de ma\u00eetre.","breadcrumb":{"@id":"https:\/\/www.elle.be\/fr\/324879-magnifique-hotel-de-maitre-entierement-renove-a-uccle-forbes-properties.html#breadcrumb"},"inLanguage":"fr-FR","potentialAction":[{"@type":"ReadAction","target":["https:\/\/www.elle.be\/fr\/324879-magnifique-hotel-de-maitre-entierement-renove-a-uccle-forbes-properties.html"]}]},{"@type":"ImageObject","inLanguage":"fr-FR","@id":"https:\/\/www.elle.be\/fr\/324879-magnifique-hotel-de-maitre-entierement-renove-a-uccle-forbes-properties.html#primaryimage","url":"https:\/\/www.elle.be\/fr\/wp-content\/uploads\/2012\/03\/210301_forbesproperties_1200x628.jpg","contentUrl":"https:\/\/www.elle.be\/fr\/wp-content\/uploads\/2012\/03\/210301_forbesproperties_1200x628.jpg","width":1200,"height":628,"caption":"Forbes Properties"},{"@type":"BreadcrumbList","@id":"https:\/\/www.elle.be\/fr\/324879-magnifique-hotel-de-maitre-entierement-renove-a-uccle-forbes-properties.html#breadcrumb","itemListElement":[{"@type":"ListItem","position":1,"name":"FR","item":"https:\/\/www.elle.be\/fr"},{"@type":"ListItem","position":2,"name":"ELLE d\u00e9coration","item":"https:\/\/www.elle.be\/fr\/elle-decoration"},{"@type":"ListItem","position":3,"name":"Magnifique H\u00f4tel de ma\u00eetre \u00e0 Uccle"}]},{"@type":"WebSite","@id":"https:\/\/www.elle.be\/fr\/#website","url":"https:\/\/www.elle.be\/fr\/","name":"ELLE.be","description":"Toutes les infos mode, beaut\u00e9 et lifestyle les plus pointues ainsi qu&#039;un contenu 100% belge d\u00e9clin\u00e9 \u00e0 360\u00b0sur le site ELLE.be, nos r\u00e9seaux sociaux et notre cha\u00eene Youtube.","publisher":{"@id":"https:\/\/www.elle.be\/fr\/#organization"},"potentialAction":[{"@type":"SearchAction","target":{"@type":"EntryPoint","urlTemplate":"https:\/\/www.elle.be\/fr\/?s={search_term_string}"},"query-input":{"@type":"PropertyValueSpecification","valueRequired":true,"valueName":"search_term_string"}}],"inLanguage":"fr-FR"},{"@type":"Organization","@id":"https:\/\/www.elle.be\/fr\/#organization","name":"ELLE Belgique","url":"https:\/\/www.elle.be\/fr\/","logo":{"@type":"ImageObject","inLanguage":"fr-FR","@id":"https:\/\/www.elle.be\/fr\/#\/schema\/logo\/image\/","url":"https:\/\/www.elle.be\/fr\/wp-content\/uploads\/2017\/03\/elle-icon-200px.jpeg","contentUrl":"https:\/\/www.elle.be\/fr\/wp-content\/uploads\/2017\/03\/elle-icon-200px.jpeg","width":200,"height":200,"caption":"ELLE Belgique"},"image":{"@id":"https:\/\/www.elle.be\/fr\/#\/schema\/logo\/image\/"},"sameAs":["https:\/\/www.facebook.com\/ELLEbelgium\/","https:\/\/x.com\/ELLEBelgique","http:\/\/instagram.com\/ellebelgique\/","https:\/\/www.pinterest.com\/ellebelgique\/","https:\/\/www.youtube.com\/user\/ELLEbelgique1"]},{"@type":"Person","@id":"https:\/\/www.elle.be\/fr\/#\/schema\/person\/2c7693f13ee3d4992850ec2ff033c586","name":"ELLE Partenaire","image":{"@type":"ImageObject","inLanguage":"fr-FR","@id":"https:\/\/secure.gravatar.com\/avatar\/dddcf2d7bb88803a2e434d2b1c6a7b997b2de2334d047a137cc5e9dc165ca7e2?s=96&r=g","url":"https:\/\/secure.gravatar.com\/avatar\/dddcf2d7bb88803a2e434d2b1c6a7b997b2de2334d047a137cc5e9dc165ca7e2?s=96&r=g","contentUrl":"https:\/\/secure.gravatar.com\/avatar\/dddcf2d7bb88803a2e434d2b1c6a7b997b2de2334d047a137cc5e9dc165ca7e2?s=96&r=g","caption":"ELLE Partenaire"},"url":"https:\/\/www.elle.be\/fr\/author\/operation-speciale"}]}},"_links":{"self":[{"href":"https:\/\/www.elle.be\/fr\/wp-json\/wp\/v2\/posts\/324879","targetHints":{"allow":["GET"]}}],"collection":[{"href":"https:\/\/www.elle.be\/fr\/wp-json\/wp\/v2\/posts"}],"about":[{"href":"https:\/\/www.elle.be\/fr\/wp-json\/wp\/v2\/types\/post"}],"author":[{"embeddable":true,"href":"https:\/\/www.elle.be\/fr\/wp-json\/wp\/v2\/users\/47"}],"replies":[{"embeddable":true,"href":"https:\/\/www.elle.be\/fr\/wp-json\/wp\/v2\/comments?post=324879"}],"version-history":[{"count":17,"href":"https:\/\/www.elle.be\/fr\/wp-json\/wp\/v2\/posts\/324879\/revisions"}],"predecessor-version":[{"id":325171,"href":"https:\/\/www.elle.be\/fr\/wp-json\/wp\/v2\/posts\/324879\/revisions\/325171"}],"wp:featuredmedia":[{"embeddable":true,"href":"https:\/\/www.elle.be\/fr\/wp-json\/wp\/v2\/media\/324910"}],"wp:attachment":[{"href":"https:\/\/www.elle.be\/fr\/wp-json\/wp\/v2\/media?parent=324879"}],"wp:term":[{"taxonomy":"category","embeddable":true,"href":"https:\/\/www.elle.be\/fr\/wp-json\/wp\/v2\/categories?post=324879"},{"taxonomy":"post_tag","embeddable":true,"href":"https:\/\/www.elle.be\/fr\/wp-json\/wp\/v2\/tags?post=324879"}],"curies":[{"name":"wp","href":"https:\/\/api.w.org\/{rel}","templated":true}]}}