{"id":319578,"date":"2021-01-26T10:35:45","date_gmt":"2021-01-26T09:35:45","guid":{"rendered":"https:\/\/www.elle.be\/fr\/?p=319578"},"modified":"2021-01-26T13:47:00","modified_gmt":"2021-01-26T12:47:00","slug":"la-redac-a-teste-des-complements-pour-retrouver-la-peche","status":"publish","type":"post","link":"https:\/\/www.elle.be\/fr\/319578-la-redac-a-teste-des-complements-pour-retrouver-la-peche.html","title":{"rendered":"La r\u00e9dac&#8217; a test\u00e9 des compl\u00e9ments pour retrouver la p\u00eache"},"content":{"rendered":"","protected":false},"excerpt":{"rendered":"Fatigue passag\u00e8re, coup de mou, blues hivernal\u2026 Le stress, une importante charge de travail, les journ\u00e9es maussades d\u2019hiver ou encore la situation actuelle peuvent parfois mettre notre moral \u00e0 rude \u00e9preuve.","protected":false},"author":47,"featured_media":319600,"comment_status":"open","ping_status":"closed","sticky":false,"template":"","format":"standard","meta":{"_acf_changed":false,"footnotes":""},"categories":[560,2191],"tags":[184],"class_list":["post-319578","post","type-post","status-publish","format-standard","has-post-thumbnail","hentry","category-elle-sante","category-lifestyle","tag-sante"],"acf":[],"image_verticale":"319599","_yoast_wpseo_title":"Quel compl\u00e9ment prendre pour retrouver la forme ? %%page%% %%sep%% %%sitename%%","_yoast_wpseo_metadesc":"La r\u00e9dac\u2019 a test\u00e9 pour vous Motiv Aid une solution naturelle \u00e0 base de plantes qui vous aidera \u00e0 vous remettre d\u2019aplomb ! %%page%%","_yoast_wpseo_focuskw_text_input":null,"_yoast_wpseo_opengraph-title":null,"yoast_head":"<!-- This site is optimized with the Yoast SEO plugin v27.4 - https:\/\/yoast.com\/product\/yoast-seo-wordpress\/ -->\n<title>Quel compl\u00e9ment prendre pour retrouver la forme ? - ELLE.be<\/title>\n<meta name=\"description\" content=\"La r\u00e9dac\u2019 a test\u00e9 pour vous Motiv Aid une solution naturelle \u00e0 base de plantes qui vous aidera \u00e0 vous remettre d\u2019aplomb !\" \/>\n<meta name=\"robots\" content=\"index, follow, max-snippet:-1, max-image-preview:large, max-video-preview:-1\" \/>\n<link rel=\"canonical\" href=\"https:\/\/www.elle.be\/fr\/319578-la-redac-a-teste-des-complements-pour-retrouver-la-peche.html\" \/>\n<meta property=\"og:locale\" content=\"fr_FR\" \/>\n<meta property=\"og:type\" content=\"article\" \/>\n<meta property=\"og:title\" content=\"Quel compl\u00e9ment prendre pour retrouver la forme ? - ELLE.be\" \/>\n<meta property=\"og:description\" content=\"La r\u00e9dac\u2019 a test\u00e9 pour vous Motiv Aid une solution naturelle \u00e0 base de plantes qui vous aidera \u00e0 vous remettre d\u2019aplomb !\" \/>\n<meta property=\"og:url\" content=\"https:\/\/www.elle.be\/fr\/319578-la-redac-a-teste-des-complements-pour-retrouver-la-peche.html\" \/>\n<meta property=\"og:site_name\" content=\"ELLE.be\" \/>\n<meta property=\"article:publisher\" content=\"https:\/\/www.facebook.com\/ELLEbelgium\/\" \/>\n<meta property=\"article:published_time\" content=\"2021-01-26T09:35:45+00:00\" \/>\n<meta property=\"article:modified_time\" content=\"2021-01-26T12:47:00+00:00\" \/>\n<meta property=\"og:image\" content=\"https:\/\/www.elle.be\/fr\/wp-content\/uploads\/2021\/01\/elle_1200x628-55.jpg\" \/>\n\t<meta property=\"og:image:width\" content=\"1200\" \/>\n\t<meta property=\"og:image:height\" content=\"628\" \/>\n\t<meta property=\"og:image:type\" content=\"image\/jpeg\" \/>\n<meta name=\"author\" content=\"ELLE Partenaire\" \/>\n<meta name=\"twitter:card\" content=\"summary_large_image\" \/>\n<meta name=\"twitter:creator\" content=\"@ELLEBelgique\" \/>\n<meta name=\"twitter:site\" content=\"@ELLEBelgique\" \/>\n<meta name=\"twitter:label1\" content=\"\u00c9crit par\" \/>\n\t<meta name=\"twitter:data1\" content=\"ELLE Partenaire\" \/>\n\t<meta name=\"twitter:label2\" content=\"Dur\u00e9e de lecture estim\u00e9e\" \/>\n\t<meta name=\"twitter:data2\" content=\"3 minutes\" \/>\n<script type=\"application\/ld+json\" class=\"yoast-schema-graph\">{\"@context\":\"https:\\\/\\\/schema.org\",\"@graph\":[{\"@type\":\"NewsArticle\",\"@id\":\"https:\\\/\\\/www.elle.be\\\/fr\\\/319578-la-redac-a-teste-des-complements-pour-retrouver-la-peche.html#article\",\"isPartOf\":{\"@id\":\"https:\\\/\\\/www.elle.be\\\/fr\\\/319578-la-redac-a-teste-des-complements-pour-retrouver-la-peche.html\"},\"author\":{\"name\":\"ELLE Partenaire\",\"@id\":\"https:\\\/\\\/www.elle.be\\\/fr\\\/#\\\/schema\\\/person\\\/2c7693f13ee3d4992850ec2ff033c586\"},\"headline\":\"La r\u00e9dac&#8217; a test\u00e9 des compl\u00e9ments pour retrouver la p\u00eache\",\"datePublished\":\"2021-01-26T09:35:45+00:00\",\"dateModified\":\"2021-01-26T12:47:00+00:00\",\"mainEntityOfPage\":{\"@id\":\"https:\\\/\\\/www.elle.be\\\/fr\\\/319578-la-redac-a-teste-des-complements-pour-retrouver-la-peche.html\"},\"wordCount\":638,\"commentCount\":0,\"publisher\":{\"@id\":\"https:\\\/\\\/www.elle.be\\\/fr\\\/#organization\"},\"image\":{\"@id\":\"https:\\\/\\\/www.elle.be\\\/fr\\\/319578-la-redac-a-teste-des-complements-pour-retrouver-la-peche.html#primaryimage\"},\"thumbnailUrl\":\"https:\\\/\\\/www.elle.be\\\/fr\\\/wp-content\\\/uploads\\\/2021\\\/01\\\/elle_1200x628-55.jpg\",\"keywords\":[\"sant\u00e9\"],\"articleSection\":[\"Sant\u00e9\",\"Lifestyle\"],\"inLanguage\":\"fr-FR\",\"potentialAction\":[{\"@type\":\"CommentAction\",\"name\":\"Comment\",\"target\":[\"https:\\\/\\\/www.elle.be\\\/fr\\\/319578-la-redac-a-teste-des-complements-pour-retrouver-la-peche.html#respond\"]}]},{\"@type\":\"WebPage\",\"@id\":\"https:\\\/\\\/www.elle.be\\\/fr\\\/319578-la-redac-a-teste-des-complements-pour-retrouver-la-peche.html\",\"url\":\"https:\\\/\\\/www.elle.be\\\/fr\\\/319578-la-redac-a-teste-des-complements-pour-retrouver-la-peche.html\",\"name\":\"Quel compl\u00e9ment prendre pour retrouver la forme ? - ELLE.be\",\"isPartOf\":{\"@id\":\"https:\\\/\\\/www.elle.be\\\/fr\\\/#website\"},\"primaryImageOfPage\":{\"@id\":\"https:\\\/\\\/www.elle.be\\\/fr\\\/319578-la-redac-a-teste-des-complements-pour-retrouver-la-peche.html#primaryimage\"},\"image\":{\"@id\":\"https:\\\/\\\/www.elle.be\\\/fr\\\/319578-la-redac-a-teste-des-complements-pour-retrouver-la-peche.html#primaryimage\"},\"thumbnailUrl\":\"https:\\\/\\\/www.elle.be\\\/fr\\\/wp-content\\\/uploads\\\/2021\\\/01\\\/elle_1200x628-55.jpg\",\"datePublished\":\"2021-01-26T09:35:45+00:00\",\"dateModified\":\"2021-01-26T12:47:00+00:00\",\"description\":\"La r\u00e9dac\u2019 a test\u00e9 pour vous Motiv Aid une solution naturelle \u00e0 base de plantes qui vous aidera \u00e0 vous remettre d\u2019aplomb !\",\"breadcrumb\":{\"@id\":\"https:\\\/\\\/www.elle.be\\\/fr\\\/319578-la-redac-a-teste-des-complements-pour-retrouver-la-peche.html#breadcrumb\"},\"inLanguage\":\"fr-FR\",\"potentialAction\":[{\"@type\":\"ReadAction\",\"target\":[\"https:\\\/\\\/www.elle.be\\\/fr\\\/319578-la-redac-a-teste-des-complements-pour-retrouver-la-peche.html\"]}]},{\"@type\":\"ImageObject\",\"inLanguage\":\"fr-FR\",\"@id\":\"https:\\\/\\\/www.elle.be\\\/fr\\\/319578-la-redac-a-teste-des-complements-pour-retrouver-la-peche.html#primaryimage\",\"url\":\"https:\\\/\\\/www.elle.be\\\/fr\\\/wp-content\\\/uploads\\\/2021\\\/01\\\/elle_1200x628-55.jpg\",\"contentUrl\":\"https:\\\/\\\/www.elle.be\\\/fr\\\/wp-content\\\/uploads\\\/2021\\\/01\\\/elle_1200x628-55.jpg\",\"width\":1200,\"height\":628,\"caption\":\"ELLE x Motiv Aid\"},{\"@type\":\"BreadcrumbList\",\"@id\":\"https:\\\/\\\/www.elle.be\\\/fr\\\/319578-la-redac-a-teste-des-complements-pour-retrouver-la-peche.html#breadcrumb\",\"itemListElement\":[{\"@type\":\"ListItem\",\"position\":1,\"name\":\"FR\",\"item\":\"https:\\\/\\\/www.elle.be\\\/fr\"},{\"@type\":\"ListItem\",\"position\":2,\"name\":\"Sant\u00e9\",\"item\":\"https:\\\/\\\/www.elle.be\\\/fr\\\/elle-sante\"},{\"@type\":\"ListItem\",\"position\":3,\"name\":\"La r\u00e9dac&rsquo; a test\u00e9 des compl\u00e9ments pour retrouver la p\u00eache\"}]},{\"@type\":\"WebSite\",\"@id\":\"https:\\\/\\\/www.elle.be\\\/fr\\\/#website\",\"url\":\"https:\\\/\\\/www.elle.be\\\/fr\\\/\",\"name\":\"ELLE.be\",\"description\":\"Toutes les infos mode, beaut\u00e9 et lifestyle les plus pointues ainsi qu&#039;un contenu 100% belge d\u00e9clin\u00e9 \u00e0 360\u00b0sur le site ELLE.be, nos r\u00e9seaux sociaux et notre cha\u00eene Youtube.\",\"publisher\":{\"@id\":\"https:\\\/\\\/www.elle.be\\\/fr\\\/#organization\"},\"potentialAction\":[{\"@type\":\"SearchAction\",\"target\":{\"@type\":\"EntryPoint\",\"urlTemplate\":\"https:\\\/\\\/www.elle.be\\\/fr\\\/?s={search_term_string}\"},\"query-input\":{\"@type\":\"PropertyValueSpecification\",\"valueRequired\":true,\"valueName\":\"search_term_string\"}}],\"inLanguage\":\"fr-FR\"},{\"@type\":\"Organization\",\"@id\":\"https:\\\/\\\/www.elle.be\\\/fr\\\/#organization\",\"name\":\"ELLE Belgique\",\"url\":\"https:\\\/\\\/www.elle.be\\\/fr\\\/\",\"logo\":{\"@type\":\"ImageObject\",\"inLanguage\":\"fr-FR\",\"@id\":\"https:\\\/\\\/www.elle.be\\\/fr\\\/#\\\/schema\\\/logo\\\/image\\\/\",\"url\":\"https:\\\/\\\/www.elle.be\\\/fr\\\/wp-content\\\/uploads\\\/2017\\\/03\\\/elle-icon-200px.jpeg\",\"contentUrl\":\"https:\\\/\\\/www.elle.be\\\/fr\\\/wp-content\\\/uploads\\\/2017\\\/03\\\/elle-icon-200px.jpeg\",\"width\":200,\"height\":200,\"caption\":\"ELLE Belgique\"},\"image\":{\"@id\":\"https:\\\/\\\/www.elle.be\\\/fr\\\/#\\\/schema\\\/logo\\\/image\\\/\"},\"sameAs\":[\"https:\\\/\\\/www.facebook.com\\\/ELLEbelgium\\\/\",\"https:\\\/\\\/x.com\\\/ELLEBelgique\",\"http:\\\/\\\/instagram.com\\\/ellebelgique\\\/\",\"https:\\\/\\\/www.pinterest.com\\\/ellebelgique\\\/\",\"https:\\\/\\\/www.youtube.com\\\/user\\\/ELLEbelgique1\"]},{\"@type\":\"Person\",\"@id\":\"https:\\\/\\\/www.elle.be\\\/fr\\\/#\\\/schema\\\/person\\\/2c7693f13ee3d4992850ec2ff033c586\",\"name\":\"ELLE Partenaire\",\"image\":{\"@type\":\"ImageObject\",\"inLanguage\":\"fr-FR\",\"@id\":\"https:\\\/\\\/secure.gravatar.com\\\/avatar\\\/dddcf2d7bb88803a2e434d2b1c6a7b997b2de2334d047a137cc5e9dc165ca7e2?s=96&r=g\",\"url\":\"https:\\\/\\\/secure.gravatar.com\\\/avatar\\\/dddcf2d7bb88803a2e434d2b1c6a7b997b2de2334d047a137cc5e9dc165ca7e2?s=96&r=g\",\"contentUrl\":\"https:\\\/\\\/secure.gravatar.com\\\/avatar\\\/dddcf2d7bb88803a2e434d2b1c6a7b997b2de2334d047a137cc5e9dc165ca7e2?s=96&r=g\",\"caption\":\"ELLE Partenaire\"},\"url\":\"https:\\\/\\\/www.elle.be\\\/fr\\\/author\\\/operation-speciale\"}]}<\/script>\n<!-- \/ Yoast SEO plugin. -->","yoast_head_json":{"title":"Quel compl\u00e9ment prendre pour retrouver la forme ? - ELLE.be","description":"La r\u00e9dac\u2019 a test\u00e9 pour vous Motiv Aid une solution naturelle \u00e0 base de plantes qui vous aidera \u00e0 vous remettre d\u2019aplomb !","robots":{"index":"index","follow":"follow","max-snippet":"max-snippet:-1","max-image-preview":"max-image-preview:large","max-video-preview":"max-video-preview:-1"},"canonical":"https:\/\/www.elle.be\/fr\/319578-la-redac-a-teste-des-complements-pour-retrouver-la-peche.html","og_locale":"fr_FR","og_type":"article","og_title":"Quel compl\u00e9ment prendre pour retrouver la forme ? - ELLE.be","og_description":"La r\u00e9dac\u2019 a test\u00e9 pour vous Motiv Aid une solution naturelle \u00e0 base de plantes qui vous aidera \u00e0 vous remettre d\u2019aplomb !","og_url":"https:\/\/www.elle.be\/fr\/319578-la-redac-a-teste-des-complements-pour-retrouver-la-peche.html","og_site_name":"ELLE.be","article_publisher":"https:\/\/www.facebook.com\/ELLEbelgium\/","article_published_time":"2021-01-26T09:35:45+00:00","article_modified_time":"2021-01-26T12:47:00+00:00","og_image":[{"width":1200,"height":628,"url":"https:\/\/www.elle.be\/fr\/wp-content\/uploads\/2021\/01\/elle_1200x628-55.jpg","type":"image\/jpeg"}],"author":"ELLE Partenaire","twitter_card":"summary_large_image","twitter_creator":"@ELLEBelgique","twitter_site":"@ELLEBelgique","twitter_misc":{"\u00c9crit par":"ELLE Partenaire","Dur\u00e9e de lecture estim\u00e9e":"3 minutes"},"schema":{"@context":"https:\/\/schema.org","@graph":[{"@type":"NewsArticle","@id":"https:\/\/www.elle.be\/fr\/319578-la-redac-a-teste-des-complements-pour-retrouver-la-peche.html#article","isPartOf":{"@id":"https:\/\/www.elle.be\/fr\/319578-la-redac-a-teste-des-complements-pour-retrouver-la-peche.html"},"author":{"name":"ELLE Partenaire","@id":"https:\/\/www.elle.be\/fr\/#\/schema\/person\/2c7693f13ee3d4992850ec2ff033c586"},"headline":"La r\u00e9dac&#8217; a test\u00e9 des compl\u00e9ments pour retrouver la p\u00eache","datePublished":"2021-01-26T09:35:45+00:00","dateModified":"2021-01-26T12:47:00+00:00","mainEntityOfPage":{"@id":"https:\/\/www.elle.be\/fr\/319578-la-redac-a-teste-des-complements-pour-retrouver-la-peche.html"},"wordCount":638,"commentCount":0,"publisher":{"@id":"https:\/\/www.elle.be\/fr\/#organization"},"image":{"@id":"https:\/\/www.elle.be\/fr\/319578-la-redac-a-teste-des-complements-pour-retrouver-la-peche.html#primaryimage"},"thumbnailUrl":"https:\/\/www.elle.be\/fr\/wp-content\/uploads\/2021\/01\/elle_1200x628-55.jpg","keywords":["sant\u00e9"],"articleSection":["Sant\u00e9","Lifestyle"],"inLanguage":"fr-FR","potentialAction":[{"@type":"CommentAction","name":"Comment","target":["https:\/\/www.elle.be\/fr\/319578-la-redac-a-teste-des-complements-pour-retrouver-la-peche.html#respond"]}]},{"@type":"WebPage","@id":"https:\/\/www.elle.be\/fr\/319578-la-redac-a-teste-des-complements-pour-retrouver-la-peche.html","url":"https:\/\/www.elle.be\/fr\/319578-la-redac-a-teste-des-complements-pour-retrouver-la-peche.html","name":"Quel compl\u00e9ment prendre pour retrouver la forme ? - ELLE.be","isPartOf":{"@id":"https:\/\/www.elle.be\/fr\/#website"},"primaryImageOfPage":{"@id":"https:\/\/www.elle.be\/fr\/319578-la-redac-a-teste-des-complements-pour-retrouver-la-peche.html#primaryimage"},"image":{"@id":"https:\/\/www.elle.be\/fr\/319578-la-redac-a-teste-des-complements-pour-retrouver-la-peche.html#primaryimage"},"thumbnailUrl":"https:\/\/www.elle.be\/fr\/wp-content\/uploads\/2021\/01\/elle_1200x628-55.jpg","datePublished":"2021-01-26T09:35:45+00:00","dateModified":"2021-01-26T12:47:00+00:00","description":"La r\u00e9dac\u2019 a test\u00e9 pour vous Motiv Aid une solution naturelle \u00e0 base de plantes qui vous aidera \u00e0 vous remettre d\u2019aplomb !","breadcrumb":{"@id":"https:\/\/www.elle.be\/fr\/319578-la-redac-a-teste-des-complements-pour-retrouver-la-peche.html#breadcrumb"},"inLanguage":"fr-FR","potentialAction":[{"@type":"ReadAction","target":["https:\/\/www.elle.be\/fr\/319578-la-redac-a-teste-des-complements-pour-retrouver-la-peche.html"]}]},{"@type":"ImageObject","inLanguage":"fr-FR","@id":"https:\/\/www.elle.be\/fr\/319578-la-redac-a-teste-des-complements-pour-retrouver-la-peche.html#primaryimage","url":"https:\/\/www.elle.be\/fr\/wp-content\/uploads\/2021\/01\/elle_1200x628-55.jpg","contentUrl":"https:\/\/www.elle.be\/fr\/wp-content\/uploads\/2021\/01\/elle_1200x628-55.jpg","width":1200,"height":628,"caption":"ELLE x Motiv Aid"},{"@type":"BreadcrumbList","@id":"https:\/\/www.elle.be\/fr\/319578-la-redac-a-teste-des-complements-pour-retrouver-la-peche.html#breadcrumb","itemListElement":[{"@type":"ListItem","position":1,"name":"FR","item":"https:\/\/www.elle.be\/fr"},{"@type":"ListItem","position":2,"name":"Sant\u00e9","item":"https:\/\/www.elle.be\/fr\/elle-sante"},{"@type":"ListItem","position":3,"name":"La r\u00e9dac&rsquo; a test\u00e9 des compl\u00e9ments pour retrouver la p\u00eache"}]},{"@type":"WebSite","@id":"https:\/\/www.elle.be\/fr\/#website","url":"https:\/\/www.elle.be\/fr\/","name":"ELLE.be","description":"Toutes les infos mode, beaut\u00e9 et lifestyle les plus pointues ainsi qu&#039;un contenu 100% belge d\u00e9clin\u00e9 \u00e0 360\u00b0sur le site ELLE.be, nos r\u00e9seaux sociaux et notre cha\u00eene Youtube.","publisher":{"@id":"https:\/\/www.elle.be\/fr\/#organization"},"potentialAction":[{"@type":"SearchAction","target":{"@type":"EntryPoint","urlTemplate":"https:\/\/www.elle.be\/fr\/?s={search_term_string}"},"query-input":{"@type":"PropertyValueSpecification","valueRequired":true,"valueName":"search_term_string"}}],"inLanguage":"fr-FR"},{"@type":"Organization","@id":"https:\/\/www.elle.be\/fr\/#organization","name":"ELLE Belgique","url":"https:\/\/www.elle.be\/fr\/","logo":{"@type":"ImageObject","inLanguage":"fr-FR","@id":"https:\/\/www.elle.be\/fr\/#\/schema\/logo\/image\/","url":"https:\/\/www.elle.be\/fr\/wp-content\/uploads\/2017\/03\/elle-icon-200px.jpeg","contentUrl":"https:\/\/www.elle.be\/fr\/wp-content\/uploads\/2017\/03\/elle-icon-200px.jpeg","width":200,"height":200,"caption":"ELLE Belgique"},"image":{"@id":"https:\/\/www.elle.be\/fr\/#\/schema\/logo\/image\/"},"sameAs":["https:\/\/www.facebook.com\/ELLEbelgium\/","https:\/\/x.com\/ELLEBelgique","http:\/\/instagram.com\/ellebelgique\/","https:\/\/www.pinterest.com\/ellebelgique\/","https:\/\/www.youtube.com\/user\/ELLEbelgique1"]},{"@type":"Person","@id":"https:\/\/www.elle.be\/fr\/#\/schema\/person\/2c7693f13ee3d4992850ec2ff033c586","name":"ELLE Partenaire","image":{"@type":"ImageObject","inLanguage":"fr-FR","@id":"https:\/\/secure.gravatar.com\/avatar\/dddcf2d7bb88803a2e434d2b1c6a7b997b2de2334d047a137cc5e9dc165ca7e2?s=96&r=g","url":"https:\/\/secure.gravatar.com\/avatar\/dddcf2d7bb88803a2e434d2b1c6a7b997b2de2334d047a137cc5e9dc165ca7e2?s=96&r=g","contentUrl":"https:\/\/secure.gravatar.com\/avatar\/dddcf2d7bb88803a2e434d2b1c6a7b997b2de2334d047a137cc5e9dc165ca7e2?s=96&r=g","caption":"ELLE Partenaire"},"url":"https:\/\/www.elle.be\/fr\/author\/operation-speciale"}]}},"_links":{"self":[{"href":"https:\/\/www.elle.be\/fr\/wp-json\/wp\/v2\/posts\/319578","targetHints":{"allow":["GET"]}}],"collection":[{"href":"https:\/\/www.elle.be\/fr\/wp-json\/wp\/v2\/posts"}],"about":[{"href":"https:\/\/www.elle.be\/fr\/wp-json\/wp\/v2\/types\/post"}],"author":[{"embeddable":true,"href":"https:\/\/www.elle.be\/fr\/wp-json\/wp\/v2\/users\/47"}],"replies":[{"embeddable":true,"href":"https:\/\/www.elle.be\/fr\/wp-json\/wp\/v2\/comments?post=319578"}],"version-history":[{"count":10,"href":"https:\/\/www.elle.be\/fr\/wp-json\/wp\/v2\/posts\/319578\/revisions"}],"predecessor-version":[{"id":321355,"href":"https:\/\/www.elle.be\/fr\/wp-json\/wp\/v2\/posts\/319578\/revisions\/321355"}],"wp:featuredmedia":[{"embeddable":true,"href":"https:\/\/www.elle.be\/fr\/wp-json\/wp\/v2\/media\/319600"}],"wp:attachment":[{"href":"https:\/\/www.elle.be\/fr\/wp-json\/wp\/v2\/media?parent=319578"}],"wp:term":[{"taxonomy":"category","embeddable":true,"href":"https:\/\/www.elle.be\/fr\/wp-json\/wp\/v2\/categories?post=319578"},{"taxonomy":"post_tag","embeddable":true,"href":"https:\/\/www.elle.be\/fr\/wp-json\/wp\/v2\/tags?post=319578"}],"curies":[{"name":"wp","href":"https:\/\/api.w.org\/{rel}","templated":true}]}}