{"id":319036,"date":"2020-12-05T09:35:04","date_gmt":"2020-12-05T08:35:04","guid":{"rendered":"https:\/\/www.elle.be\/fr\/?p=319036"},"modified":"2021-01-05T09:50:42","modified_gmt":"2021-01-05T08:50:42","slug":"outils-en-ligne-cv","status":"publish","type":"post","link":"https:\/\/www.elle.be\/fr\/319036-outils-en-ligne-cv.html","title":{"rendered":"Deux outils en ligne utiles pour rafra\u00eechir votre CV et vous aider \u00e0 trouver un nouveau d\u00e9fi en 2021"},"content":{"rendered":"","protected":false},"excerpt":{"rendered":"Dans la majorit\u00e9 des annonces de recrutement qui apparaissent sur Internet, sur les m\u00e9dias ainsi que sur les affiches, il est toujours mentionn\u00e9 que les postulants doivent soumettre leur candidature par le biais d&#8217;un CV et d&#8217;une lettre de motivation.","protected":false},"author":6,"featured_media":319037,"comment_status":"open","ping_status":"closed","sticky":false,"template":"","format":"standard","meta":{"_acf_changed":false,"footnotes":""},"categories":[2220],"tags":[],"class_list":["post-319036","post","type-post","status-publish","format-standard","has-post-thumbnail","hentry","category-societe"],"acf":[],"image_verticale":"","_yoast_wpseo_title":null,"_yoast_wpseo_metadesc":null,"_yoast_wpseo_focuskw_text_input":null,"_yoast_wpseo_opengraph-title":null,"yoast_head":"<!-- This site is optimized with the Yoast SEO plugin v27.4 - https:\/\/yoast.com\/product\/yoast-seo-wordpress\/ -->\n<title>Deux outils en ligne utiles pour rafra\u00eechir votre CV et vous aider \u00e0 trouver un nouveau d\u00e9fi en 2021 - ELLE.be<\/title>\n<meta name=\"description\" content=\"Dans la majorit\u00e9 des annonces de recrutement qui apparaissent sur Internet, sur les m\u00e9dias ainsi que sur les affiches, il est toujours mentionn\u00e9 que les\" \/>\n<meta name=\"robots\" content=\"index, follow, max-snippet:-1, max-image-preview:large, max-video-preview:-1\" \/>\n<link rel=\"canonical\" href=\"https:\/\/www.elle.be\/fr\/319036-outils-en-ligne-cv.html\" \/>\n<meta property=\"og:locale\" content=\"fr_FR\" \/>\n<meta property=\"og:type\" content=\"article\" \/>\n<meta property=\"og:title\" content=\"Deux outils en ligne utiles pour rafra\u00eechir votre CV et vous aider \u00e0 trouver un nouveau d\u00e9fi en 2021 - ELLE.be\" \/>\n<meta property=\"og:description\" content=\"Dans la majorit\u00e9 des annonces de recrutement qui apparaissent sur Internet, sur les m\u00e9dias ainsi que sur les affiches, il est toujours mentionn\u00e9 que les\" \/>\n<meta property=\"og:url\" content=\"https:\/\/www.elle.be\/fr\/319036-outils-en-ligne-cv.html\" \/>\n<meta property=\"og:site_name\" content=\"ELLE.be\" \/>\n<meta property=\"article:publisher\" content=\"https:\/\/www.facebook.com\/ELLEbelgium\/\" \/>\n<meta property=\"article:author\" content=\"https:\/\/www.facebook.com\/pages\/ELLE-Belgique\/37490723084\" \/>\n<meta property=\"article:published_time\" content=\"2020-12-05T08:35:04+00:00\" \/>\n<meta property=\"article:modified_time\" content=\"2021-01-05T08:50:42+00:00\" \/>\n<meta property=\"og:image\" content=\"https:\/\/www.elle.be\/fr\/wp-content\/uploads\/2021\/01\/damian-zaleski-ryyr-k3ysqg-unsplash.jpg\" \/>\n\t<meta property=\"og:image:width\" content=\"1200\" \/>\n\t<meta property=\"og:image:height\" content=\"616\" \/>\n\t<meta property=\"og:image:type\" content=\"image\/jpeg\" \/>\n<meta name=\"author\" content=\"La r\u00e9daction\" \/>\n<meta name=\"twitter:card\" content=\"summary_large_image\" \/>\n<meta name=\"twitter:creator\" content=\"@ELLEBelgique\" \/>\n<meta name=\"twitter:site\" content=\"@ELLEBelgique\" \/>\n<meta name=\"twitter:label1\" content=\"\u00c9crit par\" \/>\n\t<meta name=\"twitter:data1\" content=\"La r\u00e9daction\" \/>\n\t<meta name=\"twitter:label2\" content=\"Dur\u00e9e de lecture estim\u00e9e\" \/>\n\t<meta name=\"twitter:data2\" content=\"4 minutes\" \/>\n<script type=\"application\/ld+json\" class=\"yoast-schema-graph\">{\"@context\":\"https:\\\/\\\/schema.org\",\"@graph\":[{\"@type\":\"NewsArticle\",\"@id\":\"https:\\\/\\\/www.elle.be\\\/fr\\\/319036-outils-en-ligne-cv.html#article\",\"isPartOf\":{\"@id\":\"https:\\\/\\\/www.elle.be\\\/fr\\\/319036-outils-en-ligne-cv.html\"},\"author\":{\"name\":\"La r\u00e9daction\",\"@id\":\"https:\\\/\\\/www.elle.be\\\/fr\\\/#\\\/schema\\\/person\\\/16ba064c2e0ef434bf6ed0b45c6e813f\"},\"headline\":\"Deux outils en ligne utiles pour rafra\u00eechir votre CV et vous aider \u00e0 trouver un nouveau d\u00e9fi en 2021\",\"datePublished\":\"2020-12-05T08:35:04+00:00\",\"dateModified\":\"2021-01-05T08:50:42+00:00\",\"mainEntityOfPage\":{\"@id\":\"https:\\\/\\\/www.elle.be\\\/fr\\\/319036-outils-en-ligne-cv.html\"},\"wordCount\":767,\"commentCount\":0,\"publisher\":{\"@id\":\"https:\\\/\\\/www.elle.be\\\/fr\\\/#organization\"},\"image\":{\"@id\":\"https:\\\/\\\/www.elle.be\\\/fr\\\/319036-outils-en-ligne-cv.html#primaryimage\"},\"thumbnailUrl\":\"https:\\\/\\\/www.elle.be\\\/fr\\\/wp-content\\\/uploads\\\/2021\\\/01\\\/damian-zaleski-ryyr-k3ysqg-unsplash.jpg\",\"articleSection\":[\"Soci\u00e9t\u00e9\"],\"inLanguage\":\"fr-FR\",\"potentialAction\":[{\"@type\":\"CommentAction\",\"name\":\"Comment\",\"target\":[\"https:\\\/\\\/www.elle.be\\\/fr\\\/319036-outils-en-ligne-cv.html#respond\"]}]},{\"@type\":\"WebPage\",\"@id\":\"https:\\\/\\\/www.elle.be\\\/fr\\\/319036-outils-en-ligne-cv.html\",\"url\":\"https:\\\/\\\/www.elle.be\\\/fr\\\/319036-outils-en-ligne-cv.html\",\"name\":\"Deux outils en ligne utiles pour rafra\u00eechir votre CV et vous aider \u00e0 trouver un nouveau d\u00e9fi en 2021 - ELLE.be\",\"isPartOf\":{\"@id\":\"https:\\\/\\\/www.elle.be\\\/fr\\\/#website\"},\"primaryImageOfPage\":{\"@id\":\"https:\\\/\\\/www.elle.be\\\/fr\\\/319036-outils-en-ligne-cv.html#primaryimage\"},\"image\":{\"@id\":\"https:\\\/\\\/www.elle.be\\\/fr\\\/319036-outils-en-ligne-cv.html#primaryimage\"},\"thumbnailUrl\":\"https:\\\/\\\/www.elle.be\\\/fr\\\/wp-content\\\/uploads\\\/2021\\\/01\\\/damian-zaleski-ryyr-k3ysqg-unsplash.jpg\",\"datePublished\":\"2020-12-05T08:35:04+00:00\",\"dateModified\":\"2021-01-05T08:50:42+00:00\",\"description\":\"Dans la majorit\u00e9 des annonces de recrutement qui apparaissent sur Internet, sur les m\u00e9dias ainsi que sur les affiches, il est toujours mentionn\u00e9 que les\",\"breadcrumb\":{\"@id\":\"https:\\\/\\\/www.elle.be\\\/fr\\\/319036-outils-en-ligne-cv.html#breadcrumb\"},\"inLanguage\":\"fr-FR\",\"potentialAction\":[{\"@type\":\"ReadAction\",\"target\":[\"https:\\\/\\\/www.elle.be\\\/fr\\\/319036-outils-en-ligne-cv.html\"]}]},{\"@type\":\"ImageObject\",\"inLanguage\":\"fr-FR\",\"@id\":\"https:\\\/\\\/www.elle.be\\\/fr\\\/319036-outils-en-ligne-cv.html#primaryimage\",\"url\":\"https:\\\/\\\/www.elle.be\\\/fr\\\/wp-content\\\/uploads\\\/2021\\\/01\\\/damian-zaleski-ryyr-k3ysqg-unsplash.jpg\",\"contentUrl\":\"https:\\\/\\\/www.elle.be\\\/fr\\\/wp-content\\\/uploads\\\/2021\\\/01\\\/damian-zaleski-ryyr-k3ysqg-unsplash.jpg\",\"width\":1200,\"height\":616,\"caption\":\"Photo by Damian Zaleski on Unsplash\"},{\"@type\":\"BreadcrumbList\",\"@id\":\"https:\\\/\\\/www.elle.be\\\/fr\\\/319036-outils-en-ligne-cv.html#breadcrumb\",\"itemListElement\":[{\"@type\":\"ListItem\",\"position\":1,\"name\":\"FR\",\"item\":\"https:\\\/\\\/www.elle.be\\\/fr\"},{\"@type\":\"ListItem\",\"position\":2,\"name\":\"Actu\",\"item\":\"https:\\\/\\\/www.elle.be\\\/fr\\\/actu\"},{\"@type\":\"ListItem\",\"position\":3,\"name\":\"Soci\u00e9t\u00e9\",\"item\":\"https:\\\/\\\/www.elle.be\\\/fr\\\/actu\\\/societe\"},{\"@type\":\"ListItem\",\"position\":4,\"name\":\"Deux outils en ligne utiles pour rafra\u00eechir votre CV et vous aider \u00e0 trouver un nouveau d\u00e9fi en 2021\"}]},{\"@type\":\"WebSite\",\"@id\":\"https:\\\/\\\/www.elle.be\\\/fr\\\/#website\",\"url\":\"https:\\\/\\\/www.elle.be\\\/fr\\\/\",\"name\":\"ELLE.be\",\"description\":\"Toutes les infos mode, beaut\u00e9 et lifestyle les plus pointues ainsi qu&#039;un contenu 100% belge d\u00e9clin\u00e9 \u00e0 360\u00b0sur le site ELLE.be, nos r\u00e9seaux sociaux et notre cha\u00eene Youtube.\",\"publisher\":{\"@id\":\"https:\\\/\\\/www.elle.be\\\/fr\\\/#organization\"},\"potentialAction\":[{\"@type\":\"SearchAction\",\"target\":{\"@type\":\"EntryPoint\",\"urlTemplate\":\"https:\\\/\\\/www.elle.be\\\/fr\\\/?s={search_term_string}\"},\"query-input\":{\"@type\":\"PropertyValueSpecification\",\"valueRequired\":true,\"valueName\":\"search_term_string\"}}],\"inLanguage\":\"fr-FR\"},{\"@type\":\"Organization\",\"@id\":\"https:\\\/\\\/www.elle.be\\\/fr\\\/#organization\",\"name\":\"ELLE Belgique\",\"url\":\"https:\\\/\\\/www.elle.be\\\/fr\\\/\",\"logo\":{\"@type\":\"ImageObject\",\"inLanguage\":\"fr-FR\",\"@id\":\"https:\\\/\\\/www.elle.be\\\/fr\\\/#\\\/schema\\\/logo\\\/image\\\/\",\"url\":\"https:\\\/\\\/www.elle.be\\\/fr\\\/wp-content\\\/uploads\\\/2017\\\/03\\\/elle-icon-200px.jpeg\",\"contentUrl\":\"https:\\\/\\\/www.elle.be\\\/fr\\\/wp-content\\\/uploads\\\/2017\\\/03\\\/elle-icon-200px.jpeg\",\"width\":200,\"height\":200,\"caption\":\"ELLE Belgique\"},\"image\":{\"@id\":\"https:\\\/\\\/www.elle.be\\\/fr\\\/#\\\/schema\\\/logo\\\/image\\\/\"},\"sameAs\":[\"https:\\\/\\\/www.facebook.com\\\/ELLEbelgium\\\/\",\"https:\\\/\\\/x.com\\\/ELLEBelgique\",\"http:\\\/\\\/instagram.com\\\/ellebelgique\\\/\",\"https:\\\/\\\/www.pinterest.com\\\/ellebelgique\\\/\",\"https:\\\/\\\/www.youtube.com\\\/user\\\/ELLEbelgique1\"]},{\"@type\":\"Person\",\"@id\":\"https:\\\/\\\/www.elle.be\\\/fr\\\/#\\\/schema\\\/person\\\/16ba064c2e0ef434bf6ed0b45c6e813f\",\"name\":\"La r\u00e9daction\",\"image\":{\"@type\":\"ImageObject\",\"inLanguage\":\"fr-FR\",\"@id\":\"https:\\\/\\\/www.elle.be\\\/fr\\\/wp-content\\\/uploads\\\/2017\\\/03\\\/cover_FR166-96x96.jpg\",\"url\":\"https:\\\/\\\/www.elle.be\\\/fr\\\/wp-content\\\/uploads\\\/2017\\\/03\\\/cover_FR166-96x96.jpg\",\"contentUrl\":\"https:\\\/\\\/www.elle.be\\\/fr\\\/wp-content\\\/uploads\\\/2017\\\/03\\\/cover_FR166-96x96.jpg\",\"caption\":\"La r\u00e9daction\"},\"description\":\"Toutes les infos mode, beaut\u00e9 et lifestyle les plus pointues ainsi qu'un contenu 100% belge d\u00e9clin\u00e9 \u00e0 360\u00b0sur le site ELLE.be, nos r\u00e9seaux sociaux et notre cha\u00eene Youtube.\",\"sameAs\":[\"http:\\\/\\\/www.elle.be\\\/fr\\\/\",\"https:\\\/\\\/www.facebook.com\\\/pages\\\/ELLE-Belgique\\\/37490723084\",\"http:\\\/\\\/instagram.com\\\/ellebelgique#\",\"http:\\\/\\\/www.pinterest.com\\\/ellebelgique\\\/pins\\\/\",\"https:\\\/\\\/x.com\\\/ELLEBelgique\"],\"url\":\"https:\\\/\\\/www.elle.be\\\/fr\\\/author\\\/elle-be\"}]}<\/script>\n<!-- \/ Yoast SEO plugin. -->","yoast_head_json":{"title":"Deux outils en ligne utiles pour rafra\u00eechir votre CV et vous aider \u00e0 trouver un nouveau d\u00e9fi en 2021 - ELLE.be","description":"Dans la majorit\u00e9 des annonces de recrutement qui apparaissent sur Internet, sur les m\u00e9dias ainsi que sur les affiches, il est toujours mentionn\u00e9 que les","robots":{"index":"index","follow":"follow","max-snippet":"max-snippet:-1","max-image-preview":"max-image-preview:large","max-video-preview":"max-video-preview:-1"},"canonical":"https:\/\/www.elle.be\/fr\/319036-outils-en-ligne-cv.html","og_locale":"fr_FR","og_type":"article","og_title":"Deux outils en ligne utiles pour rafra\u00eechir votre CV et vous aider \u00e0 trouver un nouveau d\u00e9fi en 2021 - ELLE.be","og_description":"Dans la majorit\u00e9 des annonces de recrutement qui apparaissent sur Internet, sur les m\u00e9dias ainsi que sur les affiches, il est toujours mentionn\u00e9 que les","og_url":"https:\/\/www.elle.be\/fr\/319036-outils-en-ligne-cv.html","og_site_name":"ELLE.be","article_publisher":"https:\/\/www.facebook.com\/ELLEbelgium\/","article_author":"https:\/\/www.facebook.com\/pages\/ELLE-Belgique\/37490723084","article_published_time":"2020-12-05T08:35:04+00:00","article_modified_time":"2021-01-05T08:50:42+00:00","og_image":[{"width":1200,"height":616,"url":"https:\/\/www.elle.be\/fr\/wp-content\/uploads\/2021\/01\/damian-zaleski-ryyr-k3ysqg-unsplash.jpg","type":"image\/jpeg"}],"author":"La r\u00e9daction","twitter_card":"summary_large_image","twitter_creator":"@ELLEBelgique","twitter_site":"@ELLEBelgique","twitter_misc":{"\u00c9crit par":"La r\u00e9daction","Dur\u00e9e de lecture estim\u00e9e":"4 minutes"},"schema":{"@context":"https:\/\/schema.org","@graph":[{"@type":"NewsArticle","@id":"https:\/\/www.elle.be\/fr\/319036-outils-en-ligne-cv.html#article","isPartOf":{"@id":"https:\/\/www.elle.be\/fr\/319036-outils-en-ligne-cv.html"},"author":{"name":"La r\u00e9daction","@id":"https:\/\/www.elle.be\/fr\/#\/schema\/person\/16ba064c2e0ef434bf6ed0b45c6e813f"},"headline":"Deux outils en ligne utiles pour rafra\u00eechir votre CV et vous aider \u00e0 trouver un nouveau d\u00e9fi en 2021","datePublished":"2020-12-05T08:35:04+00:00","dateModified":"2021-01-05T08:50:42+00:00","mainEntityOfPage":{"@id":"https:\/\/www.elle.be\/fr\/319036-outils-en-ligne-cv.html"},"wordCount":767,"commentCount":0,"publisher":{"@id":"https:\/\/www.elle.be\/fr\/#organization"},"image":{"@id":"https:\/\/www.elle.be\/fr\/319036-outils-en-ligne-cv.html#primaryimage"},"thumbnailUrl":"https:\/\/www.elle.be\/fr\/wp-content\/uploads\/2021\/01\/damian-zaleski-ryyr-k3ysqg-unsplash.jpg","articleSection":["Soci\u00e9t\u00e9"],"inLanguage":"fr-FR","potentialAction":[{"@type":"CommentAction","name":"Comment","target":["https:\/\/www.elle.be\/fr\/319036-outils-en-ligne-cv.html#respond"]}]},{"@type":"WebPage","@id":"https:\/\/www.elle.be\/fr\/319036-outils-en-ligne-cv.html","url":"https:\/\/www.elle.be\/fr\/319036-outils-en-ligne-cv.html","name":"Deux outils en ligne utiles pour rafra\u00eechir votre CV et vous aider \u00e0 trouver un nouveau d\u00e9fi en 2021 - ELLE.be","isPartOf":{"@id":"https:\/\/www.elle.be\/fr\/#website"},"primaryImageOfPage":{"@id":"https:\/\/www.elle.be\/fr\/319036-outils-en-ligne-cv.html#primaryimage"},"image":{"@id":"https:\/\/www.elle.be\/fr\/319036-outils-en-ligne-cv.html#primaryimage"},"thumbnailUrl":"https:\/\/www.elle.be\/fr\/wp-content\/uploads\/2021\/01\/damian-zaleski-ryyr-k3ysqg-unsplash.jpg","datePublished":"2020-12-05T08:35:04+00:00","dateModified":"2021-01-05T08:50:42+00:00","description":"Dans la majorit\u00e9 des annonces de recrutement qui apparaissent sur Internet, sur les m\u00e9dias ainsi que sur les affiches, il est toujours mentionn\u00e9 que les","breadcrumb":{"@id":"https:\/\/www.elle.be\/fr\/319036-outils-en-ligne-cv.html#breadcrumb"},"inLanguage":"fr-FR","potentialAction":[{"@type":"ReadAction","target":["https:\/\/www.elle.be\/fr\/319036-outils-en-ligne-cv.html"]}]},{"@type":"ImageObject","inLanguage":"fr-FR","@id":"https:\/\/www.elle.be\/fr\/319036-outils-en-ligne-cv.html#primaryimage","url":"https:\/\/www.elle.be\/fr\/wp-content\/uploads\/2021\/01\/damian-zaleski-ryyr-k3ysqg-unsplash.jpg","contentUrl":"https:\/\/www.elle.be\/fr\/wp-content\/uploads\/2021\/01\/damian-zaleski-ryyr-k3ysqg-unsplash.jpg","width":1200,"height":616,"caption":"Photo by Damian Zaleski on Unsplash"},{"@type":"BreadcrumbList","@id":"https:\/\/www.elle.be\/fr\/319036-outils-en-ligne-cv.html#breadcrumb","itemListElement":[{"@type":"ListItem","position":1,"name":"FR","item":"https:\/\/www.elle.be\/fr"},{"@type":"ListItem","position":2,"name":"Actu","item":"https:\/\/www.elle.be\/fr\/actu"},{"@type":"ListItem","position":3,"name":"Soci\u00e9t\u00e9","item":"https:\/\/www.elle.be\/fr\/actu\/societe"},{"@type":"ListItem","position":4,"name":"Deux outils en ligne utiles pour rafra\u00eechir votre CV et vous aider \u00e0 trouver un nouveau d\u00e9fi en 2021"}]},{"@type":"WebSite","@id":"https:\/\/www.elle.be\/fr\/#website","url":"https:\/\/www.elle.be\/fr\/","name":"ELLE.be","description":"Toutes les infos mode, beaut\u00e9 et lifestyle les plus pointues ainsi qu&#039;un contenu 100% belge d\u00e9clin\u00e9 \u00e0 360\u00b0sur le site ELLE.be, nos r\u00e9seaux sociaux et notre cha\u00eene Youtube.","publisher":{"@id":"https:\/\/www.elle.be\/fr\/#organization"},"potentialAction":[{"@type":"SearchAction","target":{"@type":"EntryPoint","urlTemplate":"https:\/\/www.elle.be\/fr\/?s={search_term_string}"},"query-input":{"@type":"PropertyValueSpecification","valueRequired":true,"valueName":"search_term_string"}}],"inLanguage":"fr-FR"},{"@type":"Organization","@id":"https:\/\/www.elle.be\/fr\/#organization","name":"ELLE Belgique","url":"https:\/\/www.elle.be\/fr\/","logo":{"@type":"ImageObject","inLanguage":"fr-FR","@id":"https:\/\/www.elle.be\/fr\/#\/schema\/logo\/image\/","url":"https:\/\/www.elle.be\/fr\/wp-content\/uploads\/2017\/03\/elle-icon-200px.jpeg","contentUrl":"https:\/\/www.elle.be\/fr\/wp-content\/uploads\/2017\/03\/elle-icon-200px.jpeg","width":200,"height":200,"caption":"ELLE Belgique"},"image":{"@id":"https:\/\/www.elle.be\/fr\/#\/schema\/logo\/image\/"},"sameAs":["https:\/\/www.facebook.com\/ELLEbelgium\/","https:\/\/x.com\/ELLEBelgique","http:\/\/instagram.com\/ellebelgique\/","https:\/\/www.pinterest.com\/ellebelgique\/","https:\/\/www.youtube.com\/user\/ELLEbelgique1"]},{"@type":"Person","@id":"https:\/\/www.elle.be\/fr\/#\/schema\/person\/16ba064c2e0ef434bf6ed0b45c6e813f","name":"La r\u00e9daction","image":{"@type":"ImageObject","inLanguage":"fr-FR","@id":"https:\/\/www.elle.be\/fr\/wp-content\/uploads\/2017\/03\/cover_FR166-96x96.jpg","url":"https:\/\/www.elle.be\/fr\/wp-content\/uploads\/2017\/03\/cover_FR166-96x96.jpg","contentUrl":"https:\/\/www.elle.be\/fr\/wp-content\/uploads\/2017\/03\/cover_FR166-96x96.jpg","caption":"La r\u00e9daction"},"description":"Toutes les infos mode, beaut\u00e9 et lifestyle les plus pointues ainsi qu'un contenu 100% belge d\u00e9clin\u00e9 \u00e0 360\u00b0sur le site ELLE.be, nos r\u00e9seaux sociaux et notre cha\u00eene Youtube.","sameAs":["http:\/\/www.elle.be\/fr\/","https:\/\/www.facebook.com\/pages\/ELLE-Belgique\/37490723084","http:\/\/instagram.com\/ellebelgique#","http:\/\/www.pinterest.com\/ellebelgique\/pins\/","https:\/\/x.com\/ELLEBelgique"],"url":"https:\/\/www.elle.be\/fr\/author\/elle-be"}]}},"_links":{"self":[{"href":"https:\/\/www.elle.be\/fr\/wp-json\/wp\/v2\/posts\/319036","targetHints":{"allow":["GET"]}}],"collection":[{"href":"https:\/\/www.elle.be\/fr\/wp-json\/wp\/v2\/posts"}],"about":[{"href":"https:\/\/www.elle.be\/fr\/wp-json\/wp\/v2\/types\/post"}],"author":[{"embeddable":true,"href":"https:\/\/www.elle.be\/fr\/wp-json\/wp\/v2\/users\/6"}],"replies":[{"embeddable":true,"href":"https:\/\/www.elle.be\/fr\/wp-json\/wp\/v2\/comments?post=319036"}],"version-history":[{"count":5,"href":"https:\/\/www.elle.be\/fr\/wp-json\/wp\/v2\/posts\/319036\/revisions"}],"predecessor-version":[{"id":319043,"href":"https:\/\/www.elle.be\/fr\/wp-json\/wp\/v2\/posts\/319036\/revisions\/319043"}],"wp:featuredmedia":[{"embeddable":true,"href":"https:\/\/www.elle.be\/fr\/wp-json\/wp\/v2\/media\/319037"}],"wp:attachment":[{"href":"https:\/\/www.elle.be\/fr\/wp-json\/wp\/v2\/media?parent=319036"}],"wp:term":[{"taxonomy":"category","embeddable":true,"href":"https:\/\/www.elle.be\/fr\/wp-json\/wp\/v2\/categories?post=319036"},{"taxonomy":"post_tag","embeddable":true,"href":"https:\/\/www.elle.be\/fr\/wp-json\/wp\/v2\/tags?post=319036"}],"curies":[{"name":"wp","href":"https:\/\/api.w.org\/{rel}","templated":true}]}}