{"id":317389,"date":"2020-12-08T09:06:49","date_gmt":"2020-12-08T08:06:49","guid":{"rendered":"https:\/\/www.elle.be\/fr\/?p=317389"},"modified":"2020-12-08T13:08:03","modified_gmt":"2020-12-08T12:08:03","slug":"le-dolce-ouvre-ses-portes-aux-artistes-belges-en-guise-de-soutien-au-secteur-culturel","status":"publish","type":"post","link":"https:\/\/www.elle.be\/fr\/317389-le-dolce-ouvre-ses-portes-aux-artistes-belges-en-guise-de-soutien-au-secteur-culturel.html","title":{"rendered":"Le Dolce ouvre ses portes aux artistes belges en guise de soutien au secteur culturel"},"content":{"rendered":"","protected":false},"excerpt":{"rendered":"Pour apporter un peu de joie et de bonne humeur \u00e0 ces f\u00eates de fin d\u2019ann\u00e9es qui s\u2019annoncent tr\u00e8s particuli\u00e8res cette ann\u00e9e, le Dolce by Wyndham La Hulpe Brussels organise des spectacles vivants diffus\u00e9s en streaming qui seront destin\u00e9s aux employ\u00e9s des entreprises partenaires.","protected":false},"author":6,"featured_media":317455,"comment_status":"open","ping_status":"closed","sticky":false,"template":"","format":"standard","meta":{"_acf_changed":false,"footnotes":""},"categories":[1186,2219],"tags":[105],"class_list":["post-317389","post","type-post","status-publish","format-standard","has-post-thumbnail","hentry","category-actu","category-culture","tag-belgique"],"acf":[],"image_verticale":"317456","_yoast_wpseo_title":null,"_yoast_wpseo_metadesc":"Le Dolce offre la possibilt\u00e9 in\u00e9dite aux entreprises de proposer une exp\u00e9rience divertissante \u00e0 leurs employ\u00e9s pour les f\u00eates de fin d'ann\u00e9es.","_yoast_wpseo_focuskw_text_input":null,"_yoast_wpseo_opengraph-title":null,"yoast_head":"<!-- This site is optimized with the Yoast SEO plugin v27.4 - https:\/\/yoast.com\/product\/yoast-seo-wordpress\/ -->\n<title>Le Dolce ouvre ses portes aux artistes belges en guise de soutien au secteur culturel - ELLE.be<\/title>\n<meta name=\"description\" content=\"Le Dolce offre la possibilt\u00e9 in\u00e9dite aux entreprises de proposer une exp\u00e9rience divertissante \u00e0 leurs employ\u00e9s pour les f\u00eates de fin d&#039;ann\u00e9es.\" \/>\n<meta name=\"robots\" content=\"index, follow, max-snippet:-1, max-image-preview:large, max-video-preview:-1\" \/>\n<link rel=\"canonical\" href=\"https:\/\/www.elle.be\/fr\/317389-le-dolce-ouvre-ses-portes-aux-artistes-belges-en-guise-de-soutien-au-secteur-culturel.html\" \/>\n<meta property=\"og:locale\" content=\"fr_FR\" \/>\n<meta property=\"og:type\" content=\"article\" \/>\n<meta property=\"og:title\" content=\"Le Dolce ouvre ses portes aux artistes belges en guise de soutien au secteur culturel - ELLE.be\" \/>\n<meta property=\"og:description\" content=\"Le Dolce offre la possibilt\u00e9 in\u00e9dite aux entreprises de proposer une exp\u00e9rience divertissante \u00e0 leurs employ\u00e9s pour les f\u00eates de fin d&#039;ann\u00e9es.\" \/>\n<meta property=\"og:url\" content=\"https:\/\/www.elle.be\/fr\/317389-le-dolce-ouvre-ses-portes-aux-artistes-belges-en-guise-de-soutien-au-secteur-culturel.html\" \/>\n<meta property=\"og:site_name\" content=\"ELLE.be\" \/>\n<meta property=\"article:publisher\" content=\"https:\/\/www.facebook.com\/ELLEbelgium\/\" \/>\n<meta property=\"article:author\" content=\"https:\/\/www.facebook.com\/pages\/ELLE-Belgique\/37490723084\" \/>\n<meta property=\"article:published_time\" content=\"2020-12-08T08:06:49+00:00\" \/>\n<meta property=\"article:modified_time\" content=\"2020-12-08T12:08:03+00:00\" \/>\n<meta property=\"og:image\" content=\"https:\/\/www.elle.be\/fr\/wp-content\/uploads\/2020\/12\/dolce_lahulpe_cover.jpg\" \/>\n\t<meta property=\"og:image:width\" content=\"1200\" \/>\n\t<meta property=\"og:image:height\" content=\"628\" \/>\n\t<meta property=\"og:image:type\" content=\"image\/jpeg\" \/>\n<meta name=\"author\" content=\"La r\u00e9daction\" \/>\n<meta name=\"twitter:card\" content=\"summary_large_image\" \/>\n<meta name=\"twitter:creator\" content=\"@ELLEBelgique\" \/>\n<meta name=\"twitter:site\" content=\"@ELLEBelgique\" \/>\n<meta name=\"twitter:label1\" content=\"\u00c9crit par\" \/>\n\t<meta name=\"twitter:data1\" content=\"La r\u00e9daction\" \/>\n\t<meta name=\"twitter:label2\" content=\"Dur\u00e9e de lecture estim\u00e9e\" \/>\n\t<meta name=\"twitter:data2\" content=\"2 minutes\" \/>\n<script type=\"application\/ld+json\" class=\"yoast-schema-graph\">{\"@context\":\"https:\\\/\\\/schema.org\",\"@graph\":[{\"@type\":\"NewsArticle\",\"@id\":\"https:\\\/\\\/www.elle.be\\\/fr\\\/317389-le-dolce-ouvre-ses-portes-aux-artistes-belges-en-guise-de-soutien-au-secteur-culturel.html#article\",\"isPartOf\":{\"@id\":\"https:\\\/\\\/www.elle.be\\\/fr\\\/317389-le-dolce-ouvre-ses-portes-aux-artistes-belges-en-guise-de-soutien-au-secteur-culturel.html\"},\"author\":{\"name\":\"La r\u00e9daction\",\"@id\":\"https:\\\/\\\/www.elle.be\\\/fr\\\/#\\\/schema\\\/person\\\/16ba064c2e0ef434bf6ed0b45c6e813f\"},\"headline\":\"Le Dolce ouvre ses portes aux artistes belges en guise de soutien au secteur culturel\",\"datePublished\":\"2020-12-08T08:06:49+00:00\",\"dateModified\":\"2020-12-08T12:08:03+00:00\",\"mainEntityOfPage\":{\"@id\":\"https:\\\/\\\/www.elle.be\\\/fr\\\/317389-le-dolce-ouvre-ses-portes-aux-artistes-belges-en-guise-de-soutien-au-secteur-culturel.html\"},\"wordCount\":438,\"commentCount\":0,\"publisher\":{\"@id\":\"https:\\\/\\\/www.elle.be\\\/fr\\\/#organization\"},\"image\":{\"@id\":\"https:\\\/\\\/www.elle.be\\\/fr\\\/317389-le-dolce-ouvre-ses-portes-aux-artistes-belges-en-guise-de-soutien-au-secteur-culturel.html#primaryimage\"},\"thumbnailUrl\":\"https:\\\/\\\/www.elle.be\\\/fr\\\/wp-content\\\/uploads\\\/2020\\\/12\\\/dolce_lahulpe_cover.jpg\",\"keywords\":[\"belgique\"],\"articleSection\":[\"Actu\",\"Culture\"],\"inLanguage\":\"fr-FR\",\"potentialAction\":[{\"@type\":\"CommentAction\",\"name\":\"Comment\",\"target\":[\"https:\\\/\\\/www.elle.be\\\/fr\\\/317389-le-dolce-ouvre-ses-portes-aux-artistes-belges-en-guise-de-soutien-au-secteur-culturel.html#respond\"]}]},{\"@type\":\"WebPage\",\"@id\":\"https:\\\/\\\/www.elle.be\\\/fr\\\/317389-le-dolce-ouvre-ses-portes-aux-artistes-belges-en-guise-de-soutien-au-secteur-culturel.html\",\"url\":\"https:\\\/\\\/www.elle.be\\\/fr\\\/317389-le-dolce-ouvre-ses-portes-aux-artistes-belges-en-guise-de-soutien-au-secteur-culturel.html\",\"name\":\"Le Dolce ouvre ses portes aux artistes belges en guise de soutien au secteur culturel - ELLE.be\",\"isPartOf\":{\"@id\":\"https:\\\/\\\/www.elle.be\\\/fr\\\/#website\"},\"primaryImageOfPage\":{\"@id\":\"https:\\\/\\\/www.elle.be\\\/fr\\\/317389-le-dolce-ouvre-ses-portes-aux-artistes-belges-en-guise-de-soutien-au-secteur-culturel.html#primaryimage\"},\"image\":{\"@id\":\"https:\\\/\\\/www.elle.be\\\/fr\\\/317389-le-dolce-ouvre-ses-portes-aux-artistes-belges-en-guise-de-soutien-au-secteur-culturel.html#primaryimage\"},\"thumbnailUrl\":\"https:\\\/\\\/www.elle.be\\\/fr\\\/wp-content\\\/uploads\\\/2020\\\/12\\\/dolce_lahulpe_cover.jpg\",\"datePublished\":\"2020-12-08T08:06:49+00:00\",\"dateModified\":\"2020-12-08T12:08:03+00:00\",\"description\":\"Le Dolce offre la possibilt\u00e9 in\u00e9dite aux entreprises de proposer une exp\u00e9rience divertissante \u00e0 leurs employ\u00e9s pour les f\u00eates de fin d'ann\u00e9es.\",\"breadcrumb\":{\"@id\":\"https:\\\/\\\/www.elle.be\\\/fr\\\/317389-le-dolce-ouvre-ses-portes-aux-artistes-belges-en-guise-de-soutien-au-secteur-culturel.html#breadcrumb\"},\"inLanguage\":\"fr-FR\",\"potentialAction\":[{\"@type\":\"ReadAction\",\"target\":[\"https:\\\/\\\/www.elle.be\\\/fr\\\/317389-le-dolce-ouvre-ses-portes-aux-artistes-belges-en-guise-de-soutien-au-secteur-culturel.html\"]}]},{\"@type\":\"ImageObject\",\"inLanguage\":\"fr-FR\",\"@id\":\"https:\\\/\\\/www.elle.be\\\/fr\\\/317389-le-dolce-ouvre-ses-portes-aux-artistes-belges-en-guise-de-soutien-au-secteur-culturel.html#primaryimage\",\"url\":\"https:\\\/\\\/www.elle.be\\\/fr\\\/wp-content\\\/uploads\\\/2020\\\/12\\\/dolce_lahulpe_cover.jpg\",\"contentUrl\":\"https:\\\/\\\/www.elle.be\\\/fr\\\/wp-content\\\/uploads\\\/2020\\\/12\\\/dolce_lahulpe_cover.jpg\",\"width\":1200,\"height\":628,\"caption\":\"\u00a9Shutterstock\"},{\"@type\":\"BreadcrumbList\",\"@id\":\"https:\\\/\\\/www.elle.be\\\/fr\\\/317389-le-dolce-ouvre-ses-portes-aux-artistes-belges-en-guise-de-soutien-au-secteur-culturel.html#breadcrumb\",\"itemListElement\":[{\"@type\":\"ListItem\",\"position\":1,\"name\":\"FR\",\"item\":\"https:\\\/\\\/www.elle.be\\\/fr\"},{\"@type\":\"ListItem\",\"position\":2,\"name\":\"Actu\",\"item\":\"https:\\\/\\\/www.elle.be\\\/fr\\\/actu\"},{\"@type\":\"ListItem\",\"position\":3,\"name\":\"Le Dolce ouvre ses portes aux artistes belges en guise de soutien au secteur culturel\"}]},{\"@type\":\"WebSite\",\"@id\":\"https:\\\/\\\/www.elle.be\\\/fr\\\/#website\",\"url\":\"https:\\\/\\\/www.elle.be\\\/fr\\\/\",\"name\":\"ELLE.be\",\"description\":\"Toutes les infos mode, beaut\u00e9 et lifestyle les plus pointues ainsi qu&#039;un contenu 100% belge d\u00e9clin\u00e9 \u00e0 360\u00b0sur le site ELLE.be, nos r\u00e9seaux sociaux et notre cha\u00eene Youtube.\",\"publisher\":{\"@id\":\"https:\\\/\\\/www.elle.be\\\/fr\\\/#organization\"},\"potentialAction\":[{\"@type\":\"SearchAction\",\"target\":{\"@type\":\"EntryPoint\",\"urlTemplate\":\"https:\\\/\\\/www.elle.be\\\/fr\\\/?s={search_term_string}\"},\"query-input\":{\"@type\":\"PropertyValueSpecification\",\"valueRequired\":true,\"valueName\":\"search_term_string\"}}],\"inLanguage\":\"fr-FR\"},{\"@type\":\"Organization\",\"@id\":\"https:\\\/\\\/www.elle.be\\\/fr\\\/#organization\",\"name\":\"ELLE Belgique\",\"url\":\"https:\\\/\\\/www.elle.be\\\/fr\\\/\",\"logo\":{\"@type\":\"ImageObject\",\"inLanguage\":\"fr-FR\",\"@id\":\"https:\\\/\\\/www.elle.be\\\/fr\\\/#\\\/schema\\\/logo\\\/image\\\/\",\"url\":\"https:\\\/\\\/www.elle.be\\\/fr\\\/wp-content\\\/uploads\\\/2017\\\/03\\\/elle-icon-200px.jpeg\",\"contentUrl\":\"https:\\\/\\\/www.elle.be\\\/fr\\\/wp-content\\\/uploads\\\/2017\\\/03\\\/elle-icon-200px.jpeg\",\"width\":200,\"height\":200,\"caption\":\"ELLE Belgique\"},\"image\":{\"@id\":\"https:\\\/\\\/www.elle.be\\\/fr\\\/#\\\/schema\\\/logo\\\/image\\\/\"},\"sameAs\":[\"https:\\\/\\\/www.facebook.com\\\/ELLEbelgium\\\/\",\"https:\\\/\\\/x.com\\\/ELLEBelgique\",\"http:\\\/\\\/instagram.com\\\/ellebelgique\\\/\",\"https:\\\/\\\/www.pinterest.com\\\/ellebelgique\\\/\",\"https:\\\/\\\/www.youtube.com\\\/user\\\/ELLEbelgique1\"]},{\"@type\":\"Person\",\"@id\":\"https:\\\/\\\/www.elle.be\\\/fr\\\/#\\\/schema\\\/person\\\/16ba064c2e0ef434bf6ed0b45c6e813f\",\"name\":\"La r\u00e9daction\",\"image\":{\"@type\":\"ImageObject\",\"inLanguage\":\"fr-FR\",\"@id\":\"https:\\\/\\\/www.elle.be\\\/fr\\\/wp-content\\\/uploads\\\/2017\\\/03\\\/cover_FR166-96x96.jpg\",\"url\":\"https:\\\/\\\/www.elle.be\\\/fr\\\/wp-content\\\/uploads\\\/2017\\\/03\\\/cover_FR166-96x96.jpg\",\"contentUrl\":\"https:\\\/\\\/www.elle.be\\\/fr\\\/wp-content\\\/uploads\\\/2017\\\/03\\\/cover_FR166-96x96.jpg\",\"caption\":\"La r\u00e9daction\"},\"description\":\"Toutes les infos mode, beaut\u00e9 et lifestyle les plus pointues ainsi qu'un contenu 100% belge d\u00e9clin\u00e9 \u00e0 360\u00b0sur le site ELLE.be, nos r\u00e9seaux sociaux et notre cha\u00eene Youtube.\",\"sameAs\":[\"http:\\\/\\\/www.elle.be\\\/fr\\\/\",\"https:\\\/\\\/www.facebook.com\\\/pages\\\/ELLE-Belgique\\\/37490723084\",\"http:\\\/\\\/instagram.com\\\/ellebelgique#\",\"http:\\\/\\\/www.pinterest.com\\\/ellebelgique\\\/pins\\\/\",\"https:\\\/\\\/x.com\\\/ELLEBelgique\"],\"url\":\"https:\\\/\\\/www.elle.be\\\/fr\\\/author\\\/elle-be\"}]}<\/script>\n<!-- \/ Yoast SEO plugin. -->","yoast_head_json":{"title":"Le Dolce ouvre ses portes aux artistes belges en guise de soutien au secteur culturel - ELLE.be","description":"Le Dolce offre la possibilt\u00e9 in\u00e9dite aux entreprises de proposer une exp\u00e9rience divertissante \u00e0 leurs employ\u00e9s pour les f\u00eates de fin d'ann\u00e9es.","robots":{"index":"index","follow":"follow","max-snippet":"max-snippet:-1","max-image-preview":"max-image-preview:large","max-video-preview":"max-video-preview:-1"},"canonical":"https:\/\/www.elle.be\/fr\/317389-le-dolce-ouvre-ses-portes-aux-artistes-belges-en-guise-de-soutien-au-secteur-culturel.html","og_locale":"fr_FR","og_type":"article","og_title":"Le Dolce ouvre ses portes aux artistes belges en guise de soutien au secteur culturel - ELLE.be","og_description":"Le Dolce offre la possibilt\u00e9 in\u00e9dite aux entreprises de proposer une exp\u00e9rience divertissante \u00e0 leurs employ\u00e9s pour les f\u00eates de fin d'ann\u00e9es.","og_url":"https:\/\/www.elle.be\/fr\/317389-le-dolce-ouvre-ses-portes-aux-artistes-belges-en-guise-de-soutien-au-secteur-culturel.html","og_site_name":"ELLE.be","article_publisher":"https:\/\/www.facebook.com\/ELLEbelgium\/","article_author":"https:\/\/www.facebook.com\/pages\/ELLE-Belgique\/37490723084","article_published_time":"2020-12-08T08:06:49+00:00","article_modified_time":"2020-12-08T12:08:03+00:00","og_image":[{"width":1200,"height":628,"url":"https:\/\/www.elle.be\/fr\/wp-content\/uploads\/2020\/12\/dolce_lahulpe_cover.jpg","type":"image\/jpeg"}],"author":"La r\u00e9daction","twitter_card":"summary_large_image","twitter_creator":"@ELLEBelgique","twitter_site":"@ELLEBelgique","twitter_misc":{"\u00c9crit par":"La r\u00e9daction","Dur\u00e9e de lecture estim\u00e9e":"2 minutes"},"schema":{"@context":"https:\/\/schema.org","@graph":[{"@type":"NewsArticle","@id":"https:\/\/www.elle.be\/fr\/317389-le-dolce-ouvre-ses-portes-aux-artistes-belges-en-guise-de-soutien-au-secteur-culturel.html#article","isPartOf":{"@id":"https:\/\/www.elle.be\/fr\/317389-le-dolce-ouvre-ses-portes-aux-artistes-belges-en-guise-de-soutien-au-secteur-culturel.html"},"author":{"name":"La r\u00e9daction","@id":"https:\/\/www.elle.be\/fr\/#\/schema\/person\/16ba064c2e0ef434bf6ed0b45c6e813f"},"headline":"Le Dolce ouvre ses portes aux artistes belges en guise de soutien au secteur culturel","datePublished":"2020-12-08T08:06:49+00:00","dateModified":"2020-12-08T12:08:03+00:00","mainEntityOfPage":{"@id":"https:\/\/www.elle.be\/fr\/317389-le-dolce-ouvre-ses-portes-aux-artistes-belges-en-guise-de-soutien-au-secteur-culturel.html"},"wordCount":438,"commentCount":0,"publisher":{"@id":"https:\/\/www.elle.be\/fr\/#organization"},"image":{"@id":"https:\/\/www.elle.be\/fr\/317389-le-dolce-ouvre-ses-portes-aux-artistes-belges-en-guise-de-soutien-au-secteur-culturel.html#primaryimage"},"thumbnailUrl":"https:\/\/www.elle.be\/fr\/wp-content\/uploads\/2020\/12\/dolce_lahulpe_cover.jpg","keywords":["belgique"],"articleSection":["Actu","Culture"],"inLanguage":"fr-FR","potentialAction":[{"@type":"CommentAction","name":"Comment","target":["https:\/\/www.elle.be\/fr\/317389-le-dolce-ouvre-ses-portes-aux-artistes-belges-en-guise-de-soutien-au-secteur-culturel.html#respond"]}]},{"@type":"WebPage","@id":"https:\/\/www.elle.be\/fr\/317389-le-dolce-ouvre-ses-portes-aux-artistes-belges-en-guise-de-soutien-au-secteur-culturel.html","url":"https:\/\/www.elle.be\/fr\/317389-le-dolce-ouvre-ses-portes-aux-artistes-belges-en-guise-de-soutien-au-secteur-culturel.html","name":"Le Dolce ouvre ses portes aux artistes belges en guise de soutien au secteur culturel - ELLE.be","isPartOf":{"@id":"https:\/\/www.elle.be\/fr\/#website"},"primaryImageOfPage":{"@id":"https:\/\/www.elle.be\/fr\/317389-le-dolce-ouvre-ses-portes-aux-artistes-belges-en-guise-de-soutien-au-secteur-culturel.html#primaryimage"},"image":{"@id":"https:\/\/www.elle.be\/fr\/317389-le-dolce-ouvre-ses-portes-aux-artistes-belges-en-guise-de-soutien-au-secteur-culturel.html#primaryimage"},"thumbnailUrl":"https:\/\/www.elle.be\/fr\/wp-content\/uploads\/2020\/12\/dolce_lahulpe_cover.jpg","datePublished":"2020-12-08T08:06:49+00:00","dateModified":"2020-12-08T12:08:03+00:00","description":"Le Dolce offre la possibilt\u00e9 in\u00e9dite aux entreprises de proposer une exp\u00e9rience divertissante \u00e0 leurs employ\u00e9s pour les f\u00eates de fin d'ann\u00e9es.","breadcrumb":{"@id":"https:\/\/www.elle.be\/fr\/317389-le-dolce-ouvre-ses-portes-aux-artistes-belges-en-guise-de-soutien-au-secteur-culturel.html#breadcrumb"},"inLanguage":"fr-FR","potentialAction":[{"@type":"ReadAction","target":["https:\/\/www.elle.be\/fr\/317389-le-dolce-ouvre-ses-portes-aux-artistes-belges-en-guise-de-soutien-au-secteur-culturel.html"]}]},{"@type":"ImageObject","inLanguage":"fr-FR","@id":"https:\/\/www.elle.be\/fr\/317389-le-dolce-ouvre-ses-portes-aux-artistes-belges-en-guise-de-soutien-au-secteur-culturel.html#primaryimage","url":"https:\/\/www.elle.be\/fr\/wp-content\/uploads\/2020\/12\/dolce_lahulpe_cover.jpg","contentUrl":"https:\/\/www.elle.be\/fr\/wp-content\/uploads\/2020\/12\/dolce_lahulpe_cover.jpg","width":1200,"height":628,"caption":"\u00a9Shutterstock"},{"@type":"BreadcrumbList","@id":"https:\/\/www.elle.be\/fr\/317389-le-dolce-ouvre-ses-portes-aux-artistes-belges-en-guise-de-soutien-au-secteur-culturel.html#breadcrumb","itemListElement":[{"@type":"ListItem","position":1,"name":"FR","item":"https:\/\/www.elle.be\/fr"},{"@type":"ListItem","position":2,"name":"Actu","item":"https:\/\/www.elle.be\/fr\/actu"},{"@type":"ListItem","position":3,"name":"Le Dolce ouvre ses portes aux artistes belges en guise de soutien au secteur culturel"}]},{"@type":"WebSite","@id":"https:\/\/www.elle.be\/fr\/#website","url":"https:\/\/www.elle.be\/fr\/","name":"ELLE.be","description":"Toutes les infos mode, beaut\u00e9 et lifestyle les plus pointues ainsi qu&#039;un contenu 100% belge d\u00e9clin\u00e9 \u00e0 360\u00b0sur le site ELLE.be, nos r\u00e9seaux sociaux et notre cha\u00eene Youtube.","publisher":{"@id":"https:\/\/www.elle.be\/fr\/#organization"},"potentialAction":[{"@type":"SearchAction","target":{"@type":"EntryPoint","urlTemplate":"https:\/\/www.elle.be\/fr\/?s={search_term_string}"},"query-input":{"@type":"PropertyValueSpecification","valueRequired":true,"valueName":"search_term_string"}}],"inLanguage":"fr-FR"},{"@type":"Organization","@id":"https:\/\/www.elle.be\/fr\/#organization","name":"ELLE Belgique","url":"https:\/\/www.elle.be\/fr\/","logo":{"@type":"ImageObject","inLanguage":"fr-FR","@id":"https:\/\/www.elle.be\/fr\/#\/schema\/logo\/image\/","url":"https:\/\/www.elle.be\/fr\/wp-content\/uploads\/2017\/03\/elle-icon-200px.jpeg","contentUrl":"https:\/\/www.elle.be\/fr\/wp-content\/uploads\/2017\/03\/elle-icon-200px.jpeg","width":200,"height":200,"caption":"ELLE Belgique"},"image":{"@id":"https:\/\/www.elle.be\/fr\/#\/schema\/logo\/image\/"},"sameAs":["https:\/\/www.facebook.com\/ELLEbelgium\/","https:\/\/x.com\/ELLEBelgique","http:\/\/instagram.com\/ellebelgique\/","https:\/\/www.pinterest.com\/ellebelgique\/","https:\/\/www.youtube.com\/user\/ELLEbelgique1"]},{"@type":"Person","@id":"https:\/\/www.elle.be\/fr\/#\/schema\/person\/16ba064c2e0ef434bf6ed0b45c6e813f","name":"La r\u00e9daction","image":{"@type":"ImageObject","inLanguage":"fr-FR","@id":"https:\/\/www.elle.be\/fr\/wp-content\/uploads\/2017\/03\/cover_FR166-96x96.jpg","url":"https:\/\/www.elle.be\/fr\/wp-content\/uploads\/2017\/03\/cover_FR166-96x96.jpg","contentUrl":"https:\/\/www.elle.be\/fr\/wp-content\/uploads\/2017\/03\/cover_FR166-96x96.jpg","caption":"La r\u00e9daction"},"description":"Toutes les infos mode, beaut\u00e9 et lifestyle les plus pointues ainsi qu'un contenu 100% belge d\u00e9clin\u00e9 \u00e0 360\u00b0sur le site ELLE.be, nos r\u00e9seaux sociaux et notre cha\u00eene Youtube.","sameAs":["http:\/\/www.elle.be\/fr\/","https:\/\/www.facebook.com\/pages\/ELLE-Belgique\/37490723084","http:\/\/instagram.com\/ellebelgique#","http:\/\/www.pinterest.com\/ellebelgique\/pins\/","https:\/\/x.com\/ELLEBelgique"],"url":"https:\/\/www.elle.be\/fr\/author\/elle-be"}]}},"_links":{"self":[{"href":"https:\/\/www.elle.be\/fr\/wp-json\/wp\/v2\/posts\/317389","targetHints":{"allow":["GET"]}}],"collection":[{"href":"https:\/\/www.elle.be\/fr\/wp-json\/wp\/v2\/posts"}],"about":[{"href":"https:\/\/www.elle.be\/fr\/wp-json\/wp\/v2\/types\/post"}],"author":[{"embeddable":true,"href":"https:\/\/www.elle.be\/fr\/wp-json\/wp\/v2\/users\/6"}],"replies":[{"embeddable":true,"href":"https:\/\/www.elle.be\/fr\/wp-json\/wp\/v2\/comments?post=317389"}],"version-history":[{"count":14,"href":"https:\/\/www.elle.be\/fr\/wp-json\/wp\/v2\/posts\/317389\/revisions"}],"predecessor-version":[{"id":317521,"href":"https:\/\/www.elle.be\/fr\/wp-json\/wp\/v2\/posts\/317389\/revisions\/317521"}],"wp:featuredmedia":[{"embeddable":true,"href":"https:\/\/www.elle.be\/fr\/wp-json\/wp\/v2\/media\/317455"}],"wp:attachment":[{"href":"https:\/\/www.elle.be\/fr\/wp-json\/wp\/v2\/media?parent=317389"}],"wp:term":[{"taxonomy":"category","embeddable":true,"href":"https:\/\/www.elle.be\/fr\/wp-json\/wp\/v2\/categories?post=317389"},{"taxonomy":"post_tag","embeddable":true,"href":"https:\/\/www.elle.be\/fr\/wp-json\/wp\/v2\/tags?post=317389"}],"curies":[{"name":"wp","href":"https:\/\/api.w.org\/{rel}","templated":true}]}}