{"id":317151,"date":"2022-12-17T10:30:32","date_gmt":"2022-12-17T09:30:32","guid":{"rendered":"https:\/\/www.elle.be\/fr\/?p=317151"},"modified":"2022-12-05T10:52:58","modified_gmt":"2022-12-05T09:52:58","slug":"les-meilleures-box-a-offrir-pour-les-fetes-de-noel","status":"publish","type":"post","link":"https:\/\/www.elle.be\/fr\/317151-les-meilleures-box-a-offrir-pour-les-fetes-de-noel.html","title":{"rendered":"Les meilleures box \u00e0 offrir pour les f\u00eates de No\u00ebl"},"content":{"rendered":"","protected":false},"excerpt":{"rendered":"D\u00e9couvrez les meilleures box cadeaux auxquelles vous abonner ou abonner vos proches cet hiver. ...","protected":false},"author":115,"featured_media":317228,"comment_status":"open","ping_status":"closed","sticky":false,"template":"","format":"standard","meta":{"_acf_changed":false,"footnotes":""},"categories":[2202,1186],"tags":[569,1420],"class_list":["post-317151","post","type-post","status-publish","format-standard","has-post-thumbnail","hentry","category-news-actu","category-actu","tag-noel","tag-fetes"],"acf":[],"image_verticale":"317227","_yoast_wpseo_title":null,"_yoast_wpseo_metadesc":"ELLE a r\u00e9uni les meilleures box \u00e0 offrir ou \u00e0 s'offrir pendant les f\u00eates et m\u00eame le reste de l'ann\u00e9e. D\u00e9couvrez-les dans cet article.","_yoast_wpseo_focuskw_text_input":null,"_yoast_wpseo_opengraph-title":null,"yoast_head":"<!-- This site is optimized with the Yoast SEO plugin v27.4 - https:\/\/yoast.com\/product\/yoast-seo-wordpress\/ -->\n<title>Les meilleures box \u00e0 offrir pour les f\u00eates de No\u00ebl - ELLE.be<\/title>\n<meta name=\"description\" content=\"ELLE a r\u00e9uni les meilleures box \u00e0 offrir ou \u00e0 s&#039;offrir pendant les f\u00eates et m\u00eame le reste de l&#039;ann\u00e9e. D\u00e9couvrez-les dans cet article.\" \/>\n<meta name=\"robots\" content=\"index, follow, max-snippet:-1, max-image-preview:large, max-video-preview:-1\" \/>\n<link rel=\"canonical\" href=\"https:\/\/www.elle.be\/fr\/317151-les-meilleures-box-a-offrir-pour-les-fetes-de-noel.html\" \/>\n<meta property=\"og:locale\" content=\"fr_FR\" \/>\n<meta property=\"og:type\" content=\"article\" \/>\n<meta property=\"og:title\" content=\"Les meilleures box \u00e0 offrir pour les f\u00eates de No\u00ebl - ELLE.be\" \/>\n<meta property=\"og:description\" content=\"ELLE a r\u00e9uni les meilleures box \u00e0 offrir ou \u00e0 s&#039;offrir pendant les f\u00eates et m\u00eame le reste de l&#039;ann\u00e9e. D\u00e9couvrez-les dans cet article.\" \/>\n<meta property=\"og:url\" content=\"https:\/\/www.elle.be\/fr\/317151-les-meilleures-box-a-offrir-pour-les-fetes-de-noel.html\" \/>\n<meta property=\"og:site_name\" content=\"ELLE.be\" \/>\n<meta property=\"article:publisher\" content=\"https:\/\/www.facebook.com\/ELLEbelgium\/\" \/>\n<meta property=\"article:published_time\" content=\"2022-12-17T09:30:32+00:00\" \/>\n<meta property=\"og:image\" content=\"https:\/\/www.elle.be\/fr\/wp-content\/uploads\/2020\/12\/coffretsbox.jpg\" \/>\n\t<meta property=\"og:image:width\" content=\"1200\" \/>\n\t<meta property=\"og:image:height\" content=\"628\" \/>\n\t<meta property=\"og:image:type\" content=\"image\/jpeg\" \/>\n<meta name=\"author\" content=\"Juliette Maes\" \/>\n<meta name=\"twitter:card\" content=\"summary_large_image\" \/>\n<meta name=\"twitter:creator\" content=\"@ELLEBelgique\" \/>\n<meta name=\"twitter:site\" content=\"@ELLEBelgique\" \/>\n<meta name=\"twitter:label1\" content=\"\u00c9crit par\" \/>\n\t<meta name=\"twitter:data1\" content=\"Juliette Maes\" \/>\n\t<meta name=\"twitter:label2\" content=\"Dur\u00e9e de lecture estim\u00e9e\" \/>\n\t<meta name=\"twitter:data2\" content=\"7 minutes\" \/>\n<script type=\"application\/ld+json\" class=\"yoast-schema-graph\">{\"@context\":\"https:\\\/\\\/schema.org\",\"@graph\":[{\"@type\":\"NewsArticle\",\"@id\":\"https:\\\/\\\/www.elle.be\\\/fr\\\/317151-les-meilleures-box-a-offrir-pour-les-fetes-de-noel.html#article\",\"isPartOf\":{\"@id\":\"https:\\\/\\\/www.elle.be\\\/fr\\\/317151-les-meilleures-box-a-offrir-pour-les-fetes-de-noel.html\"},\"author\":{\"name\":\"Juliette Maes\",\"@id\":\"https:\\\/\\\/www.elle.be\\\/fr\\\/#\\\/schema\\\/person\\\/1a8abe189f97c6fd9f07d2894b467008\"},\"headline\":\"Les meilleures box \u00e0 offrir pour les f\u00eates de No\u00ebl\",\"datePublished\":\"2022-12-17T09:30:32+00:00\",\"mainEntityOfPage\":{\"@id\":\"https:\\\/\\\/www.elle.be\\\/fr\\\/317151-les-meilleures-box-a-offrir-pour-les-fetes-de-noel.html\"},\"wordCount\":894,\"commentCount\":0,\"publisher\":{\"@id\":\"https:\\\/\\\/www.elle.be\\\/fr\\\/#organization\"},\"image\":{\"@id\":\"https:\\\/\\\/www.elle.be\\\/fr\\\/317151-les-meilleures-box-a-offrir-pour-les-fetes-de-noel.html#primaryimage\"},\"thumbnailUrl\":\"https:\\\/\\\/www.elle.be\\\/fr\\\/wp-content\\\/uploads\\\/2020\\\/12\\\/coffretsbox.jpg\",\"keywords\":[\"No\u00ebl\",\"f\u00eates\"],\"articleSection\":[\"News Actu\",\"Actu\"],\"inLanguage\":\"fr-FR\",\"potentialAction\":[{\"@type\":\"CommentAction\",\"name\":\"Comment\",\"target\":[\"https:\\\/\\\/www.elle.be\\\/fr\\\/317151-les-meilleures-box-a-offrir-pour-les-fetes-de-noel.html#respond\"]}]},{\"@type\":\"WebPage\",\"@id\":\"https:\\\/\\\/www.elle.be\\\/fr\\\/317151-les-meilleures-box-a-offrir-pour-les-fetes-de-noel.html\",\"url\":\"https:\\\/\\\/www.elle.be\\\/fr\\\/317151-les-meilleures-box-a-offrir-pour-les-fetes-de-noel.html\",\"name\":\"Les meilleures box \u00e0 offrir pour les f\u00eates de No\u00ebl - ELLE.be\",\"isPartOf\":{\"@id\":\"https:\\\/\\\/www.elle.be\\\/fr\\\/#website\"},\"primaryImageOfPage\":{\"@id\":\"https:\\\/\\\/www.elle.be\\\/fr\\\/317151-les-meilleures-box-a-offrir-pour-les-fetes-de-noel.html#primaryimage\"},\"image\":{\"@id\":\"https:\\\/\\\/www.elle.be\\\/fr\\\/317151-les-meilleures-box-a-offrir-pour-les-fetes-de-noel.html#primaryimage\"},\"thumbnailUrl\":\"https:\\\/\\\/www.elle.be\\\/fr\\\/wp-content\\\/uploads\\\/2020\\\/12\\\/coffretsbox.jpg\",\"datePublished\":\"2022-12-17T09:30:32+00:00\",\"description\":\"ELLE a r\u00e9uni les meilleures box \u00e0 offrir ou \u00e0 s'offrir pendant les f\u00eates et m\u00eame le reste de l'ann\u00e9e. D\u00e9couvrez-les dans cet article.\",\"breadcrumb\":{\"@id\":\"https:\\\/\\\/www.elle.be\\\/fr\\\/317151-les-meilleures-box-a-offrir-pour-les-fetes-de-noel.html#breadcrumb\"},\"inLanguage\":\"fr-FR\",\"potentialAction\":[{\"@type\":\"ReadAction\",\"target\":[\"https:\\\/\\\/www.elle.be\\\/fr\\\/317151-les-meilleures-box-a-offrir-pour-les-fetes-de-noel.html\"]}]},{\"@type\":\"ImageObject\",\"inLanguage\":\"fr-FR\",\"@id\":\"https:\\\/\\\/www.elle.be\\\/fr\\\/317151-les-meilleures-box-a-offrir-pour-les-fetes-de-noel.html#primaryimage\",\"url\":\"https:\\\/\\\/www.elle.be\\\/fr\\\/wp-content\\\/uploads\\\/2020\\\/12\\\/coffretsbox.jpg\",\"contentUrl\":\"https:\\\/\\\/www.elle.be\\\/fr\\\/wp-content\\\/uploads\\\/2020\\\/12\\\/coffretsbox.jpg\",\"width\":1200,\"height\":628,\"caption\":\"\u00a9 Shutterstock\"},{\"@type\":\"BreadcrumbList\",\"@id\":\"https:\\\/\\\/www.elle.be\\\/fr\\\/317151-les-meilleures-box-a-offrir-pour-les-fetes-de-noel.html#breadcrumb\",\"itemListElement\":[{\"@type\":\"ListItem\",\"position\":1,\"name\":\"FR\",\"item\":\"https:\\\/\\\/www.elle.be\\\/fr\"},{\"@type\":\"ListItem\",\"position\":2,\"name\":\"Actu\",\"item\":\"https:\\\/\\\/www.elle.be\\\/fr\\\/actu\"},{\"@type\":\"ListItem\",\"position\":3,\"name\":\"News Actu\",\"item\":\"https:\\\/\\\/www.elle.be\\\/fr\\\/actu\\\/news-actu\"},{\"@type\":\"ListItem\",\"position\":4,\"name\":\"Les meilleures box \u00e0 offrir pour les f\u00eates de No\u00ebl\"}]},{\"@type\":\"WebSite\",\"@id\":\"https:\\\/\\\/www.elle.be\\\/fr\\\/#website\",\"url\":\"https:\\\/\\\/www.elle.be\\\/fr\\\/\",\"name\":\"ELLE.be\",\"description\":\"Toutes les infos mode, beaut\u00e9 et lifestyle les plus pointues ainsi qu&#039;un contenu 100% belge d\u00e9clin\u00e9 \u00e0 360\u00b0sur le site ELLE.be, nos r\u00e9seaux sociaux et notre cha\u00eene Youtube.\",\"publisher\":{\"@id\":\"https:\\\/\\\/www.elle.be\\\/fr\\\/#organization\"},\"potentialAction\":[{\"@type\":\"SearchAction\",\"target\":{\"@type\":\"EntryPoint\",\"urlTemplate\":\"https:\\\/\\\/www.elle.be\\\/fr\\\/?s={search_term_string}\"},\"query-input\":{\"@type\":\"PropertyValueSpecification\",\"valueRequired\":true,\"valueName\":\"search_term_string\"}}],\"inLanguage\":\"fr-FR\"},{\"@type\":\"Organization\",\"@id\":\"https:\\\/\\\/www.elle.be\\\/fr\\\/#organization\",\"name\":\"ELLE Belgique\",\"url\":\"https:\\\/\\\/www.elle.be\\\/fr\\\/\",\"logo\":{\"@type\":\"ImageObject\",\"inLanguage\":\"fr-FR\",\"@id\":\"https:\\\/\\\/www.elle.be\\\/fr\\\/#\\\/schema\\\/logo\\\/image\\\/\",\"url\":\"https:\\\/\\\/www.elle.be\\\/fr\\\/wp-content\\\/uploads\\\/2017\\\/03\\\/elle-icon-200px.jpeg\",\"contentUrl\":\"https:\\\/\\\/www.elle.be\\\/fr\\\/wp-content\\\/uploads\\\/2017\\\/03\\\/elle-icon-200px.jpeg\",\"width\":200,\"height\":200,\"caption\":\"ELLE Belgique\"},\"image\":{\"@id\":\"https:\\\/\\\/www.elle.be\\\/fr\\\/#\\\/schema\\\/logo\\\/image\\\/\"},\"sameAs\":[\"https:\\\/\\\/www.facebook.com\\\/ELLEbelgium\\\/\",\"https:\\\/\\\/x.com\\\/ELLEBelgique\",\"http:\\\/\\\/instagram.com\\\/ellebelgique\\\/\",\"https:\\\/\\\/www.pinterest.com\\\/ellebelgique\\\/\",\"https:\\\/\\\/www.youtube.com\\\/user\\\/ELLEbelgique1\"]},{\"@type\":\"Person\",\"@id\":\"https:\\\/\\\/www.elle.be\\\/fr\\\/#\\\/schema\\\/person\\\/1a8abe189f97c6fd9f07d2894b467008\",\"name\":\"Juliette Maes\",\"image\":{\"@type\":\"ImageObject\",\"inLanguage\":\"fr-FR\",\"@id\":\"https:\\\/\\\/secure.gravatar.com\\\/avatar\\\/2053320e861b7c1516e0167d6e5ccd309015793efe231ee04e173c87321b1387?s=96&r=g\",\"url\":\"https:\\\/\\\/secure.gravatar.com\\\/avatar\\\/2053320e861b7c1516e0167d6e5ccd309015793efe231ee04e173c87321b1387?s=96&r=g\",\"contentUrl\":\"https:\\\/\\\/secure.gravatar.com\\\/avatar\\\/2053320e861b7c1516e0167d6e5ccd309015793efe231ee04e173c87321b1387?s=96&r=g\",\"caption\":\"Juliette Maes\"},\"url\":\"https:\\\/\\\/www.elle.be\\\/fr\\\/author\\\/juliette-maeshotmail-com\"}]}<\/script>\n<!-- \/ Yoast SEO plugin. -->","yoast_head_json":{"title":"Les meilleures box \u00e0 offrir pour les f\u00eates de No\u00ebl - ELLE.be","description":"ELLE a r\u00e9uni les meilleures box \u00e0 offrir ou \u00e0 s'offrir pendant les f\u00eates et m\u00eame le reste de l'ann\u00e9e. D\u00e9couvrez-les dans cet article.","robots":{"index":"index","follow":"follow","max-snippet":"max-snippet:-1","max-image-preview":"max-image-preview:large","max-video-preview":"max-video-preview:-1"},"canonical":"https:\/\/www.elle.be\/fr\/317151-les-meilleures-box-a-offrir-pour-les-fetes-de-noel.html","og_locale":"fr_FR","og_type":"article","og_title":"Les meilleures box \u00e0 offrir pour les f\u00eates de No\u00ebl - ELLE.be","og_description":"ELLE a r\u00e9uni les meilleures box \u00e0 offrir ou \u00e0 s'offrir pendant les f\u00eates et m\u00eame le reste de l'ann\u00e9e. D\u00e9couvrez-les dans cet article.","og_url":"https:\/\/www.elle.be\/fr\/317151-les-meilleures-box-a-offrir-pour-les-fetes-de-noel.html","og_site_name":"ELLE.be","article_publisher":"https:\/\/www.facebook.com\/ELLEbelgium\/","article_published_time":"2022-12-17T09:30:32+00:00","og_image":[{"width":1200,"height":628,"url":"https:\/\/www.elle.be\/fr\/wp-content\/uploads\/2020\/12\/coffretsbox.jpg","type":"image\/jpeg"}],"author":"Juliette Maes","twitter_card":"summary_large_image","twitter_creator":"@ELLEBelgique","twitter_site":"@ELLEBelgique","twitter_misc":{"\u00c9crit par":"Juliette Maes","Dur\u00e9e de lecture estim\u00e9e":"7 minutes"},"schema":{"@context":"https:\/\/schema.org","@graph":[{"@type":"NewsArticle","@id":"https:\/\/www.elle.be\/fr\/317151-les-meilleures-box-a-offrir-pour-les-fetes-de-noel.html#article","isPartOf":{"@id":"https:\/\/www.elle.be\/fr\/317151-les-meilleures-box-a-offrir-pour-les-fetes-de-noel.html"},"author":{"name":"Juliette Maes","@id":"https:\/\/www.elle.be\/fr\/#\/schema\/person\/1a8abe189f97c6fd9f07d2894b467008"},"headline":"Les meilleures box \u00e0 offrir pour les f\u00eates de No\u00ebl","datePublished":"2022-12-17T09:30:32+00:00","mainEntityOfPage":{"@id":"https:\/\/www.elle.be\/fr\/317151-les-meilleures-box-a-offrir-pour-les-fetes-de-noel.html"},"wordCount":894,"commentCount":0,"publisher":{"@id":"https:\/\/www.elle.be\/fr\/#organization"},"image":{"@id":"https:\/\/www.elle.be\/fr\/317151-les-meilleures-box-a-offrir-pour-les-fetes-de-noel.html#primaryimage"},"thumbnailUrl":"https:\/\/www.elle.be\/fr\/wp-content\/uploads\/2020\/12\/coffretsbox.jpg","keywords":["No\u00ebl","f\u00eates"],"articleSection":["News Actu","Actu"],"inLanguage":"fr-FR","potentialAction":[{"@type":"CommentAction","name":"Comment","target":["https:\/\/www.elle.be\/fr\/317151-les-meilleures-box-a-offrir-pour-les-fetes-de-noel.html#respond"]}]},{"@type":"WebPage","@id":"https:\/\/www.elle.be\/fr\/317151-les-meilleures-box-a-offrir-pour-les-fetes-de-noel.html","url":"https:\/\/www.elle.be\/fr\/317151-les-meilleures-box-a-offrir-pour-les-fetes-de-noel.html","name":"Les meilleures box \u00e0 offrir pour les f\u00eates de No\u00ebl - ELLE.be","isPartOf":{"@id":"https:\/\/www.elle.be\/fr\/#website"},"primaryImageOfPage":{"@id":"https:\/\/www.elle.be\/fr\/317151-les-meilleures-box-a-offrir-pour-les-fetes-de-noel.html#primaryimage"},"image":{"@id":"https:\/\/www.elle.be\/fr\/317151-les-meilleures-box-a-offrir-pour-les-fetes-de-noel.html#primaryimage"},"thumbnailUrl":"https:\/\/www.elle.be\/fr\/wp-content\/uploads\/2020\/12\/coffretsbox.jpg","datePublished":"2022-12-17T09:30:32+00:00","description":"ELLE a r\u00e9uni les meilleures box \u00e0 offrir ou \u00e0 s'offrir pendant les f\u00eates et m\u00eame le reste de l'ann\u00e9e. D\u00e9couvrez-les dans cet article.","breadcrumb":{"@id":"https:\/\/www.elle.be\/fr\/317151-les-meilleures-box-a-offrir-pour-les-fetes-de-noel.html#breadcrumb"},"inLanguage":"fr-FR","potentialAction":[{"@type":"ReadAction","target":["https:\/\/www.elle.be\/fr\/317151-les-meilleures-box-a-offrir-pour-les-fetes-de-noel.html"]}]},{"@type":"ImageObject","inLanguage":"fr-FR","@id":"https:\/\/www.elle.be\/fr\/317151-les-meilleures-box-a-offrir-pour-les-fetes-de-noel.html#primaryimage","url":"https:\/\/www.elle.be\/fr\/wp-content\/uploads\/2020\/12\/coffretsbox.jpg","contentUrl":"https:\/\/www.elle.be\/fr\/wp-content\/uploads\/2020\/12\/coffretsbox.jpg","width":1200,"height":628,"caption":"\u00a9 Shutterstock"},{"@type":"BreadcrumbList","@id":"https:\/\/www.elle.be\/fr\/317151-les-meilleures-box-a-offrir-pour-les-fetes-de-noel.html#breadcrumb","itemListElement":[{"@type":"ListItem","position":1,"name":"FR","item":"https:\/\/www.elle.be\/fr"},{"@type":"ListItem","position":2,"name":"Actu","item":"https:\/\/www.elle.be\/fr\/actu"},{"@type":"ListItem","position":3,"name":"News Actu","item":"https:\/\/www.elle.be\/fr\/actu\/news-actu"},{"@type":"ListItem","position":4,"name":"Les meilleures box \u00e0 offrir pour les f\u00eates de No\u00ebl"}]},{"@type":"WebSite","@id":"https:\/\/www.elle.be\/fr\/#website","url":"https:\/\/www.elle.be\/fr\/","name":"ELLE.be","description":"Toutes les infos mode, beaut\u00e9 et lifestyle les plus pointues ainsi qu&#039;un contenu 100% belge d\u00e9clin\u00e9 \u00e0 360\u00b0sur le site ELLE.be, nos r\u00e9seaux sociaux et notre cha\u00eene Youtube.","publisher":{"@id":"https:\/\/www.elle.be\/fr\/#organization"},"potentialAction":[{"@type":"SearchAction","target":{"@type":"EntryPoint","urlTemplate":"https:\/\/www.elle.be\/fr\/?s={search_term_string}"},"query-input":{"@type":"PropertyValueSpecification","valueRequired":true,"valueName":"search_term_string"}}],"inLanguage":"fr-FR"},{"@type":"Organization","@id":"https:\/\/www.elle.be\/fr\/#organization","name":"ELLE Belgique","url":"https:\/\/www.elle.be\/fr\/","logo":{"@type":"ImageObject","inLanguage":"fr-FR","@id":"https:\/\/www.elle.be\/fr\/#\/schema\/logo\/image\/","url":"https:\/\/www.elle.be\/fr\/wp-content\/uploads\/2017\/03\/elle-icon-200px.jpeg","contentUrl":"https:\/\/www.elle.be\/fr\/wp-content\/uploads\/2017\/03\/elle-icon-200px.jpeg","width":200,"height":200,"caption":"ELLE Belgique"},"image":{"@id":"https:\/\/www.elle.be\/fr\/#\/schema\/logo\/image\/"},"sameAs":["https:\/\/www.facebook.com\/ELLEbelgium\/","https:\/\/x.com\/ELLEBelgique","http:\/\/instagram.com\/ellebelgique\/","https:\/\/www.pinterest.com\/ellebelgique\/","https:\/\/www.youtube.com\/user\/ELLEbelgique1"]},{"@type":"Person","@id":"https:\/\/www.elle.be\/fr\/#\/schema\/person\/1a8abe189f97c6fd9f07d2894b467008","name":"Juliette Maes","image":{"@type":"ImageObject","inLanguage":"fr-FR","@id":"https:\/\/secure.gravatar.com\/avatar\/2053320e861b7c1516e0167d6e5ccd309015793efe231ee04e173c87321b1387?s=96&r=g","url":"https:\/\/secure.gravatar.com\/avatar\/2053320e861b7c1516e0167d6e5ccd309015793efe231ee04e173c87321b1387?s=96&r=g","contentUrl":"https:\/\/secure.gravatar.com\/avatar\/2053320e861b7c1516e0167d6e5ccd309015793efe231ee04e173c87321b1387?s=96&r=g","caption":"Juliette Maes"},"url":"https:\/\/www.elle.be\/fr\/author\/juliette-maeshotmail-com"}]}},"_links":{"self":[{"href":"https:\/\/www.elle.be\/fr\/wp-json\/wp\/v2\/posts\/317151","targetHints":{"allow":["GET"]}}],"collection":[{"href":"https:\/\/www.elle.be\/fr\/wp-json\/wp\/v2\/posts"}],"about":[{"href":"https:\/\/www.elle.be\/fr\/wp-json\/wp\/v2\/types\/post"}],"author":[{"embeddable":true,"href":"https:\/\/www.elle.be\/fr\/wp-json\/wp\/v2\/users\/115"}],"replies":[{"embeddable":true,"href":"https:\/\/www.elle.be\/fr\/wp-json\/wp\/v2\/comments?post=317151"}],"version-history":[{"count":22,"href":"https:\/\/www.elle.be\/fr\/wp-json\/wp\/v2\/posts\/317151\/revisions"}],"predecessor-version":[{"id":380455,"href":"https:\/\/www.elle.be\/fr\/wp-json\/wp\/v2\/posts\/317151\/revisions\/380455"}],"wp:featuredmedia":[{"embeddable":true,"href":"https:\/\/www.elle.be\/fr\/wp-json\/wp\/v2\/media\/317228"}],"wp:attachment":[{"href":"https:\/\/www.elle.be\/fr\/wp-json\/wp\/v2\/media?parent=317151"}],"wp:term":[{"taxonomy":"category","embeddable":true,"href":"https:\/\/www.elle.be\/fr\/wp-json\/wp\/v2\/categories?post=317151"},{"taxonomy":"post_tag","embeddable":true,"href":"https:\/\/www.elle.be\/fr\/wp-json\/wp\/v2\/tags?post=317151"}],"curies":[{"name":"wp","href":"https:\/\/api.w.org\/{rel}","templated":true}]}}