{"id":311636,"date":"2020-10-09T13:42:32","date_gmt":"2020-10-09T11:42:32","guid":{"rendered":"https:\/\/www.elle.be\/fr\/?p=311636"},"modified":"2020-10-09T13:42:32","modified_gmt":"2020-10-09T11:42:32","slug":"note-debarque-en-exclusivite-chez-kruidvat","status":"publish","type":"post","link":"https:\/\/www.elle.be\/fr\/311636-note-debarque-en-exclusivite-chez-kruidvat.html","title":{"rendered":"NOTE d\u00e9barque en exclusivit\u00e9 chez Kruidvat"},"content":{"rendered":"","protected":false},"excerpt":{"rendered":"D\u00e9j\u00e0 disponible dans 70 pays, NOTE Cosm\u00e9tique, une marque de maquillage cr\u00e9\u00e9e en 2014 pour convenir \u00e0 un maximum de peaux et de carnations, d\u00e9barque d\u00e9sormais en Belgique et exclusivement dans nos magasins Kruidvat.","protected":false},"author":102,"featured_media":311732,"comment_status":"open","ping_status":"closed","sticky":false,"template":"","format":"standard","meta":{"_acf_changed":false,"footnotes":""},"categories":[2842,2207],"tags":[593,824],"class_list":["post-311636","post","type-post","status-publish","format-standard","has-post-thumbnail","hentry","category-beaute","category-make-up","tag-maquillage","tag-beaute-2"],"acf":[],"image_verticale":"311734","_yoast_wpseo_title":null,"_yoast_wpseo_metadesc":null,"_yoast_wpseo_focuskw_text_input":null,"_yoast_wpseo_opengraph-title":null,"yoast_head":"<!-- This site is optimized with the Yoast SEO plugin v27.4 - https:\/\/yoast.com\/product\/yoast-seo-wordpress\/ -->\n<title>NOTE d\u00e9barque en exclusivit\u00e9 chez Kruidvat - ELLE.be<\/title>\n<meta name=\"description\" content=\"D\u00e9j\u00e0 disponible dans 70 pays, NOTE Cosm\u00e9tique, une marque de maquillage cr\u00e9\u00e9e en 2014 pour convenir \u00e0 un maximum de peaux et de carnations, d\u00e9barque\" \/>\n<meta name=\"robots\" content=\"index, follow, max-snippet:-1, max-image-preview:large, max-video-preview:-1\" \/>\n<link rel=\"canonical\" href=\"https:\/\/www.elle.be\/fr\/311636-note-debarque-en-exclusivite-chez-kruidvat.html\" \/>\n<meta property=\"og:locale\" content=\"fr_FR\" \/>\n<meta property=\"og:type\" content=\"article\" \/>\n<meta property=\"og:title\" content=\"NOTE d\u00e9barque en exclusivit\u00e9 chez Kruidvat - ELLE.be\" \/>\n<meta property=\"og:description\" content=\"D\u00e9j\u00e0 disponible dans 70 pays, NOTE Cosm\u00e9tique, une marque de maquillage cr\u00e9\u00e9e en 2014 pour convenir \u00e0 un maximum de peaux et de carnations, d\u00e9barque\" \/>\n<meta property=\"og:url\" content=\"https:\/\/www.elle.be\/fr\/311636-note-debarque-en-exclusivite-chez-kruidvat.html\" \/>\n<meta property=\"og:site_name\" content=\"ELLE.be\" \/>\n<meta property=\"article:publisher\" content=\"https:\/\/www.facebook.com\/ELLEbelgium\/\" \/>\n<meta property=\"article:published_time\" content=\"2020-10-09T11:42:32+00:00\" \/>\n<meta property=\"og:image\" content=\"https:\/\/www.elle.be\/fr\/wp-content\/uploads\/2020\/10\/note-cosm-tique.jpg\" \/>\n\t<meta property=\"og:image:width\" content=\"1200\" \/>\n\t<meta property=\"og:image:height\" content=\"628\" \/>\n\t<meta property=\"og:image:type\" content=\"image\/jpeg\" \/>\n<meta name=\"author\" content=\"Noemi Dell&#039;aira\" \/>\n<meta name=\"twitter:card\" content=\"summary_large_image\" \/>\n<meta name=\"twitter:creator\" content=\"@ELLEBelgique\" \/>\n<meta name=\"twitter:site\" content=\"@ELLEBelgique\" \/>\n<meta name=\"twitter:label1\" content=\"\u00c9crit par\" \/>\n\t<meta name=\"twitter:data1\" content=\"Noemi Dell&#039;aira\" \/>\n\t<meta name=\"twitter:label2\" content=\"Dur\u00e9e de lecture estim\u00e9e\" \/>\n\t<meta name=\"twitter:data2\" content=\"1 minute\" \/>\n<script type=\"application\/ld+json\" class=\"yoast-schema-graph\">{\"@context\":\"https:\\\/\\\/schema.org\",\"@graph\":[{\"@type\":\"NewsArticle\",\"@id\":\"https:\\\/\\\/www.elle.be\\\/fr\\\/311636-note-debarque-en-exclusivite-chez-kruidvat.html#article\",\"isPartOf\":{\"@id\":\"https:\\\/\\\/www.elle.be\\\/fr\\\/311636-note-debarque-en-exclusivite-chez-kruidvat.html\"},\"author\":{\"name\":\"Noemi Dell'aira\",\"@id\":\"https:\\\/\\\/www.elle.be\\\/fr\\\/#\\\/schema\\\/person\\\/b4b7022e57c22f3a2a897195e43d6068\"},\"headline\":\"NOTE d\u00e9barque en exclusivit\u00e9 chez Kruidvat\",\"datePublished\":\"2020-10-09T11:42:32+00:00\",\"mainEntityOfPage\":{\"@id\":\"https:\\\/\\\/www.elle.be\\\/fr\\\/311636-note-debarque-en-exclusivite-chez-kruidvat.html\"},\"wordCount\":278,\"commentCount\":0,\"publisher\":{\"@id\":\"https:\\\/\\\/www.elle.be\\\/fr\\\/#organization\"},\"image\":{\"@id\":\"https:\\\/\\\/www.elle.be\\\/fr\\\/311636-note-debarque-en-exclusivite-chez-kruidvat.html#primaryimage\"},\"thumbnailUrl\":\"https:\\\/\\\/www.elle.be\\\/fr\\\/wp-content\\\/uploads\\\/2020\\\/10\\\/note-cosm-tique.jpg\",\"keywords\":[\"maquillage\",\"beaut\u00e9\"],\"articleSection\":[\"Beaut\u00e9\",\"Make-Up\"],\"inLanguage\":\"fr-FR\",\"potentialAction\":[{\"@type\":\"CommentAction\",\"name\":\"Comment\",\"target\":[\"https:\\\/\\\/www.elle.be\\\/fr\\\/311636-note-debarque-en-exclusivite-chez-kruidvat.html#respond\"]}]},{\"@type\":\"WebPage\",\"@id\":\"https:\\\/\\\/www.elle.be\\\/fr\\\/311636-note-debarque-en-exclusivite-chez-kruidvat.html\",\"url\":\"https:\\\/\\\/www.elle.be\\\/fr\\\/311636-note-debarque-en-exclusivite-chez-kruidvat.html\",\"name\":\"NOTE d\u00e9barque en exclusivit\u00e9 chez Kruidvat - ELLE.be\",\"isPartOf\":{\"@id\":\"https:\\\/\\\/www.elle.be\\\/fr\\\/#website\"},\"primaryImageOfPage\":{\"@id\":\"https:\\\/\\\/www.elle.be\\\/fr\\\/311636-note-debarque-en-exclusivite-chez-kruidvat.html#primaryimage\"},\"image\":{\"@id\":\"https:\\\/\\\/www.elle.be\\\/fr\\\/311636-note-debarque-en-exclusivite-chez-kruidvat.html#primaryimage\"},\"thumbnailUrl\":\"https:\\\/\\\/www.elle.be\\\/fr\\\/wp-content\\\/uploads\\\/2020\\\/10\\\/note-cosm-tique.jpg\",\"datePublished\":\"2020-10-09T11:42:32+00:00\",\"description\":\"D\u00e9j\u00e0 disponible dans 70 pays, NOTE Cosm\u00e9tique, une marque de maquillage cr\u00e9\u00e9e en 2014 pour convenir \u00e0 un maximum de peaux et de carnations, d\u00e9barque\",\"breadcrumb\":{\"@id\":\"https:\\\/\\\/www.elle.be\\\/fr\\\/311636-note-debarque-en-exclusivite-chez-kruidvat.html#breadcrumb\"},\"inLanguage\":\"fr-FR\",\"potentialAction\":[{\"@type\":\"ReadAction\",\"target\":[\"https:\\\/\\\/www.elle.be\\\/fr\\\/311636-note-debarque-en-exclusivite-chez-kruidvat.html\"]}]},{\"@type\":\"ImageObject\",\"inLanguage\":\"fr-FR\",\"@id\":\"https:\\\/\\\/www.elle.be\\\/fr\\\/311636-note-debarque-en-exclusivite-chez-kruidvat.html#primaryimage\",\"url\":\"https:\\\/\\\/www.elle.be\\\/fr\\\/wp-content\\\/uploads\\\/2020\\\/10\\\/note-cosm-tique.jpg\",\"contentUrl\":\"https:\\\/\\\/www.elle.be\\\/fr\\\/wp-content\\\/uploads\\\/2020\\\/10\\\/note-cosm-tique.jpg\",\"width\":1200,\"height\":628,\"caption\":\"\u00a9 Presse\"},{\"@type\":\"BreadcrumbList\",\"@id\":\"https:\\\/\\\/www.elle.be\\\/fr\\\/311636-note-debarque-en-exclusivite-chez-kruidvat.html#breadcrumb\",\"itemListElement\":[{\"@type\":\"ListItem\",\"position\":1,\"name\":\"FR\",\"item\":\"https:\\\/\\\/www.elle.be\\\/fr\"},{\"@type\":\"ListItem\",\"position\":2,\"name\":\"Beaut\u00e9\",\"item\":\"https:\\\/\\\/www.elle.be\\\/fr\\\/beaute\"},{\"@type\":\"ListItem\",\"position\":3,\"name\":\"NOTE d\u00e9barque en exclusivit\u00e9 chez Kruidvat\"}]},{\"@type\":\"WebSite\",\"@id\":\"https:\\\/\\\/www.elle.be\\\/fr\\\/#website\",\"url\":\"https:\\\/\\\/www.elle.be\\\/fr\\\/\",\"name\":\"ELLE.be\",\"description\":\"Toutes les infos mode, beaut\u00e9 et lifestyle les plus pointues ainsi qu&#039;un contenu 100% belge d\u00e9clin\u00e9 \u00e0 360\u00b0sur le site ELLE.be, nos r\u00e9seaux sociaux et notre cha\u00eene Youtube.\",\"publisher\":{\"@id\":\"https:\\\/\\\/www.elle.be\\\/fr\\\/#organization\"},\"potentialAction\":[{\"@type\":\"SearchAction\",\"target\":{\"@type\":\"EntryPoint\",\"urlTemplate\":\"https:\\\/\\\/www.elle.be\\\/fr\\\/?s={search_term_string}\"},\"query-input\":{\"@type\":\"PropertyValueSpecification\",\"valueRequired\":true,\"valueName\":\"search_term_string\"}}],\"inLanguage\":\"fr-FR\"},{\"@type\":\"Organization\",\"@id\":\"https:\\\/\\\/www.elle.be\\\/fr\\\/#organization\",\"name\":\"ELLE Belgique\",\"url\":\"https:\\\/\\\/www.elle.be\\\/fr\\\/\",\"logo\":{\"@type\":\"ImageObject\",\"inLanguage\":\"fr-FR\",\"@id\":\"https:\\\/\\\/www.elle.be\\\/fr\\\/#\\\/schema\\\/logo\\\/image\\\/\",\"url\":\"https:\\\/\\\/www.elle.be\\\/fr\\\/wp-content\\\/uploads\\\/2017\\\/03\\\/elle-icon-200px.jpeg\",\"contentUrl\":\"https:\\\/\\\/www.elle.be\\\/fr\\\/wp-content\\\/uploads\\\/2017\\\/03\\\/elle-icon-200px.jpeg\",\"width\":200,\"height\":200,\"caption\":\"ELLE Belgique\"},\"image\":{\"@id\":\"https:\\\/\\\/www.elle.be\\\/fr\\\/#\\\/schema\\\/logo\\\/image\\\/\"},\"sameAs\":[\"https:\\\/\\\/www.facebook.com\\\/ELLEbelgium\\\/\",\"https:\\\/\\\/x.com\\\/ELLEBelgique\",\"http:\\\/\\\/instagram.com\\\/ellebelgique\\\/\",\"https:\\\/\\\/www.pinterest.com\\\/ellebelgique\\\/\",\"https:\\\/\\\/www.youtube.com\\\/user\\\/ELLEbelgique1\"]},{\"@type\":\"Person\",\"@id\":\"https:\\\/\\\/www.elle.be\\\/fr\\\/#\\\/schema\\\/person\\\/b4b7022e57c22f3a2a897195e43d6068\",\"name\":\"Noemi Dell'aira\",\"image\":{\"@type\":\"ImageObject\",\"inLanguage\":\"fr-FR\",\"@id\":\"https:\\\/\\\/secure.gravatar.com\\\/avatar\\\/d3a38bb3bea0af965ce2fc2689ae0097431faf234bc245a4ce26ef10705824cf?s=96&r=g\",\"url\":\"https:\\\/\\\/secure.gravatar.com\\\/avatar\\\/d3a38bb3bea0af965ce2fc2689ae0097431faf234bc245a4ce26ef10705824cf?s=96&r=g\",\"contentUrl\":\"https:\\\/\\\/secure.gravatar.com\\\/avatar\\\/d3a38bb3bea0af965ce2fc2689ae0097431faf234bc245a4ce26ef10705824cf?s=96&r=g\",\"caption\":\"Noemi Dell'aira\"},\"sameAs\":[\"https:\\\/\\\/www.instagram.com\\\/noemidellaira\\\/\"],\"url\":\"https:\\\/\\\/www.elle.be\\\/fr\\\/author\\\/noemi\"}]}<\/script>\n<!-- \/ Yoast SEO plugin. -->","yoast_head_json":{"title":"NOTE d\u00e9barque en exclusivit\u00e9 chez Kruidvat - ELLE.be","description":"D\u00e9j\u00e0 disponible dans 70 pays, NOTE Cosm\u00e9tique, une marque de maquillage cr\u00e9\u00e9e en 2014 pour convenir \u00e0 un maximum de peaux et de carnations, d\u00e9barque","robots":{"index":"index","follow":"follow","max-snippet":"max-snippet:-1","max-image-preview":"max-image-preview:large","max-video-preview":"max-video-preview:-1"},"canonical":"https:\/\/www.elle.be\/fr\/311636-note-debarque-en-exclusivite-chez-kruidvat.html","og_locale":"fr_FR","og_type":"article","og_title":"NOTE d\u00e9barque en exclusivit\u00e9 chez Kruidvat - ELLE.be","og_description":"D\u00e9j\u00e0 disponible dans 70 pays, NOTE Cosm\u00e9tique, une marque de maquillage cr\u00e9\u00e9e en 2014 pour convenir \u00e0 un maximum de peaux et de carnations, d\u00e9barque","og_url":"https:\/\/www.elle.be\/fr\/311636-note-debarque-en-exclusivite-chez-kruidvat.html","og_site_name":"ELLE.be","article_publisher":"https:\/\/www.facebook.com\/ELLEbelgium\/","article_published_time":"2020-10-09T11:42:32+00:00","og_image":[{"width":1200,"height":628,"url":"https:\/\/www.elle.be\/fr\/wp-content\/uploads\/2020\/10\/note-cosm-tique.jpg","type":"image\/jpeg"}],"author":"Noemi Dell'aira","twitter_card":"summary_large_image","twitter_creator":"@ELLEBelgique","twitter_site":"@ELLEBelgique","twitter_misc":{"\u00c9crit par":"Noemi Dell'aira","Dur\u00e9e de lecture estim\u00e9e":"1 minute"},"schema":{"@context":"https:\/\/schema.org","@graph":[{"@type":"NewsArticle","@id":"https:\/\/www.elle.be\/fr\/311636-note-debarque-en-exclusivite-chez-kruidvat.html#article","isPartOf":{"@id":"https:\/\/www.elle.be\/fr\/311636-note-debarque-en-exclusivite-chez-kruidvat.html"},"author":{"name":"Noemi Dell'aira","@id":"https:\/\/www.elle.be\/fr\/#\/schema\/person\/b4b7022e57c22f3a2a897195e43d6068"},"headline":"NOTE d\u00e9barque en exclusivit\u00e9 chez Kruidvat","datePublished":"2020-10-09T11:42:32+00:00","mainEntityOfPage":{"@id":"https:\/\/www.elle.be\/fr\/311636-note-debarque-en-exclusivite-chez-kruidvat.html"},"wordCount":278,"commentCount":0,"publisher":{"@id":"https:\/\/www.elle.be\/fr\/#organization"},"image":{"@id":"https:\/\/www.elle.be\/fr\/311636-note-debarque-en-exclusivite-chez-kruidvat.html#primaryimage"},"thumbnailUrl":"https:\/\/www.elle.be\/fr\/wp-content\/uploads\/2020\/10\/note-cosm-tique.jpg","keywords":["maquillage","beaut\u00e9"],"articleSection":["Beaut\u00e9","Make-Up"],"inLanguage":"fr-FR","potentialAction":[{"@type":"CommentAction","name":"Comment","target":["https:\/\/www.elle.be\/fr\/311636-note-debarque-en-exclusivite-chez-kruidvat.html#respond"]}]},{"@type":"WebPage","@id":"https:\/\/www.elle.be\/fr\/311636-note-debarque-en-exclusivite-chez-kruidvat.html","url":"https:\/\/www.elle.be\/fr\/311636-note-debarque-en-exclusivite-chez-kruidvat.html","name":"NOTE d\u00e9barque en exclusivit\u00e9 chez Kruidvat - ELLE.be","isPartOf":{"@id":"https:\/\/www.elle.be\/fr\/#website"},"primaryImageOfPage":{"@id":"https:\/\/www.elle.be\/fr\/311636-note-debarque-en-exclusivite-chez-kruidvat.html#primaryimage"},"image":{"@id":"https:\/\/www.elle.be\/fr\/311636-note-debarque-en-exclusivite-chez-kruidvat.html#primaryimage"},"thumbnailUrl":"https:\/\/www.elle.be\/fr\/wp-content\/uploads\/2020\/10\/note-cosm-tique.jpg","datePublished":"2020-10-09T11:42:32+00:00","description":"D\u00e9j\u00e0 disponible dans 70 pays, NOTE Cosm\u00e9tique, une marque de maquillage cr\u00e9\u00e9e en 2014 pour convenir \u00e0 un maximum de peaux et de carnations, d\u00e9barque","breadcrumb":{"@id":"https:\/\/www.elle.be\/fr\/311636-note-debarque-en-exclusivite-chez-kruidvat.html#breadcrumb"},"inLanguage":"fr-FR","potentialAction":[{"@type":"ReadAction","target":["https:\/\/www.elle.be\/fr\/311636-note-debarque-en-exclusivite-chez-kruidvat.html"]}]},{"@type":"ImageObject","inLanguage":"fr-FR","@id":"https:\/\/www.elle.be\/fr\/311636-note-debarque-en-exclusivite-chez-kruidvat.html#primaryimage","url":"https:\/\/www.elle.be\/fr\/wp-content\/uploads\/2020\/10\/note-cosm-tique.jpg","contentUrl":"https:\/\/www.elle.be\/fr\/wp-content\/uploads\/2020\/10\/note-cosm-tique.jpg","width":1200,"height":628,"caption":"\u00a9 Presse"},{"@type":"BreadcrumbList","@id":"https:\/\/www.elle.be\/fr\/311636-note-debarque-en-exclusivite-chez-kruidvat.html#breadcrumb","itemListElement":[{"@type":"ListItem","position":1,"name":"FR","item":"https:\/\/www.elle.be\/fr"},{"@type":"ListItem","position":2,"name":"Beaut\u00e9","item":"https:\/\/www.elle.be\/fr\/beaute"},{"@type":"ListItem","position":3,"name":"NOTE d\u00e9barque en exclusivit\u00e9 chez Kruidvat"}]},{"@type":"WebSite","@id":"https:\/\/www.elle.be\/fr\/#website","url":"https:\/\/www.elle.be\/fr\/","name":"ELLE.be","description":"Toutes les infos mode, beaut\u00e9 et lifestyle les plus pointues ainsi qu&#039;un contenu 100% belge d\u00e9clin\u00e9 \u00e0 360\u00b0sur le site ELLE.be, nos r\u00e9seaux sociaux et notre cha\u00eene Youtube.","publisher":{"@id":"https:\/\/www.elle.be\/fr\/#organization"},"potentialAction":[{"@type":"SearchAction","target":{"@type":"EntryPoint","urlTemplate":"https:\/\/www.elle.be\/fr\/?s={search_term_string}"},"query-input":{"@type":"PropertyValueSpecification","valueRequired":true,"valueName":"search_term_string"}}],"inLanguage":"fr-FR"},{"@type":"Organization","@id":"https:\/\/www.elle.be\/fr\/#organization","name":"ELLE Belgique","url":"https:\/\/www.elle.be\/fr\/","logo":{"@type":"ImageObject","inLanguage":"fr-FR","@id":"https:\/\/www.elle.be\/fr\/#\/schema\/logo\/image\/","url":"https:\/\/www.elle.be\/fr\/wp-content\/uploads\/2017\/03\/elle-icon-200px.jpeg","contentUrl":"https:\/\/www.elle.be\/fr\/wp-content\/uploads\/2017\/03\/elle-icon-200px.jpeg","width":200,"height":200,"caption":"ELLE Belgique"},"image":{"@id":"https:\/\/www.elle.be\/fr\/#\/schema\/logo\/image\/"},"sameAs":["https:\/\/www.facebook.com\/ELLEbelgium\/","https:\/\/x.com\/ELLEBelgique","http:\/\/instagram.com\/ellebelgique\/","https:\/\/www.pinterest.com\/ellebelgique\/","https:\/\/www.youtube.com\/user\/ELLEbelgique1"]},{"@type":"Person","@id":"https:\/\/www.elle.be\/fr\/#\/schema\/person\/b4b7022e57c22f3a2a897195e43d6068","name":"Noemi Dell'aira","image":{"@type":"ImageObject","inLanguage":"fr-FR","@id":"https:\/\/secure.gravatar.com\/avatar\/d3a38bb3bea0af965ce2fc2689ae0097431faf234bc245a4ce26ef10705824cf?s=96&r=g","url":"https:\/\/secure.gravatar.com\/avatar\/d3a38bb3bea0af965ce2fc2689ae0097431faf234bc245a4ce26ef10705824cf?s=96&r=g","contentUrl":"https:\/\/secure.gravatar.com\/avatar\/d3a38bb3bea0af965ce2fc2689ae0097431faf234bc245a4ce26ef10705824cf?s=96&r=g","caption":"Noemi Dell'aira"},"sameAs":["https:\/\/www.instagram.com\/noemidellaira\/"],"url":"https:\/\/www.elle.be\/fr\/author\/noemi"}]}},"_links":{"self":[{"href":"https:\/\/www.elle.be\/fr\/wp-json\/wp\/v2\/posts\/311636","targetHints":{"allow":["GET"]}}],"collection":[{"href":"https:\/\/www.elle.be\/fr\/wp-json\/wp\/v2\/posts"}],"about":[{"href":"https:\/\/www.elle.be\/fr\/wp-json\/wp\/v2\/types\/post"}],"author":[{"embeddable":true,"href":"https:\/\/www.elle.be\/fr\/wp-json\/wp\/v2\/users\/102"}],"replies":[{"embeddable":true,"href":"https:\/\/www.elle.be\/fr\/wp-json\/wp\/v2\/comments?post=311636"}],"version-history":[{"count":14,"href":"https:\/\/www.elle.be\/fr\/wp-json\/wp\/v2\/posts\/311636\/revisions"}],"predecessor-version":[{"id":311814,"href":"https:\/\/www.elle.be\/fr\/wp-json\/wp\/v2\/posts\/311636\/revisions\/311814"}],"wp:featuredmedia":[{"embeddable":true,"href":"https:\/\/www.elle.be\/fr\/wp-json\/wp\/v2\/media\/311732"}],"wp:attachment":[{"href":"https:\/\/www.elle.be\/fr\/wp-json\/wp\/v2\/media?parent=311636"}],"wp:term":[{"taxonomy":"category","embeddable":true,"href":"https:\/\/www.elle.be\/fr\/wp-json\/wp\/v2\/categories?post=311636"},{"taxonomy":"post_tag","embeddable":true,"href":"https:\/\/www.elle.be\/fr\/wp-json\/wp\/v2\/tags?post=311636"}],"curies":[{"name":"wp","href":"https:\/\/api.w.org\/{rel}","templated":true}]}}