{"id":311405,"date":"2020-10-08T10:00:27","date_gmt":"2020-10-08T08:00:27","guid":{"rendered":"https:\/\/www.elle.be\/fr\/?p=311405"},"modified":"2020-10-08T10:03:06","modified_gmt":"2020-10-08T08:03:06","slug":"la-bonne-chere-le-resto-a-booker-avant-quil-ne-soit-bonde","status":"publish","type":"post","link":"https:\/\/www.elle.be\/fr\/311405-la-bonne-chere-le-resto-a-booker-avant-quil-ne-soit-bonde.html","title":{"rendered":"La bonne ch\u00e8re : le resto \u00e0 booker avant qu&#8217;il ne soit bond\u00e9"},"content":{"rendered":"","protected":false},"excerpt":{"rendered":"On aurait presque envie de garder l\u2019adresse secr\u00e8te tant c\u2019est une v\u00e9ritable p\u00e9pite. ...","protected":false},"author":46,"featured_media":311407,"comment_status":"open","ping_status":"closed","sticky":false,"template":"","format":"standard","meta":{"_acf_changed":false,"_yoast_wpseo_canonical":"","footnotes":""},"categories":[1451,1150],"tags":[49,940,2938],"class_list":["post-311405","post","type-post","status-publish","format-standard","has-post-thumbnail","hentry","category-elle-a-table","category-adresses","tag-bruxelles","tag-gastronomie","tag-francais"],"acf":{"credits_auteur_initial":"","credits_photographe":"","credits_link":"","credits_galerie":""},"image_verticale":"311408","_yoast_wpseo_title":null,"_yoast_wpseo_metadesc":"On aurait presque envie de garder l\u2019adresse secr\u00e8te... La bonne ch\u00e8re, c\u2019est un petit nouveau qui voit tr\u00e8s grand. Un resto \u00e0 surveiller!","_yoast_wpseo_focuskw_text_input":null,"_yoast_wpseo_opengraph-title":null,"yoast_head":"<!-- This site is optimized with the Yoast SEO plugin v28.2 - https:\/\/yoast.com\/product\/yoast-seo-wordpress\/ -->\n<title>La bonne ch\u00e8re : le resto \u00e0 booker avant qu&#039;il ne soit bond\u00e9 - ELLE.be<\/title>\n<meta name=\"description\" content=\"On aurait presque envie de garder l\u2019adresse secr\u00e8te... La bonne ch\u00e8re, c\u2019est un petit nouveau qui voit tr\u00e8s grand. Un resto \u00e0 surveiller!\" \/>\n<meta name=\"robots\" content=\"index, follow, max-snippet:-1, max-image-preview:large, max-video-preview:-1\" \/>\n<link rel=\"canonical\" href=\"https:\/\/www.elle.be\/fr\/311405-la-bonne-chere-le-resto-a-booker-avant-quil-ne-soit-bonde.html\" \/>\n<meta property=\"og:locale\" content=\"fr_FR\" \/>\n<meta property=\"og:type\" content=\"article\" \/>\n<meta property=\"og:title\" content=\"La bonne ch\u00e8re : le resto \u00e0 booker avant qu&#039;il ne soit bond\u00e9 - ELLE.be\" \/>\n<meta property=\"og:description\" content=\"On aurait presque envie de garder l\u2019adresse secr\u00e8te... La bonne ch\u00e8re, c\u2019est un petit nouveau qui voit tr\u00e8s grand. Un resto \u00e0 surveiller!\" \/>\n<meta property=\"og:url\" content=\"https:\/\/www.elle.be\/fr\/311405-la-bonne-chere-le-resto-a-booker-avant-quil-ne-soit-bonde.html\" \/>\n<meta property=\"og:site_name\" content=\"ELLE.be\" \/>\n<meta property=\"article:publisher\" content=\"https:\/\/www.facebook.com\/ELLEbelgium\/\" \/>\n<meta property=\"article:published_time\" content=\"2020-10-08T08:00:27+00:00\" \/>\n<meta property=\"article:modified_time\" content=\"2020-10-08T08:03:06+00:00\" \/>\n<meta property=\"og:image\" content=\"https:\/\/www.elle.be\/fr\/wp-content\/uploads\/2020\/10\/la-bonne-chere.jpg\" \/>\n\t<meta property=\"og:image:width\" content=\"1200\" \/>\n\t<meta property=\"og:image:height\" content=\"628\" \/>\n\t<meta property=\"og:image:type\" content=\"image\/jpeg\" \/>\n<meta name=\"author\" content=\"Laurence Donis\" \/>\n<meta name=\"twitter:card\" content=\"summary_large_image\" \/>\n<meta name=\"twitter:creator\" content=\"@DonisLaurence\" \/>\n<meta name=\"twitter:site\" content=\"@ELLEBelgique\" \/>\n<meta name=\"twitter:label1\" content=\"\u00c9crit par\" \/>\n\t<meta name=\"twitter:data1\" content=\"Laurence Donis\" \/>\n\t<meta name=\"twitter:label2\" content=\"Dur\u00e9e de lecture estim\u00e9e\" \/>\n\t<meta name=\"twitter:data2\" content=\"3 minutes\" \/>\n<script type=\"application\/ld+json\" class=\"yoast-schema-graph\">{\"@context\":\"https:\\\/\\\/schema.org\",\"@graph\":[{\"@type\":\"NewsArticle\",\"@id\":\"https:\\\/\\\/www.elle.be\\\/fr\\\/311405-la-bonne-chere-le-resto-a-booker-avant-quil-ne-soit-bonde.html#article\",\"isPartOf\":{\"@id\":\"https:\\\/\\\/www.elle.be\\\/fr\\\/311405-la-bonne-chere-le-resto-a-booker-avant-quil-ne-soit-bonde.html\"},\"author\":{\"name\":\"Laurence Donis\",\"@id\":\"https:\\\/\\\/www.elle.be\\\/fr\\\/#\\\/schema\\\/person\\\/517177ad0a70e8c475948fa3169deacd\"},\"headline\":\"La bonne ch\u00e8re : le resto \u00e0 booker avant qu&#8217;il ne soit bond\u00e9\",\"datePublished\":\"2020-10-08T08:00:27+00:00\",\"dateModified\":\"2020-10-08T08:03:06+00:00\",\"mainEntityOfPage\":{\"@id\":\"https:\\\/\\\/www.elle.be\\\/fr\\\/311405-la-bonne-chere-le-resto-a-booker-avant-quil-ne-soit-bonde.html\"},\"wordCount\":558,\"commentCount\":0,\"publisher\":{\"@id\":\"https:\\\/\\\/www.elle.be\\\/fr\\\/#organization\"},\"image\":{\"@id\":\"https:\\\/\\\/www.elle.be\\\/fr\\\/311405-la-bonne-chere-le-resto-a-booker-avant-quil-ne-soit-bonde.html#primaryimage\"},\"thumbnailUrl\":\"https:\\\/\\\/www.elle.be\\\/fr\\\/wp-content\\\/uploads\\\/2020\\\/10\\\/la-bonne-chere.jpg\",\"keywords\":[\"bruxelles\",\"gastronomie\",\"fran\u00e7ais\"],\"articleSection\":[\"ELLE \u00e0 Table\",\"Adresses\"],\"inLanguage\":\"fr-FR\",\"potentialAction\":[{\"@type\":\"CommentAction\",\"name\":\"Comment\",\"target\":[\"https:\\\/\\\/www.elle.be\\\/fr\\\/311405-la-bonne-chere-le-resto-a-booker-avant-quil-ne-soit-bonde.html#respond\"]}]},{\"@type\":\"WebPage\",\"@id\":\"https:\\\/\\\/www.elle.be\\\/fr\\\/311405-la-bonne-chere-le-resto-a-booker-avant-quil-ne-soit-bonde.html\",\"url\":\"https:\\\/\\\/www.elle.be\\\/fr\\\/311405-la-bonne-chere-le-resto-a-booker-avant-quil-ne-soit-bonde.html\",\"name\":\"La bonne ch\u00e8re : le resto \u00e0 booker avant qu'il ne soit bond\u00e9 - ELLE.be\",\"isPartOf\":{\"@id\":\"https:\\\/\\\/www.elle.be\\\/fr\\\/#website\"},\"primaryImageOfPage\":{\"@id\":\"https:\\\/\\\/www.elle.be\\\/fr\\\/311405-la-bonne-chere-le-resto-a-booker-avant-quil-ne-soit-bonde.html#primaryimage\"},\"image\":{\"@id\":\"https:\\\/\\\/www.elle.be\\\/fr\\\/311405-la-bonne-chere-le-resto-a-booker-avant-quil-ne-soit-bonde.html#primaryimage\"},\"thumbnailUrl\":\"https:\\\/\\\/www.elle.be\\\/fr\\\/wp-content\\\/uploads\\\/2020\\\/10\\\/la-bonne-chere.jpg\",\"datePublished\":\"2020-10-08T08:00:27+00:00\",\"dateModified\":\"2020-10-08T08:03:06+00:00\",\"description\":\"On aurait presque envie de garder l\u2019adresse secr\u00e8te... La bonne ch\u00e8re, c\u2019est un petit nouveau qui voit tr\u00e8s grand. Un resto \u00e0 surveiller!\",\"breadcrumb\":{\"@id\":\"https:\\\/\\\/www.elle.be\\\/fr\\\/311405-la-bonne-chere-le-resto-a-booker-avant-quil-ne-soit-bonde.html#breadcrumb\"},\"inLanguage\":\"fr-FR\",\"potentialAction\":[{\"@type\":\"ReadAction\",\"target\":[\"https:\\\/\\\/www.elle.be\\\/fr\\\/311405-la-bonne-chere-le-resto-a-booker-avant-quil-ne-soit-bonde.html\"]}]},{\"@type\":\"ImageObject\",\"inLanguage\":\"fr-FR\",\"@id\":\"https:\\\/\\\/www.elle.be\\\/fr\\\/311405-la-bonne-chere-le-resto-a-booker-avant-quil-ne-soit-bonde.html#primaryimage\",\"url\":\"https:\\\/\\\/www.elle.be\\\/fr\\\/wp-content\\\/uploads\\\/2020\\\/10\\\/la-bonne-chere.jpg\",\"contentUrl\":\"https:\\\/\\\/www.elle.be\\\/fr\\\/wp-content\\\/uploads\\\/2020\\\/10\\\/la-bonne-chere.jpg\",\"width\":1200,\"height\":628,\"caption\":\"\u00a9 Presse\"},{\"@type\":\"BreadcrumbList\",\"@id\":\"https:\\\/\\\/www.elle.be\\\/fr\\\/311405-la-bonne-chere-le-resto-a-booker-avant-quil-ne-soit-bonde.html#breadcrumb\",\"itemListElement\":[{\"@type\":\"ListItem\",\"position\":1,\"name\":\"FR\",\"item\":\"https:\\\/\\\/www.elle.be\\\/fr\"},{\"@type\":\"ListItem\",\"position\":2,\"name\":\"ELLE \u00e0 Table\",\"item\":\"https:\\\/\\\/www.elle.be\\\/fr\\\/elle-a-table\"},{\"@type\":\"ListItem\",\"position\":3,\"name\":\"La bonne ch\u00e8re : le resto \u00e0 booker avant qu&rsquo;il ne soit bond\u00e9\"}]},{\"@type\":\"WebSite\",\"@id\":\"https:\\\/\\\/www.elle.be\\\/fr\\\/#website\",\"url\":\"https:\\\/\\\/www.elle.be\\\/fr\\\/\",\"name\":\"ELLE.be\",\"description\":\"Toutes les infos mode, beaut\u00e9 et lifestyle les plus pointues ainsi qu&#039;un contenu 100% belge d\u00e9clin\u00e9 \u00e0 360\u00b0sur le site ELLE.be, nos r\u00e9seaux sociaux et notre cha\u00eene Youtube.\",\"publisher\":{\"@id\":\"https:\\\/\\\/www.elle.be\\\/fr\\\/#organization\"},\"potentialAction\":[{\"@type\":\"SearchAction\",\"target\":{\"@type\":\"EntryPoint\",\"urlTemplate\":\"https:\\\/\\\/www.elle.be\\\/fr\\\/?s={search_term_string}\"},\"query-input\":{\"@type\":\"PropertyValueSpecification\",\"valueRequired\":true,\"valueName\":\"search_term_string\"}}],\"inLanguage\":\"fr-FR\"},{\"@type\":\"Organization\",\"@id\":\"https:\\\/\\\/www.elle.be\\\/fr\\\/#organization\",\"name\":\"ELLE Belgique\",\"url\":\"https:\\\/\\\/www.elle.be\\\/fr\\\/\",\"logo\":{\"@type\":\"ImageObject\",\"inLanguage\":\"fr-FR\",\"@id\":\"https:\\\/\\\/www.elle.be\\\/fr\\\/#\\\/schema\\\/logo\\\/image\\\/\",\"url\":\"https:\\\/\\\/www.elle.be\\\/fr\\\/wp-content\\\/uploads\\\/2017\\\/03\\\/elle-icon-200px.jpeg\",\"contentUrl\":\"https:\\\/\\\/www.elle.be\\\/fr\\\/wp-content\\\/uploads\\\/2017\\\/03\\\/elle-icon-200px.jpeg\",\"width\":200,\"height\":200,\"caption\":\"ELLE Belgique\"},\"image\":{\"@id\":\"https:\\\/\\\/www.elle.be\\\/fr\\\/#\\\/schema\\\/logo\\\/image\\\/\"},\"sameAs\":[\"https:\\\/\\\/www.facebook.com\\\/ELLEbelgium\\\/\",\"https:\\\/\\\/x.com\\\/ELLEBelgique\",\"http:\\\/\\\/instagram.com\\\/ellebelgique\\\/\",\"https:\\\/\\\/www.pinterest.com\\\/ellebelgique\\\/\",\"https:\\\/\\\/www.youtube.com\\\/user\\\/ELLEbelgique1\"]},{\"@type\":\"Person\",\"@id\":\"https:\\\/\\\/www.elle.be\\\/fr\\\/#\\\/schema\\\/person\\\/517177ad0a70e8c475948fa3169deacd\",\"name\":\"Laurence Donis\",\"image\":{\"@type\":\"ImageObject\",\"inLanguage\":\"fr-FR\",\"@id\":\"https:\\\/\\\/www.elle.be\\\/fr\\\/wp-content\\\/uploads\\\/2017\\\/03\\\/moii-96x96.jpg\",\"url\":\"https:\\\/\\\/www.elle.be\\\/fr\\\/wp-content\\\/uploads\\\/2017\\\/03\\\/moii-96x96.jpg\",\"contentUrl\":\"https:\\\/\\\/www.elle.be\\\/fr\\\/wp-content\\\/uploads\\\/2017\\\/03\\\/moii-96x96.jpg\",\"caption\":\"Laurence Donis\"},\"description\":\"Convaincue que le f\u00e9minisme n'est pas un gros mot (ou un combat d\u00e9pass\u00e9) mais que l'on peut aussi en parler d'une mani\u00e8re moderne, fun et d\u00e9cal\u00e9e. Gourmande inv\u00e9t\u00e9r\u00e9e, elle reste aussi \u00e0 l'aff\u00fbt des bons plans food toute l'ann\u00e9e.\",\"sameAs\":[\"https:\\\/\\\/www.instagram.com\\\/laurence.donis\\\/\",\"https:\\\/\\\/x.com\\\/DonisLaurence\"],\"url\":\"https:\\\/\\\/www.elle.be\\\/fr\\\/author\\\/laurenced\"}]}<\/script>\n<!-- \/ Yoast SEO plugin. -->","yoast_head_json":{"title":"La bonne ch\u00e8re : le resto \u00e0 booker avant qu'il ne soit bond\u00e9 - ELLE.be","description":"On aurait presque envie de garder l\u2019adresse secr\u00e8te... La bonne ch\u00e8re, c\u2019est un petit nouveau qui voit tr\u00e8s grand. Un resto \u00e0 surveiller!","robots":{"index":"index","follow":"follow","max-snippet":"max-snippet:-1","max-image-preview":"max-image-preview:large","max-video-preview":"max-video-preview:-1"},"canonical":"https:\/\/www.elle.be\/fr\/311405-la-bonne-chere-le-resto-a-booker-avant-quil-ne-soit-bonde.html","og_locale":"fr_FR","og_type":"article","og_title":"La bonne ch\u00e8re : le resto \u00e0 booker avant qu'il ne soit bond\u00e9 - ELLE.be","og_description":"On aurait presque envie de garder l\u2019adresse secr\u00e8te... La bonne ch\u00e8re, c\u2019est un petit nouveau qui voit tr\u00e8s grand. Un resto \u00e0 surveiller!","og_url":"https:\/\/www.elle.be\/fr\/311405-la-bonne-chere-le-resto-a-booker-avant-quil-ne-soit-bonde.html","og_site_name":"ELLE.be","article_publisher":"https:\/\/www.facebook.com\/ELLEbelgium\/","article_published_time":"2020-10-08T08:00:27+00:00","article_modified_time":"2020-10-08T08:03:06+00:00","og_image":[{"width":1200,"height":628,"url":"https:\/\/www.elle.be\/fr\/wp-content\/uploads\/2020\/10\/la-bonne-chere.jpg","type":"image\/jpeg"}],"author":"Laurence Donis","twitter_card":"summary_large_image","twitter_creator":"@DonisLaurence","twitter_site":"@ELLEBelgique","twitter_misc":{"\u00c9crit par":"Laurence Donis","Dur\u00e9e de lecture estim\u00e9e":"3 minutes"},"schema":{"@context":"https:\/\/schema.org","@graph":[{"@type":"NewsArticle","@id":"https:\/\/www.elle.be\/fr\/311405-la-bonne-chere-le-resto-a-booker-avant-quil-ne-soit-bonde.html#article","isPartOf":{"@id":"https:\/\/www.elle.be\/fr\/311405-la-bonne-chere-le-resto-a-booker-avant-quil-ne-soit-bonde.html"},"author":{"name":"Laurence Donis","@id":"https:\/\/www.elle.be\/fr\/#\/schema\/person\/517177ad0a70e8c475948fa3169deacd"},"headline":"La bonne ch\u00e8re : le resto \u00e0 booker avant qu&#8217;il ne soit bond\u00e9","datePublished":"2020-10-08T08:00:27+00:00","dateModified":"2020-10-08T08:03:06+00:00","mainEntityOfPage":{"@id":"https:\/\/www.elle.be\/fr\/311405-la-bonne-chere-le-resto-a-booker-avant-quil-ne-soit-bonde.html"},"wordCount":558,"commentCount":0,"publisher":{"@id":"https:\/\/www.elle.be\/fr\/#organization"},"image":{"@id":"https:\/\/www.elle.be\/fr\/311405-la-bonne-chere-le-resto-a-booker-avant-quil-ne-soit-bonde.html#primaryimage"},"thumbnailUrl":"https:\/\/www.elle.be\/fr\/wp-content\/uploads\/2020\/10\/la-bonne-chere.jpg","keywords":["bruxelles","gastronomie","fran\u00e7ais"],"articleSection":["ELLE \u00e0 Table","Adresses"],"inLanguage":"fr-FR","potentialAction":[{"@type":"CommentAction","name":"Comment","target":["https:\/\/www.elle.be\/fr\/311405-la-bonne-chere-le-resto-a-booker-avant-quil-ne-soit-bonde.html#respond"]}]},{"@type":"WebPage","@id":"https:\/\/www.elle.be\/fr\/311405-la-bonne-chere-le-resto-a-booker-avant-quil-ne-soit-bonde.html","url":"https:\/\/www.elle.be\/fr\/311405-la-bonne-chere-le-resto-a-booker-avant-quil-ne-soit-bonde.html","name":"La bonne ch\u00e8re : le resto \u00e0 booker avant qu'il ne soit bond\u00e9 - ELLE.be","isPartOf":{"@id":"https:\/\/www.elle.be\/fr\/#website"},"primaryImageOfPage":{"@id":"https:\/\/www.elle.be\/fr\/311405-la-bonne-chere-le-resto-a-booker-avant-quil-ne-soit-bonde.html#primaryimage"},"image":{"@id":"https:\/\/www.elle.be\/fr\/311405-la-bonne-chere-le-resto-a-booker-avant-quil-ne-soit-bonde.html#primaryimage"},"thumbnailUrl":"https:\/\/www.elle.be\/fr\/wp-content\/uploads\/2020\/10\/la-bonne-chere.jpg","datePublished":"2020-10-08T08:00:27+00:00","dateModified":"2020-10-08T08:03:06+00:00","description":"On aurait presque envie de garder l\u2019adresse secr\u00e8te... La bonne ch\u00e8re, c\u2019est un petit nouveau qui voit tr\u00e8s grand. Un resto \u00e0 surveiller!","breadcrumb":{"@id":"https:\/\/www.elle.be\/fr\/311405-la-bonne-chere-le-resto-a-booker-avant-quil-ne-soit-bonde.html#breadcrumb"},"inLanguage":"fr-FR","potentialAction":[{"@type":"ReadAction","target":["https:\/\/www.elle.be\/fr\/311405-la-bonne-chere-le-resto-a-booker-avant-quil-ne-soit-bonde.html"]}]},{"@type":"ImageObject","inLanguage":"fr-FR","@id":"https:\/\/www.elle.be\/fr\/311405-la-bonne-chere-le-resto-a-booker-avant-quil-ne-soit-bonde.html#primaryimage","url":"https:\/\/www.elle.be\/fr\/wp-content\/uploads\/2020\/10\/la-bonne-chere.jpg","contentUrl":"https:\/\/www.elle.be\/fr\/wp-content\/uploads\/2020\/10\/la-bonne-chere.jpg","width":1200,"height":628,"caption":"\u00a9 Presse"},{"@type":"BreadcrumbList","@id":"https:\/\/www.elle.be\/fr\/311405-la-bonne-chere-le-resto-a-booker-avant-quil-ne-soit-bonde.html#breadcrumb","itemListElement":[{"@type":"ListItem","position":1,"name":"FR","item":"https:\/\/www.elle.be\/fr"},{"@type":"ListItem","position":2,"name":"ELLE \u00e0 Table","item":"https:\/\/www.elle.be\/fr\/elle-a-table"},{"@type":"ListItem","position":3,"name":"La bonne ch\u00e8re : le resto \u00e0 booker avant qu&rsquo;il ne soit bond\u00e9"}]},{"@type":"WebSite","@id":"https:\/\/www.elle.be\/fr\/#website","url":"https:\/\/www.elle.be\/fr\/","name":"ELLE.be","description":"Toutes les infos mode, beaut\u00e9 et lifestyle les plus pointues ainsi qu&#039;un contenu 100% belge d\u00e9clin\u00e9 \u00e0 360\u00b0sur le site ELLE.be, nos r\u00e9seaux sociaux et notre cha\u00eene Youtube.","publisher":{"@id":"https:\/\/www.elle.be\/fr\/#organization"},"potentialAction":[{"@type":"SearchAction","target":{"@type":"EntryPoint","urlTemplate":"https:\/\/www.elle.be\/fr\/?s={search_term_string}"},"query-input":{"@type":"PropertyValueSpecification","valueRequired":true,"valueName":"search_term_string"}}],"inLanguage":"fr-FR"},{"@type":"Organization","@id":"https:\/\/www.elle.be\/fr\/#organization","name":"ELLE Belgique","url":"https:\/\/www.elle.be\/fr\/","logo":{"@type":"ImageObject","inLanguage":"fr-FR","@id":"https:\/\/www.elle.be\/fr\/#\/schema\/logo\/image\/","url":"https:\/\/www.elle.be\/fr\/wp-content\/uploads\/2017\/03\/elle-icon-200px.jpeg","contentUrl":"https:\/\/www.elle.be\/fr\/wp-content\/uploads\/2017\/03\/elle-icon-200px.jpeg","width":200,"height":200,"caption":"ELLE Belgique"},"image":{"@id":"https:\/\/www.elle.be\/fr\/#\/schema\/logo\/image\/"},"sameAs":["https:\/\/www.facebook.com\/ELLEbelgium\/","https:\/\/x.com\/ELLEBelgique","http:\/\/instagram.com\/ellebelgique\/","https:\/\/www.pinterest.com\/ellebelgique\/","https:\/\/www.youtube.com\/user\/ELLEbelgique1"]},{"@type":"Person","@id":"https:\/\/www.elle.be\/fr\/#\/schema\/person\/517177ad0a70e8c475948fa3169deacd","name":"Laurence Donis","image":{"@type":"ImageObject","inLanguage":"fr-FR","@id":"https:\/\/www.elle.be\/fr\/wp-content\/uploads\/2017\/03\/moii-96x96.jpg","url":"https:\/\/www.elle.be\/fr\/wp-content\/uploads\/2017\/03\/moii-96x96.jpg","contentUrl":"https:\/\/www.elle.be\/fr\/wp-content\/uploads\/2017\/03\/moii-96x96.jpg","caption":"Laurence Donis"},"description":"Convaincue que le f\u00e9minisme n'est pas un gros mot (ou un combat d\u00e9pass\u00e9) mais que l'on peut aussi en parler d'une mani\u00e8re moderne, fun et d\u00e9cal\u00e9e. Gourmande inv\u00e9t\u00e9r\u00e9e, elle reste aussi \u00e0 l'aff\u00fbt des bons plans food toute l'ann\u00e9e.","sameAs":["https:\/\/www.instagram.com\/laurence.donis\/","https:\/\/x.com\/DonisLaurence"],"url":"https:\/\/www.elle.be\/fr\/author\/laurenced"}]}},"_links":{"self":[{"href":"https:\/\/www.elle.be\/fr\/wp-json\/wp\/v2\/posts\/311405","targetHints":{"allow":["GET"]}}],"collection":[{"href":"https:\/\/www.elle.be\/fr\/wp-json\/wp\/v2\/posts"}],"about":[{"href":"https:\/\/www.elle.be\/fr\/wp-json\/wp\/v2\/types\/post"}],"author":[{"embeddable":true,"href":"https:\/\/www.elle.be\/fr\/wp-json\/wp\/v2\/users\/46"}],"replies":[{"embeddable":true,"href":"https:\/\/www.elle.be\/fr\/wp-json\/wp\/v2\/comments?post=311405"}],"version-history":[{"count":10,"href":"https:\/\/www.elle.be\/fr\/wp-json\/wp\/v2\/posts\/311405\/revisions"}],"predecessor-version":[{"id":311848,"href":"https:\/\/www.elle.be\/fr\/wp-json\/wp\/v2\/posts\/311405\/revisions\/311848"}],"wp:featuredmedia":[{"embeddable":true,"href":"https:\/\/www.elle.be\/fr\/wp-json\/wp\/v2\/media\/311407"}],"wp:attachment":[{"href":"https:\/\/www.elle.be\/fr\/wp-json\/wp\/v2\/media?parent=311405"}],"wp:term":[{"taxonomy":"category","embeddable":true,"href":"https:\/\/www.elle.be\/fr\/wp-json\/wp\/v2\/categories?post=311405"},{"taxonomy":"post_tag","embeddable":true,"href":"https:\/\/www.elle.be\/fr\/wp-json\/wp\/v2\/tags?post=311405"}],"curies":[{"name":"wp","href":"https:\/\/api.w.org\/{rel}","templated":true}]}}