{"id":302581,"date":"2021-05-11T11:30:30","date_gmt":"2021-05-11T09:30:30","guid":{"rendered":"https:\/\/www.elle.be\/fr\/?p=302581"},"modified":"2021-05-12T14:05:50","modified_gmt":"2021-05-12T12:05:50","slug":"meubles-de-jardin-notre-selection-canon","status":"publish","type":"post","link":"https:\/\/www.elle.be\/fr\/302581-meubles-de-jardin-notre-selection-canon.html","title":{"rendered":"Meubles de jardin : notre s\u00e9lection canon pour tous les budgets"},"content":{"rendered":"","protected":false},"excerpt":{"rendered":"Il est grand temps de penser \u00e0 vos meubles de jardin! Table basse, chaise longue, ou fauteuil lounge, le mobilier ext\u00e9rieur se d\u00e9cline \u00e0 l\u2019infini, color\u00e9 ou pas, design ou artisanal, minimaliste ou imposant.","protected":false},"author":103,"featured_media":328961,"comment_status":"open","ping_status":"closed","sticky":false,"template":"","format":"standard","meta":{"_acf_changed":false,"footnotes":""},"categories":[3269,3270],"tags":[38],"class_list":["post-302581","post","type-post","status-publish","format-standard","has-post-thumbnail","hentry","category-elle-decoration","category-tendances-deco","tag-shopping"],"acf":[],"image_verticale":"328966","_yoast_wpseo_title":null,"_yoast_wpseo_metadesc":"Il est temps de penser \u00e0 vos meubles de jardin! D\u00e9couvrez notre s\u00e9lection de mobilier pour mettre de l'\u00e9l\u00e9gance dans votre espace ext\u00e9rieur.","_yoast_wpseo_focuskw_text_input":null,"_yoast_wpseo_opengraph-title":null,"yoast_head":"<!-- This site is optimized with the Yoast SEO plugin v27.4 - https:\/\/yoast.com\/product\/yoast-seo-wordpress\/ -->\n<title>Meubles de jardin : notre s\u00e9lection canon pour tous les budgets - ELLE.be<\/title>\n<meta name=\"description\" content=\"Il est temps de penser \u00e0 vos meubles de jardin! D\u00e9couvrez notre s\u00e9lection de mobilier pour mettre de l&#039;\u00e9l\u00e9gance dans votre espace ext\u00e9rieur.\" \/>\n<meta name=\"robots\" content=\"index, follow, max-snippet:-1, max-image-preview:large, max-video-preview:-1\" \/>\n<link rel=\"canonical\" href=\"https:\/\/www.elle.be\/fr\/302581-meubles-de-jardin-notre-selection-canon.html\" \/>\n<meta property=\"og:locale\" content=\"fr_FR\" \/>\n<meta property=\"og:type\" content=\"article\" \/>\n<meta property=\"og:title\" content=\"Meubles de jardin : notre s\u00e9lection canon pour tous les budgets - ELLE.be\" \/>\n<meta property=\"og:description\" content=\"Il est temps de penser \u00e0 vos meubles de jardin! D\u00e9couvrez notre s\u00e9lection de mobilier pour mettre de l&#039;\u00e9l\u00e9gance dans votre espace ext\u00e9rieur.\" \/>\n<meta property=\"og:url\" content=\"https:\/\/www.elle.be\/fr\/302581-meubles-de-jardin-notre-selection-canon.html\" \/>\n<meta property=\"og:site_name\" content=\"ELLE.be\" \/>\n<meta property=\"article:publisher\" content=\"https:\/\/www.facebook.com\/ELLEbelgium\/\" \/>\n<meta property=\"article:published_time\" content=\"2021-05-11T09:30:30+00:00\" \/>\n<meta property=\"article:modified_time\" content=\"2021-05-12T12:05:50+00:00\" \/>\n<meta property=\"og:image\" content=\"https:\/\/www.elle.be\/fr\/wp-content\/uploads\/2020\/04\/sans-titre-1-37.jpg\" \/>\n\t<meta property=\"og:image:width\" content=\"1200\" \/>\n\t<meta property=\"og:image:height\" content=\"628\" \/>\n\t<meta property=\"og:image:type\" content=\"image\/jpeg\" \/>\n<meta name=\"author\" content=\"Laurence de Looz-Corswarem\" \/>\n<meta name=\"twitter:card\" content=\"summary_large_image\" \/>\n<meta name=\"twitter:creator\" content=\"@ELLEBelgique\" \/>\n<meta name=\"twitter:site\" content=\"@ELLEBelgique\" \/>\n<meta name=\"twitter:label1\" content=\"\u00c9crit par\" \/>\n\t<meta name=\"twitter:data1\" content=\"Laurence de Looz-Corswarem\" \/>\n\t<meta name=\"twitter:label2\" content=\"Dur\u00e9e de lecture estim\u00e9e\" \/>\n\t<meta name=\"twitter:data2\" content=\"8 minutes\" \/>\n<script type=\"application\/ld+json\" class=\"yoast-schema-graph\">{\"@context\":\"https:\\\/\\\/schema.org\",\"@graph\":[{\"@type\":\"NewsArticle\",\"@id\":\"https:\\\/\\\/www.elle.be\\\/fr\\\/302581-meubles-de-jardin-notre-selection-canon.html#article\",\"isPartOf\":{\"@id\":\"https:\\\/\\\/www.elle.be\\\/fr\\\/302581-meubles-de-jardin-notre-selection-canon.html\"},\"author\":{\"name\":\"Laurence de Looz-Corswarem\",\"@id\":\"https:\\\/\\\/www.elle.be\\\/fr\\\/#\\\/schema\\\/person\\\/8f1173c7044b372d4d84c361c2fc0aa4\"},\"headline\":\"Meubles de jardin : notre s\u00e9lection canon pour tous les budgets\",\"datePublished\":\"2021-05-11T09:30:30+00:00\",\"dateModified\":\"2021-05-12T12:05:50+00:00\",\"mainEntityOfPage\":{\"@id\":\"https:\\\/\\\/www.elle.be\\\/fr\\\/302581-meubles-de-jardin-notre-selection-canon.html\"},\"wordCount\":1562,\"commentCount\":0,\"publisher\":{\"@id\":\"https:\\\/\\\/www.elle.be\\\/fr\\\/#organization\"},\"image\":{\"@id\":\"https:\\\/\\\/www.elle.be\\\/fr\\\/302581-meubles-de-jardin-notre-selection-canon.html#primaryimage\"},\"thumbnailUrl\":\"https:\\\/\\\/www.elle.be\\\/fr\\\/wp-content\\\/uploads\\\/2020\\\/04\\\/sans-titre-1-37.jpg\",\"keywords\":[\"shopping\"],\"articleSection\":[\"ELLE d\u00e9coration\",\"Tendances D\u00e9co\"],\"inLanguage\":\"fr-FR\",\"potentialAction\":[{\"@type\":\"CommentAction\",\"name\":\"Comment\",\"target\":[\"https:\\\/\\\/www.elle.be\\\/fr\\\/302581-meubles-de-jardin-notre-selection-canon.html#respond\"]}]},{\"@type\":\"WebPage\",\"@id\":\"https:\\\/\\\/www.elle.be\\\/fr\\\/302581-meubles-de-jardin-notre-selection-canon.html\",\"url\":\"https:\\\/\\\/www.elle.be\\\/fr\\\/302581-meubles-de-jardin-notre-selection-canon.html\",\"name\":\"Meubles de jardin : notre s\u00e9lection canon pour tous les budgets - ELLE.be\",\"isPartOf\":{\"@id\":\"https:\\\/\\\/www.elle.be\\\/fr\\\/#website\"},\"primaryImageOfPage\":{\"@id\":\"https:\\\/\\\/www.elle.be\\\/fr\\\/302581-meubles-de-jardin-notre-selection-canon.html#primaryimage\"},\"image\":{\"@id\":\"https:\\\/\\\/www.elle.be\\\/fr\\\/302581-meubles-de-jardin-notre-selection-canon.html#primaryimage\"},\"thumbnailUrl\":\"https:\\\/\\\/www.elle.be\\\/fr\\\/wp-content\\\/uploads\\\/2020\\\/04\\\/sans-titre-1-37.jpg\",\"datePublished\":\"2021-05-11T09:30:30+00:00\",\"dateModified\":\"2021-05-12T12:05:50+00:00\",\"description\":\"Il est temps de penser \u00e0 vos meubles de jardin! D\u00e9couvrez notre s\u00e9lection de mobilier pour mettre de l'\u00e9l\u00e9gance dans votre espace ext\u00e9rieur.\",\"breadcrumb\":{\"@id\":\"https:\\\/\\\/www.elle.be\\\/fr\\\/302581-meubles-de-jardin-notre-selection-canon.html#breadcrumb\"},\"inLanguage\":\"fr-FR\",\"potentialAction\":[{\"@type\":\"ReadAction\",\"target\":[\"https:\\\/\\\/www.elle.be\\\/fr\\\/302581-meubles-de-jardin-notre-selection-canon.html\"]}]},{\"@type\":\"ImageObject\",\"inLanguage\":\"fr-FR\",\"@id\":\"https:\\\/\\\/www.elle.be\\\/fr\\\/302581-meubles-de-jardin-notre-selection-canon.html#primaryimage\",\"url\":\"https:\\\/\\\/www.elle.be\\\/fr\\\/wp-content\\\/uploads\\\/2020\\\/04\\\/sans-titre-1-37.jpg\",\"contentUrl\":\"https:\\\/\\\/www.elle.be\\\/fr\\\/wp-content\\\/uploads\\\/2020\\\/04\\\/sans-titre-1-37.jpg\",\"width\":1200,\"height\":628,\"caption\":\"meuble de jardin\"},{\"@type\":\"BreadcrumbList\",\"@id\":\"https:\\\/\\\/www.elle.be\\\/fr\\\/302581-meubles-de-jardin-notre-selection-canon.html#breadcrumb\",\"itemListElement\":[{\"@type\":\"ListItem\",\"position\":1,\"name\":\"FR\",\"item\":\"https:\\\/\\\/www.elle.be\\\/fr\"},{\"@type\":\"ListItem\",\"position\":2,\"name\":\"ELLE d\u00e9coration\",\"item\":\"https:\\\/\\\/www.elle.be\\\/fr\\\/elle-decoration\"},{\"@type\":\"ListItem\",\"position\":3,\"name\":\"Meubles de jardin : notre s\u00e9lection canon pour tous les budgets\"}]},{\"@type\":\"WebSite\",\"@id\":\"https:\\\/\\\/www.elle.be\\\/fr\\\/#website\",\"url\":\"https:\\\/\\\/www.elle.be\\\/fr\\\/\",\"name\":\"ELLE.be\",\"description\":\"Toutes les infos mode, beaut\u00e9 et lifestyle les plus pointues ainsi qu&#039;un contenu 100% belge d\u00e9clin\u00e9 \u00e0 360\u00b0sur le site ELLE.be, nos r\u00e9seaux sociaux et notre cha\u00eene Youtube.\",\"publisher\":{\"@id\":\"https:\\\/\\\/www.elle.be\\\/fr\\\/#organization\"},\"potentialAction\":[{\"@type\":\"SearchAction\",\"target\":{\"@type\":\"EntryPoint\",\"urlTemplate\":\"https:\\\/\\\/www.elle.be\\\/fr\\\/?s={search_term_string}\"},\"query-input\":{\"@type\":\"PropertyValueSpecification\",\"valueRequired\":true,\"valueName\":\"search_term_string\"}}],\"inLanguage\":\"fr-FR\"},{\"@type\":\"Organization\",\"@id\":\"https:\\\/\\\/www.elle.be\\\/fr\\\/#organization\",\"name\":\"ELLE Belgique\",\"url\":\"https:\\\/\\\/www.elle.be\\\/fr\\\/\",\"logo\":{\"@type\":\"ImageObject\",\"inLanguage\":\"fr-FR\",\"@id\":\"https:\\\/\\\/www.elle.be\\\/fr\\\/#\\\/schema\\\/logo\\\/image\\\/\",\"url\":\"https:\\\/\\\/www.elle.be\\\/fr\\\/wp-content\\\/uploads\\\/2017\\\/03\\\/elle-icon-200px.jpeg\",\"contentUrl\":\"https:\\\/\\\/www.elle.be\\\/fr\\\/wp-content\\\/uploads\\\/2017\\\/03\\\/elle-icon-200px.jpeg\",\"width\":200,\"height\":200,\"caption\":\"ELLE Belgique\"},\"image\":{\"@id\":\"https:\\\/\\\/www.elle.be\\\/fr\\\/#\\\/schema\\\/logo\\\/image\\\/\"},\"sameAs\":[\"https:\\\/\\\/www.facebook.com\\\/ELLEbelgium\\\/\",\"https:\\\/\\\/x.com\\\/ELLEBelgique\",\"http:\\\/\\\/instagram.com\\\/ellebelgique\\\/\",\"https:\\\/\\\/www.pinterest.com\\\/ellebelgique\\\/\",\"https:\\\/\\\/www.youtube.com\\\/user\\\/ELLEbelgique1\"]},{\"@type\":\"Person\",\"@id\":\"https:\\\/\\\/www.elle.be\\\/fr\\\/#\\\/schema\\\/person\\\/8f1173c7044b372d4d84c361c2fc0aa4\",\"name\":\"Laurence de Looz-Corswarem\",\"image\":{\"@type\":\"ImageObject\",\"inLanguage\":\"fr-FR\",\"@id\":\"https:\\\/\\\/secure.gravatar.com\\\/avatar\\\/22b668fc021f087910c413ad557f0100b67441509910a14c2162c3b6c5f142fa?s=96&r=g\",\"url\":\"https:\\\/\\\/secure.gravatar.com\\\/avatar\\\/22b668fc021f087910c413ad557f0100b67441509910a14c2162c3b6c5f142fa?s=96&r=g\",\"contentUrl\":\"https:\\\/\\\/secure.gravatar.com\\\/avatar\\\/22b668fc021f087910c413ad557f0100b67441509910a14c2162c3b6c5f142fa?s=96&r=g\",\"caption\":\"Laurence de Looz-Corswarem\"},\"url\":\"https:\\\/\\\/www.elle.be\\\/fr\\\/author\\\/laurencedlc\"}]}<\/script>\n<!-- \/ Yoast SEO plugin. -->","yoast_head_json":{"title":"Meubles de jardin : notre s\u00e9lection canon pour tous les budgets - ELLE.be","description":"Il est temps de penser \u00e0 vos meubles de jardin! D\u00e9couvrez notre s\u00e9lection de mobilier pour mettre de l'\u00e9l\u00e9gance dans votre espace ext\u00e9rieur.","robots":{"index":"index","follow":"follow","max-snippet":"max-snippet:-1","max-image-preview":"max-image-preview:large","max-video-preview":"max-video-preview:-1"},"canonical":"https:\/\/www.elle.be\/fr\/302581-meubles-de-jardin-notre-selection-canon.html","og_locale":"fr_FR","og_type":"article","og_title":"Meubles de jardin : notre s\u00e9lection canon pour tous les budgets - ELLE.be","og_description":"Il est temps de penser \u00e0 vos meubles de jardin! D\u00e9couvrez notre s\u00e9lection de mobilier pour mettre de l'\u00e9l\u00e9gance dans votre espace ext\u00e9rieur.","og_url":"https:\/\/www.elle.be\/fr\/302581-meubles-de-jardin-notre-selection-canon.html","og_site_name":"ELLE.be","article_publisher":"https:\/\/www.facebook.com\/ELLEbelgium\/","article_published_time":"2021-05-11T09:30:30+00:00","article_modified_time":"2021-05-12T12:05:50+00:00","og_image":[{"width":1200,"height":628,"url":"https:\/\/www.elle.be\/fr\/wp-content\/uploads\/2020\/04\/sans-titre-1-37.jpg","type":"image\/jpeg"}],"author":"Laurence de Looz-Corswarem","twitter_card":"summary_large_image","twitter_creator":"@ELLEBelgique","twitter_site":"@ELLEBelgique","twitter_misc":{"\u00c9crit par":"Laurence de Looz-Corswarem","Dur\u00e9e de lecture estim\u00e9e":"8 minutes"},"schema":{"@context":"https:\/\/schema.org","@graph":[{"@type":"NewsArticle","@id":"https:\/\/www.elle.be\/fr\/302581-meubles-de-jardin-notre-selection-canon.html#article","isPartOf":{"@id":"https:\/\/www.elle.be\/fr\/302581-meubles-de-jardin-notre-selection-canon.html"},"author":{"name":"Laurence de Looz-Corswarem","@id":"https:\/\/www.elle.be\/fr\/#\/schema\/person\/8f1173c7044b372d4d84c361c2fc0aa4"},"headline":"Meubles de jardin : notre s\u00e9lection canon pour tous les budgets","datePublished":"2021-05-11T09:30:30+00:00","dateModified":"2021-05-12T12:05:50+00:00","mainEntityOfPage":{"@id":"https:\/\/www.elle.be\/fr\/302581-meubles-de-jardin-notre-selection-canon.html"},"wordCount":1562,"commentCount":0,"publisher":{"@id":"https:\/\/www.elle.be\/fr\/#organization"},"image":{"@id":"https:\/\/www.elle.be\/fr\/302581-meubles-de-jardin-notre-selection-canon.html#primaryimage"},"thumbnailUrl":"https:\/\/www.elle.be\/fr\/wp-content\/uploads\/2020\/04\/sans-titre-1-37.jpg","keywords":["shopping"],"articleSection":["ELLE d\u00e9coration","Tendances D\u00e9co"],"inLanguage":"fr-FR","potentialAction":[{"@type":"CommentAction","name":"Comment","target":["https:\/\/www.elle.be\/fr\/302581-meubles-de-jardin-notre-selection-canon.html#respond"]}]},{"@type":"WebPage","@id":"https:\/\/www.elle.be\/fr\/302581-meubles-de-jardin-notre-selection-canon.html","url":"https:\/\/www.elle.be\/fr\/302581-meubles-de-jardin-notre-selection-canon.html","name":"Meubles de jardin : notre s\u00e9lection canon pour tous les budgets - ELLE.be","isPartOf":{"@id":"https:\/\/www.elle.be\/fr\/#website"},"primaryImageOfPage":{"@id":"https:\/\/www.elle.be\/fr\/302581-meubles-de-jardin-notre-selection-canon.html#primaryimage"},"image":{"@id":"https:\/\/www.elle.be\/fr\/302581-meubles-de-jardin-notre-selection-canon.html#primaryimage"},"thumbnailUrl":"https:\/\/www.elle.be\/fr\/wp-content\/uploads\/2020\/04\/sans-titre-1-37.jpg","datePublished":"2021-05-11T09:30:30+00:00","dateModified":"2021-05-12T12:05:50+00:00","description":"Il est temps de penser \u00e0 vos meubles de jardin! D\u00e9couvrez notre s\u00e9lection de mobilier pour mettre de l'\u00e9l\u00e9gance dans votre espace ext\u00e9rieur.","breadcrumb":{"@id":"https:\/\/www.elle.be\/fr\/302581-meubles-de-jardin-notre-selection-canon.html#breadcrumb"},"inLanguage":"fr-FR","potentialAction":[{"@type":"ReadAction","target":["https:\/\/www.elle.be\/fr\/302581-meubles-de-jardin-notre-selection-canon.html"]}]},{"@type":"ImageObject","inLanguage":"fr-FR","@id":"https:\/\/www.elle.be\/fr\/302581-meubles-de-jardin-notre-selection-canon.html#primaryimage","url":"https:\/\/www.elle.be\/fr\/wp-content\/uploads\/2020\/04\/sans-titre-1-37.jpg","contentUrl":"https:\/\/www.elle.be\/fr\/wp-content\/uploads\/2020\/04\/sans-titre-1-37.jpg","width":1200,"height":628,"caption":"meuble de jardin"},{"@type":"BreadcrumbList","@id":"https:\/\/www.elle.be\/fr\/302581-meubles-de-jardin-notre-selection-canon.html#breadcrumb","itemListElement":[{"@type":"ListItem","position":1,"name":"FR","item":"https:\/\/www.elle.be\/fr"},{"@type":"ListItem","position":2,"name":"ELLE d\u00e9coration","item":"https:\/\/www.elle.be\/fr\/elle-decoration"},{"@type":"ListItem","position":3,"name":"Meubles de jardin : notre s\u00e9lection canon pour tous les budgets"}]},{"@type":"WebSite","@id":"https:\/\/www.elle.be\/fr\/#website","url":"https:\/\/www.elle.be\/fr\/","name":"ELLE.be","description":"Toutes les infos mode, beaut\u00e9 et lifestyle les plus pointues ainsi qu&#039;un contenu 100% belge d\u00e9clin\u00e9 \u00e0 360\u00b0sur le site ELLE.be, nos r\u00e9seaux sociaux et notre cha\u00eene Youtube.","publisher":{"@id":"https:\/\/www.elle.be\/fr\/#organization"},"potentialAction":[{"@type":"SearchAction","target":{"@type":"EntryPoint","urlTemplate":"https:\/\/www.elle.be\/fr\/?s={search_term_string}"},"query-input":{"@type":"PropertyValueSpecification","valueRequired":true,"valueName":"search_term_string"}}],"inLanguage":"fr-FR"},{"@type":"Organization","@id":"https:\/\/www.elle.be\/fr\/#organization","name":"ELLE Belgique","url":"https:\/\/www.elle.be\/fr\/","logo":{"@type":"ImageObject","inLanguage":"fr-FR","@id":"https:\/\/www.elle.be\/fr\/#\/schema\/logo\/image\/","url":"https:\/\/www.elle.be\/fr\/wp-content\/uploads\/2017\/03\/elle-icon-200px.jpeg","contentUrl":"https:\/\/www.elle.be\/fr\/wp-content\/uploads\/2017\/03\/elle-icon-200px.jpeg","width":200,"height":200,"caption":"ELLE Belgique"},"image":{"@id":"https:\/\/www.elle.be\/fr\/#\/schema\/logo\/image\/"},"sameAs":["https:\/\/www.facebook.com\/ELLEbelgium\/","https:\/\/x.com\/ELLEBelgique","http:\/\/instagram.com\/ellebelgique\/","https:\/\/www.pinterest.com\/ellebelgique\/","https:\/\/www.youtube.com\/user\/ELLEbelgique1"]},{"@type":"Person","@id":"https:\/\/www.elle.be\/fr\/#\/schema\/person\/8f1173c7044b372d4d84c361c2fc0aa4","name":"Laurence de Looz-Corswarem","image":{"@type":"ImageObject","inLanguage":"fr-FR","@id":"https:\/\/secure.gravatar.com\/avatar\/22b668fc021f087910c413ad557f0100b67441509910a14c2162c3b6c5f142fa?s=96&r=g","url":"https:\/\/secure.gravatar.com\/avatar\/22b668fc021f087910c413ad557f0100b67441509910a14c2162c3b6c5f142fa?s=96&r=g","contentUrl":"https:\/\/secure.gravatar.com\/avatar\/22b668fc021f087910c413ad557f0100b67441509910a14c2162c3b6c5f142fa?s=96&r=g","caption":"Laurence de Looz-Corswarem"},"url":"https:\/\/www.elle.be\/fr\/author\/laurencedlc"}]}},"_links":{"self":[{"href":"https:\/\/www.elle.be\/fr\/wp-json\/wp\/v2\/posts\/302581","targetHints":{"allow":["GET"]}}],"collection":[{"href":"https:\/\/www.elle.be\/fr\/wp-json\/wp\/v2\/posts"}],"about":[{"href":"https:\/\/www.elle.be\/fr\/wp-json\/wp\/v2\/types\/post"}],"author":[{"embeddable":true,"href":"https:\/\/www.elle.be\/fr\/wp-json\/wp\/v2\/users\/103"}],"replies":[{"embeddable":true,"href":"https:\/\/www.elle.be\/fr\/wp-json\/wp\/v2\/comments?post=302581"}],"version-history":[{"count":31,"href":"https:\/\/www.elle.be\/fr\/wp-json\/wp\/v2\/posts\/302581\/revisions"}],"predecessor-version":[{"id":332108,"href":"https:\/\/www.elle.be\/fr\/wp-json\/wp\/v2\/posts\/302581\/revisions\/332108"}],"wp:featuredmedia":[{"embeddable":true,"href":"https:\/\/www.elle.be\/fr\/wp-json\/wp\/v2\/media\/328961"}],"wp:attachment":[{"href":"https:\/\/www.elle.be\/fr\/wp-json\/wp\/v2\/media?parent=302581"}],"wp:term":[{"taxonomy":"category","embeddable":true,"href":"https:\/\/www.elle.be\/fr\/wp-json\/wp\/v2\/categories?post=302581"},{"taxonomy":"post_tag","embeddable":true,"href":"https:\/\/www.elle.be\/fr\/wp-json\/wp\/v2\/tags?post=302581"}],"curies":[{"name":"wp","href":"https:\/\/api.w.org\/{rel}","templated":true}]}}