{"id":302453,"date":"2020-04-22T11:30:38","date_gmt":"2020-04-22T09:30:38","guid":{"rendered":"https:\/\/www.elle.be\/fr\/?p=302453"},"modified":"2020-04-21T11:29:33","modified_gmt":"2020-04-21T09:29:33","slug":"leandra-medine-de-the-man-repeller-qui-est-cette-fille","status":"publish","type":"post","link":"https:\/\/www.elle.be\/fr\/302453-leandra-medine-de-the-man-repeller-qui-est-cette-fille.html","title":{"rendered":"Leandra Medine de The Man Repeller: qui est cette fille ?"},"content":{"rendered":"","protected":false},"excerpt":{"rendered":"Elle fait partie des avant-coureuses, de celles qui ont r\u00e9invent\u00e9\u00a0 la notion d&#8217;influence, l\u2019art de faire de la curation digitale. ...","protected":false},"author":3,"featured_media":302455,"comment_status":"open","ping_status":"closed","sticky":false,"template":"","format":"standard","meta":{"_acf_changed":false,"footnotes":""},"categories":[5,2202],"tags":[],"class_list":["post-302453","post","type-post","status-publish","format-standard","has-post-thumbnail","hentry","category-mode","category-news-actu"],"acf":[],"image_verticale":"302454","_yoast_wpseo_title":null,"_yoast_wpseo_metadesc":null,"_yoast_wpseo_focuskw_text_input":null,"_yoast_wpseo_opengraph-title":null,"yoast_head":"<!-- This site is optimized with the Yoast SEO plugin v27.4 - https:\/\/yoast.com\/product\/yoast-seo-wordpress\/ -->\n<title>Leandra Medine de The Man Repeller: qui est cette fille ? - ELLE.be<\/title>\n<meta name=\"description\" content=\"Elle fait partie des avant-coureuses, de celles qui ont r\u00e9invent\u00e9\u00a0 la notion d&#039;influence, l\u2019art de faire de la curation digitale. Leandra Medine Cohen de\" \/>\n<meta name=\"robots\" content=\"index, follow, max-snippet:-1, max-image-preview:large, max-video-preview:-1\" \/>\n<link rel=\"canonical\" href=\"https:\/\/www.elle.be\/fr\/302453-leandra-medine-de-the-man-repeller-qui-est-cette-fille.html\" \/>\n<meta property=\"og:locale\" content=\"fr_FR\" \/>\n<meta property=\"og:type\" content=\"article\" \/>\n<meta property=\"og:title\" content=\"Leandra Medine de The Man Repeller: qui est cette fille ? - ELLE.be\" \/>\n<meta property=\"og:description\" content=\"Elle fait partie des avant-coureuses, de celles qui ont r\u00e9invent\u00e9\u00a0 la notion d&#039;influence, l\u2019art de faire de la curation digitale. Leandra Medine Cohen de\" \/>\n<meta property=\"og:url\" content=\"https:\/\/www.elle.be\/fr\/302453-leandra-medine-de-the-man-repeller-qui-est-cette-fille.html\" \/>\n<meta property=\"og:site_name\" content=\"ELLE.be\" \/>\n<meta property=\"article:publisher\" content=\"https:\/\/www.facebook.com\/ELLEbelgium\/\" \/>\n<meta property=\"article:author\" content=\"https:\/\/www.facebook.com\/Marie-Gurin-1721050434849149\/\" \/>\n<meta property=\"article:published_time\" content=\"2020-04-22T09:30:38+00:00\" \/>\n<meta property=\"og:image\" content=\"https:\/\/www.elle.be\/fr\/wp-content\/uploads\/2020\/04\/leandra-medine-chez-elle.jpg\" \/>\n\t<meta property=\"og:image:width\" content=\"1200\" \/>\n\t<meta property=\"og:image:height\" content=\"628\" \/>\n\t<meta property=\"og:image:type\" content=\"image\/jpeg\" \/>\n<meta name=\"author\" content=\"Marie Gu\u00e9rin\" \/>\n<meta name=\"twitter:card\" content=\"summary_large_image\" \/>\n<meta name=\"twitter:creator\" content=\"@marie_elle_be\" \/>\n<meta name=\"twitter:site\" content=\"@ELLEBelgique\" \/>\n<meta name=\"twitter:label1\" content=\"\u00c9crit par\" \/>\n\t<meta name=\"twitter:data1\" content=\"Marie Gu\u00e9rin\" \/>\n\t<meta name=\"twitter:label2\" content=\"Dur\u00e9e de lecture estim\u00e9e\" \/>\n\t<meta name=\"twitter:data2\" content=\"4 minutes\" \/>\n<script type=\"application\/ld+json\" class=\"yoast-schema-graph\">{\"@context\":\"https:\\\/\\\/schema.org\",\"@graph\":[{\"@type\":\"NewsArticle\",\"@id\":\"https:\\\/\\\/www.elle.be\\\/fr\\\/302453-leandra-medine-de-the-man-repeller-qui-est-cette-fille.html#article\",\"isPartOf\":{\"@id\":\"https:\\\/\\\/www.elle.be\\\/fr\\\/302453-leandra-medine-de-the-man-repeller-qui-est-cette-fille.html\"},\"author\":{\"name\":\"Marie Gu\u00e9rin\",\"@id\":\"https:\\\/\\\/www.elle.be\\\/fr\\\/#\\\/schema\\\/person\\\/aa4e257722b2e3dd300f8fbdb031db01\"},\"headline\":\"Leandra Medine de The Man Repeller: qui est cette fille ?\",\"datePublished\":\"2020-04-22T09:30:38+00:00\",\"mainEntityOfPage\":{\"@id\":\"https:\\\/\\\/www.elle.be\\\/fr\\\/302453-leandra-medine-de-the-man-repeller-qui-est-cette-fille.html\"},\"wordCount\":846,\"commentCount\":0,\"publisher\":{\"@id\":\"https:\\\/\\\/www.elle.be\\\/fr\\\/#organization\"},\"image\":{\"@id\":\"https:\\\/\\\/www.elle.be\\\/fr\\\/302453-leandra-medine-de-the-man-repeller-qui-est-cette-fille.html#primaryimage\"},\"thumbnailUrl\":\"https:\\\/\\\/www.elle.be\\\/fr\\\/wp-content\\\/uploads\\\/2020\\\/04\\\/leandra-medine-chez-elle.jpg\",\"articleSection\":[\"Mode\",\"News Actu\"],\"inLanguage\":\"fr-FR\",\"potentialAction\":[{\"@type\":\"CommentAction\",\"name\":\"Comment\",\"target\":[\"https:\\\/\\\/www.elle.be\\\/fr\\\/302453-leandra-medine-de-the-man-repeller-qui-est-cette-fille.html#respond\"]}]},{\"@type\":\"WebPage\",\"@id\":\"https:\\\/\\\/www.elle.be\\\/fr\\\/302453-leandra-medine-de-the-man-repeller-qui-est-cette-fille.html\",\"url\":\"https:\\\/\\\/www.elle.be\\\/fr\\\/302453-leandra-medine-de-the-man-repeller-qui-est-cette-fille.html\",\"name\":\"Leandra Medine de The Man Repeller: qui est cette fille ? - ELLE.be\",\"isPartOf\":{\"@id\":\"https:\\\/\\\/www.elle.be\\\/fr\\\/#website\"},\"primaryImageOfPage\":{\"@id\":\"https:\\\/\\\/www.elle.be\\\/fr\\\/302453-leandra-medine-de-the-man-repeller-qui-est-cette-fille.html#primaryimage\"},\"image\":{\"@id\":\"https:\\\/\\\/www.elle.be\\\/fr\\\/302453-leandra-medine-de-the-man-repeller-qui-est-cette-fille.html#primaryimage\"},\"thumbnailUrl\":\"https:\\\/\\\/www.elle.be\\\/fr\\\/wp-content\\\/uploads\\\/2020\\\/04\\\/leandra-medine-chez-elle.jpg\",\"datePublished\":\"2020-04-22T09:30:38+00:00\",\"description\":\"Elle fait partie des avant-coureuses, de celles qui ont r\u00e9invent\u00e9\u00a0 la notion d'influence, l\u2019art de faire de la curation digitale. Leandra Medine Cohen de\",\"breadcrumb\":{\"@id\":\"https:\\\/\\\/www.elle.be\\\/fr\\\/302453-leandra-medine-de-the-man-repeller-qui-est-cette-fille.html#breadcrumb\"},\"inLanguage\":\"fr-FR\",\"potentialAction\":[{\"@type\":\"ReadAction\",\"target\":[\"https:\\\/\\\/www.elle.be\\\/fr\\\/302453-leandra-medine-de-the-man-repeller-qui-est-cette-fille.html\"]}]},{\"@type\":\"ImageObject\",\"inLanguage\":\"fr-FR\",\"@id\":\"https:\\\/\\\/www.elle.be\\\/fr\\\/302453-leandra-medine-de-the-man-repeller-qui-est-cette-fille.html#primaryimage\",\"url\":\"https:\\\/\\\/www.elle.be\\\/fr\\\/wp-content\\\/uploads\\\/2020\\\/04\\\/leandra-medine-chez-elle.jpg\",\"contentUrl\":\"https:\\\/\\\/www.elle.be\\\/fr\\\/wp-content\\\/uploads\\\/2020\\\/04\\\/leandra-medine-chez-elle.jpg\",\"width\":1200,\"height\":628,\"caption\":\"Leandra Medine chez elle \u00e0 New York\"},{\"@type\":\"BreadcrumbList\",\"@id\":\"https:\\\/\\\/www.elle.be\\\/fr\\\/302453-leandra-medine-de-the-man-repeller-qui-est-cette-fille.html#breadcrumb\",\"itemListElement\":[{\"@type\":\"ListItem\",\"position\":1,\"name\":\"FR\",\"item\":\"https:\\\/\\\/www.elle.be\\\/fr\"},{\"@type\":\"ListItem\",\"position\":2,\"name\":\"Mode\",\"item\":\"https:\\\/\\\/www.elle.be\\\/fr\\\/mode\"},{\"@type\":\"ListItem\",\"position\":3,\"name\":\"Leandra Medine de The Man Repeller: qui est cette fille ?\"}]},{\"@type\":\"WebSite\",\"@id\":\"https:\\\/\\\/www.elle.be\\\/fr\\\/#website\",\"url\":\"https:\\\/\\\/www.elle.be\\\/fr\\\/\",\"name\":\"ELLE.be\",\"description\":\"Toutes les infos mode, beaut\u00e9 et lifestyle les plus pointues ainsi qu&#039;un contenu 100% belge d\u00e9clin\u00e9 \u00e0 360\u00b0sur le site ELLE.be, nos r\u00e9seaux sociaux et notre cha\u00eene Youtube.\",\"publisher\":{\"@id\":\"https:\\\/\\\/www.elle.be\\\/fr\\\/#organization\"},\"potentialAction\":[{\"@type\":\"SearchAction\",\"target\":{\"@type\":\"EntryPoint\",\"urlTemplate\":\"https:\\\/\\\/www.elle.be\\\/fr\\\/?s={search_term_string}\"},\"query-input\":{\"@type\":\"PropertyValueSpecification\",\"valueRequired\":true,\"valueName\":\"search_term_string\"}}],\"inLanguage\":\"fr-FR\"},{\"@type\":\"Organization\",\"@id\":\"https:\\\/\\\/www.elle.be\\\/fr\\\/#organization\",\"name\":\"ELLE Belgique\",\"url\":\"https:\\\/\\\/www.elle.be\\\/fr\\\/\",\"logo\":{\"@type\":\"ImageObject\",\"inLanguage\":\"fr-FR\",\"@id\":\"https:\\\/\\\/www.elle.be\\\/fr\\\/#\\\/schema\\\/logo\\\/image\\\/\",\"url\":\"https:\\\/\\\/www.elle.be\\\/fr\\\/wp-content\\\/uploads\\\/2017\\\/03\\\/elle-icon-200px.jpeg\",\"contentUrl\":\"https:\\\/\\\/www.elle.be\\\/fr\\\/wp-content\\\/uploads\\\/2017\\\/03\\\/elle-icon-200px.jpeg\",\"width\":200,\"height\":200,\"caption\":\"ELLE Belgique\"},\"image\":{\"@id\":\"https:\\\/\\\/www.elle.be\\\/fr\\\/#\\\/schema\\\/logo\\\/image\\\/\"},\"sameAs\":[\"https:\\\/\\\/www.facebook.com\\\/ELLEbelgium\\\/\",\"https:\\\/\\\/x.com\\\/ELLEBelgique\",\"http:\\\/\\\/instagram.com\\\/ellebelgique\\\/\",\"https:\\\/\\\/www.pinterest.com\\\/ellebelgique\\\/\",\"https:\\\/\\\/www.youtube.com\\\/user\\\/ELLEbelgique1\"]},{\"@type\":\"Person\",\"@id\":\"https:\\\/\\\/www.elle.be\\\/fr\\\/#\\\/schema\\\/person\\\/aa4e257722b2e3dd300f8fbdb031db01\",\"name\":\"Marie Gu\u00e9rin\",\"image\":{\"@type\":\"ImageObject\",\"inLanguage\":\"fr-FR\",\"@id\":\"https:\\\/\\\/www.elle.be\\\/fr\\\/wp-content\\\/uploads\\\/2017\\\/03\\\/IMG_4442-96x96.jpg\",\"url\":\"https:\\\/\\\/www.elle.be\\\/fr\\\/wp-content\\\/uploads\\\/2017\\\/03\\\/IMG_4442-96x96.jpg\",\"contentUrl\":\"https:\\\/\\\/www.elle.be\\\/fr\\\/wp-content\\\/uploads\\\/2017\\\/03\\\/IMG_4442-96x96.jpg\",\"caption\":\"Marie Gu\u00e9rin\"},\"description\":\"Obs\u00e9d\u00e9e par les stilettos et tout ce qui facilite la marche \u00e0 pied, cette journaliste sportive (ou pas) sillonne pour vous le monde entier (et la Belgique le reste du temps) \u00e0 la recherche de l'actu mode, beaut\u00e9, lifestyle et de ses meilleurs bons plans.\",\"sameAs\":[\"https:\\\/\\\/www.facebook.com\\\/Marie-Gurin-1721050434849149\\\/\",\"https:\\\/\\\/www.instagram.com\\\/marie_elle_be\\\/\",\"https:\\\/\\\/x.com\\\/marie_elle_be\"],\"url\":\"https:\\\/\\\/www.elle.be\\\/fr\\\/author\\\/marie\"}]}<\/script>\n<!-- \/ Yoast SEO plugin. -->","yoast_head_json":{"title":"Leandra Medine de The Man Repeller: qui est cette fille ? - ELLE.be","description":"Elle fait partie des avant-coureuses, de celles qui ont r\u00e9invent\u00e9\u00a0 la notion d'influence, l\u2019art de faire de la curation digitale. Leandra Medine Cohen de","robots":{"index":"index","follow":"follow","max-snippet":"max-snippet:-1","max-image-preview":"max-image-preview:large","max-video-preview":"max-video-preview:-1"},"canonical":"https:\/\/www.elle.be\/fr\/302453-leandra-medine-de-the-man-repeller-qui-est-cette-fille.html","og_locale":"fr_FR","og_type":"article","og_title":"Leandra Medine de The Man Repeller: qui est cette fille ? - ELLE.be","og_description":"Elle fait partie des avant-coureuses, de celles qui ont r\u00e9invent\u00e9\u00a0 la notion d'influence, l\u2019art de faire de la curation digitale. Leandra Medine Cohen de","og_url":"https:\/\/www.elle.be\/fr\/302453-leandra-medine-de-the-man-repeller-qui-est-cette-fille.html","og_site_name":"ELLE.be","article_publisher":"https:\/\/www.facebook.com\/ELLEbelgium\/","article_author":"https:\/\/www.facebook.com\/Marie-Gurin-1721050434849149\/","article_published_time":"2020-04-22T09:30:38+00:00","og_image":[{"width":1200,"height":628,"url":"https:\/\/www.elle.be\/fr\/wp-content\/uploads\/2020\/04\/leandra-medine-chez-elle.jpg","type":"image\/jpeg"}],"author":"Marie Gu\u00e9rin","twitter_card":"summary_large_image","twitter_creator":"@marie_elle_be","twitter_site":"@ELLEBelgique","twitter_misc":{"\u00c9crit par":"Marie Gu\u00e9rin","Dur\u00e9e de lecture estim\u00e9e":"4 minutes"},"schema":{"@context":"https:\/\/schema.org","@graph":[{"@type":"NewsArticle","@id":"https:\/\/www.elle.be\/fr\/302453-leandra-medine-de-the-man-repeller-qui-est-cette-fille.html#article","isPartOf":{"@id":"https:\/\/www.elle.be\/fr\/302453-leandra-medine-de-the-man-repeller-qui-est-cette-fille.html"},"author":{"name":"Marie Gu\u00e9rin","@id":"https:\/\/www.elle.be\/fr\/#\/schema\/person\/aa4e257722b2e3dd300f8fbdb031db01"},"headline":"Leandra Medine de The Man Repeller: qui est cette fille ?","datePublished":"2020-04-22T09:30:38+00:00","mainEntityOfPage":{"@id":"https:\/\/www.elle.be\/fr\/302453-leandra-medine-de-the-man-repeller-qui-est-cette-fille.html"},"wordCount":846,"commentCount":0,"publisher":{"@id":"https:\/\/www.elle.be\/fr\/#organization"},"image":{"@id":"https:\/\/www.elle.be\/fr\/302453-leandra-medine-de-the-man-repeller-qui-est-cette-fille.html#primaryimage"},"thumbnailUrl":"https:\/\/www.elle.be\/fr\/wp-content\/uploads\/2020\/04\/leandra-medine-chez-elle.jpg","articleSection":["Mode","News Actu"],"inLanguage":"fr-FR","potentialAction":[{"@type":"CommentAction","name":"Comment","target":["https:\/\/www.elle.be\/fr\/302453-leandra-medine-de-the-man-repeller-qui-est-cette-fille.html#respond"]}]},{"@type":"WebPage","@id":"https:\/\/www.elle.be\/fr\/302453-leandra-medine-de-the-man-repeller-qui-est-cette-fille.html","url":"https:\/\/www.elle.be\/fr\/302453-leandra-medine-de-the-man-repeller-qui-est-cette-fille.html","name":"Leandra Medine de The Man Repeller: qui est cette fille ? - ELLE.be","isPartOf":{"@id":"https:\/\/www.elle.be\/fr\/#website"},"primaryImageOfPage":{"@id":"https:\/\/www.elle.be\/fr\/302453-leandra-medine-de-the-man-repeller-qui-est-cette-fille.html#primaryimage"},"image":{"@id":"https:\/\/www.elle.be\/fr\/302453-leandra-medine-de-the-man-repeller-qui-est-cette-fille.html#primaryimage"},"thumbnailUrl":"https:\/\/www.elle.be\/fr\/wp-content\/uploads\/2020\/04\/leandra-medine-chez-elle.jpg","datePublished":"2020-04-22T09:30:38+00:00","description":"Elle fait partie des avant-coureuses, de celles qui ont r\u00e9invent\u00e9\u00a0 la notion d'influence, l\u2019art de faire de la curation digitale. Leandra Medine Cohen de","breadcrumb":{"@id":"https:\/\/www.elle.be\/fr\/302453-leandra-medine-de-the-man-repeller-qui-est-cette-fille.html#breadcrumb"},"inLanguage":"fr-FR","potentialAction":[{"@type":"ReadAction","target":["https:\/\/www.elle.be\/fr\/302453-leandra-medine-de-the-man-repeller-qui-est-cette-fille.html"]}]},{"@type":"ImageObject","inLanguage":"fr-FR","@id":"https:\/\/www.elle.be\/fr\/302453-leandra-medine-de-the-man-repeller-qui-est-cette-fille.html#primaryimage","url":"https:\/\/www.elle.be\/fr\/wp-content\/uploads\/2020\/04\/leandra-medine-chez-elle.jpg","contentUrl":"https:\/\/www.elle.be\/fr\/wp-content\/uploads\/2020\/04\/leandra-medine-chez-elle.jpg","width":1200,"height":628,"caption":"Leandra Medine chez elle \u00e0 New York"},{"@type":"BreadcrumbList","@id":"https:\/\/www.elle.be\/fr\/302453-leandra-medine-de-the-man-repeller-qui-est-cette-fille.html#breadcrumb","itemListElement":[{"@type":"ListItem","position":1,"name":"FR","item":"https:\/\/www.elle.be\/fr"},{"@type":"ListItem","position":2,"name":"Mode","item":"https:\/\/www.elle.be\/fr\/mode"},{"@type":"ListItem","position":3,"name":"Leandra Medine de The Man Repeller: qui est cette fille ?"}]},{"@type":"WebSite","@id":"https:\/\/www.elle.be\/fr\/#website","url":"https:\/\/www.elle.be\/fr\/","name":"ELLE.be","description":"Toutes les infos mode, beaut\u00e9 et lifestyle les plus pointues ainsi qu&#039;un contenu 100% belge d\u00e9clin\u00e9 \u00e0 360\u00b0sur le site ELLE.be, nos r\u00e9seaux sociaux et notre cha\u00eene Youtube.","publisher":{"@id":"https:\/\/www.elle.be\/fr\/#organization"},"potentialAction":[{"@type":"SearchAction","target":{"@type":"EntryPoint","urlTemplate":"https:\/\/www.elle.be\/fr\/?s={search_term_string}"},"query-input":{"@type":"PropertyValueSpecification","valueRequired":true,"valueName":"search_term_string"}}],"inLanguage":"fr-FR"},{"@type":"Organization","@id":"https:\/\/www.elle.be\/fr\/#organization","name":"ELLE Belgique","url":"https:\/\/www.elle.be\/fr\/","logo":{"@type":"ImageObject","inLanguage":"fr-FR","@id":"https:\/\/www.elle.be\/fr\/#\/schema\/logo\/image\/","url":"https:\/\/www.elle.be\/fr\/wp-content\/uploads\/2017\/03\/elle-icon-200px.jpeg","contentUrl":"https:\/\/www.elle.be\/fr\/wp-content\/uploads\/2017\/03\/elle-icon-200px.jpeg","width":200,"height":200,"caption":"ELLE Belgique"},"image":{"@id":"https:\/\/www.elle.be\/fr\/#\/schema\/logo\/image\/"},"sameAs":["https:\/\/www.facebook.com\/ELLEbelgium\/","https:\/\/x.com\/ELLEBelgique","http:\/\/instagram.com\/ellebelgique\/","https:\/\/www.pinterest.com\/ellebelgique\/","https:\/\/www.youtube.com\/user\/ELLEbelgique1"]},{"@type":"Person","@id":"https:\/\/www.elle.be\/fr\/#\/schema\/person\/aa4e257722b2e3dd300f8fbdb031db01","name":"Marie Gu\u00e9rin","image":{"@type":"ImageObject","inLanguage":"fr-FR","@id":"https:\/\/www.elle.be\/fr\/wp-content\/uploads\/2017\/03\/IMG_4442-96x96.jpg","url":"https:\/\/www.elle.be\/fr\/wp-content\/uploads\/2017\/03\/IMG_4442-96x96.jpg","contentUrl":"https:\/\/www.elle.be\/fr\/wp-content\/uploads\/2017\/03\/IMG_4442-96x96.jpg","caption":"Marie Gu\u00e9rin"},"description":"Obs\u00e9d\u00e9e par les stilettos et tout ce qui facilite la marche \u00e0 pied, cette journaliste sportive (ou pas) sillonne pour vous le monde entier (et la Belgique le reste du temps) \u00e0 la recherche de l'actu mode, beaut\u00e9, lifestyle et de ses meilleurs bons plans.","sameAs":["https:\/\/www.facebook.com\/Marie-Gurin-1721050434849149\/","https:\/\/www.instagram.com\/marie_elle_be\/","https:\/\/x.com\/marie_elle_be"],"url":"https:\/\/www.elle.be\/fr\/author\/marie"}]}},"_links":{"self":[{"href":"https:\/\/www.elle.be\/fr\/wp-json\/wp\/v2\/posts\/302453","targetHints":{"allow":["GET"]}}],"collection":[{"href":"https:\/\/www.elle.be\/fr\/wp-json\/wp\/v2\/posts"}],"about":[{"href":"https:\/\/www.elle.be\/fr\/wp-json\/wp\/v2\/types\/post"}],"author":[{"embeddable":true,"href":"https:\/\/www.elle.be\/fr\/wp-json\/wp\/v2\/users\/3"}],"replies":[{"embeddable":true,"href":"https:\/\/www.elle.be\/fr\/wp-json\/wp\/v2\/comments?post=302453"}],"version-history":[{"count":6,"href":"https:\/\/www.elle.be\/fr\/wp-json\/wp\/v2\/posts\/302453\/revisions"}],"predecessor-version":[{"id":302544,"href":"https:\/\/www.elle.be\/fr\/wp-json\/wp\/v2\/posts\/302453\/revisions\/302544"}],"wp:featuredmedia":[{"embeddable":true,"href":"https:\/\/www.elle.be\/fr\/wp-json\/wp\/v2\/media\/302455"}],"wp:attachment":[{"href":"https:\/\/www.elle.be\/fr\/wp-json\/wp\/v2\/media?parent=302453"}],"wp:term":[{"taxonomy":"category","embeddable":true,"href":"https:\/\/www.elle.be\/fr\/wp-json\/wp\/v2\/categories?post=302453"},{"taxonomy":"post_tag","embeddable":true,"href":"https:\/\/www.elle.be\/fr\/wp-json\/wp\/v2\/tags?post=302453"}],"curies":[{"name":"wp","href":"https:\/\/api.w.org\/{rel}","templated":true}]}}