{"id":301234,"date":"2020-05-05T12:00:27","date_gmt":"2020-05-05T10:00:27","guid":{"rendered":"https:\/\/www.elle.be\/fr\/?p=301234"},"modified":"2020-07-17T11:08:48","modified_gmt":"2020-07-17T09:08:48","slug":"lisez-le-elle-belgique-de-mai-en-version-numerique","status":"publish","type":"post","link":"https:\/\/www.elle.be\/fr\/301234-lisez-le-elle-belgique-de-mai-en-version-numerique.html","title":{"rendered":"Lisez le ELLE Belgique de mai gratuitement !"},"content":{"rendered":"","protected":false},"excerpt":{"rendered":"Notre \u00e9dition du ELLE Belgique de mai est disponible gratuitement en version num\u00e9rique ! Qu&#8217;allez-vous y d\u00e9couvrir ?\nUne seule question se pose : \u00ab Et apre\u0300s ? \u00bb Comment va-t-on retrouver notre monde ? Une prise de conscience collective va-t-elle faire bouger les lignes ? Penser a\u0300 \u00ab l\u2019apre\u0300s \u00bb est une fac\u0327on de mobiliser ses forces positives pour un futur que l\u2019on imagine meilleur !\nQu&#8217;allez-vous lire dans le ELLE Belgique de mai ?\nUne seule question se pose, donc\u2009: \u00ab\u2009Et apr\u00e8s\u2009?\u2009\u00bb Comment va-t-on retrouver notre monde\u2009? Quelle prise de conscience collective va faire bouger les lignes\u2009? Des milliers de gens se sont interrog\u00e9s de la m\u00eame fa\u00e7on.","protected":false},"author":3,"featured_media":303420,"comment_status":"open","ping_status":"closed","sticky":false,"template":"","format":"standard","meta":{"_acf_changed":false,"_yoast_wpseo_canonical":"","footnotes":""},"categories":[5,1186],"tags":[],"class_list":["post-301234","post","type-post","status-publish","format-standard","has-post-thumbnail","hentry","category-mode","category-actu"],"acf":{"credits_auteur_initial":"","credits_photographe":"","credits_link":"","credits_galerie":""},"image_verticale":"303421","_yoast_wpseo_title":null,"_yoast_wpseo_metadesc":null,"_yoast_wpseo_focuskw_text_input":null,"_yoast_wpseo_opengraph-title":null,"yoast_head":"<!-- This site is optimized with the Yoast SEO plugin v28.2 - https:\/\/yoast.com\/product\/yoast-seo-wordpress\/ -->\n<title>Lisez le ELLE Belgique de mai gratuitement ! - ELLE.be<\/title>\n<meta name=\"description\" content=\"Notre \u00e9dition du ELLE Belgique de mai est disponible gratuitement en version num\u00e9rique ! Qu&#039;allez-vous y d\u00e9couvrir ? Une seule question se pose : \u00ab Et\" \/>\n<meta name=\"robots\" content=\"index, follow, max-snippet:-1, max-image-preview:large, max-video-preview:-1\" \/>\n<link rel=\"canonical\" href=\"https:\/\/www.elle.be\/fr\/301234-lisez-le-elle-belgique-de-mai-en-version-numerique.html\" \/>\n<meta property=\"og:locale\" content=\"fr_FR\" \/>\n<meta property=\"og:type\" content=\"article\" \/>\n<meta property=\"og:title\" content=\"Lisez le ELLE Belgique de mai gratuitement ! - ELLE.be\" \/>\n<meta property=\"og:description\" content=\"Notre \u00e9dition du ELLE Belgique de mai est disponible gratuitement en version num\u00e9rique ! Qu&#039;allez-vous y d\u00e9couvrir ? Une seule question se pose : \u00ab Et\" \/>\n<meta property=\"og:url\" content=\"https:\/\/www.elle.be\/fr\/301234-lisez-le-elle-belgique-de-mai-en-version-numerique.html\" \/>\n<meta property=\"og:site_name\" content=\"ELLE.be\" \/>\n<meta property=\"article:publisher\" content=\"https:\/\/www.facebook.com\/ELLEbelgium\/\" \/>\n<meta property=\"article:author\" content=\"https:\/\/www.facebook.com\/Marie-Gurin-1721050434849149\/\" \/>\n<meta property=\"article:published_time\" content=\"2020-05-05T10:00:27+00:00\" \/>\n<meta property=\"article:modified_time\" content=\"2020-07-17T09:08:48+00:00\" \/>\n<meta property=\"og:image\" content=\"https:\/\/www.elle.be\/fr\/wp-content\/uploads\/2020\/04\/cover-2-1.jpg\" \/>\n\t<meta property=\"og:image:width\" content=\"1200\" \/>\n\t<meta property=\"og:image:height\" content=\"628\" \/>\n\t<meta property=\"og:image:type\" content=\"image\/jpeg\" \/>\n<meta name=\"author\" content=\"Marie Gu\u00e9rin\" \/>\n<meta name=\"twitter:card\" content=\"summary_large_image\" \/>\n<meta name=\"twitter:creator\" content=\"@marie_elle_be\" \/>\n<meta name=\"twitter:site\" content=\"@ELLEBelgique\" \/>\n<meta name=\"twitter:label1\" content=\"\u00c9crit par\" \/>\n\t<meta name=\"twitter:data1\" content=\"Marie Gu\u00e9rin\" \/>\n\t<meta name=\"twitter:label2\" content=\"Dur\u00e9e de lecture estim\u00e9e\" \/>\n\t<meta name=\"twitter:data2\" content=\"2 minutes\" \/>\n<script type=\"application\/ld+json\" class=\"yoast-schema-graph\">{\"@context\":\"https:\\\/\\\/schema.org\",\"@graph\":[{\"@type\":\"NewsArticle\",\"@id\":\"https:\\\/\\\/www.elle.be\\\/fr\\\/301234-lisez-le-elle-belgique-de-mai-en-version-numerique.html#article\",\"isPartOf\":{\"@id\":\"https:\\\/\\\/www.elle.be\\\/fr\\\/301234-lisez-le-elle-belgique-de-mai-en-version-numerique.html\"},\"author\":{\"name\":\"Marie Gu\u00e9rin\",\"@id\":\"https:\\\/\\\/www.elle.be\\\/fr\\\/#\\\/schema\\\/person\\\/aa4e257722b2e3dd300f8fbdb031db01\"},\"headline\":\"Lisez le ELLE Belgique de mai gratuitement !\",\"datePublished\":\"2020-05-05T10:00:27+00:00\",\"dateModified\":\"2020-07-17T09:08:48+00:00\",\"mainEntityOfPage\":{\"@id\":\"https:\\\/\\\/www.elle.be\\\/fr\\\/301234-lisez-le-elle-belgique-de-mai-en-version-numerique.html\"},\"wordCount\":444,\"commentCount\":0,\"publisher\":{\"@id\":\"https:\\\/\\\/www.elle.be\\\/fr\\\/#organization\"},\"image\":{\"@id\":\"https:\\\/\\\/www.elle.be\\\/fr\\\/301234-lisez-le-elle-belgique-de-mai-en-version-numerique.html#primaryimage\"},\"thumbnailUrl\":\"https:\\\/\\\/www.elle.be\\\/fr\\\/wp-content\\\/uploads\\\/2020\\\/04\\\/cover-2-1.jpg\",\"articleSection\":[\"Mode\",\"Actu\"],\"inLanguage\":\"fr-FR\",\"potentialAction\":[{\"@type\":\"CommentAction\",\"name\":\"Comment\",\"target\":[\"https:\\\/\\\/www.elle.be\\\/fr\\\/301234-lisez-le-elle-belgique-de-mai-en-version-numerique.html#respond\"]}]},{\"@type\":\"WebPage\",\"@id\":\"https:\\\/\\\/www.elle.be\\\/fr\\\/301234-lisez-le-elle-belgique-de-mai-en-version-numerique.html\",\"url\":\"https:\\\/\\\/www.elle.be\\\/fr\\\/301234-lisez-le-elle-belgique-de-mai-en-version-numerique.html\",\"name\":\"Lisez le ELLE Belgique de mai gratuitement ! - ELLE.be\",\"isPartOf\":{\"@id\":\"https:\\\/\\\/www.elle.be\\\/fr\\\/#website\"},\"primaryImageOfPage\":{\"@id\":\"https:\\\/\\\/www.elle.be\\\/fr\\\/301234-lisez-le-elle-belgique-de-mai-en-version-numerique.html#primaryimage\"},\"image\":{\"@id\":\"https:\\\/\\\/www.elle.be\\\/fr\\\/301234-lisez-le-elle-belgique-de-mai-en-version-numerique.html#primaryimage\"},\"thumbnailUrl\":\"https:\\\/\\\/www.elle.be\\\/fr\\\/wp-content\\\/uploads\\\/2020\\\/04\\\/cover-2-1.jpg\",\"datePublished\":\"2020-05-05T10:00:27+00:00\",\"dateModified\":\"2020-07-17T09:08:48+00:00\",\"description\":\"Notre \u00e9dition du ELLE Belgique de mai est disponible gratuitement en version num\u00e9rique ! Qu'allez-vous y d\u00e9couvrir ? Une seule question se pose : \u00ab Et\",\"breadcrumb\":{\"@id\":\"https:\\\/\\\/www.elle.be\\\/fr\\\/301234-lisez-le-elle-belgique-de-mai-en-version-numerique.html#breadcrumb\"},\"inLanguage\":\"fr-FR\",\"potentialAction\":[{\"@type\":\"ReadAction\",\"target\":[\"https:\\\/\\\/www.elle.be\\\/fr\\\/301234-lisez-le-elle-belgique-de-mai-en-version-numerique.html\"]}]},{\"@type\":\"ImageObject\",\"inLanguage\":\"fr-FR\",\"@id\":\"https:\\\/\\\/www.elle.be\\\/fr\\\/301234-lisez-le-elle-belgique-de-mai-en-version-numerique.html#primaryimage\",\"url\":\"https:\\\/\\\/www.elle.be\\\/fr\\\/wp-content\\\/uploads\\\/2020\\\/04\\\/cover-2-1.jpg\",\"contentUrl\":\"https:\\\/\\\/www.elle.be\\\/fr\\\/wp-content\\\/uploads\\\/2020\\\/04\\\/cover-2-1.jpg\",\"width\":1200,\"height\":628,\"caption\":\"Elle Belgique de mai 2020\"},{\"@type\":\"BreadcrumbList\",\"@id\":\"https:\\\/\\\/www.elle.be\\\/fr\\\/301234-lisez-le-elle-belgique-de-mai-en-version-numerique.html#breadcrumb\",\"itemListElement\":[{\"@type\":\"ListItem\",\"position\":1,\"name\":\"FR\",\"item\":\"https:\\\/\\\/www.elle.be\\\/fr\"},{\"@type\":\"ListItem\",\"position\":2,\"name\":\"Mode\",\"item\":\"https:\\\/\\\/www.elle.be\\\/fr\\\/mode\"},{\"@type\":\"ListItem\",\"position\":3,\"name\":\"Lisez le ELLE Belgique de mai gratuitement !\"}]},{\"@type\":\"WebSite\",\"@id\":\"https:\\\/\\\/www.elle.be\\\/fr\\\/#website\",\"url\":\"https:\\\/\\\/www.elle.be\\\/fr\\\/\",\"name\":\"ELLE.be\",\"description\":\"Toutes les infos mode, beaut\u00e9 et lifestyle les plus pointues ainsi qu&#039;un contenu 100% belge d\u00e9clin\u00e9 \u00e0 360\u00b0sur le site ELLE.be, nos r\u00e9seaux sociaux et notre cha\u00eene Youtube.\",\"publisher\":{\"@id\":\"https:\\\/\\\/www.elle.be\\\/fr\\\/#organization\"},\"potentialAction\":[{\"@type\":\"SearchAction\",\"target\":{\"@type\":\"EntryPoint\",\"urlTemplate\":\"https:\\\/\\\/www.elle.be\\\/fr\\\/?s={search_term_string}\"},\"query-input\":{\"@type\":\"PropertyValueSpecification\",\"valueRequired\":true,\"valueName\":\"search_term_string\"}}],\"inLanguage\":\"fr-FR\"},{\"@type\":\"Organization\",\"@id\":\"https:\\\/\\\/www.elle.be\\\/fr\\\/#organization\",\"name\":\"ELLE Belgique\",\"url\":\"https:\\\/\\\/www.elle.be\\\/fr\\\/\",\"logo\":{\"@type\":\"ImageObject\",\"inLanguage\":\"fr-FR\",\"@id\":\"https:\\\/\\\/www.elle.be\\\/fr\\\/#\\\/schema\\\/logo\\\/image\\\/\",\"url\":\"https:\\\/\\\/www.elle.be\\\/fr\\\/wp-content\\\/uploads\\\/2017\\\/03\\\/elle-icon-200px.jpeg\",\"contentUrl\":\"https:\\\/\\\/www.elle.be\\\/fr\\\/wp-content\\\/uploads\\\/2017\\\/03\\\/elle-icon-200px.jpeg\",\"width\":200,\"height\":200,\"caption\":\"ELLE Belgique\"},\"image\":{\"@id\":\"https:\\\/\\\/www.elle.be\\\/fr\\\/#\\\/schema\\\/logo\\\/image\\\/\"},\"sameAs\":[\"https:\\\/\\\/www.facebook.com\\\/ELLEbelgium\\\/\",\"https:\\\/\\\/x.com\\\/ELLEBelgique\",\"http:\\\/\\\/instagram.com\\\/ellebelgique\\\/\",\"https:\\\/\\\/www.pinterest.com\\\/ellebelgique\\\/\",\"https:\\\/\\\/www.youtube.com\\\/user\\\/ELLEbelgique1\"]},{\"@type\":\"Person\",\"@id\":\"https:\\\/\\\/www.elle.be\\\/fr\\\/#\\\/schema\\\/person\\\/aa4e257722b2e3dd300f8fbdb031db01\",\"name\":\"Marie Gu\u00e9rin\",\"image\":{\"@type\":\"ImageObject\",\"inLanguage\":\"fr-FR\",\"@id\":\"https:\\\/\\\/www.elle.be\\\/fr\\\/wp-content\\\/uploads\\\/2017\\\/03\\\/IMG_4442-96x96.jpg\",\"url\":\"https:\\\/\\\/www.elle.be\\\/fr\\\/wp-content\\\/uploads\\\/2017\\\/03\\\/IMG_4442-96x96.jpg\",\"contentUrl\":\"https:\\\/\\\/www.elle.be\\\/fr\\\/wp-content\\\/uploads\\\/2017\\\/03\\\/IMG_4442-96x96.jpg\",\"caption\":\"Marie Gu\u00e9rin\"},\"description\":\"Obs\u00e9d\u00e9e par les stilettos et tout ce qui facilite la marche \u00e0 pied, cette journaliste sportive (ou pas) sillonne pour vous le monde entier (et la Belgique le reste du temps) \u00e0 la recherche de l'actu mode, beaut\u00e9, lifestyle et de ses meilleurs bons plans.\",\"sameAs\":[\"https:\\\/\\\/www.facebook.com\\\/Marie-Gurin-1721050434849149\\\/\",\"https:\\\/\\\/www.instagram.com\\\/marie_elle_be\\\/\",\"https:\\\/\\\/x.com\\\/marie_elle_be\"],\"url\":\"https:\\\/\\\/www.elle.be\\\/fr\\\/author\\\/marie\"}]}<\/script>\n<!-- \/ Yoast SEO plugin. -->","yoast_head_json":{"title":"Lisez le ELLE Belgique de mai gratuitement ! - ELLE.be","description":"Notre \u00e9dition du ELLE Belgique de mai est disponible gratuitement en version num\u00e9rique ! Qu'allez-vous y d\u00e9couvrir ? Une seule question se pose : \u00ab Et","robots":{"index":"index","follow":"follow","max-snippet":"max-snippet:-1","max-image-preview":"max-image-preview:large","max-video-preview":"max-video-preview:-1"},"canonical":"https:\/\/www.elle.be\/fr\/301234-lisez-le-elle-belgique-de-mai-en-version-numerique.html","og_locale":"fr_FR","og_type":"article","og_title":"Lisez le ELLE Belgique de mai gratuitement ! - ELLE.be","og_description":"Notre \u00e9dition du ELLE Belgique de mai est disponible gratuitement en version num\u00e9rique ! Qu'allez-vous y d\u00e9couvrir ? Une seule question se pose : \u00ab Et","og_url":"https:\/\/www.elle.be\/fr\/301234-lisez-le-elle-belgique-de-mai-en-version-numerique.html","og_site_name":"ELLE.be","article_publisher":"https:\/\/www.facebook.com\/ELLEbelgium\/","article_author":"https:\/\/www.facebook.com\/Marie-Gurin-1721050434849149\/","article_published_time":"2020-05-05T10:00:27+00:00","article_modified_time":"2020-07-17T09:08:48+00:00","og_image":[{"width":1200,"height":628,"url":"https:\/\/www.elle.be\/fr\/wp-content\/uploads\/2020\/04\/cover-2-1.jpg","type":"image\/jpeg"}],"author":"Marie Gu\u00e9rin","twitter_card":"summary_large_image","twitter_creator":"@marie_elle_be","twitter_site":"@ELLEBelgique","twitter_misc":{"\u00c9crit par":"Marie Gu\u00e9rin","Dur\u00e9e de lecture estim\u00e9e":"2 minutes"},"schema":{"@context":"https:\/\/schema.org","@graph":[{"@type":"NewsArticle","@id":"https:\/\/www.elle.be\/fr\/301234-lisez-le-elle-belgique-de-mai-en-version-numerique.html#article","isPartOf":{"@id":"https:\/\/www.elle.be\/fr\/301234-lisez-le-elle-belgique-de-mai-en-version-numerique.html"},"author":{"name":"Marie Gu\u00e9rin","@id":"https:\/\/www.elle.be\/fr\/#\/schema\/person\/aa4e257722b2e3dd300f8fbdb031db01"},"headline":"Lisez le ELLE Belgique de mai gratuitement !","datePublished":"2020-05-05T10:00:27+00:00","dateModified":"2020-07-17T09:08:48+00:00","mainEntityOfPage":{"@id":"https:\/\/www.elle.be\/fr\/301234-lisez-le-elle-belgique-de-mai-en-version-numerique.html"},"wordCount":444,"commentCount":0,"publisher":{"@id":"https:\/\/www.elle.be\/fr\/#organization"},"image":{"@id":"https:\/\/www.elle.be\/fr\/301234-lisez-le-elle-belgique-de-mai-en-version-numerique.html#primaryimage"},"thumbnailUrl":"https:\/\/www.elle.be\/fr\/wp-content\/uploads\/2020\/04\/cover-2-1.jpg","articleSection":["Mode","Actu"],"inLanguage":"fr-FR","potentialAction":[{"@type":"CommentAction","name":"Comment","target":["https:\/\/www.elle.be\/fr\/301234-lisez-le-elle-belgique-de-mai-en-version-numerique.html#respond"]}]},{"@type":"WebPage","@id":"https:\/\/www.elle.be\/fr\/301234-lisez-le-elle-belgique-de-mai-en-version-numerique.html","url":"https:\/\/www.elle.be\/fr\/301234-lisez-le-elle-belgique-de-mai-en-version-numerique.html","name":"Lisez le ELLE Belgique de mai gratuitement ! - ELLE.be","isPartOf":{"@id":"https:\/\/www.elle.be\/fr\/#website"},"primaryImageOfPage":{"@id":"https:\/\/www.elle.be\/fr\/301234-lisez-le-elle-belgique-de-mai-en-version-numerique.html#primaryimage"},"image":{"@id":"https:\/\/www.elle.be\/fr\/301234-lisez-le-elle-belgique-de-mai-en-version-numerique.html#primaryimage"},"thumbnailUrl":"https:\/\/www.elle.be\/fr\/wp-content\/uploads\/2020\/04\/cover-2-1.jpg","datePublished":"2020-05-05T10:00:27+00:00","dateModified":"2020-07-17T09:08:48+00:00","description":"Notre \u00e9dition du ELLE Belgique de mai est disponible gratuitement en version num\u00e9rique ! Qu'allez-vous y d\u00e9couvrir ? Une seule question se pose : \u00ab Et","breadcrumb":{"@id":"https:\/\/www.elle.be\/fr\/301234-lisez-le-elle-belgique-de-mai-en-version-numerique.html#breadcrumb"},"inLanguage":"fr-FR","potentialAction":[{"@type":"ReadAction","target":["https:\/\/www.elle.be\/fr\/301234-lisez-le-elle-belgique-de-mai-en-version-numerique.html"]}]},{"@type":"ImageObject","inLanguage":"fr-FR","@id":"https:\/\/www.elle.be\/fr\/301234-lisez-le-elle-belgique-de-mai-en-version-numerique.html#primaryimage","url":"https:\/\/www.elle.be\/fr\/wp-content\/uploads\/2020\/04\/cover-2-1.jpg","contentUrl":"https:\/\/www.elle.be\/fr\/wp-content\/uploads\/2020\/04\/cover-2-1.jpg","width":1200,"height":628,"caption":"Elle Belgique de mai 2020"},{"@type":"BreadcrumbList","@id":"https:\/\/www.elle.be\/fr\/301234-lisez-le-elle-belgique-de-mai-en-version-numerique.html#breadcrumb","itemListElement":[{"@type":"ListItem","position":1,"name":"FR","item":"https:\/\/www.elle.be\/fr"},{"@type":"ListItem","position":2,"name":"Mode","item":"https:\/\/www.elle.be\/fr\/mode"},{"@type":"ListItem","position":3,"name":"Lisez le ELLE Belgique de mai gratuitement !"}]},{"@type":"WebSite","@id":"https:\/\/www.elle.be\/fr\/#website","url":"https:\/\/www.elle.be\/fr\/","name":"ELLE.be","description":"Toutes les infos mode, beaut\u00e9 et lifestyle les plus pointues ainsi qu&#039;un contenu 100% belge d\u00e9clin\u00e9 \u00e0 360\u00b0sur le site ELLE.be, nos r\u00e9seaux sociaux et notre cha\u00eene Youtube.","publisher":{"@id":"https:\/\/www.elle.be\/fr\/#organization"},"potentialAction":[{"@type":"SearchAction","target":{"@type":"EntryPoint","urlTemplate":"https:\/\/www.elle.be\/fr\/?s={search_term_string}"},"query-input":{"@type":"PropertyValueSpecification","valueRequired":true,"valueName":"search_term_string"}}],"inLanguage":"fr-FR"},{"@type":"Organization","@id":"https:\/\/www.elle.be\/fr\/#organization","name":"ELLE Belgique","url":"https:\/\/www.elle.be\/fr\/","logo":{"@type":"ImageObject","inLanguage":"fr-FR","@id":"https:\/\/www.elle.be\/fr\/#\/schema\/logo\/image\/","url":"https:\/\/www.elle.be\/fr\/wp-content\/uploads\/2017\/03\/elle-icon-200px.jpeg","contentUrl":"https:\/\/www.elle.be\/fr\/wp-content\/uploads\/2017\/03\/elle-icon-200px.jpeg","width":200,"height":200,"caption":"ELLE Belgique"},"image":{"@id":"https:\/\/www.elle.be\/fr\/#\/schema\/logo\/image\/"},"sameAs":["https:\/\/www.facebook.com\/ELLEbelgium\/","https:\/\/x.com\/ELLEBelgique","http:\/\/instagram.com\/ellebelgique\/","https:\/\/www.pinterest.com\/ellebelgique\/","https:\/\/www.youtube.com\/user\/ELLEbelgique1"]},{"@type":"Person","@id":"https:\/\/www.elle.be\/fr\/#\/schema\/person\/aa4e257722b2e3dd300f8fbdb031db01","name":"Marie Gu\u00e9rin","image":{"@type":"ImageObject","inLanguage":"fr-FR","@id":"https:\/\/www.elle.be\/fr\/wp-content\/uploads\/2017\/03\/IMG_4442-96x96.jpg","url":"https:\/\/www.elle.be\/fr\/wp-content\/uploads\/2017\/03\/IMG_4442-96x96.jpg","contentUrl":"https:\/\/www.elle.be\/fr\/wp-content\/uploads\/2017\/03\/IMG_4442-96x96.jpg","caption":"Marie Gu\u00e9rin"},"description":"Obs\u00e9d\u00e9e par les stilettos et tout ce qui facilite la marche \u00e0 pied, cette journaliste sportive (ou pas) sillonne pour vous le monde entier (et la Belgique le reste du temps) \u00e0 la recherche de l'actu mode, beaut\u00e9, lifestyle et de ses meilleurs bons plans.","sameAs":["https:\/\/www.facebook.com\/Marie-Gurin-1721050434849149\/","https:\/\/www.instagram.com\/marie_elle_be\/","https:\/\/x.com\/marie_elle_be"],"url":"https:\/\/www.elle.be\/fr\/author\/marie"}]}},"_links":{"self":[{"href":"https:\/\/www.elle.be\/fr\/wp-json\/wp\/v2\/posts\/301234","targetHints":{"allow":["GET"]}}],"collection":[{"href":"https:\/\/www.elle.be\/fr\/wp-json\/wp\/v2\/posts"}],"about":[{"href":"https:\/\/www.elle.be\/fr\/wp-json\/wp\/v2\/types\/post"}],"author":[{"embeddable":true,"href":"https:\/\/www.elle.be\/fr\/wp-json\/wp\/v2\/users\/3"}],"replies":[{"embeddable":true,"href":"https:\/\/www.elle.be\/fr\/wp-json\/wp\/v2\/comments?post=301234"}],"version-history":[{"count":17,"href":"https:\/\/www.elle.be\/fr\/wp-json\/wp\/v2\/posts\/301234\/revisions"}],"predecessor-version":[{"id":307206,"href":"https:\/\/www.elle.be\/fr\/wp-json\/wp\/v2\/posts\/301234\/revisions\/307206"}],"wp:featuredmedia":[{"embeddable":true,"href":"https:\/\/www.elle.be\/fr\/wp-json\/wp\/v2\/media\/303420"}],"wp:attachment":[{"href":"https:\/\/www.elle.be\/fr\/wp-json\/wp\/v2\/media?parent=301234"}],"wp:term":[{"taxonomy":"category","embeddable":true,"href":"https:\/\/www.elle.be\/fr\/wp-json\/wp\/v2\/categories?post=301234"},{"taxonomy":"post_tag","embeddable":true,"href":"https:\/\/www.elle.be\/fr\/wp-json\/wp\/v2\/tags?post=301234"}],"curies":[{"name":"wp","href":"https:\/\/api.w.org\/{rel}","templated":true}]}}