{"id":298095,"date":"2020-03-02T11:30:50","date_gmt":"2020-03-02T10:30:50","guid":{"rendered":"https:\/\/www.elle.be\/fr\/?p=298095"},"modified":"2020-02-28T09:55:32","modified_gmt":"2020-02-28T08:55:32","slug":"yuma-les-crackers-belges-a-base-dinsectes-a-croquer","status":"publish","type":"post","link":"https:\/\/www.elle.be\/fr\/298095-yuma-les-crackers-belges-a-base-dinsectes-a-croquer.html","title":{"rendered":"Yuma: les crackers belges \u00e0 base d&#8217;insectes \u00e0 croquer"},"content":{"rendered":"","protected":false},"excerpt":{"rendered":"Envie de go\u00fbter aux bienfaits des insectes sans avoir l&#8217;impression d&#8217;\u00eatre dans une \u00e9preuve de Koh Lanta ? D\u00e9couvrez Yuma, une marque belge de d\u00e9licieux crackers renforc\u00e9s \u00e0 la farine de grillon !\nBons pour la sant\u00e9 comme pour la plan\u00e8te, les insectes sont les nouvelles prot\u00e9ines incontournables en 2020.","protected":false},"author":73,"featured_media":298244,"comment_status":"open","ping_status":"closed","sticky":false,"template":"","format":"standard","meta":{"_acf_changed":false,"footnotes":""},"categories":[2916,1451],"tags":[1071,1171,1573,1066],"class_list":["post-298095","post","type-post","status-publish","format-standard","has-post-thumbnail","hentry","category-news-food","category-elle-a-table","tag-apero","tag-healthy","tag-vegetarien","tag-belge"],"acf":[],"image_verticale":"","_yoast_wpseo_title":null,"_yoast_wpseo_metadesc":"Envie de go\u00fbter aux bienfaits des insectes ?D\u00e9couvrez Yuma, une marque belge de d\u00e9licieux crackers renforc\u00e9s \u00e0 la farine de grillon !","_yoast_wpseo_focuskw_text_input":null,"_yoast_wpseo_opengraph-title":null,"yoast_head":"<!-- This site is optimized with the Yoast SEO plugin v27.4 - https:\/\/yoast.com\/product\/yoast-seo-wordpress\/ -->\n<title>Yuma: les crackers belges \u00e0 base d&#039;insectes \u00e0 croquer - ELLE.be<\/title>\n<meta name=\"description\" content=\"Envie de go\u00fbter aux bienfaits des insectes ?D\u00e9couvrez Yuma, une marque belge de d\u00e9licieux crackers renforc\u00e9s \u00e0 la farine de grillon !\" \/>\n<meta name=\"robots\" content=\"index, follow, max-snippet:-1, max-image-preview:large, max-video-preview:-1\" \/>\n<link rel=\"canonical\" href=\"https:\/\/www.elle.be\/fr\/298095-yuma-les-crackers-belges-a-base-dinsectes-a-croquer.html\" \/>\n<meta property=\"og:locale\" content=\"fr_FR\" \/>\n<meta property=\"og:type\" content=\"article\" \/>\n<meta property=\"og:title\" content=\"Yuma: les crackers belges \u00e0 base d&#039;insectes \u00e0 croquer - ELLE.be\" \/>\n<meta property=\"og:description\" content=\"Envie de go\u00fbter aux bienfaits des insectes ?D\u00e9couvrez Yuma, une marque belge de d\u00e9licieux crackers renforc\u00e9s \u00e0 la farine de grillon !\" \/>\n<meta property=\"og:url\" content=\"https:\/\/www.elle.be\/fr\/298095-yuma-les-crackers-belges-a-base-dinsectes-a-croquer.html\" \/>\n<meta property=\"og:site_name\" content=\"ELLE.be\" \/>\n<meta property=\"article:publisher\" content=\"https:\/\/www.facebook.com\/ELLEbelgium\/\" \/>\n<meta property=\"article:published_time\" content=\"2020-03-02T10:30:50+00:00\" \/>\n<meta property=\"og:image\" content=\"https:\/\/www.elle.be\/fr\/wp-content\/uploads\/2020\/02\/elleatable_yuma_crackers.jpg\" \/>\n\t<meta property=\"og:image:width\" content=\"1200\" \/>\n\t<meta property=\"og:image:height\" content=\"628\" \/>\n\t<meta property=\"og:image:type\" content=\"image\/jpeg\" \/>\n<meta name=\"author\" content=\"Elo\u00efse Pirard\" \/>\n<meta name=\"twitter:card\" content=\"summary_large_image\" \/>\n<meta name=\"twitter:creator\" content=\"@ELLEBelgique\" \/>\n<meta name=\"twitter:site\" content=\"@ELLEBelgique\" \/>\n<meta name=\"twitter:label1\" content=\"\u00c9crit par\" \/>\n\t<meta name=\"twitter:data1\" content=\"Elo\u00efse Pirard\" \/>\n\t<meta name=\"twitter:label2\" content=\"Dur\u00e9e de lecture estim\u00e9e\" \/>\n\t<meta name=\"twitter:data2\" content=\"3 minutes\" \/>\n<script type=\"application\/ld+json\" class=\"yoast-schema-graph\">{\"@context\":\"https:\\\/\\\/schema.org\",\"@graph\":[{\"@type\":\"NewsArticle\",\"@id\":\"https:\\\/\\\/www.elle.be\\\/fr\\\/298095-yuma-les-crackers-belges-a-base-dinsectes-a-croquer.html#article\",\"isPartOf\":{\"@id\":\"https:\\\/\\\/www.elle.be\\\/fr\\\/298095-yuma-les-crackers-belges-a-base-dinsectes-a-croquer.html\"},\"author\":{\"name\":\"Elo\u00efse Pirard\",\"@id\":\"https:\\\/\\\/www.elle.be\\\/fr\\\/#\\\/schema\\\/person\\\/a2360849a8a4d85c4dcf46c649a8116c\"},\"headline\":\"Yuma: les crackers belges \u00e0 base d&#8217;insectes \u00e0 croquer\",\"datePublished\":\"2020-03-02T10:30:50+00:00\",\"mainEntityOfPage\":{\"@id\":\"https:\\\/\\\/www.elle.be\\\/fr\\\/298095-yuma-les-crackers-belges-a-base-dinsectes-a-croquer.html\"},\"wordCount\":589,\"commentCount\":0,\"publisher\":{\"@id\":\"https:\\\/\\\/www.elle.be\\\/fr\\\/#organization\"},\"image\":{\"@id\":\"https:\\\/\\\/www.elle.be\\\/fr\\\/298095-yuma-les-crackers-belges-a-base-dinsectes-a-croquer.html#primaryimage\"},\"thumbnailUrl\":\"https:\\\/\\\/www.elle.be\\\/fr\\\/wp-content\\\/uploads\\\/2020\\\/02\\\/elleatable_yuma_crackers.jpg\",\"keywords\":[\"ap\u00e9ro\",\"healthy\",\"v\u00e9g\u00e9tarien\",\"belge\"],\"articleSection\":[\"News Food\",\"ELLE \u00e0 Table\"],\"inLanguage\":\"fr-FR\",\"potentialAction\":[{\"@type\":\"CommentAction\",\"name\":\"Comment\",\"target\":[\"https:\\\/\\\/www.elle.be\\\/fr\\\/298095-yuma-les-crackers-belges-a-base-dinsectes-a-croquer.html#respond\"]}]},{\"@type\":\"WebPage\",\"@id\":\"https:\\\/\\\/www.elle.be\\\/fr\\\/298095-yuma-les-crackers-belges-a-base-dinsectes-a-croquer.html\",\"url\":\"https:\\\/\\\/www.elle.be\\\/fr\\\/298095-yuma-les-crackers-belges-a-base-dinsectes-a-croquer.html\",\"name\":\"Yuma: les crackers belges \u00e0 base d'insectes \u00e0 croquer - ELLE.be\",\"isPartOf\":{\"@id\":\"https:\\\/\\\/www.elle.be\\\/fr\\\/#website\"},\"primaryImageOfPage\":{\"@id\":\"https:\\\/\\\/www.elle.be\\\/fr\\\/298095-yuma-les-crackers-belges-a-base-dinsectes-a-croquer.html#primaryimage\"},\"image\":{\"@id\":\"https:\\\/\\\/www.elle.be\\\/fr\\\/298095-yuma-les-crackers-belges-a-base-dinsectes-a-croquer.html#primaryimage\"},\"thumbnailUrl\":\"https:\\\/\\\/www.elle.be\\\/fr\\\/wp-content\\\/uploads\\\/2020\\\/02\\\/elleatable_yuma_crackers.jpg\",\"datePublished\":\"2020-03-02T10:30:50+00:00\",\"description\":\"Envie de go\u00fbter aux bienfaits des insectes ?D\u00e9couvrez Yuma, une marque belge de d\u00e9licieux crackers renforc\u00e9s \u00e0 la farine de grillon !\",\"breadcrumb\":{\"@id\":\"https:\\\/\\\/www.elle.be\\\/fr\\\/298095-yuma-les-crackers-belges-a-base-dinsectes-a-croquer.html#breadcrumb\"},\"inLanguage\":\"fr-FR\",\"potentialAction\":[{\"@type\":\"ReadAction\",\"target\":[\"https:\\\/\\\/www.elle.be\\\/fr\\\/298095-yuma-les-crackers-belges-a-base-dinsectes-a-croquer.html\"]}]},{\"@type\":\"ImageObject\",\"inLanguage\":\"fr-FR\",\"@id\":\"https:\\\/\\\/www.elle.be\\\/fr\\\/298095-yuma-les-crackers-belges-a-base-dinsectes-a-croquer.html#primaryimage\",\"url\":\"https:\\\/\\\/www.elle.be\\\/fr\\\/wp-content\\\/uploads\\\/2020\\\/02\\\/elleatable_yuma_crackers.jpg\",\"contentUrl\":\"https:\\\/\\\/www.elle.be\\\/fr\\\/wp-content\\\/uploads\\\/2020\\\/02\\\/elleatable_yuma_crackers.jpg\",\"width\":1200,\"height\":628,\"caption\":\"crackers aux insectes Yuma\"},{\"@type\":\"BreadcrumbList\",\"@id\":\"https:\\\/\\\/www.elle.be\\\/fr\\\/298095-yuma-les-crackers-belges-a-base-dinsectes-a-croquer.html#breadcrumb\",\"itemListElement\":[{\"@type\":\"ListItem\",\"position\":1,\"name\":\"FR\",\"item\":\"https:\\\/\\\/www.elle.be\\\/fr\"},{\"@type\":\"ListItem\",\"position\":2,\"name\":\"ELLE \u00e0 Table\",\"item\":\"https:\\\/\\\/www.elle.be\\\/fr\\\/elle-a-table\"},{\"@type\":\"ListItem\",\"position\":3,\"name\":\"News Food\",\"item\":\"https:\\\/\\\/www.elle.be\\\/fr\\\/elle-a-table\\\/news-food\"},{\"@type\":\"ListItem\",\"position\":4,\"name\":\"Yuma: les crackers belges \u00e0 base d&rsquo;insectes \u00e0 croquer\"}]},{\"@type\":\"WebSite\",\"@id\":\"https:\\\/\\\/www.elle.be\\\/fr\\\/#website\",\"url\":\"https:\\\/\\\/www.elle.be\\\/fr\\\/\",\"name\":\"ELLE.be\",\"description\":\"Toutes les infos mode, beaut\u00e9 et lifestyle les plus pointues ainsi qu&#039;un contenu 100% belge d\u00e9clin\u00e9 \u00e0 360\u00b0sur le site ELLE.be, nos r\u00e9seaux sociaux et notre cha\u00eene Youtube.\",\"publisher\":{\"@id\":\"https:\\\/\\\/www.elle.be\\\/fr\\\/#organization\"},\"potentialAction\":[{\"@type\":\"SearchAction\",\"target\":{\"@type\":\"EntryPoint\",\"urlTemplate\":\"https:\\\/\\\/www.elle.be\\\/fr\\\/?s={search_term_string}\"},\"query-input\":{\"@type\":\"PropertyValueSpecification\",\"valueRequired\":true,\"valueName\":\"search_term_string\"}}],\"inLanguage\":\"fr-FR\"},{\"@type\":\"Organization\",\"@id\":\"https:\\\/\\\/www.elle.be\\\/fr\\\/#organization\",\"name\":\"ELLE Belgique\",\"url\":\"https:\\\/\\\/www.elle.be\\\/fr\\\/\",\"logo\":{\"@type\":\"ImageObject\",\"inLanguage\":\"fr-FR\",\"@id\":\"https:\\\/\\\/www.elle.be\\\/fr\\\/#\\\/schema\\\/logo\\\/image\\\/\",\"url\":\"https:\\\/\\\/www.elle.be\\\/fr\\\/wp-content\\\/uploads\\\/2017\\\/03\\\/elle-icon-200px.jpeg\",\"contentUrl\":\"https:\\\/\\\/www.elle.be\\\/fr\\\/wp-content\\\/uploads\\\/2017\\\/03\\\/elle-icon-200px.jpeg\",\"width\":200,\"height\":200,\"caption\":\"ELLE Belgique\"},\"image\":{\"@id\":\"https:\\\/\\\/www.elle.be\\\/fr\\\/#\\\/schema\\\/logo\\\/image\\\/\"},\"sameAs\":[\"https:\\\/\\\/www.facebook.com\\\/ELLEbelgium\\\/\",\"https:\\\/\\\/x.com\\\/ELLEBelgique\",\"http:\\\/\\\/instagram.com\\\/ellebelgique\\\/\",\"https:\\\/\\\/www.pinterest.com\\\/ellebelgique\\\/\",\"https:\\\/\\\/www.youtube.com\\\/user\\\/ELLEbelgique1\"]},{\"@type\":\"Person\",\"@id\":\"https:\\\/\\\/www.elle.be\\\/fr\\\/#\\\/schema\\\/person\\\/a2360849a8a4d85c4dcf46c649a8116c\",\"name\":\"Elo\u00efse Pirard\",\"image\":{\"@type\":\"ImageObject\",\"inLanguage\":\"fr-FR\",\"@id\":\"https:\\\/\\\/www.elle.be\\\/fr\\\/wp-content\\\/uploads\\\/2018\\\/02\\\/eloise-150x150.jpg\",\"url\":\"https:\\\/\\\/www.elle.be\\\/fr\\\/wp-content\\\/uploads\\\/2018\\\/02\\\/eloise-150x150.jpg\",\"contentUrl\":\"https:\\\/\\\/www.elle.be\\\/fr\\\/wp-content\\\/uploads\\\/2018\\\/02\\\/eloise-150x150.jpg\",\"caption\":\"Elo\u00efse Pirard\"},\"url\":\"https:\\\/\\\/www.elle.be\\\/fr\\\/author\\\/eloise\"}]}<\/script>\n<!-- \/ Yoast SEO plugin. -->","yoast_head_json":{"title":"Yuma: les crackers belges \u00e0 base d'insectes \u00e0 croquer - ELLE.be","description":"Envie de go\u00fbter aux bienfaits des insectes ?D\u00e9couvrez Yuma, une marque belge de d\u00e9licieux crackers renforc\u00e9s \u00e0 la farine de grillon !","robots":{"index":"index","follow":"follow","max-snippet":"max-snippet:-1","max-image-preview":"max-image-preview:large","max-video-preview":"max-video-preview:-1"},"canonical":"https:\/\/www.elle.be\/fr\/298095-yuma-les-crackers-belges-a-base-dinsectes-a-croquer.html","og_locale":"fr_FR","og_type":"article","og_title":"Yuma: les crackers belges \u00e0 base d'insectes \u00e0 croquer - ELLE.be","og_description":"Envie de go\u00fbter aux bienfaits des insectes ?D\u00e9couvrez Yuma, une marque belge de d\u00e9licieux crackers renforc\u00e9s \u00e0 la farine de grillon !","og_url":"https:\/\/www.elle.be\/fr\/298095-yuma-les-crackers-belges-a-base-dinsectes-a-croquer.html","og_site_name":"ELLE.be","article_publisher":"https:\/\/www.facebook.com\/ELLEbelgium\/","article_published_time":"2020-03-02T10:30:50+00:00","og_image":[{"width":1200,"height":628,"url":"https:\/\/www.elle.be\/fr\/wp-content\/uploads\/2020\/02\/elleatable_yuma_crackers.jpg","type":"image\/jpeg"}],"author":"Elo\u00efse Pirard","twitter_card":"summary_large_image","twitter_creator":"@ELLEBelgique","twitter_site":"@ELLEBelgique","twitter_misc":{"\u00c9crit par":"Elo\u00efse Pirard","Dur\u00e9e de lecture estim\u00e9e":"3 minutes"},"schema":{"@context":"https:\/\/schema.org","@graph":[{"@type":"NewsArticle","@id":"https:\/\/www.elle.be\/fr\/298095-yuma-les-crackers-belges-a-base-dinsectes-a-croquer.html#article","isPartOf":{"@id":"https:\/\/www.elle.be\/fr\/298095-yuma-les-crackers-belges-a-base-dinsectes-a-croquer.html"},"author":{"name":"Elo\u00efse Pirard","@id":"https:\/\/www.elle.be\/fr\/#\/schema\/person\/a2360849a8a4d85c4dcf46c649a8116c"},"headline":"Yuma: les crackers belges \u00e0 base d&#8217;insectes \u00e0 croquer","datePublished":"2020-03-02T10:30:50+00:00","mainEntityOfPage":{"@id":"https:\/\/www.elle.be\/fr\/298095-yuma-les-crackers-belges-a-base-dinsectes-a-croquer.html"},"wordCount":589,"commentCount":0,"publisher":{"@id":"https:\/\/www.elle.be\/fr\/#organization"},"image":{"@id":"https:\/\/www.elle.be\/fr\/298095-yuma-les-crackers-belges-a-base-dinsectes-a-croquer.html#primaryimage"},"thumbnailUrl":"https:\/\/www.elle.be\/fr\/wp-content\/uploads\/2020\/02\/elleatable_yuma_crackers.jpg","keywords":["ap\u00e9ro","healthy","v\u00e9g\u00e9tarien","belge"],"articleSection":["News Food","ELLE \u00e0 Table"],"inLanguage":"fr-FR","potentialAction":[{"@type":"CommentAction","name":"Comment","target":["https:\/\/www.elle.be\/fr\/298095-yuma-les-crackers-belges-a-base-dinsectes-a-croquer.html#respond"]}]},{"@type":"WebPage","@id":"https:\/\/www.elle.be\/fr\/298095-yuma-les-crackers-belges-a-base-dinsectes-a-croquer.html","url":"https:\/\/www.elle.be\/fr\/298095-yuma-les-crackers-belges-a-base-dinsectes-a-croquer.html","name":"Yuma: les crackers belges \u00e0 base d'insectes \u00e0 croquer - ELLE.be","isPartOf":{"@id":"https:\/\/www.elle.be\/fr\/#website"},"primaryImageOfPage":{"@id":"https:\/\/www.elle.be\/fr\/298095-yuma-les-crackers-belges-a-base-dinsectes-a-croquer.html#primaryimage"},"image":{"@id":"https:\/\/www.elle.be\/fr\/298095-yuma-les-crackers-belges-a-base-dinsectes-a-croquer.html#primaryimage"},"thumbnailUrl":"https:\/\/www.elle.be\/fr\/wp-content\/uploads\/2020\/02\/elleatable_yuma_crackers.jpg","datePublished":"2020-03-02T10:30:50+00:00","description":"Envie de go\u00fbter aux bienfaits des insectes ?D\u00e9couvrez Yuma, une marque belge de d\u00e9licieux crackers renforc\u00e9s \u00e0 la farine de grillon !","breadcrumb":{"@id":"https:\/\/www.elle.be\/fr\/298095-yuma-les-crackers-belges-a-base-dinsectes-a-croquer.html#breadcrumb"},"inLanguage":"fr-FR","potentialAction":[{"@type":"ReadAction","target":["https:\/\/www.elle.be\/fr\/298095-yuma-les-crackers-belges-a-base-dinsectes-a-croquer.html"]}]},{"@type":"ImageObject","inLanguage":"fr-FR","@id":"https:\/\/www.elle.be\/fr\/298095-yuma-les-crackers-belges-a-base-dinsectes-a-croquer.html#primaryimage","url":"https:\/\/www.elle.be\/fr\/wp-content\/uploads\/2020\/02\/elleatable_yuma_crackers.jpg","contentUrl":"https:\/\/www.elle.be\/fr\/wp-content\/uploads\/2020\/02\/elleatable_yuma_crackers.jpg","width":1200,"height":628,"caption":"crackers aux insectes Yuma"},{"@type":"BreadcrumbList","@id":"https:\/\/www.elle.be\/fr\/298095-yuma-les-crackers-belges-a-base-dinsectes-a-croquer.html#breadcrumb","itemListElement":[{"@type":"ListItem","position":1,"name":"FR","item":"https:\/\/www.elle.be\/fr"},{"@type":"ListItem","position":2,"name":"ELLE \u00e0 Table","item":"https:\/\/www.elle.be\/fr\/elle-a-table"},{"@type":"ListItem","position":3,"name":"News Food","item":"https:\/\/www.elle.be\/fr\/elle-a-table\/news-food"},{"@type":"ListItem","position":4,"name":"Yuma: les crackers belges \u00e0 base d&rsquo;insectes \u00e0 croquer"}]},{"@type":"WebSite","@id":"https:\/\/www.elle.be\/fr\/#website","url":"https:\/\/www.elle.be\/fr\/","name":"ELLE.be","description":"Toutes les infos mode, beaut\u00e9 et lifestyle les plus pointues ainsi qu&#039;un contenu 100% belge d\u00e9clin\u00e9 \u00e0 360\u00b0sur le site ELLE.be, nos r\u00e9seaux sociaux et notre cha\u00eene Youtube.","publisher":{"@id":"https:\/\/www.elle.be\/fr\/#organization"},"potentialAction":[{"@type":"SearchAction","target":{"@type":"EntryPoint","urlTemplate":"https:\/\/www.elle.be\/fr\/?s={search_term_string}"},"query-input":{"@type":"PropertyValueSpecification","valueRequired":true,"valueName":"search_term_string"}}],"inLanguage":"fr-FR"},{"@type":"Organization","@id":"https:\/\/www.elle.be\/fr\/#organization","name":"ELLE Belgique","url":"https:\/\/www.elle.be\/fr\/","logo":{"@type":"ImageObject","inLanguage":"fr-FR","@id":"https:\/\/www.elle.be\/fr\/#\/schema\/logo\/image\/","url":"https:\/\/www.elle.be\/fr\/wp-content\/uploads\/2017\/03\/elle-icon-200px.jpeg","contentUrl":"https:\/\/www.elle.be\/fr\/wp-content\/uploads\/2017\/03\/elle-icon-200px.jpeg","width":200,"height":200,"caption":"ELLE Belgique"},"image":{"@id":"https:\/\/www.elle.be\/fr\/#\/schema\/logo\/image\/"},"sameAs":["https:\/\/www.facebook.com\/ELLEbelgium\/","https:\/\/x.com\/ELLEBelgique","http:\/\/instagram.com\/ellebelgique\/","https:\/\/www.pinterest.com\/ellebelgique\/","https:\/\/www.youtube.com\/user\/ELLEbelgique1"]},{"@type":"Person","@id":"https:\/\/www.elle.be\/fr\/#\/schema\/person\/a2360849a8a4d85c4dcf46c649a8116c","name":"Elo\u00efse Pirard","image":{"@type":"ImageObject","inLanguage":"fr-FR","@id":"https:\/\/www.elle.be\/fr\/wp-content\/uploads\/2018\/02\/eloise-150x150.jpg","url":"https:\/\/www.elle.be\/fr\/wp-content\/uploads\/2018\/02\/eloise-150x150.jpg","contentUrl":"https:\/\/www.elle.be\/fr\/wp-content\/uploads\/2018\/02\/eloise-150x150.jpg","caption":"Elo\u00efse Pirard"},"url":"https:\/\/www.elle.be\/fr\/author\/eloise"}]}},"_links":{"self":[{"href":"https:\/\/www.elle.be\/fr\/wp-json\/wp\/v2\/posts\/298095","targetHints":{"allow":["GET"]}}],"collection":[{"href":"https:\/\/www.elle.be\/fr\/wp-json\/wp\/v2\/posts"}],"about":[{"href":"https:\/\/www.elle.be\/fr\/wp-json\/wp\/v2\/types\/post"}],"author":[{"embeddable":true,"href":"https:\/\/www.elle.be\/fr\/wp-json\/wp\/v2\/users\/73"}],"replies":[{"embeddable":true,"href":"https:\/\/www.elle.be\/fr\/wp-json\/wp\/v2\/comments?post=298095"}],"version-history":[{"count":8,"href":"https:\/\/www.elle.be\/fr\/wp-json\/wp\/v2\/posts\/298095\/revisions"}],"predecessor-version":[{"id":298256,"href":"https:\/\/www.elle.be\/fr\/wp-json\/wp\/v2\/posts\/298095\/revisions\/298256"}],"wp:featuredmedia":[{"embeddable":true,"href":"https:\/\/www.elle.be\/fr\/wp-json\/wp\/v2\/media\/298244"}],"wp:attachment":[{"href":"https:\/\/www.elle.be\/fr\/wp-json\/wp\/v2\/media?parent=298095"}],"wp:term":[{"taxonomy":"category","embeddable":true,"href":"https:\/\/www.elle.be\/fr\/wp-json\/wp\/v2\/categories?post=298095"},{"taxonomy":"post_tag","embeddable":true,"href":"https:\/\/www.elle.be\/fr\/wp-json\/wp\/v2\/tags?post=298095"}],"curies":[{"name":"wp","href":"https:\/\/api.w.org\/{rel}","templated":true}]}}