{"id":296835,"date":"2020-02-19T11:00:05","date_gmt":"2020-02-19T10:00:05","guid":{"rendered":"https:\/\/www.elle.be\/fr\/?p=296835"},"modified":"2020-02-18T14:09:48","modified_gmt":"2020-02-18T13:09:48","slug":"linterview-business-de-la-creatrice-entrepreneuse-mary-katrantzou","status":"publish","type":"post","link":"https:\/\/www.elle.be\/fr\/296835-linterview-business-de-la-creatrice-entrepreneuse-mary-katrantzou.html","title":{"rendered":"L\u2019interview business de la cr\u00e9atrice-entrepreneuse Mary Katrantzou"},"content":{"rendered":"","protected":false},"excerpt":{"rendered":"\u00c0 37 ans, Mary Katrantzou g\u00e8re sa maison de mode ind\u00e9pendante en plein essor comme elle a toujours \u00e9quilibr\u00e9 ses relations avec ses collaborateurs : \u00e0 l\u2019\u00e9coute et avec d\u00e9termination.","protected":false},"author":13,"featured_media":296839,"comment_status":"open","ping_status":"closed","sticky":false,"template":"","format":"standard","meta":{"_acf_changed":false,"footnotes":""},"categories":[5,2202],"tags":[1044,2747,2927],"class_list":["post-296835","post","type-post","status-publish","format-standard","has-post-thumbnail","hentry","category-mode","category-news-actu","tag-haute-couture","tag-defile","tag-tendances"],"acf":[],"image_verticale":"296840","_yoast_wpseo_title":null,"_yoast_wpseo_metadesc":"Mary Katrantzou, cr\u00e9atrice-entrepreneuse, partage avec nous sa philosophie et ses conseils pour se lancer dans le business de la mode.","_yoast_wpseo_focuskw_text_input":null,"_yoast_wpseo_opengraph-title":null,"yoast_head":"<!-- This site is optimized with the Yoast SEO plugin v27.4 - https:\/\/yoast.com\/product\/yoast-seo-wordpress\/ -->\n<title>L\u2019interview business de la cr\u00e9atrice-entrepreneuse Mary Katrantzou - ELLE.be<\/title>\n<meta name=\"description\" content=\"Mary Katrantzou, cr\u00e9atrice-entrepreneuse, partage avec nous sa philosophie et ses conseils pour se lancer dans le business de la mode.\" \/>\n<meta name=\"robots\" content=\"index, follow, max-snippet:-1, max-image-preview:large, max-video-preview:-1\" \/>\n<link rel=\"canonical\" href=\"https:\/\/www.elle.be\/fr\/296835-linterview-business-de-la-creatrice-entrepreneuse-mary-katrantzou.html\" \/>\n<meta property=\"og:locale\" content=\"fr_FR\" \/>\n<meta property=\"og:type\" content=\"article\" \/>\n<meta property=\"og:title\" content=\"L\u2019interview business de la cr\u00e9atrice-entrepreneuse Mary Katrantzou - ELLE.be\" \/>\n<meta property=\"og:description\" content=\"Mary Katrantzou, cr\u00e9atrice-entrepreneuse, partage avec nous sa philosophie et ses conseils pour se lancer dans le business de la mode.\" \/>\n<meta property=\"og:url\" content=\"https:\/\/www.elle.be\/fr\/296835-linterview-business-de-la-creatrice-entrepreneuse-mary-katrantzou.html\" \/>\n<meta property=\"og:site_name\" content=\"ELLE.be\" \/>\n<meta property=\"article:publisher\" content=\"https:\/\/www.facebook.com\/ELLEbelgium\/\" \/>\n<meta property=\"article:author\" content=\"http:\/\/www.facebook.com\/elisabethclausspage\/\" \/>\n<meta property=\"article:published_time\" content=\"2020-02-19T10:00:05+00:00\" \/>\n<meta property=\"og:image\" content=\"https:\/\/www.elle.be\/fr\/wp-content\/uploads\/2020\/02\/elle_mk_h.jpg\" \/>\n\t<meta property=\"og:image:width\" content=\"1200\" \/>\n\t<meta property=\"og:image:height\" content=\"628\" \/>\n\t<meta property=\"og:image:type\" content=\"image\/jpeg\" \/>\n<meta name=\"author\" content=\"Elisabeth Clauss\" \/>\n<meta name=\"twitter:card\" content=\"summary_large_image\" \/>\n<meta name=\"twitter:creator\" content=\"@eliclauss\" \/>\n<meta name=\"twitter:site\" content=\"@ELLEBelgique\" \/>\n<meta name=\"twitter:label1\" content=\"\u00c9crit par\" \/>\n\t<meta name=\"twitter:data1\" content=\"Elisabeth Clauss\" \/>\n\t<meta name=\"twitter:label2\" content=\"Dur\u00e9e de lecture estim\u00e9e\" \/>\n\t<meta name=\"twitter:data2\" content=\"11 minutes\" \/>\n<script type=\"application\/ld+json\" class=\"yoast-schema-graph\">{\"@context\":\"https:\\\/\\\/schema.org\",\"@graph\":[{\"@type\":\"NewsArticle\",\"@id\":\"https:\\\/\\\/www.elle.be\\\/fr\\\/296835-linterview-business-de-la-creatrice-entrepreneuse-mary-katrantzou.html#article\",\"isPartOf\":{\"@id\":\"https:\\\/\\\/www.elle.be\\\/fr\\\/296835-linterview-business-de-la-creatrice-entrepreneuse-mary-katrantzou.html\"},\"author\":{\"name\":\"Elisabeth Clauss\",\"@id\":\"https:\\\/\\\/www.elle.be\\\/fr\\\/#\\\/schema\\\/person\\\/731dc88a91a1cebdbc692c487314efaf\"},\"headline\":\"L\u2019interview business de la cr\u00e9atrice-entrepreneuse Mary Katrantzou\",\"datePublished\":\"2020-02-19T10:00:05+00:00\",\"mainEntityOfPage\":{\"@id\":\"https:\\\/\\\/www.elle.be\\\/fr\\\/296835-linterview-business-de-la-creatrice-entrepreneuse-mary-katrantzou.html\"},\"wordCount\":2195,\"commentCount\":0,\"publisher\":{\"@id\":\"https:\\\/\\\/www.elle.be\\\/fr\\\/#organization\"},\"image\":{\"@id\":\"https:\\\/\\\/www.elle.be\\\/fr\\\/296835-linterview-business-de-la-creatrice-entrepreneuse-mary-katrantzou.html#primaryimage\"},\"thumbnailUrl\":\"https:\\\/\\\/www.elle.be\\\/fr\\\/wp-content\\\/uploads\\\/2020\\\/02\\\/elle_mk_h.jpg\",\"keywords\":[\"haute couture\",\"d\u00e9fil\u00e9\",\"tendances\"],\"articleSection\":[\"Mode\",\"News Actu\"],\"inLanguage\":\"fr-FR\",\"potentialAction\":[{\"@type\":\"CommentAction\",\"name\":\"Comment\",\"target\":[\"https:\\\/\\\/www.elle.be\\\/fr\\\/296835-linterview-business-de-la-creatrice-entrepreneuse-mary-katrantzou.html#respond\"]}]},{\"@type\":\"WebPage\",\"@id\":\"https:\\\/\\\/www.elle.be\\\/fr\\\/296835-linterview-business-de-la-creatrice-entrepreneuse-mary-katrantzou.html\",\"url\":\"https:\\\/\\\/www.elle.be\\\/fr\\\/296835-linterview-business-de-la-creatrice-entrepreneuse-mary-katrantzou.html\",\"name\":\"L\u2019interview business de la cr\u00e9atrice-entrepreneuse Mary Katrantzou - ELLE.be\",\"isPartOf\":{\"@id\":\"https:\\\/\\\/www.elle.be\\\/fr\\\/#website\"},\"primaryImageOfPage\":{\"@id\":\"https:\\\/\\\/www.elle.be\\\/fr\\\/296835-linterview-business-de-la-creatrice-entrepreneuse-mary-katrantzou.html#primaryimage\"},\"image\":{\"@id\":\"https:\\\/\\\/www.elle.be\\\/fr\\\/296835-linterview-business-de-la-creatrice-entrepreneuse-mary-katrantzou.html#primaryimage\"},\"thumbnailUrl\":\"https:\\\/\\\/www.elle.be\\\/fr\\\/wp-content\\\/uploads\\\/2020\\\/02\\\/elle_mk_h.jpg\",\"datePublished\":\"2020-02-19T10:00:05+00:00\",\"description\":\"Mary Katrantzou, cr\u00e9atrice-entrepreneuse, partage avec nous sa philosophie et ses conseils pour se lancer dans le business de la mode.\",\"breadcrumb\":{\"@id\":\"https:\\\/\\\/www.elle.be\\\/fr\\\/296835-linterview-business-de-la-creatrice-entrepreneuse-mary-katrantzou.html#breadcrumb\"},\"inLanguage\":\"fr-FR\",\"potentialAction\":[{\"@type\":\"ReadAction\",\"target\":[\"https:\\\/\\\/www.elle.be\\\/fr\\\/296835-linterview-business-de-la-creatrice-entrepreneuse-mary-katrantzou.html\"]}]},{\"@type\":\"ImageObject\",\"inLanguage\":\"fr-FR\",\"@id\":\"https:\\\/\\\/www.elle.be\\\/fr\\\/296835-linterview-business-de-la-creatrice-entrepreneuse-mary-katrantzou.html#primaryimage\",\"url\":\"https:\\\/\\\/www.elle.be\\\/fr\\\/wp-content\\\/uploads\\\/2020\\\/02\\\/elle_mk_h.jpg\",\"contentUrl\":\"https:\\\/\\\/www.elle.be\\\/fr\\\/wp-content\\\/uploads\\\/2020\\\/02\\\/elle_mk_h.jpg\",\"width\":1200,\"height\":628,\"caption\":\"Mary Katrantzou Show SS20\"},{\"@type\":\"BreadcrumbList\",\"@id\":\"https:\\\/\\\/www.elle.be\\\/fr\\\/296835-linterview-business-de-la-creatrice-entrepreneuse-mary-katrantzou.html#breadcrumb\",\"itemListElement\":[{\"@type\":\"ListItem\",\"position\":1,\"name\":\"FR\",\"item\":\"https:\\\/\\\/www.elle.be\\\/fr\"},{\"@type\":\"ListItem\",\"position\":2,\"name\":\"Mode\",\"item\":\"https:\\\/\\\/www.elle.be\\\/fr\\\/mode\"},{\"@type\":\"ListItem\",\"position\":3,\"name\":\"L\u2019interview business de la cr\u00e9atrice-entrepreneuse Mary Katrantzou\"}]},{\"@type\":\"WebSite\",\"@id\":\"https:\\\/\\\/www.elle.be\\\/fr\\\/#website\",\"url\":\"https:\\\/\\\/www.elle.be\\\/fr\\\/\",\"name\":\"ELLE.be\",\"description\":\"Toutes les infos mode, beaut\u00e9 et lifestyle les plus pointues ainsi qu&#039;un contenu 100% belge d\u00e9clin\u00e9 \u00e0 360\u00b0sur le site ELLE.be, nos r\u00e9seaux sociaux et notre cha\u00eene Youtube.\",\"publisher\":{\"@id\":\"https:\\\/\\\/www.elle.be\\\/fr\\\/#organization\"},\"potentialAction\":[{\"@type\":\"SearchAction\",\"target\":{\"@type\":\"EntryPoint\",\"urlTemplate\":\"https:\\\/\\\/www.elle.be\\\/fr\\\/?s={search_term_string}\"},\"query-input\":{\"@type\":\"PropertyValueSpecification\",\"valueRequired\":true,\"valueName\":\"search_term_string\"}}],\"inLanguage\":\"fr-FR\"},{\"@type\":\"Organization\",\"@id\":\"https:\\\/\\\/www.elle.be\\\/fr\\\/#organization\",\"name\":\"ELLE Belgique\",\"url\":\"https:\\\/\\\/www.elle.be\\\/fr\\\/\",\"logo\":{\"@type\":\"ImageObject\",\"inLanguage\":\"fr-FR\",\"@id\":\"https:\\\/\\\/www.elle.be\\\/fr\\\/#\\\/schema\\\/logo\\\/image\\\/\",\"url\":\"https:\\\/\\\/www.elle.be\\\/fr\\\/wp-content\\\/uploads\\\/2017\\\/03\\\/elle-icon-200px.jpeg\",\"contentUrl\":\"https:\\\/\\\/www.elle.be\\\/fr\\\/wp-content\\\/uploads\\\/2017\\\/03\\\/elle-icon-200px.jpeg\",\"width\":200,\"height\":200,\"caption\":\"ELLE Belgique\"},\"image\":{\"@id\":\"https:\\\/\\\/www.elle.be\\\/fr\\\/#\\\/schema\\\/logo\\\/image\\\/\"},\"sameAs\":[\"https:\\\/\\\/www.facebook.com\\\/ELLEbelgium\\\/\",\"https:\\\/\\\/x.com\\\/ELLEBelgique\",\"http:\\\/\\\/instagram.com\\\/ellebelgique\\\/\",\"https:\\\/\\\/www.pinterest.com\\\/ellebelgique\\\/\",\"https:\\\/\\\/www.youtube.com\\\/user\\\/ELLEbelgique1\"]},{\"@type\":\"Person\",\"@id\":\"https:\\\/\\\/www.elle.be\\\/fr\\\/#\\\/schema\\\/person\\\/731dc88a91a1cebdbc692c487314efaf\",\"name\":\"Elisabeth Clauss\",\"image\":{\"@type\":\"ImageObject\",\"inLanguage\":\"fr-FR\",\"@id\":\"https:\\\/\\\/www.elle.be\\\/fr\\\/wp-content\\\/uploads\\\/2017\\\/03\\\/v-elisabeth-clauss-credit-isabelle-mertens-23-e1738239761687-96x96.jpg\",\"url\":\"https:\\\/\\\/www.elle.be\\\/fr\\\/wp-content\\\/uploads\\\/2017\\\/03\\\/v-elisabeth-clauss-credit-isabelle-mertens-23-e1738239761687-96x96.jpg\",\"contentUrl\":\"https:\\\/\\\/www.elle.be\\\/fr\\\/wp-content\\\/uploads\\\/2017\\\/03\\\/v-elisabeth-clauss-credit-isabelle-mertens-23-e1738239761687-96x96.jpg\",\"caption\":\"Elisabeth Clauss\"},\"description\":\"Elle pense que des chaussures, c'est soit beau, soit confortable et raconte la mode, ceux qui la font, ceux qui la portent, ceux qui la supportent.\",\"sameAs\":[\"http:\\\/\\\/www.elisabethclauss.com\",\"http:\\\/\\\/www.facebook.com\\\/elisabethclausspage\\\/\",\"http:\\\/\\\/instagram.com\\\/elisabethclauss\",\"https:\\\/\\\/x.com\\\/eliclauss\"],\"url\":\"https:\\\/\\\/www.elle.be\\\/fr\\\/author\\\/elisabeth\"}]}<\/script>\n<!-- \/ Yoast SEO plugin. -->","yoast_head_json":{"title":"L\u2019interview business de la cr\u00e9atrice-entrepreneuse Mary Katrantzou - ELLE.be","description":"Mary Katrantzou, cr\u00e9atrice-entrepreneuse, partage avec nous sa philosophie et ses conseils pour se lancer dans le business de la mode.","robots":{"index":"index","follow":"follow","max-snippet":"max-snippet:-1","max-image-preview":"max-image-preview:large","max-video-preview":"max-video-preview:-1"},"canonical":"https:\/\/www.elle.be\/fr\/296835-linterview-business-de-la-creatrice-entrepreneuse-mary-katrantzou.html","og_locale":"fr_FR","og_type":"article","og_title":"L\u2019interview business de la cr\u00e9atrice-entrepreneuse Mary Katrantzou - ELLE.be","og_description":"Mary Katrantzou, cr\u00e9atrice-entrepreneuse, partage avec nous sa philosophie et ses conseils pour se lancer dans le business de la mode.","og_url":"https:\/\/www.elle.be\/fr\/296835-linterview-business-de-la-creatrice-entrepreneuse-mary-katrantzou.html","og_site_name":"ELLE.be","article_publisher":"https:\/\/www.facebook.com\/ELLEbelgium\/","article_author":"http:\/\/www.facebook.com\/elisabethclausspage\/","article_published_time":"2020-02-19T10:00:05+00:00","og_image":[{"width":1200,"height":628,"url":"https:\/\/www.elle.be\/fr\/wp-content\/uploads\/2020\/02\/elle_mk_h.jpg","type":"image\/jpeg"}],"author":"Elisabeth Clauss","twitter_card":"summary_large_image","twitter_creator":"@eliclauss","twitter_site":"@ELLEBelgique","twitter_misc":{"\u00c9crit par":"Elisabeth Clauss","Dur\u00e9e de lecture estim\u00e9e":"11 minutes"},"schema":{"@context":"https:\/\/schema.org","@graph":[{"@type":"NewsArticle","@id":"https:\/\/www.elle.be\/fr\/296835-linterview-business-de-la-creatrice-entrepreneuse-mary-katrantzou.html#article","isPartOf":{"@id":"https:\/\/www.elle.be\/fr\/296835-linterview-business-de-la-creatrice-entrepreneuse-mary-katrantzou.html"},"author":{"name":"Elisabeth Clauss","@id":"https:\/\/www.elle.be\/fr\/#\/schema\/person\/731dc88a91a1cebdbc692c487314efaf"},"headline":"L\u2019interview business de la cr\u00e9atrice-entrepreneuse Mary Katrantzou","datePublished":"2020-02-19T10:00:05+00:00","mainEntityOfPage":{"@id":"https:\/\/www.elle.be\/fr\/296835-linterview-business-de-la-creatrice-entrepreneuse-mary-katrantzou.html"},"wordCount":2195,"commentCount":0,"publisher":{"@id":"https:\/\/www.elle.be\/fr\/#organization"},"image":{"@id":"https:\/\/www.elle.be\/fr\/296835-linterview-business-de-la-creatrice-entrepreneuse-mary-katrantzou.html#primaryimage"},"thumbnailUrl":"https:\/\/www.elle.be\/fr\/wp-content\/uploads\/2020\/02\/elle_mk_h.jpg","keywords":["haute couture","d\u00e9fil\u00e9","tendances"],"articleSection":["Mode","News Actu"],"inLanguage":"fr-FR","potentialAction":[{"@type":"CommentAction","name":"Comment","target":["https:\/\/www.elle.be\/fr\/296835-linterview-business-de-la-creatrice-entrepreneuse-mary-katrantzou.html#respond"]}]},{"@type":"WebPage","@id":"https:\/\/www.elle.be\/fr\/296835-linterview-business-de-la-creatrice-entrepreneuse-mary-katrantzou.html","url":"https:\/\/www.elle.be\/fr\/296835-linterview-business-de-la-creatrice-entrepreneuse-mary-katrantzou.html","name":"L\u2019interview business de la cr\u00e9atrice-entrepreneuse Mary Katrantzou - ELLE.be","isPartOf":{"@id":"https:\/\/www.elle.be\/fr\/#website"},"primaryImageOfPage":{"@id":"https:\/\/www.elle.be\/fr\/296835-linterview-business-de-la-creatrice-entrepreneuse-mary-katrantzou.html#primaryimage"},"image":{"@id":"https:\/\/www.elle.be\/fr\/296835-linterview-business-de-la-creatrice-entrepreneuse-mary-katrantzou.html#primaryimage"},"thumbnailUrl":"https:\/\/www.elle.be\/fr\/wp-content\/uploads\/2020\/02\/elle_mk_h.jpg","datePublished":"2020-02-19T10:00:05+00:00","description":"Mary Katrantzou, cr\u00e9atrice-entrepreneuse, partage avec nous sa philosophie et ses conseils pour se lancer dans le business de la mode.","breadcrumb":{"@id":"https:\/\/www.elle.be\/fr\/296835-linterview-business-de-la-creatrice-entrepreneuse-mary-katrantzou.html#breadcrumb"},"inLanguage":"fr-FR","potentialAction":[{"@type":"ReadAction","target":["https:\/\/www.elle.be\/fr\/296835-linterview-business-de-la-creatrice-entrepreneuse-mary-katrantzou.html"]}]},{"@type":"ImageObject","inLanguage":"fr-FR","@id":"https:\/\/www.elle.be\/fr\/296835-linterview-business-de-la-creatrice-entrepreneuse-mary-katrantzou.html#primaryimage","url":"https:\/\/www.elle.be\/fr\/wp-content\/uploads\/2020\/02\/elle_mk_h.jpg","contentUrl":"https:\/\/www.elle.be\/fr\/wp-content\/uploads\/2020\/02\/elle_mk_h.jpg","width":1200,"height":628,"caption":"Mary Katrantzou Show SS20"},{"@type":"BreadcrumbList","@id":"https:\/\/www.elle.be\/fr\/296835-linterview-business-de-la-creatrice-entrepreneuse-mary-katrantzou.html#breadcrumb","itemListElement":[{"@type":"ListItem","position":1,"name":"FR","item":"https:\/\/www.elle.be\/fr"},{"@type":"ListItem","position":2,"name":"Mode","item":"https:\/\/www.elle.be\/fr\/mode"},{"@type":"ListItem","position":3,"name":"L\u2019interview business de la cr\u00e9atrice-entrepreneuse Mary Katrantzou"}]},{"@type":"WebSite","@id":"https:\/\/www.elle.be\/fr\/#website","url":"https:\/\/www.elle.be\/fr\/","name":"ELLE.be","description":"Toutes les infos mode, beaut\u00e9 et lifestyle les plus pointues ainsi qu&#039;un contenu 100% belge d\u00e9clin\u00e9 \u00e0 360\u00b0sur le site ELLE.be, nos r\u00e9seaux sociaux et notre cha\u00eene Youtube.","publisher":{"@id":"https:\/\/www.elle.be\/fr\/#organization"},"potentialAction":[{"@type":"SearchAction","target":{"@type":"EntryPoint","urlTemplate":"https:\/\/www.elle.be\/fr\/?s={search_term_string}"},"query-input":{"@type":"PropertyValueSpecification","valueRequired":true,"valueName":"search_term_string"}}],"inLanguage":"fr-FR"},{"@type":"Organization","@id":"https:\/\/www.elle.be\/fr\/#organization","name":"ELLE Belgique","url":"https:\/\/www.elle.be\/fr\/","logo":{"@type":"ImageObject","inLanguage":"fr-FR","@id":"https:\/\/www.elle.be\/fr\/#\/schema\/logo\/image\/","url":"https:\/\/www.elle.be\/fr\/wp-content\/uploads\/2017\/03\/elle-icon-200px.jpeg","contentUrl":"https:\/\/www.elle.be\/fr\/wp-content\/uploads\/2017\/03\/elle-icon-200px.jpeg","width":200,"height":200,"caption":"ELLE Belgique"},"image":{"@id":"https:\/\/www.elle.be\/fr\/#\/schema\/logo\/image\/"},"sameAs":["https:\/\/www.facebook.com\/ELLEbelgium\/","https:\/\/x.com\/ELLEBelgique","http:\/\/instagram.com\/ellebelgique\/","https:\/\/www.pinterest.com\/ellebelgique\/","https:\/\/www.youtube.com\/user\/ELLEbelgique1"]},{"@type":"Person","@id":"https:\/\/www.elle.be\/fr\/#\/schema\/person\/731dc88a91a1cebdbc692c487314efaf","name":"Elisabeth Clauss","image":{"@type":"ImageObject","inLanguage":"fr-FR","@id":"https:\/\/www.elle.be\/fr\/wp-content\/uploads\/2017\/03\/v-elisabeth-clauss-credit-isabelle-mertens-23-e1738239761687-96x96.jpg","url":"https:\/\/www.elle.be\/fr\/wp-content\/uploads\/2017\/03\/v-elisabeth-clauss-credit-isabelle-mertens-23-e1738239761687-96x96.jpg","contentUrl":"https:\/\/www.elle.be\/fr\/wp-content\/uploads\/2017\/03\/v-elisabeth-clauss-credit-isabelle-mertens-23-e1738239761687-96x96.jpg","caption":"Elisabeth Clauss"},"description":"Elle pense que des chaussures, c'est soit beau, soit confortable et raconte la mode, ceux qui la font, ceux qui la portent, ceux qui la supportent.","sameAs":["http:\/\/www.elisabethclauss.com","http:\/\/www.facebook.com\/elisabethclausspage\/","http:\/\/instagram.com\/elisabethclauss","https:\/\/x.com\/eliclauss"],"url":"https:\/\/www.elle.be\/fr\/author\/elisabeth"}]}},"_links":{"self":[{"href":"https:\/\/www.elle.be\/fr\/wp-json\/wp\/v2\/posts\/296835","targetHints":{"allow":["GET"]}}],"collection":[{"href":"https:\/\/www.elle.be\/fr\/wp-json\/wp\/v2\/posts"}],"about":[{"href":"https:\/\/www.elle.be\/fr\/wp-json\/wp\/v2\/types\/post"}],"author":[{"embeddable":true,"href":"https:\/\/www.elle.be\/fr\/wp-json\/wp\/v2\/users\/13"}],"replies":[{"embeddable":true,"href":"https:\/\/www.elle.be\/fr\/wp-json\/wp\/v2\/comments?post=296835"}],"version-history":[{"count":4,"href":"https:\/\/www.elle.be\/fr\/wp-json\/wp\/v2\/posts\/296835\/revisions"}],"predecessor-version":[{"id":296857,"href":"https:\/\/www.elle.be\/fr\/wp-json\/wp\/v2\/posts\/296835\/revisions\/296857"}],"wp:featuredmedia":[{"embeddable":true,"href":"https:\/\/www.elle.be\/fr\/wp-json\/wp\/v2\/media\/296839"}],"wp:attachment":[{"href":"https:\/\/www.elle.be\/fr\/wp-json\/wp\/v2\/media?parent=296835"}],"wp:term":[{"taxonomy":"category","embeddable":true,"href":"https:\/\/www.elle.be\/fr\/wp-json\/wp\/v2\/categories?post=296835"},{"taxonomy":"post_tag","embeddable":true,"href":"https:\/\/www.elle.be\/fr\/wp-json\/wp\/v2\/tags?post=296835"}],"curies":[{"name":"wp","href":"https:\/\/api.w.org\/{rel}","templated":true}]}}