{"id":296808,"date":"2020-02-18T13:53:50","date_gmt":"2020-02-18T12:53:50","guid":{"rendered":"https:\/\/www.elle.be\/fr\/?p=296808"},"modified":"2020-02-18T13:53:50","modified_gmt":"2020-02-18T12:53:50","slug":"marion-cotillard-est-le-nouveau-visage-de-chanel-n5","status":"publish","type":"post","link":"https:\/\/www.elle.be\/fr\/296808-marion-cotillard-est-le-nouveau-visage-de-chanel-n5.html","title":{"rendered":"Marion Cotillard est le nouveau visage de Chanel N\u00b05"},"content":{"rendered":"","protected":false},"excerpt":{"rendered":"Difficile de mieux incarner le chic fran\u00e7ais ! L&#8217;actrice oscaris\u00e9e, Marion Cotillard est d\u00e9sormais le nouveau visage du mythique parfum Chanel N\u00b05, un dialogue entre ic\u00f4nes.","protected":false},"author":3,"featured_media":296850,"comment_status":"open","ping_status":"closed","sticky":false,"template":"","format":"standard","meta":{"_acf_changed":false,"footnotes":""},"categories":[2842,2212],"tags":[],"class_list":["post-296808","post","type-post","status-publish","format-standard","has-post-thumbnail","hentry","category-beaute","category-parfums"],"acf":[],"image_verticale":"296851","_yoast_wpseo_title":null,"_yoast_wpseo_metadesc":null,"_yoast_wpseo_focuskw_text_input":null,"_yoast_wpseo_opengraph-title":null,"yoast_head":"<!-- This site is optimized with the Yoast SEO plugin v27.4 - https:\/\/yoast.com\/product\/yoast-seo-wordpress\/ -->\n<title>Marion Cotillard est le nouveau visage de Chanel N\u00b05 - ELLE.be<\/title>\n<meta name=\"description\" content=\"Difficile de mieux incarner le chic fran\u00e7ais ! L&#039;actrice oscaris\u00e9e, Marion Cotillard est d\u00e9sormais le nouveau visage du mythique parfum Chanel N\u00b05, un\" \/>\n<meta name=\"robots\" content=\"index, follow, max-snippet:-1, max-image-preview:large, max-video-preview:-1\" \/>\n<link rel=\"canonical\" href=\"https:\/\/www.elle.be\/fr\/296808-marion-cotillard-est-le-nouveau-visage-de-chanel-n5.html\" \/>\n<meta property=\"og:locale\" content=\"fr_FR\" \/>\n<meta property=\"og:type\" content=\"article\" \/>\n<meta property=\"og:title\" content=\"Marion Cotillard est le nouveau visage de Chanel N\u00b05 - ELLE.be\" \/>\n<meta property=\"og:description\" content=\"Difficile de mieux incarner le chic fran\u00e7ais ! L&#039;actrice oscaris\u00e9e, Marion Cotillard est d\u00e9sormais le nouveau visage du mythique parfum Chanel N\u00b05, un\" \/>\n<meta property=\"og:url\" content=\"https:\/\/www.elle.be\/fr\/296808-marion-cotillard-est-le-nouveau-visage-de-chanel-n5.html\" \/>\n<meta property=\"og:site_name\" content=\"ELLE.be\" \/>\n<meta property=\"article:publisher\" content=\"https:\/\/www.facebook.com\/ELLEbelgium\/\" \/>\n<meta property=\"article:author\" content=\"https:\/\/www.facebook.com\/Marie-Gurin-1721050434849149\/\" \/>\n<meta property=\"article:published_time\" content=\"2020-02-18T12:53:50+00:00\" \/>\n<meta property=\"og:image\" content=\"https:\/\/www.elle.be\/fr\/wp-content\/uploads\/2020\/02\/marion-cotillard_chanel.jpg\" \/>\n\t<meta property=\"og:image:width\" content=\"1200\" \/>\n\t<meta property=\"og:image:height\" content=\"628\" \/>\n\t<meta property=\"og:image:type\" content=\"image\/jpeg\" \/>\n<meta name=\"author\" content=\"Marie Gu\u00e9rin\" \/>\n<meta name=\"twitter:card\" content=\"summary_large_image\" \/>\n<meta name=\"twitter:creator\" content=\"@marie_elle_be\" \/>\n<meta name=\"twitter:site\" content=\"@ELLEBelgique\" \/>\n<meta name=\"twitter:label1\" content=\"\u00c9crit par\" \/>\n\t<meta name=\"twitter:data1\" content=\"Marie Gu\u00e9rin\" \/>\n\t<meta name=\"twitter:label2\" content=\"Dur\u00e9e de lecture estim\u00e9e\" \/>\n\t<meta name=\"twitter:data2\" content=\"2 minutes\" \/>\n<script type=\"application\/ld+json\" class=\"yoast-schema-graph\">{\"@context\":\"https:\\\/\\\/schema.org\",\"@graph\":[{\"@type\":\"NewsArticle\",\"@id\":\"https:\\\/\\\/www.elle.be\\\/fr\\\/296808-marion-cotillard-est-le-nouveau-visage-de-chanel-n5.html#article\",\"isPartOf\":{\"@id\":\"https:\\\/\\\/www.elle.be\\\/fr\\\/296808-marion-cotillard-est-le-nouveau-visage-de-chanel-n5.html\"},\"author\":{\"name\":\"Marie Gu\u00e9rin\",\"@id\":\"https:\\\/\\\/www.elle.be\\\/fr\\\/#\\\/schema\\\/person\\\/aa4e257722b2e3dd300f8fbdb031db01\"},\"headline\":\"Marion Cotillard est le nouveau visage de Chanel N\u00b05\",\"datePublished\":\"2020-02-18T12:53:50+00:00\",\"mainEntityOfPage\":{\"@id\":\"https:\\\/\\\/www.elle.be\\\/fr\\\/296808-marion-cotillard-est-le-nouveau-visage-de-chanel-n5.html\"},\"wordCount\":310,\"commentCount\":0,\"publisher\":{\"@id\":\"https:\\\/\\\/www.elle.be\\\/fr\\\/#organization\"},\"image\":{\"@id\":\"https:\\\/\\\/www.elle.be\\\/fr\\\/296808-marion-cotillard-est-le-nouveau-visage-de-chanel-n5.html#primaryimage\"},\"thumbnailUrl\":\"https:\\\/\\\/www.elle.be\\\/fr\\\/wp-content\\\/uploads\\\/2020\\\/02\\\/marion-cotillard_chanel.jpg\",\"articleSection\":[\"Beaut\u00e9\",\"Parfums\"],\"inLanguage\":\"fr-FR\",\"potentialAction\":[{\"@type\":\"CommentAction\",\"name\":\"Comment\",\"target\":[\"https:\\\/\\\/www.elle.be\\\/fr\\\/296808-marion-cotillard-est-le-nouveau-visage-de-chanel-n5.html#respond\"]}]},{\"@type\":\"WebPage\",\"@id\":\"https:\\\/\\\/www.elle.be\\\/fr\\\/296808-marion-cotillard-est-le-nouveau-visage-de-chanel-n5.html\",\"url\":\"https:\\\/\\\/www.elle.be\\\/fr\\\/296808-marion-cotillard-est-le-nouveau-visage-de-chanel-n5.html\",\"name\":\"Marion Cotillard est le nouveau visage de Chanel N\u00b05 - ELLE.be\",\"isPartOf\":{\"@id\":\"https:\\\/\\\/www.elle.be\\\/fr\\\/#website\"},\"primaryImageOfPage\":{\"@id\":\"https:\\\/\\\/www.elle.be\\\/fr\\\/296808-marion-cotillard-est-le-nouveau-visage-de-chanel-n5.html#primaryimage\"},\"image\":{\"@id\":\"https:\\\/\\\/www.elle.be\\\/fr\\\/296808-marion-cotillard-est-le-nouveau-visage-de-chanel-n5.html#primaryimage\"},\"thumbnailUrl\":\"https:\\\/\\\/www.elle.be\\\/fr\\\/wp-content\\\/uploads\\\/2020\\\/02\\\/marion-cotillard_chanel.jpg\",\"datePublished\":\"2020-02-18T12:53:50+00:00\",\"description\":\"Difficile de mieux incarner le chic fran\u00e7ais ! L'actrice oscaris\u00e9e, Marion Cotillard est d\u00e9sormais le nouveau visage du mythique parfum Chanel N\u00b05, un\",\"breadcrumb\":{\"@id\":\"https:\\\/\\\/www.elle.be\\\/fr\\\/296808-marion-cotillard-est-le-nouveau-visage-de-chanel-n5.html#breadcrumb\"},\"inLanguage\":\"fr-FR\",\"potentialAction\":[{\"@type\":\"ReadAction\",\"target\":[\"https:\\\/\\\/www.elle.be\\\/fr\\\/296808-marion-cotillard-est-le-nouveau-visage-de-chanel-n5.html\"]}]},{\"@type\":\"ImageObject\",\"inLanguage\":\"fr-FR\",\"@id\":\"https:\\\/\\\/www.elle.be\\\/fr\\\/296808-marion-cotillard-est-le-nouveau-visage-de-chanel-n5.html#primaryimage\",\"url\":\"https:\\\/\\\/www.elle.be\\\/fr\\\/wp-content\\\/uploads\\\/2020\\\/02\\\/marion-cotillard_chanel.jpg\",\"contentUrl\":\"https:\\\/\\\/www.elle.be\\\/fr\\\/wp-content\\\/uploads\\\/2020\\\/02\\\/marion-cotillard_chanel.jpg\",\"width\":1200,\"height\":628,\"caption\":\"Marion Cotillard, \u00e9g\u00e9rie de Chanel N\u00b05\"},{\"@type\":\"BreadcrumbList\",\"@id\":\"https:\\\/\\\/www.elle.be\\\/fr\\\/296808-marion-cotillard-est-le-nouveau-visage-de-chanel-n5.html#breadcrumb\",\"itemListElement\":[{\"@type\":\"ListItem\",\"position\":1,\"name\":\"FR\",\"item\":\"https:\\\/\\\/www.elle.be\\\/fr\"},{\"@type\":\"ListItem\",\"position\":2,\"name\":\"Beaut\u00e9\",\"item\":\"https:\\\/\\\/www.elle.be\\\/fr\\\/beaute\"},{\"@type\":\"ListItem\",\"position\":3,\"name\":\"Parfums\",\"item\":\"https:\\\/\\\/www.elle.be\\\/fr\\\/beaute\\\/parfums\"},{\"@type\":\"ListItem\",\"position\":4,\"name\":\"Marion Cotillard est le nouveau visage de Chanel N\u00b05\"}]},{\"@type\":\"WebSite\",\"@id\":\"https:\\\/\\\/www.elle.be\\\/fr\\\/#website\",\"url\":\"https:\\\/\\\/www.elle.be\\\/fr\\\/\",\"name\":\"ELLE.be\",\"description\":\"Toutes les infos mode, beaut\u00e9 et lifestyle les plus pointues ainsi qu&#039;un contenu 100% belge d\u00e9clin\u00e9 \u00e0 360\u00b0sur le site ELLE.be, nos r\u00e9seaux sociaux et notre cha\u00eene Youtube.\",\"publisher\":{\"@id\":\"https:\\\/\\\/www.elle.be\\\/fr\\\/#organization\"},\"potentialAction\":[{\"@type\":\"SearchAction\",\"target\":{\"@type\":\"EntryPoint\",\"urlTemplate\":\"https:\\\/\\\/www.elle.be\\\/fr\\\/?s={search_term_string}\"},\"query-input\":{\"@type\":\"PropertyValueSpecification\",\"valueRequired\":true,\"valueName\":\"search_term_string\"}}],\"inLanguage\":\"fr-FR\"},{\"@type\":\"Organization\",\"@id\":\"https:\\\/\\\/www.elle.be\\\/fr\\\/#organization\",\"name\":\"ELLE Belgique\",\"url\":\"https:\\\/\\\/www.elle.be\\\/fr\\\/\",\"logo\":{\"@type\":\"ImageObject\",\"inLanguage\":\"fr-FR\",\"@id\":\"https:\\\/\\\/www.elle.be\\\/fr\\\/#\\\/schema\\\/logo\\\/image\\\/\",\"url\":\"https:\\\/\\\/www.elle.be\\\/fr\\\/wp-content\\\/uploads\\\/2017\\\/03\\\/elle-icon-200px.jpeg\",\"contentUrl\":\"https:\\\/\\\/www.elle.be\\\/fr\\\/wp-content\\\/uploads\\\/2017\\\/03\\\/elle-icon-200px.jpeg\",\"width\":200,\"height\":200,\"caption\":\"ELLE Belgique\"},\"image\":{\"@id\":\"https:\\\/\\\/www.elle.be\\\/fr\\\/#\\\/schema\\\/logo\\\/image\\\/\"},\"sameAs\":[\"https:\\\/\\\/www.facebook.com\\\/ELLEbelgium\\\/\",\"https:\\\/\\\/x.com\\\/ELLEBelgique\",\"http:\\\/\\\/instagram.com\\\/ellebelgique\\\/\",\"https:\\\/\\\/www.pinterest.com\\\/ellebelgique\\\/\",\"https:\\\/\\\/www.youtube.com\\\/user\\\/ELLEbelgique1\"]},{\"@type\":\"Person\",\"@id\":\"https:\\\/\\\/www.elle.be\\\/fr\\\/#\\\/schema\\\/person\\\/aa4e257722b2e3dd300f8fbdb031db01\",\"name\":\"Marie Gu\u00e9rin\",\"image\":{\"@type\":\"ImageObject\",\"inLanguage\":\"fr-FR\",\"@id\":\"https:\\\/\\\/www.elle.be\\\/fr\\\/wp-content\\\/uploads\\\/2017\\\/03\\\/IMG_4442-96x96.jpg\",\"url\":\"https:\\\/\\\/www.elle.be\\\/fr\\\/wp-content\\\/uploads\\\/2017\\\/03\\\/IMG_4442-96x96.jpg\",\"contentUrl\":\"https:\\\/\\\/www.elle.be\\\/fr\\\/wp-content\\\/uploads\\\/2017\\\/03\\\/IMG_4442-96x96.jpg\",\"caption\":\"Marie Gu\u00e9rin\"},\"description\":\"Obs\u00e9d\u00e9e par les stilettos et tout ce qui facilite la marche \u00e0 pied, cette journaliste sportive (ou pas) sillonne pour vous le monde entier (et la Belgique le reste du temps) \u00e0 la recherche de l'actu mode, beaut\u00e9, lifestyle et de ses meilleurs bons plans.\",\"sameAs\":[\"https:\\\/\\\/www.facebook.com\\\/Marie-Gurin-1721050434849149\\\/\",\"https:\\\/\\\/www.instagram.com\\\/marie_elle_be\\\/\",\"https:\\\/\\\/x.com\\\/marie_elle_be\"],\"url\":\"https:\\\/\\\/www.elle.be\\\/fr\\\/author\\\/marie\"}]}<\/script>\n<!-- \/ Yoast SEO plugin. -->","yoast_head_json":{"title":"Marion Cotillard est le nouveau visage de Chanel N\u00b05 - ELLE.be","description":"Difficile de mieux incarner le chic fran\u00e7ais ! L'actrice oscaris\u00e9e, Marion Cotillard est d\u00e9sormais le nouveau visage du mythique parfum Chanel N\u00b05, un","robots":{"index":"index","follow":"follow","max-snippet":"max-snippet:-1","max-image-preview":"max-image-preview:large","max-video-preview":"max-video-preview:-1"},"canonical":"https:\/\/www.elle.be\/fr\/296808-marion-cotillard-est-le-nouveau-visage-de-chanel-n5.html","og_locale":"fr_FR","og_type":"article","og_title":"Marion Cotillard est le nouveau visage de Chanel N\u00b05 - ELLE.be","og_description":"Difficile de mieux incarner le chic fran\u00e7ais ! L'actrice oscaris\u00e9e, Marion Cotillard est d\u00e9sormais le nouveau visage du mythique parfum Chanel N\u00b05, un","og_url":"https:\/\/www.elle.be\/fr\/296808-marion-cotillard-est-le-nouveau-visage-de-chanel-n5.html","og_site_name":"ELLE.be","article_publisher":"https:\/\/www.facebook.com\/ELLEbelgium\/","article_author":"https:\/\/www.facebook.com\/Marie-Gurin-1721050434849149\/","article_published_time":"2020-02-18T12:53:50+00:00","og_image":[{"width":1200,"height":628,"url":"https:\/\/www.elle.be\/fr\/wp-content\/uploads\/2020\/02\/marion-cotillard_chanel.jpg","type":"image\/jpeg"}],"author":"Marie Gu\u00e9rin","twitter_card":"summary_large_image","twitter_creator":"@marie_elle_be","twitter_site":"@ELLEBelgique","twitter_misc":{"\u00c9crit par":"Marie Gu\u00e9rin","Dur\u00e9e de lecture estim\u00e9e":"2 minutes"},"schema":{"@context":"https:\/\/schema.org","@graph":[{"@type":"NewsArticle","@id":"https:\/\/www.elle.be\/fr\/296808-marion-cotillard-est-le-nouveau-visage-de-chanel-n5.html#article","isPartOf":{"@id":"https:\/\/www.elle.be\/fr\/296808-marion-cotillard-est-le-nouveau-visage-de-chanel-n5.html"},"author":{"name":"Marie Gu\u00e9rin","@id":"https:\/\/www.elle.be\/fr\/#\/schema\/person\/aa4e257722b2e3dd300f8fbdb031db01"},"headline":"Marion Cotillard est le nouveau visage de Chanel N\u00b05","datePublished":"2020-02-18T12:53:50+00:00","mainEntityOfPage":{"@id":"https:\/\/www.elle.be\/fr\/296808-marion-cotillard-est-le-nouveau-visage-de-chanel-n5.html"},"wordCount":310,"commentCount":0,"publisher":{"@id":"https:\/\/www.elle.be\/fr\/#organization"},"image":{"@id":"https:\/\/www.elle.be\/fr\/296808-marion-cotillard-est-le-nouveau-visage-de-chanel-n5.html#primaryimage"},"thumbnailUrl":"https:\/\/www.elle.be\/fr\/wp-content\/uploads\/2020\/02\/marion-cotillard_chanel.jpg","articleSection":["Beaut\u00e9","Parfums"],"inLanguage":"fr-FR","potentialAction":[{"@type":"CommentAction","name":"Comment","target":["https:\/\/www.elle.be\/fr\/296808-marion-cotillard-est-le-nouveau-visage-de-chanel-n5.html#respond"]}]},{"@type":"WebPage","@id":"https:\/\/www.elle.be\/fr\/296808-marion-cotillard-est-le-nouveau-visage-de-chanel-n5.html","url":"https:\/\/www.elle.be\/fr\/296808-marion-cotillard-est-le-nouveau-visage-de-chanel-n5.html","name":"Marion Cotillard est le nouveau visage de Chanel N\u00b05 - ELLE.be","isPartOf":{"@id":"https:\/\/www.elle.be\/fr\/#website"},"primaryImageOfPage":{"@id":"https:\/\/www.elle.be\/fr\/296808-marion-cotillard-est-le-nouveau-visage-de-chanel-n5.html#primaryimage"},"image":{"@id":"https:\/\/www.elle.be\/fr\/296808-marion-cotillard-est-le-nouveau-visage-de-chanel-n5.html#primaryimage"},"thumbnailUrl":"https:\/\/www.elle.be\/fr\/wp-content\/uploads\/2020\/02\/marion-cotillard_chanel.jpg","datePublished":"2020-02-18T12:53:50+00:00","description":"Difficile de mieux incarner le chic fran\u00e7ais ! L'actrice oscaris\u00e9e, Marion Cotillard est d\u00e9sormais le nouveau visage du mythique parfum Chanel N\u00b05, un","breadcrumb":{"@id":"https:\/\/www.elle.be\/fr\/296808-marion-cotillard-est-le-nouveau-visage-de-chanel-n5.html#breadcrumb"},"inLanguage":"fr-FR","potentialAction":[{"@type":"ReadAction","target":["https:\/\/www.elle.be\/fr\/296808-marion-cotillard-est-le-nouveau-visage-de-chanel-n5.html"]}]},{"@type":"ImageObject","inLanguage":"fr-FR","@id":"https:\/\/www.elle.be\/fr\/296808-marion-cotillard-est-le-nouveau-visage-de-chanel-n5.html#primaryimage","url":"https:\/\/www.elle.be\/fr\/wp-content\/uploads\/2020\/02\/marion-cotillard_chanel.jpg","contentUrl":"https:\/\/www.elle.be\/fr\/wp-content\/uploads\/2020\/02\/marion-cotillard_chanel.jpg","width":1200,"height":628,"caption":"Marion Cotillard, \u00e9g\u00e9rie de Chanel N\u00b05"},{"@type":"BreadcrumbList","@id":"https:\/\/www.elle.be\/fr\/296808-marion-cotillard-est-le-nouveau-visage-de-chanel-n5.html#breadcrumb","itemListElement":[{"@type":"ListItem","position":1,"name":"FR","item":"https:\/\/www.elle.be\/fr"},{"@type":"ListItem","position":2,"name":"Beaut\u00e9","item":"https:\/\/www.elle.be\/fr\/beaute"},{"@type":"ListItem","position":3,"name":"Parfums","item":"https:\/\/www.elle.be\/fr\/beaute\/parfums"},{"@type":"ListItem","position":4,"name":"Marion Cotillard est le nouveau visage de Chanel N\u00b05"}]},{"@type":"WebSite","@id":"https:\/\/www.elle.be\/fr\/#website","url":"https:\/\/www.elle.be\/fr\/","name":"ELLE.be","description":"Toutes les infos mode, beaut\u00e9 et lifestyle les plus pointues ainsi qu&#039;un contenu 100% belge d\u00e9clin\u00e9 \u00e0 360\u00b0sur le site ELLE.be, nos r\u00e9seaux sociaux et notre cha\u00eene Youtube.","publisher":{"@id":"https:\/\/www.elle.be\/fr\/#organization"},"potentialAction":[{"@type":"SearchAction","target":{"@type":"EntryPoint","urlTemplate":"https:\/\/www.elle.be\/fr\/?s={search_term_string}"},"query-input":{"@type":"PropertyValueSpecification","valueRequired":true,"valueName":"search_term_string"}}],"inLanguage":"fr-FR"},{"@type":"Organization","@id":"https:\/\/www.elle.be\/fr\/#organization","name":"ELLE Belgique","url":"https:\/\/www.elle.be\/fr\/","logo":{"@type":"ImageObject","inLanguage":"fr-FR","@id":"https:\/\/www.elle.be\/fr\/#\/schema\/logo\/image\/","url":"https:\/\/www.elle.be\/fr\/wp-content\/uploads\/2017\/03\/elle-icon-200px.jpeg","contentUrl":"https:\/\/www.elle.be\/fr\/wp-content\/uploads\/2017\/03\/elle-icon-200px.jpeg","width":200,"height":200,"caption":"ELLE Belgique"},"image":{"@id":"https:\/\/www.elle.be\/fr\/#\/schema\/logo\/image\/"},"sameAs":["https:\/\/www.facebook.com\/ELLEbelgium\/","https:\/\/x.com\/ELLEBelgique","http:\/\/instagram.com\/ellebelgique\/","https:\/\/www.pinterest.com\/ellebelgique\/","https:\/\/www.youtube.com\/user\/ELLEbelgique1"]},{"@type":"Person","@id":"https:\/\/www.elle.be\/fr\/#\/schema\/person\/aa4e257722b2e3dd300f8fbdb031db01","name":"Marie Gu\u00e9rin","image":{"@type":"ImageObject","inLanguage":"fr-FR","@id":"https:\/\/www.elle.be\/fr\/wp-content\/uploads\/2017\/03\/IMG_4442-96x96.jpg","url":"https:\/\/www.elle.be\/fr\/wp-content\/uploads\/2017\/03\/IMG_4442-96x96.jpg","contentUrl":"https:\/\/www.elle.be\/fr\/wp-content\/uploads\/2017\/03\/IMG_4442-96x96.jpg","caption":"Marie Gu\u00e9rin"},"description":"Obs\u00e9d\u00e9e par les stilettos et tout ce qui facilite la marche \u00e0 pied, cette journaliste sportive (ou pas) sillonne pour vous le monde entier (et la Belgique le reste du temps) \u00e0 la recherche de l'actu mode, beaut\u00e9, lifestyle et de ses meilleurs bons plans.","sameAs":["https:\/\/www.facebook.com\/Marie-Gurin-1721050434849149\/","https:\/\/www.instagram.com\/marie_elle_be\/","https:\/\/x.com\/marie_elle_be"],"url":"https:\/\/www.elle.be\/fr\/author\/marie"}]}},"_links":{"self":[{"href":"https:\/\/www.elle.be\/fr\/wp-json\/wp\/v2\/posts\/296808","targetHints":{"allow":["GET"]}}],"collection":[{"href":"https:\/\/www.elle.be\/fr\/wp-json\/wp\/v2\/posts"}],"about":[{"href":"https:\/\/www.elle.be\/fr\/wp-json\/wp\/v2\/types\/post"}],"author":[{"embeddable":true,"href":"https:\/\/www.elle.be\/fr\/wp-json\/wp\/v2\/users\/3"}],"replies":[{"embeddable":true,"href":"https:\/\/www.elle.be\/fr\/wp-json\/wp\/v2\/comments?post=296808"}],"version-history":[{"count":1,"href":"https:\/\/www.elle.be\/fr\/wp-json\/wp\/v2\/posts\/296808\/revisions"}],"predecessor-version":[{"id":296855,"href":"https:\/\/www.elle.be\/fr\/wp-json\/wp\/v2\/posts\/296808\/revisions\/296855"}],"wp:featuredmedia":[{"embeddable":true,"href":"https:\/\/www.elle.be\/fr\/wp-json\/wp\/v2\/media\/296850"}],"wp:attachment":[{"href":"https:\/\/www.elle.be\/fr\/wp-json\/wp\/v2\/media?parent=296808"}],"wp:term":[{"taxonomy":"category","embeddable":true,"href":"https:\/\/www.elle.be\/fr\/wp-json\/wp\/v2\/categories?post=296808"},{"taxonomy":"post_tag","embeddable":true,"href":"https:\/\/www.elle.be\/fr\/wp-json\/wp\/v2\/tags?post=296808"}],"curies":[{"name":"wp","href":"https:\/\/api.w.org\/{rel}","templated":true}]}}