{"id":296089,"date":"2020-02-12T11:00:04","date_gmt":"2020-02-12T10:00:04","guid":{"rendered":"https:\/\/www.elle.be\/fr\/?p=296089"},"modified":"2020-02-12T10:52:36","modified_gmt":"2020-02-12T09:52:36","slug":"quand-les-femmes-qui-reclament-leur-titre-sont-immodestes","status":"publish","type":"post","link":"https:\/\/www.elle.be\/fr\/296089-quand-les-femmes-qui-reclament-leur-titre-sont-immodestes.html","title":{"rendered":"Quand les femmes qui r\u00e9clament leur titre sont &#8220;immodestes&#8221;"},"content":{"rendered":"","protected":false},"excerpt":{"rendered":"Simples \u00e9pouses pour le Larousse et \u00ab immodestes \u00bb pour la toile, les femmes qui font valoir leurs comp\u00e9tences et un titre ne sont pas toujours bien vues par leurs pairs.","protected":false},"author":95,"featured_media":296092,"comment_status":"open","ping_status":"closed","sticky":false,"template":"","format":"standard","meta":{"_acf_changed":false,"footnotes":""},"categories":[1186,2220],"tags":[403],"class_list":["post-296089","post","type-post","status-publish","format-standard","has-post-thumbnail","hentry","category-actu","category-societe","tag-feminisme"],"acf":[],"image_verticale":"296091","_yoast_wpseo_title":null,"_yoast_wpseo_metadesc":"Les femmes qui font valoir leur titre ne sont pas toujours bien vues par leurs pairs. Un syndrome suffisamment courant pour \u00eatre devenu un hashtag tendance.","_yoast_wpseo_focuskw_text_input":null,"_yoast_wpseo_opengraph-title":null,"yoast_head":"<!-- This site is optimized with the Yoast SEO plugin v27.4 - https:\/\/yoast.com\/product\/yoast-seo-wordpress\/ -->\n<title>Quand les femmes qui r\u00e9clament leur titre sont &quot;immodestes&quot; - ELLE.be<\/title>\n<meta name=\"description\" content=\"Les femmes qui font valoir leur titre ne sont pas toujours bien vues par leurs pairs. Un syndrome suffisamment courant pour \u00eatre devenu un hashtag tendance.\" \/>\n<meta name=\"robots\" content=\"index, follow, max-snippet:-1, max-image-preview:large, max-video-preview:-1\" \/>\n<link rel=\"canonical\" href=\"https:\/\/www.elle.be\/fr\/296089-quand-les-femmes-qui-reclament-leur-titre-sont-immodestes.html\" \/>\n<meta property=\"og:locale\" content=\"fr_FR\" \/>\n<meta property=\"og:type\" content=\"article\" \/>\n<meta property=\"og:title\" content=\"Quand les femmes qui r\u00e9clament leur titre sont &quot;immodestes&quot; - ELLE.be\" \/>\n<meta property=\"og:description\" content=\"Les femmes qui font valoir leur titre ne sont pas toujours bien vues par leurs pairs. Un syndrome suffisamment courant pour \u00eatre devenu un hashtag tendance.\" \/>\n<meta property=\"og:url\" content=\"https:\/\/www.elle.be\/fr\/296089-quand-les-femmes-qui-reclament-leur-titre-sont-immodestes.html\" \/>\n<meta property=\"og:site_name\" content=\"ELLE.be\" \/>\n<meta property=\"article:publisher\" content=\"https:\/\/www.facebook.com\/ELLEbelgium\/\" \/>\n<meta property=\"article:published_time\" content=\"2020-02-12T10:00:04+00:00\" \/>\n<meta property=\"og:image\" content=\"https:\/\/www.elle.be\/fr\/wp-content\/uploads\/2020\/02\/titre.jpg\" \/>\n\t<meta property=\"og:image:width\" content=\"1200\" \/>\n\t<meta property=\"og:image:height\" content=\"628\" \/>\n\t<meta property=\"og:image:type\" content=\"image\/jpeg\" \/>\n<meta name=\"author\" content=\"Elisabeth Debourse\" \/>\n<meta name=\"twitter:card\" content=\"summary_large_image\" \/>\n<meta name=\"twitter:creator\" content=\"@ELLEBelgique\" \/>\n<meta name=\"twitter:site\" content=\"@ELLEBelgique\" \/>\n<meta name=\"twitter:label1\" content=\"\u00c9crit par\" \/>\n\t<meta name=\"twitter:data1\" content=\"Elisabeth Debourse\" \/>\n\t<meta name=\"twitter:label2\" content=\"Dur\u00e9e de lecture estim\u00e9e\" \/>\n\t<meta name=\"twitter:data2\" content=\"3 minutes\" \/>\n<script type=\"application\/ld+json\" class=\"yoast-schema-graph\">{\"@context\":\"https:\\\/\\\/schema.org\",\"@graph\":[{\"@type\":\"NewsArticle\",\"@id\":\"https:\\\/\\\/www.elle.be\\\/fr\\\/296089-quand-les-femmes-qui-reclament-leur-titre-sont-immodestes.html#article\",\"isPartOf\":{\"@id\":\"https:\\\/\\\/www.elle.be\\\/fr\\\/296089-quand-les-femmes-qui-reclament-leur-titre-sont-immodestes.html\"},\"author\":{\"name\":\"Elisabeth Debourse\",\"@id\":\"https:\\\/\\\/www.elle.be\\\/fr\\\/#\\\/schema\\\/person\\\/a0cf6ae0919c710c8733bc6335819c47\"},\"headline\":\"Quand les femmes qui r\u00e9clament leur titre sont &#8220;immodestes&#8221;\",\"datePublished\":\"2020-02-12T10:00:04+00:00\",\"mainEntityOfPage\":{\"@id\":\"https:\\\/\\\/www.elle.be\\\/fr\\\/296089-quand-les-femmes-qui-reclament-leur-titre-sont-immodestes.html\"},\"wordCount\":663,\"commentCount\":0,\"publisher\":{\"@id\":\"https:\\\/\\\/www.elle.be\\\/fr\\\/#organization\"},\"image\":{\"@id\":\"https:\\\/\\\/www.elle.be\\\/fr\\\/296089-quand-les-femmes-qui-reclament-leur-titre-sont-immodestes.html#primaryimage\"},\"thumbnailUrl\":\"https:\\\/\\\/www.elle.be\\\/fr\\\/wp-content\\\/uploads\\\/2020\\\/02\\\/titre.jpg\",\"keywords\":[\"f\u00e9minisme\"],\"articleSection\":[\"Actu\",\"Soci\u00e9t\u00e9\"],\"inLanguage\":\"fr-FR\",\"potentialAction\":[{\"@type\":\"CommentAction\",\"name\":\"Comment\",\"target\":[\"https:\\\/\\\/www.elle.be\\\/fr\\\/296089-quand-les-femmes-qui-reclament-leur-titre-sont-immodestes.html#respond\"]}]},{\"@type\":\"WebPage\",\"@id\":\"https:\\\/\\\/www.elle.be\\\/fr\\\/296089-quand-les-femmes-qui-reclament-leur-titre-sont-immodestes.html\",\"url\":\"https:\\\/\\\/www.elle.be\\\/fr\\\/296089-quand-les-femmes-qui-reclament-leur-titre-sont-immodestes.html\",\"name\":\"Quand les femmes qui r\u00e9clament leur titre sont \\\"immodestes\\\" - ELLE.be\",\"isPartOf\":{\"@id\":\"https:\\\/\\\/www.elle.be\\\/fr\\\/#website\"},\"primaryImageOfPage\":{\"@id\":\"https:\\\/\\\/www.elle.be\\\/fr\\\/296089-quand-les-femmes-qui-reclament-leur-titre-sont-immodestes.html#primaryimage\"},\"image\":{\"@id\":\"https:\\\/\\\/www.elle.be\\\/fr\\\/296089-quand-les-femmes-qui-reclament-leur-titre-sont-immodestes.html#primaryimage\"},\"thumbnailUrl\":\"https:\\\/\\\/www.elle.be\\\/fr\\\/wp-content\\\/uploads\\\/2020\\\/02\\\/titre.jpg\",\"datePublished\":\"2020-02-12T10:00:04+00:00\",\"description\":\"Les femmes qui font valoir leur titre ne sont pas toujours bien vues par leurs pairs. Un syndrome suffisamment courant pour \u00eatre devenu un hashtag tendance.\",\"breadcrumb\":{\"@id\":\"https:\\\/\\\/www.elle.be\\\/fr\\\/296089-quand-les-femmes-qui-reclament-leur-titre-sont-immodestes.html#breadcrumb\"},\"inLanguage\":\"fr-FR\",\"potentialAction\":[{\"@type\":\"ReadAction\",\"target\":[\"https:\\\/\\\/www.elle.be\\\/fr\\\/296089-quand-les-femmes-qui-reclament-leur-titre-sont-immodestes.html\"]}]},{\"@type\":\"ImageObject\",\"inLanguage\":\"fr-FR\",\"@id\":\"https:\\\/\\\/www.elle.be\\\/fr\\\/296089-quand-les-femmes-qui-reclament-leur-titre-sont-immodestes.html#primaryimage\",\"url\":\"https:\\\/\\\/www.elle.be\\\/fr\\\/wp-content\\\/uploads\\\/2020\\\/02\\\/titre.jpg\",\"contentUrl\":\"https:\\\/\\\/www.elle.be\\\/fr\\\/wp-content\\\/uploads\\\/2020\\\/02\\\/titre.jpg\",\"width\":1200,\"height\":628,\"caption\":\"Photo de Honey Yanibel Minaya Cruz via Unsplash\"},{\"@type\":\"BreadcrumbList\",\"@id\":\"https:\\\/\\\/www.elle.be\\\/fr\\\/296089-quand-les-femmes-qui-reclament-leur-titre-sont-immodestes.html#breadcrumb\",\"itemListElement\":[{\"@type\":\"ListItem\",\"position\":1,\"name\":\"FR\",\"item\":\"https:\\\/\\\/www.elle.be\\\/fr\"},{\"@type\":\"ListItem\",\"position\":2,\"name\":\"Actu\",\"item\":\"https:\\\/\\\/www.elle.be\\\/fr\\\/actu\"},{\"@type\":\"ListItem\",\"position\":3,\"name\":\"Quand les femmes qui r\u00e9clament leur titre sont \u00ab\u00a0immodestes\u00a0\u00bb\"}]},{\"@type\":\"WebSite\",\"@id\":\"https:\\\/\\\/www.elle.be\\\/fr\\\/#website\",\"url\":\"https:\\\/\\\/www.elle.be\\\/fr\\\/\",\"name\":\"ELLE.be\",\"description\":\"Toutes les infos mode, beaut\u00e9 et lifestyle les plus pointues ainsi qu&#039;un contenu 100% belge d\u00e9clin\u00e9 \u00e0 360\u00b0sur le site ELLE.be, nos r\u00e9seaux sociaux et notre cha\u00eene Youtube.\",\"publisher\":{\"@id\":\"https:\\\/\\\/www.elle.be\\\/fr\\\/#organization\"},\"potentialAction\":[{\"@type\":\"SearchAction\",\"target\":{\"@type\":\"EntryPoint\",\"urlTemplate\":\"https:\\\/\\\/www.elle.be\\\/fr\\\/?s={search_term_string}\"},\"query-input\":{\"@type\":\"PropertyValueSpecification\",\"valueRequired\":true,\"valueName\":\"search_term_string\"}}],\"inLanguage\":\"fr-FR\"},{\"@type\":\"Organization\",\"@id\":\"https:\\\/\\\/www.elle.be\\\/fr\\\/#organization\",\"name\":\"ELLE Belgique\",\"url\":\"https:\\\/\\\/www.elle.be\\\/fr\\\/\",\"logo\":{\"@type\":\"ImageObject\",\"inLanguage\":\"fr-FR\",\"@id\":\"https:\\\/\\\/www.elle.be\\\/fr\\\/#\\\/schema\\\/logo\\\/image\\\/\",\"url\":\"https:\\\/\\\/www.elle.be\\\/fr\\\/wp-content\\\/uploads\\\/2017\\\/03\\\/elle-icon-200px.jpeg\",\"contentUrl\":\"https:\\\/\\\/www.elle.be\\\/fr\\\/wp-content\\\/uploads\\\/2017\\\/03\\\/elle-icon-200px.jpeg\",\"width\":200,\"height\":200,\"caption\":\"ELLE Belgique\"},\"image\":{\"@id\":\"https:\\\/\\\/www.elle.be\\\/fr\\\/#\\\/schema\\\/logo\\\/image\\\/\"},\"sameAs\":[\"https:\\\/\\\/www.facebook.com\\\/ELLEbelgium\\\/\",\"https:\\\/\\\/x.com\\\/ELLEBelgique\",\"http:\\\/\\\/instagram.com\\\/ellebelgique\\\/\",\"https:\\\/\\\/www.pinterest.com\\\/ellebelgique\\\/\",\"https:\\\/\\\/www.youtube.com\\\/user\\\/ELLEbelgique1\"]},{\"@type\":\"Person\",\"@id\":\"https:\\\/\\\/www.elle.be\\\/fr\\\/#\\\/schema\\\/person\\\/a0cf6ae0919c710c8733bc6335819c47\",\"name\":\"Elisabeth Debourse\",\"image\":{\"@type\":\"ImageObject\",\"inLanguage\":\"fr-FR\",\"@id\":\"https:\\\/\\\/secure.gravatar.com\\\/avatar\\\/de56eba321640feb47afb416aa80c4034855a81107da58be87378d4cbdbf016a?s=96&r=g\",\"url\":\"https:\\\/\\\/secure.gravatar.com\\\/avatar\\\/de56eba321640feb47afb416aa80c4034855a81107da58be87378d4cbdbf016a?s=96&r=g\",\"contentUrl\":\"https:\\\/\\\/secure.gravatar.com\\\/avatar\\\/de56eba321640feb47afb416aa80c4034855a81107da58be87378d4cbdbf016a?s=96&r=g\",\"caption\":\"Elisabeth Debourse\"},\"url\":\"https:\\\/\\\/www.elle.be\\\/fr\\\/author\\\/elisabethd\"}]}<\/script>\n<!-- \/ Yoast SEO plugin. -->","yoast_head_json":{"title":"Quand les femmes qui r\u00e9clament leur titre sont \"immodestes\" - ELLE.be","description":"Les femmes qui font valoir leur titre ne sont pas toujours bien vues par leurs pairs. Un syndrome suffisamment courant pour \u00eatre devenu un hashtag tendance.","robots":{"index":"index","follow":"follow","max-snippet":"max-snippet:-1","max-image-preview":"max-image-preview:large","max-video-preview":"max-video-preview:-1"},"canonical":"https:\/\/www.elle.be\/fr\/296089-quand-les-femmes-qui-reclament-leur-titre-sont-immodestes.html","og_locale":"fr_FR","og_type":"article","og_title":"Quand les femmes qui r\u00e9clament leur titre sont \"immodestes\" - ELLE.be","og_description":"Les femmes qui font valoir leur titre ne sont pas toujours bien vues par leurs pairs. Un syndrome suffisamment courant pour \u00eatre devenu un hashtag tendance.","og_url":"https:\/\/www.elle.be\/fr\/296089-quand-les-femmes-qui-reclament-leur-titre-sont-immodestes.html","og_site_name":"ELLE.be","article_publisher":"https:\/\/www.facebook.com\/ELLEbelgium\/","article_published_time":"2020-02-12T10:00:04+00:00","og_image":[{"width":1200,"height":628,"url":"https:\/\/www.elle.be\/fr\/wp-content\/uploads\/2020\/02\/titre.jpg","type":"image\/jpeg"}],"author":"Elisabeth Debourse","twitter_card":"summary_large_image","twitter_creator":"@ELLEBelgique","twitter_site":"@ELLEBelgique","twitter_misc":{"\u00c9crit par":"Elisabeth Debourse","Dur\u00e9e de lecture estim\u00e9e":"3 minutes"},"schema":{"@context":"https:\/\/schema.org","@graph":[{"@type":"NewsArticle","@id":"https:\/\/www.elle.be\/fr\/296089-quand-les-femmes-qui-reclament-leur-titre-sont-immodestes.html#article","isPartOf":{"@id":"https:\/\/www.elle.be\/fr\/296089-quand-les-femmes-qui-reclament-leur-titre-sont-immodestes.html"},"author":{"name":"Elisabeth Debourse","@id":"https:\/\/www.elle.be\/fr\/#\/schema\/person\/a0cf6ae0919c710c8733bc6335819c47"},"headline":"Quand les femmes qui r\u00e9clament leur titre sont &#8220;immodestes&#8221;","datePublished":"2020-02-12T10:00:04+00:00","mainEntityOfPage":{"@id":"https:\/\/www.elle.be\/fr\/296089-quand-les-femmes-qui-reclament-leur-titre-sont-immodestes.html"},"wordCount":663,"commentCount":0,"publisher":{"@id":"https:\/\/www.elle.be\/fr\/#organization"},"image":{"@id":"https:\/\/www.elle.be\/fr\/296089-quand-les-femmes-qui-reclament-leur-titre-sont-immodestes.html#primaryimage"},"thumbnailUrl":"https:\/\/www.elle.be\/fr\/wp-content\/uploads\/2020\/02\/titre.jpg","keywords":["f\u00e9minisme"],"articleSection":["Actu","Soci\u00e9t\u00e9"],"inLanguage":"fr-FR","potentialAction":[{"@type":"CommentAction","name":"Comment","target":["https:\/\/www.elle.be\/fr\/296089-quand-les-femmes-qui-reclament-leur-titre-sont-immodestes.html#respond"]}]},{"@type":"WebPage","@id":"https:\/\/www.elle.be\/fr\/296089-quand-les-femmes-qui-reclament-leur-titre-sont-immodestes.html","url":"https:\/\/www.elle.be\/fr\/296089-quand-les-femmes-qui-reclament-leur-titre-sont-immodestes.html","name":"Quand les femmes qui r\u00e9clament leur titre sont \"immodestes\" - ELLE.be","isPartOf":{"@id":"https:\/\/www.elle.be\/fr\/#website"},"primaryImageOfPage":{"@id":"https:\/\/www.elle.be\/fr\/296089-quand-les-femmes-qui-reclament-leur-titre-sont-immodestes.html#primaryimage"},"image":{"@id":"https:\/\/www.elle.be\/fr\/296089-quand-les-femmes-qui-reclament-leur-titre-sont-immodestes.html#primaryimage"},"thumbnailUrl":"https:\/\/www.elle.be\/fr\/wp-content\/uploads\/2020\/02\/titre.jpg","datePublished":"2020-02-12T10:00:04+00:00","description":"Les femmes qui font valoir leur titre ne sont pas toujours bien vues par leurs pairs. Un syndrome suffisamment courant pour \u00eatre devenu un hashtag tendance.","breadcrumb":{"@id":"https:\/\/www.elle.be\/fr\/296089-quand-les-femmes-qui-reclament-leur-titre-sont-immodestes.html#breadcrumb"},"inLanguage":"fr-FR","potentialAction":[{"@type":"ReadAction","target":["https:\/\/www.elle.be\/fr\/296089-quand-les-femmes-qui-reclament-leur-titre-sont-immodestes.html"]}]},{"@type":"ImageObject","inLanguage":"fr-FR","@id":"https:\/\/www.elle.be\/fr\/296089-quand-les-femmes-qui-reclament-leur-titre-sont-immodestes.html#primaryimage","url":"https:\/\/www.elle.be\/fr\/wp-content\/uploads\/2020\/02\/titre.jpg","contentUrl":"https:\/\/www.elle.be\/fr\/wp-content\/uploads\/2020\/02\/titre.jpg","width":1200,"height":628,"caption":"Photo de Honey Yanibel Minaya Cruz via Unsplash"},{"@type":"BreadcrumbList","@id":"https:\/\/www.elle.be\/fr\/296089-quand-les-femmes-qui-reclament-leur-titre-sont-immodestes.html#breadcrumb","itemListElement":[{"@type":"ListItem","position":1,"name":"FR","item":"https:\/\/www.elle.be\/fr"},{"@type":"ListItem","position":2,"name":"Actu","item":"https:\/\/www.elle.be\/fr\/actu"},{"@type":"ListItem","position":3,"name":"Quand les femmes qui r\u00e9clament leur titre sont \u00ab\u00a0immodestes\u00a0\u00bb"}]},{"@type":"WebSite","@id":"https:\/\/www.elle.be\/fr\/#website","url":"https:\/\/www.elle.be\/fr\/","name":"ELLE.be","description":"Toutes les infos mode, beaut\u00e9 et lifestyle les plus pointues ainsi qu&#039;un contenu 100% belge d\u00e9clin\u00e9 \u00e0 360\u00b0sur le site ELLE.be, nos r\u00e9seaux sociaux et notre cha\u00eene Youtube.","publisher":{"@id":"https:\/\/www.elle.be\/fr\/#organization"},"potentialAction":[{"@type":"SearchAction","target":{"@type":"EntryPoint","urlTemplate":"https:\/\/www.elle.be\/fr\/?s={search_term_string}"},"query-input":{"@type":"PropertyValueSpecification","valueRequired":true,"valueName":"search_term_string"}}],"inLanguage":"fr-FR"},{"@type":"Organization","@id":"https:\/\/www.elle.be\/fr\/#organization","name":"ELLE Belgique","url":"https:\/\/www.elle.be\/fr\/","logo":{"@type":"ImageObject","inLanguage":"fr-FR","@id":"https:\/\/www.elle.be\/fr\/#\/schema\/logo\/image\/","url":"https:\/\/www.elle.be\/fr\/wp-content\/uploads\/2017\/03\/elle-icon-200px.jpeg","contentUrl":"https:\/\/www.elle.be\/fr\/wp-content\/uploads\/2017\/03\/elle-icon-200px.jpeg","width":200,"height":200,"caption":"ELLE Belgique"},"image":{"@id":"https:\/\/www.elle.be\/fr\/#\/schema\/logo\/image\/"},"sameAs":["https:\/\/www.facebook.com\/ELLEbelgium\/","https:\/\/x.com\/ELLEBelgique","http:\/\/instagram.com\/ellebelgique\/","https:\/\/www.pinterest.com\/ellebelgique\/","https:\/\/www.youtube.com\/user\/ELLEbelgique1"]},{"@type":"Person","@id":"https:\/\/www.elle.be\/fr\/#\/schema\/person\/a0cf6ae0919c710c8733bc6335819c47","name":"Elisabeth Debourse","image":{"@type":"ImageObject","inLanguage":"fr-FR","@id":"https:\/\/secure.gravatar.com\/avatar\/de56eba321640feb47afb416aa80c4034855a81107da58be87378d4cbdbf016a?s=96&r=g","url":"https:\/\/secure.gravatar.com\/avatar\/de56eba321640feb47afb416aa80c4034855a81107da58be87378d4cbdbf016a?s=96&r=g","contentUrl":"https:\/\/secure.gravatar.com\/avatar\/de56eba321640feb47afb416aa80c4034855a81107da58be87378d4cbdbf016a?s=96&r=g","caption":"Elisabeth Debourse"},"url":"https:\/\/www.elle.be\/fr\/author\/elisabethd"}]}},"_links":{"self":[{"href":"https:\/\/www.elle.be\/fr\/wp-json\/wp\/v2\/posts\/296089","targetHints":{"allow":["GET"]}}],"collection":[{"href":"https:\/\/www.elle.be\/fr\/wp-json\/wp\/v2\/posts"}],"about":[{"href":"https:\/\/www.elle.be\/fr\/wp-json\/wp\/v2\/types\/post"}],"author":[{"embeddable":true,"href":"https:\/\/www.elle.be\/fr\/wp-json\/wp\/v2\/users\/95"}],"replies":[{"embeddable":true,"href":"https:\/\/www.elle.be\/fr\/wp-json\/wp\/v2\/comments?post=296089"}],"version-history":[{"count":3,"href":"https:\/\/www.elle.be\/fr\/wp-json\/wp\/v2\/posts\/296089\/revisions"}],"predecessor-version":[{"id":296100,"href":"https:\/\/www.elle.be\/fr\/wp-json\/wp\/v2\/posts\/296089\/revisions\/296100"}],"wp:featuredmedia":[{"embeddable":true,"href":"https:\/\/www.elle.be\/fr\/wp-json\/wp\/v2\/media\/296092"}],"wp:attachment":[{"href":"https:\/\/www.elle.be\/fr\/wp-json\/wp\/v2\/media?parent=296089"}],"wp:term":[{"taxonomy":"category","embeddable":true,"href":"https:\/\/www.elle.be\/fr\/wp-json\/wp\/v2\/categories?post=296089"},{"taxonomy":"post_tag","embeddable":true,"href":"https:\/\/www.elle.be\/fr\/wp-json\/wp\/v2\/tags?post=296089"}],"curies":[{"name":"wp","href":"https:\/\/api.w.org\/{rel}","templated":true}]}}