{"id":291481,"date":"2020-01-22T16:40:37","date_gmt":"2020-01-22T15:40:37","guid":{"rendered":"https:\/\/www.elle.be\/fr\/?p=291481"},"modified":"2020-01-28T13:59:43","modified_gmt":"2020-01-28T12:59:43","slug":"interview-les-femmes-travaillant-dans-un-secteur-stereotype-masculin","status":"publish","type":"post","link":"https:\/\/www.elle.be\/fr\/291481-interview-les-femmes-travaillant-dans-un-secteur-stereotype-masculin.html","title":{"rendered":"Interview : les femmes travaillant dans un secteur st\u00e9r\u00e9otyp\u00e9 masculin"},"content":{"rendered":"","protected":false},"excerpt":{"rendered":"Leurs objectifs : tout mettre en \u0153uvre pour que les v\u00e9hicules roulent, pour que le r\u00e9seau soit fluide, pour que les gens arrivent \u00e0 l\u2019heure\u2026 Ces femmes de la mobilit\u00e9 font bouger la ville et elles adorent leur m\u00e9tier !\u00a0\nTiffanie, agente de conduite bus\nSon background\n\u00ab J\u2019ai \u00e9t\u00e9 enseignante durant 6 ans et j&#8217;ai \u00e9galement travaill\u00e9 dans un service universitaire pour personnes atteintes de troubles du spectre autistique.","protected":false},"author":47,"featured_media":291484,"comment_status":"open","ping_status":"closed","sticky":false,"template":"","format":"standard","meta":{"_acf_changed":false,"footnotes":""},"categories":[1186,2220],"tags":[3176],"class_list":["post-291481","post","type-post","status-publish","format-standard","has-post-thumbnail","hentry","category-actu","category-societe","tag-stib"],"acf":[],"image_verticale":"291483","_yoast_wpseo_title":"Femmes travaillant dans un secteur st\u00e9r\u00e9otyp\u00e9 masculin %%sep%% %%sitename%%","_yoast_wpseo_metadesc":"\"Au d\u00e9part, j'ai postul\u00e9 en \u00e9tant extr\u00eamement motiv\u00e9e, mais avec un peu de r\u00e9serve, comme toutes femmes entrant dans un univers st\u00e9r\u00e9otyp\u00e9 masculin.\"","_yoast_wpseo_focuskw_text_input":null,"_yoast_wpseo_opengraph-title":null,"yoast_head":"<!-- This site is optimized with the Yoast SEO plugin v27.4 - https:\/\/yoast.com\/product\/yoast-seo-wordpress\/ -->\n<title>Femmes travaillant dans un secteur st\u00e9r\u00e9otyp\u00e9 masculin - ELLE.be<\/title>\n<meta name=\"description\" content=\"&quot;Au d\u00e9part, j&#039;ai postul\u00e9 en \u00e9tant extr\u00eamement motiv\u00e9e, mais avec un peu de r\u00e9serve, comme toutes femmes entrant dans un univers st\u00e9r\u00e9otyp\u00e9 masculin.&quot;\" \/>\n<meta name=\"robots\" content=\"index, follow, max-snippet:-1, max-image-preview:large, max-video-preview:-1\" \/>\n<link rel=\"canonical\" href=\"https:\/\/www.elle.be\/fr\/291481-interview-les-femmes-travaillant-dans-un-secteur-stereotype-masculin.html\" \/>\n<link rel=\"next\" href=\"https:\/\/www.elle.be\/fr\/291481-interview-les-femmes-travaillant-dans-un-secteur-stereotype-masculin.html\/2\" \/>\n<meta property=\"og:locale\" content=\"fr_FR\" \/>\n<meta property=\"og:type\" content=\"article\" \/>\n<meta property=\"og:title\" content=\"Femmes travaillant dans un secteur st\u00e9r\u00e9otyp\u00e9 masculin - ELLE.be\" \/>\n<meta property=\"og:description\" content=\"&quot;Au d\u00e9part, j&#039;ai postul\u00e9 en \u00e9tant extr\u00eamement motiv\u00e9e, mais avec un peu de r\u00e9serve, comme toutes femmes entrant dans un univers st\u00e9r\u00e9otyp\u00e9 masculin.&quot;\" \/>\n<meta property=\"og:url\" content=\"https:\/\/www.elle.be\/fr\/291481-interview-les-femmes-travaillant-dans-un-secteur-stereotype-masculin.html\" \/>\n<meta property=\"og:site_name\" content=\"ELLE.be\" \/>\n<meta property=\"article:publisher\" content=\"https:\/\/www.facebook.com\/ELLEbelgium\/\" \/>\n<meta property=\"article:published_time\" content=\"2020-01-22T15:40:37+00:00\" \/>\n<meta property=\"article:modified_time\" content=\"2020-01-28T12:59:43+00:00\" \/>\n<meta property=\"og:image\" content=\"https:\/\/www.elle.be\/fr\/wp-content\/uploads\/2019\/12\/elle_1200x628-2-1.jpg\" \/>\n\t<meta property=\"og:image:width\" content=\"1200\" \/>\n\t<meta property=\"og:image:height\" content=\"628\" \/>\n\t<meta property=\"og:image:type\" content=\"image\/jpeg\" \/>\n<meta name=\"author\" content=\"ELLE Partenaire\" \/>\n<meta name=\"twitter:card\" content=\"summary_large_image\" \/>\n<meta name=\"twitter:creator\" content=\"@ELLEBelgique\" \/>\n<meta name=\"twitter:site\" content=\"@ELLEBelgique\" \/>\n<meta name=\"twitter:label1\" content=\"\u00c9crit par\" \/>\n\t<meta name=\"twitter:data1\" content=\"ELLE Partenaire\" \/>\n\t<meta name=\"twitter:label2\" content=\"Dur\u00e9e de lecture estim\u00e9e\" \/>\n\t<meta name=\"twitter:data2\" content=\"4 minutes\" \/>\n<script type=\"application\/ld+json\" class=\"yoast-schema-graph\">{\"@context\":\"https:\\\/\\\/schema.org\",\"@graph\":[{\"@type\":\"NewsArticle\",\"@id\":\"https:\\\/\\\/www.elle.be\\\/fr\\\/291481-interview-les-femmes-travaillant-dans-un-secteur-stereotype-masculin.html#article\",\"isPartOf\":{\"@id\":\"https:\\\/\\\/www.elle.be\\\/fr\\\/291481-interview-les-femmes-travaillant-dans-un-secteur-stereotype-masculin.html\"},\"author\":{\"name\":\"ELLE Partenaire\",\"@id\":\"https:\\\/\\\/www.elle.be\\\/fr\\\/#\\\/schema\\\/person\\\/2c7693f13ee3d4992850ec2ff033c586\"},\"headline\":\"Interview : les femmes travaillant dans un secteur st\u00e9r\u00e9otyp\u00e9 masculin\",\"datePublished\":\"2020-01-22T15:40:37+00:00\",\"dateModified\":\"2020-01-28T12:59:43+00:00\",\"mainEntityOfPage\":{\"@id\":\"https:\\\/\\\/www.elle.be\\\/fr\\\/291481-interview-les-femmes-travaillant-dans-un-secteur-stereotype-masculin.html\"},\"wordCount\":896,\"commentCount\":0,\"publisher\":{\"@id\":\"https:\\\/\\\/www.elle.be\\\/fr\\\/#organization\"},\"image\":{\"@id\":\"https:\\\/\\\/www.elle.be\\\/fr\\\/291481-interview-les-femmes-travaillant-dans-un-secteur-stereotype-masculin.html#primaryimage\"},\"thumbnailUrl\":\"https:\\\/\\\/www.elle.be\\\/fr\\\/wp-content\\\/uploads\\\/2019\\\/12\\\/elle_1200x628-2-1.jpg\",\"keywords\":[\"STIB\"],\"articleSection\":[\"Actu\",\"Soci\u00e9t\u00e9\"],\"inLanguage\":\"fr-FR\",\"potentialAction\":[{\"@type\":\"CommentAction\",\"name\":\"Comment\",\"target\":[\"https:\\\/\\\/www.elle.be\\\/fr\\\/291481-interview-les-femmes-travaillant-dans-un-secteur-stereotype-masculin.html#respond\"]}]},{\"@type\":\"WebPage\",\"@id\":\"https:\\\/\\\/www.elle.be\\\/fr\\\/291481-interview-les-femmes-travaillant-dans-un-secteur-stereotype-masculin.html\",\"url\":\"https:\\\/\\\/www.elle.be\\\/fr\\\/291481-interview-les-femmes-travaillant-dans-un-secteur-stereotype-masculin.html\",\"name\":\"Femmes travaillant dans un secteur st\u00e9r\u00e9otyp\u00e9 masculin - ELLE.be\",\"isPartOf\":{\"@id\":\"https:\\\/\\\/www.elle.be\\\/fr\\\/#website\"},\"primaryImageOfPage\":{\"@id\":\"https:\\\/\\\/www.elle.be\\\/fr\\\/291481-interview-les-femmes-travaillant-dans-un-secteur-stereotype-masculin.html#primaryimage\"},\"image\":{\"@id\":\"https:\\\/\\\/www.elle.be\\\/fr\\\/291481-interview-les-femmes-travaillant-dans-un-secteur-stereotype-masculin.html#primaryimage\"},\"thumbnailUrl\":\"https:\\\/\\\/www.elle.be\\\/fr\\\/wp-content\\\/uploads\\\/2019\\\/12\\\/elle_1200x628-2-1.jpg\",\"datePublished\":\"2020-01-22T15:40:37+00:00\",\"dateModified\":\"2020-01-28T12:59:43+00:00\",\"description\":\"\\\"Au d\u00e9part, j'ai postul\u00e9 en \u00e9tant extr\u00eamement motiv\u00e9e, mais avec un peu de r\u00e9serve, comme toutes femmes entrant dans un univers st\u00e9r\u00e9otyp\u00e9 masculin.\\\"\",\"breadcrumb\":{\"@id\":\"https:\\\/\\\/www.elle.be\\\/fr\\\/291481-interview-les-femmes-travaillant-dans-un-secteur-stereotype-masculin.html#breadcrumb\"},\"inLanguage\":\"fr-FR\",\"potentialAction\":[{\"@type\":\"ReadAction\",\"target\":[\"https:\\\/\\\/www.elle.be\\\/fr\\\/291481-interview-les-femmes-travaillant-dans-un-secteur-stereotype-masculin.html\"]}]},{\"@type\":\"ImageObject\",\"inLanguage\":\"fr-FR\",\"@id\":\"https:\\\/\\\/www.elle.be\\\/fr\\\/291481-interview-les-femmes-travaillant-dans-un-secteur-stereotype-masculin.html#primaryimage\",\"url\":\"https:\\\/\\\/www.elle.be\\\/fr\\\/wp-content\\\/uploads\\\/2019\\\/12\\\/elle_1200x628-2-1.jpg\",\"contentUrl\":\"https:\\\/\\\/www.elle.be\\\/fr\\\/wp-content\\\/uploads\\\/2019\\\/12\\\/elle_1200x628-2-1.jpg\",\"width\":1200,\"height\":628},{\"@type\":\"BreadcrumbList\",\"@id\":\"https:\\\/\\\/www.elle.be\\\/fr\\\/291481-interview-les-femmes-travaillant-dans-un-secteur-stereotype-masculin.html#breadcrumb\",\"itemListElement\":[{\"@type\":\"ListItem\",\"position\":1,\"name\":\"FR\",\"item\":\"https:\\\/\\\/www.elle.be\\\/fr\"},{\"@type\":\"ListItem\",\"position\":2,\"name\":\"Actu\"}]},{\"@type\":\"WebSite\",\"@id\":\"https:\\\/\\\/www.elle.be\\\/fr\\\/#website\",\"url\":\"https:\\\/\\\/www.elle.be\\\/fr\\\/\",\"name\":\"ELLE.be\",\"description\":\"Toutes les infos mode, beaut\u00e9 et lifestyle les plus pointues ainsi qu&#039;un contenu 100% belge d\u00e9clin\u00e9 \u00e0 360\u00b0sur le site ELLE.be, nos r\u00e9seaux sociaux et notre cha\u00eene Youtube.\",\"publisher\":{\"@id\":\"https:\\\/\\\/www.elle.be\\\/fr\\\/#organization\"},\"potentialAction\":[{\"@type\":\"SearchAction\",\"target\":{\"@type\":\"EntryPoint\",\"urlTemplate\":\"https:\\\/\\\/www.elle.be\\\/fr\\\/?s={search_term_string}\"},\"query-input\":{\"@type\":\"PropertyValueSpecification\",\"valueRequired\":true,\"valueName\":\"search_term_string\"}}],\"inLanguage\":\"fr-FR\"},{\"@type\":\"Organization\",\"@id\":\"https:\\\/\\\/www.elle.be\\\/fr\\\/#organization\",\"name\":\"ELLE Belgique\",\"url\":\"https:\\\/\\\/www.elle.be\\\/fr\\\/\",\"logo\":{\"@type\":\"ImageObject\",\"inLanguage\":\"fr-FR\",\"@id\":\"https:\\\/\\\/www.elle.be\\\/fr\\\/#\\\/schema\\\/logo\\\/image\\\/\",\"url\":\"https:\\\/\\\/www.elle.be\\\/fr\\\/wp-content\\\/uploads\\\/2017\\\/03\\\/elle-icon-200px.jpeg\",\"contentUrl\":\"https:\\\/\\\/www.elle.be\\\/fr\\\/wp-content\\\/uploads\\\/2017\\\/03\\\/elle-icon-200px.jpeg\",\"width\":200,\"height\":200,\"caption\":\"ELLE Belgique\"},\"image\":{\"@id\":\"https:\\\/\\\/www.elle.be\\\/fr\\\/#\\\/schema\\\/logo\\\/image\\\/\"},\"sameAs\":[\"https:\\\/\\\/www.facebook.com\\\/ELLEbelgium\\\/\",\"https:\\\/\\\/x.com\\\/ELLEBelgique\",\"http:\\\/\\\/instagram.com\\\/ellebelgique\\\/\",\"https:\\\/\\\/www.pinterest.com\\\/ellebelgique\\\/\",\"https:\\\/\\\/www.youtube.com\\\/user\\\/ELLEbelgique1\"]},{\"@type\":\"Person\",\"@id\":\"https:\\\/\\\/www.elle.be\\\/fr\\\/#\\\/schema\\\/person\\\/2c7693f13ee3d4992850ec2ff033c586\",\"name\":\"ELLE Partenaire\",\"image\":{\"@type\":\"ImageObject\",\"inLanguage\":\"fr-FR\",\"@id\":\"https:\\\/\\\/secure.gravatar.com\\\/avatar\\\/dddcf2d7bb88803a2e434d2b1c6a7b997b2de2334d047a137cc5e9dc165ca7e2?s=96&r=g\",\"url\":\"https:\\\/\\\/secure.gravatar.com\\\/avatar\\\/dddcf2d7bb88803a2e434d2b1c6a7b997b2de2334d047a137cc5e9dc165ca7e2?s=96&r=g\",\"contentUrl\":\"https:\\\/\\\/secure.gravatar.com\\\/avatar\\\/dddcf2d7bb88803a2e434d2b1c6a7b997b2de2334d047a137cc5e9dc165ca7e2?s=96&r=g\",\"caption\":\"ELLE Partenaire\"},\"url\":\"https:\\\/\\\/www.elle.be\\\/fr\\\/author\\\/operation-speciale\"}]}<\/script>\n<!-- \/ Yoast SEO plugin. -->","yoast_head_json":{"title":"Femmes travaillant dans un secteur st\u00e9r\u00e9otyp\u00e9 masculin - ELLE.be","description":"\"Au d\u00e9part, j'ai postul\u00e9 en \u00e9tant extr\u00eamement motiv\u00e9e, mais avec un peu de r\u00e9serve, comme toutes femmes entrant dans un univers st\u00e9r\u00e9otyp\u00e9 masculin.\"","robots":{"index":"index","follow":"follow","max-snippet":"max-snippet:-1","max-image-preview":"max-image-preview:large","max-video-preview":"max-video-preview:-1"},"canonical":"https:\/\/www.elle.be\/fr\/291481-interview-les-femmes-travaillant-dans-un-secteur-stereotype-masculin.html","next":"https:\/\/www.elle.be\/fr\/291481-interview-les-femmes-travaillant-dans-un-secteur-stereotype-masculin.html\/2","og_locale":"fr_FR","og_type":"article","og_title":"Femmes travaillant dans un secteur st\u00e9r\u00e9otyp\u00e9 masculin - ELLE.be","og_description":"\"Au d\u00e9part, j'ai postul\u00e9 en \u00e9tant extr\u00eamement motiv\u00e9e, mais avec un peu de r\u00e9serve, comme toutes femmes entrant dans un univers st\u00e9r\u00e9otyp\u00e9 masculin.\"","og_url":"https:\/\/www.elle.be\/fr\/291481-interview-les-femmes-travaillant-dans-un-secteur-stereotype-masculin.html","og_site_name":"ELLE.be","article_publisher":"https:\/\/www.facebook.com\/ELLEbelgium\/","article_published_time":"2020-01-22T15:40:37+00:00","article_modified_time":"2020-01-28T12:59:43+00:00","og_image":[{"width":1200,"height":628,"url":"https:\/\/www.elle.be\/fr\/wp-content\/uploads\/2019\/12\/elle_1200x628-2-1.jpg","type":"image\/jpeg"}],"author":"ELLE Partenaire","twitter_card":"summary_large_image","twitter_creator":"@ELLEBelgique","twitter_site":"@ELLEBelgique","twitter_misc":{"\u00c9crit par":"ELLE Partenaire","Dur\u00e9e de lecture estim\u00e9e":"4 minutes"},"schema":{"@context":"https:\/\/schema.org","@graph":[{"@type":"NewsArticle","@id":"https:\/\/www.elle.be\/fr\/291481-interview-les-femmes-travaillant-dans-un-secteur-stereotype-masculin.html#article","isPartOf":{"@id":"https:\/\/www.elle.be\/fr\/291481-interview-les-femmes-travaillant-dans-un-secteur-stereotype-masculin.html"},"author":{"name":"ELLE Partenaire","@id":"https:\/\/www.elle.be\/fr\/#\/schema\/person\/2c7693f13ee3d4992850ec2ff033c586"},"headline":"Interview : les femmes travaillant dans un secteur st\u00e9r\u00e9otyp\u00e9 masculin","datePublished":"2020-01-22T15:40:37+00:00","dateModified":"2020-01-28T12:59:43+00:00","mainEntityOfPage":{"@id":"https:\/\/www.elle.be\/fr\/291481-interview-les-femmes-travaillant-dans-un-secteur-stereotype-masculin.html"},"wordCount":896,"commentCount":0,"publisher":{"@id":"https:\/\/www.elle.be\/fr\/#organization"},"image":{"@id":"https:\/\/www.elle.be\/fr\/291481-interview-les-femmes-travaillant-dans-un-secteur-stereotype-masculin.html#primaryimage"},"thumbnailUrl":"https:\/\/www.elle.be\/fr\/wp-content\/uploads\/2019\/12\/elle_1200x628-2-1.jpg","keywords":["STIB"],"articleSection":["Actu","Soci\u00e9t\u00e9"],"inLanguage":"fr-FR","potentialAction":[{"@type":"CommentAction","name":"Comment","target":["https:\/\/www.elle.be\/fr\/291481-interview-les-femmes-travaillant-dans-un-secteur-stereotype-masculin.html#respond"]}]},{"@type":"WebPage","@id":"https:\/\/www.elle.be\/fr\/291481-interview-les-femmes-travaillant-dans-un-secteur-stereotype-masculin.html","url":"https:\/\/www.elle.be\/fr\/291481-interview-les-femmes-travaillant-dans-un-secteur-stereotype-masculin.html","name":"Femmes travaillant dans un secteur st\u00e9r\u00e9otyp\u00e9 masculin - ELLE.be","isPartOf":{"@id":"https:\/\/www.elle.be\/fr\/#website"},"primaryImageOfPage":{"@id":"https:\/\/www.elle.be\/fr\/291481-interview-les-femmes-travaillant-dans-un-secteur-stereotype-masculin.html#primaryimage"},"image":{"@id":"https:\/\/www.elle.be\/fr\/291481-interview-les-femmes-travaillant-dans-un-secteur-stereotype-masculin.html#primaryimage"},"thumbnailUrl":"https:\/\/www.elle.be\/fr\/wp-content\/uploads\/2019\/12\/elle_1200x628-2-1.jpg","datePublished":"2020-01-22T15:40:37+00:00","dateModified":"2020-01-28T12:59:43+00:00","description":"\"Au d\u00e9part, j'ai postul\u00e9 en \u00e9tant extr\u00eamement motiv\u00e9e, mais avec un peu de r\u00e9serve, comme toutes femmes entrant dans un univers st\u00e9r\u00e9otyp\u00e9 masculin.\"","breadcrumb":{"@id":"https:\/\/www.elle.be\/fr\/291481-interview-les-femmes-travaillant-dans-un-secteur-stereotype-masculin.html#breadcrumb"},"inLanguage":"fr-FR","potentialAction":[{"@type":"ReadAction","target":["https:\/\/www.elle.be\/fr\/291481-interview-les-femmes-travaillant-dans-un-secteur-stereotype-masculin.html"]}]},{"@type":"ImageObject","inLanguage":"fr-FR","@id":"https:\/\/www.elle.be\/fr\/291481-interview-les-femmes-travaillant-dans-un-secteur-stereotype-masculin.html#primaryimage","url":"https:\/\/www.elle.be\/fr\/wp-content\/uploads\/2019\/12\/elle_1200x628-2-1.jpg","contentUrl":"https:\/\/www.elle.be\/fr\/wp-content\/uploads\/2019\/12\/elle_1200x628-2-1.jpg","width":1200,"height":628},{"@type":"BreadcrumbList","@id":"https:\/\/www.elle.be\/fr\/291481-interview-les-femmes-travaillant-dans-un-secteur-stereotype-masculin.html#breadcrumb","itemListElement":[{"@type":"ListItem","position":1,"name":"FR","item":"https:\/\/www.elle.be\/fr"},{"@type":"ListItem","position":2,"name":"Actu"}]},{"@type":"WebSite","@id":"https:\/\/www.elle.be\/fr\/#website","url":"https:\/\/www.elle.be\/fr\/","name":"ELLE.be","description":"Toutes les infos mode, beaut\u00e9 et lifestyle les plus pointues ainsi qu&#039;un contenu 100% belge d\u00e9clin\u00e9 \u00e0 360\u00b0sur le site ELLE.be, nos r\u00e9seaux sociaux et notre cha\u00eene Youtube.","publisher":{"@id":"https:\/\/www.elle.be\/fr\/#organization"},"potentialAction":[{"@type":"SearchAction","target":{"@type":"EntryPoint","urlTemplate":"https:\/\/www.elle.be\/fr\/?s={search_term_string}"},"query-input":{"@type":"PropertyValueSpecification","valueRequired":true,"valueName":"search_term_string"}}],"inLanguage":"fr-FR"},{"@type":"Organization","@id":"https:\/\/www.elle.be\/fr\/#organization","name":"ELLE Belgique","url":"https:\/\/www.elle.be\/fr\/","logo":{"@type":"ImageObject","inLanguage":"fr-FR","@id":"https:\/\/www.elle.be\/fr\/#\/schema\/logo\/image\/","url":"https:\/\/www.elle.be\/fr\/wp-content\/uploads\/2017\/03\/elle-icon-200px.jpeg","contentUrl":"https:\/\/www.elle.be\/fr\/wp-content\/uploads\/2017\/03\/elle-icon-200px.jpeg","width":200,"height":200,"caption":"ELLE Belgique"},"image":{"@id":"https:\/\/www.elle.be\/fr\/#\/schema\/logo\/image\/"},"sameAs":["https:\/\/www.facebook.com\/ELLEbelgium\/","https:\/\/x.com\/ELLEBelgique","http:\/\/instagram.com\/ellebelgique\/","https:\/\/www.pinterest.com\/ellebelgique\/","https:\/\/www.youtube.com\/user\/ELLEbelgique1"]},{"@type":"Person","@id":"https:\/\/www.elle.be\/fr\/#\/schema\/person\/2c7693f13ee3d4992850ec2ff033c586","name":"ELLE Partenaire","image":{"@type":"ImageObject","inLanguage":"fr-FR","@id":"https:\/\/secure.gravatar.com\/avatar\/dddcf2d7bb88803a2e434d2b1c6a7b997b2de2334d047a137cc5e9dc165ca7e2?s=96&r=g","url":"https:\/\/secure.gravatar.com\/avatar\/dddcf2d7bb88803a2e434d2b1c6a7b997b2de2334d047a137cc5e9dc165ca7e2?s=96&r=g","contentUrl":"https:\/\/secure.gravatar.com\/avatar\/dddcf2d7bb88803a2e434d2b1c6a7b997b2de2334d047a137cc5e9dc165ca7e2?s=96&r=g","caption":"ELLE Partenaire"},"url":"https:\/\/www.elle.be\/fr\/author\/operation-speciale"}]}},"_links":{"self":[{"href":"https:\/\/www.elle.be\/fr\/wp-json\/wp\/v2\/posts\/291481","targetHints":{"allow":["GET"]}}],"collection":[{"href":"https:\/\/www.elle.be\/fr\/wp-json\/wp\/v2\/posts"}],"about":[{"href":"https:\/\/www.elle.be\/fr\/wp-json\/wp\/v2\/types\/post"}],"author":[{"embeddable":true,"href":"https:\/\/www.elle.be\/fr\/wp-json\/wp\/v2\/users\/47"}],"replies":[{"embeddable":true,"href":"https:\/\/www.elle.be\/fr\/wp-json\/wp\/v2\/comments?post=291481"}],"version-history":[{"count":14,"href":"https:\/\/www.elle.be\/fr\/wp-json\/wp\/v2\/posts\/291481\/revisions"}],"predecessor-version":[{"id":294271,"href":"https:\/\/www.elle.be\/fr\/wp-json\/wp\/v2\/posts\/291481\/revisions\/294271"}],"wp:featuredmedia":[{"embeddable":true,"href":"https:\/\/www.elle.be\/fr\/wp-json\/wp\/v2\/media\/291484"}],"wp:attachment":[{"href":"https:\/\/www.elle.be\/fr\/wp-json\/wp\/v2\/media?parent=291481"}],"wp:term":[{"taxonomy":"category","embeddable":true,"href":"https:\/\/www.elle.be\/fr\/wp-json\/wp\/v2\/categories?post=291481"},{"taxonomy":"post_tag","embeddable":true,"href":"https:\/\/www.elle.be\/fr\/wp-json\/wp\/v2\/tags?post=291481"}],"curies":[{"name":"wp","href":"https:\/\/api.w.org\/{rel}","templated":true}]}}