{"id":272498,"date":"2019-08-15T10:30:57","date_gmt":"2019-08-15T08:30:57","guid":{"rendered":"https:\/\/www.elle.be\/fr\/?p=272498"},"modified":"2019-08-08T13:26:22","modified_gmt":"2019-08-08T11:26:22","slug":"decryptage-cannes-a-laube-dun-tapis-vert%e2%80%89","status":"publish","type":"post","link":"https:\/\/www.elle.be\/fr\/272498-decryptage-cannes-a-laube-dun-tapis-vert%e2%80%89.html","title":{"rendered":"D\u00e9cryptage: Cannes \u00e0 l\u2019aube d\u2019un tapis vert\u2009?"},"content":{"rendered":"","protected":false},"excerpt":{"rendered":"La question peut sembler chim\u00e9rique et pourtant, elle \u00e9tait au c\u0153ur du voyage qui nous a emmen\u00e9es de rooftops en soir\u00e9es chics, de la Croisette au tapis rouge.","protected":false},"author":3,"featured_media":272509,"comment_status":"open","ping_status":"closed","sticky":false,"template":"","format":"standard","meta":{"_acf_changed":false,"footnotes":""},"categories":[5,2202],"tags":[870,1072,2878],"class_list":["post-272498","post","type-post","status-publish","format-standard","has-post-thumbnail","hentry","category-mode","category-news-actu","tag-green","tag-bio","tag-durable"],"acf":[],"image_verticale":"272507","_yoast_wpseo_title":"Le Festival de Cannes serait-il \u00e0 l'aube d'un tapis vert ?","_yoast_wpseo_metadesc":"Chopard, partenaire officiel du Festival de Cannes, nous a ouvert les portes d\u2019un monde qui pourrait bien secouer ses codes.","_yoast_wpseo_focuskw_text_input":null,"_yoast_wpseo_opengraph-title":null,"yoast_head":"<!-- This site is optimized with the Yoast SEO plugin v27.4 - https:\/\/yoast.com\/product\/yoast-seo-wordpress\/ -->\n<title>Le Festival de Cannes serait-il \u00e0 l&#039;aube d&#039;un tapis vert ?<\/title>\n<meta name=\"description\" content=\"Chopard, partenaire officiel du Festival de Cannes, nous a ouvert les portes d\u2019un monde qui pourrait bien secouer ses codes.\" \/>\n<meta name=\"robots\" content=\"index, follow, max-snippet:-1, max-image-preview:large, max-video-preview:-1\" \/>\n<link rel=\"canonical\" href=\"https:\/\/www.elle.be\/fr\/272498-decryptage-cannes-a-laube-dun-tapis-vert\u2009.html\" \/>\n<meta property=\"og:locale\" content=\"fr_FR\" \/>\n<meta property=\"og:type\" content=\"article\" \/>\n<meta property=\"og:title\" content=\"Le Festival de Cannes serait-il \u00e0 l&#039;aube d&#039;un tapis vert ?\" \/>\n<meta property=\"og:description\" content=\"Chopard, partenaire officiel du Festival de Cannes, nous a ouvert les portes d\u2019un monde qui pourrait bien secouer ses codes.\" \/>\n<meta property=\"og:url\" content=\"https:\/\/www.elle.be\/fr\/272498-decryptage-cannes-a-laube-dun-tapis-vert\u2009.html\" \/>\n<meta property=\"og:site_name\" content=\"ELLE.be\" \/>\n<meta property=\"article:publisher\" content=\"https:\/\/www.facebook.com\/ELLEbelgium\/\" \/>\n<meta property=\"article:author\" content=\"https:\/\/www.facebook.com\/Marie-Gurin-1721050434849149\/\" \/>\n<meta property=\"article:published_time\" content=\"2019-08-15T08:30:57+00:00\" \/>\n<meta property=\"og:image\" content=\"https:\/\/www.elle.be\/fr\/wp-content\/uploads\/2019\/08\/chloe-sevigny-chopard_.jpg\" \/>\n\t<meta property=\"og:image:width\" content=\"1200\" \/>\n\t<meta property=\"og:image:height\" content=\"628\" \/>\n\t<meta property=\"og:image:type\" content=\"image\/jpeg\" \/>\n<meta name=\"author\" content=\"Marie Gu\u00e9rin\" \/>\n<meta name=\"twitter:card\" content=\"summary_large_image\" \/>\n<meta name=\"twitter:creator\" content=\"@marie_elle_be\" \/>\n<meta name=\"twitter:site\" content=\"@ELLEBelgique\" \/>\n<meta name=\"twitter:label1\" content=\"\u00c9crit par\" \/>\n\t<meta name=\"twitter:data1\" content=\"Marie Gu\u00e9rin\" \/>\n\t<meta name=\"twitter:label2\" content=\"Dur\u00e9e de lecture estim\u00e9e\" \/>\n\t<meta name=\"twitter:data2\" content=\"7 minutes\" \/>\n<script type=\"application\/ld+json\" class=\"yoast-schema-graph\">{\"@context\":\"https:\\\/\\\/schema.org\",\"@graph\":[{\"@type\":\"NewsArticle\",\"@id\":\"https:\\\/\\\/www.elle.be\\\/fr\\\/272498-decryptage-cannes-a-laube-dun-tapis-vert%e2%80%89.html#article\",\"isPartOf\":{\"@id\":\"https:\\\/\\\/www.elle.be\\\/fr\\\/272498-decryptage-cannes-a-laube-dun-tapis-vert%e2%80%89.html\"},\"author\":{\"name\":\"Marie Gu\u00e9rin\",\"@id\":\"https:\\\/\\\/www.elle.be\\\/fr\\\/#\\\/schema\\\/person\\\/aa4e257722b2e3dd300f8fbdb031db01\"},\"headline\":\"D\u00e9cryptage: Cannes \u00e0 l\u2019aube d\u2019un tapis vert\u2009?\",\"datePublished\":\"2019-08-15T08:30:57+00:00\",\"mainEntityOfPage\":{\"@id\":\"https:\\\/\\\/www.elle.be\\\/fr\\\/272498-decryptage-cannes-a-laube-dun-tapis-vert%e2%80%89.html\"},\"wordCount\":1395,\"commentCount\":0,\"publisher\":{\"@id\":\"https:\\\/\\\/www.elle.be\\\/fr\\\/#organization\"},\"image\":{\"@id\":\"https:\\\/\\\/www.elle.be\\\/fr\\\/272498-decryptage-cannes-a-laube-dun-tapis-vert%e2%80%89.html#primaryimage\"},\"thumbnailUrl\":\"https:\\\/\\\/www.elle.be\\\/fr\\\/wp-content\\\/uploads\\\/2019\\\/08\\\/chloe-sevigny-chopard_.jpg\",\"keywords\":[\"green\",\"bio\",\"durable\"],\"articleSection\":[\"Mode\",\"News Actu\"],\"inLanguage\":\"fr-FR\",\"potentialAction\":[{\"@type\":\"CommentAction\",\"name\":\"Comment\",\"target\":[\"https:\\\/\\\/www.elle.be\\\/fr\\\/272498-decryptage-cannes-a-laube-dun-tapis-vert%e2%80%89.html#respond\"]}]},{\"@type\":\"WebPage\",\"@id\":\"https:\\\/\\\/www.elle.be\\\/fr\\\/272498-decryptage-cannes-a-laube-dun-tapis-vert%e2%80%89.html\",\"url\":\"https:\\\/\\\/www.elle.be\\\/fr\\\/272498-decryptage-cannes-a-laube-dun-tapis-vert%e2%80%89.html\",\"name\":\"Le Festival de Cannes serait-il \u00e0 l'aube d'un tapis vert ?\",\"isPartOf\":{\"@id\":\"https:\\\/\\\/www.elle.be\\\/fr\\\/#website\"},\"primaryImageOfPage\":{\"@id\":\"https:\\\/\\\/www.elle.be\\\/fr\\\/272498-decryptage-cannes-a-laube-dun-tapis-vert%e2%80%89.html#primaryimage\"},\"image\":{\"@id\":\"https:\\\/\\\/www.elle.be\\\/fr\\\/272498-decryptage-cannes-a-laube-dun-tapis-vert%e2%80%89.html#primaryimage\"},\"thumbnailUrl\":\"https:\\\/\\\/www.elle.be\\\/fr\\\/wp-content\\\/uploads\\\/2019\\\/08\\\/chloe-sevigny-chopard_.jpg\",\"datePublished\":\"2019-08-15T08:30:57+00:00\",\"description\":\"Chopard, partenaire officiel du Festival de Cannes, nous a ouvert les portes d\u2019un monde qui pourrait bien secouer ses codes.\",\"breadcrumb\":{\"@id\":\"https:\\\/\\\/www.elle.be\\\/fr\\\/272498-decryptage-cannes-a-laube-dun-tapis-vert%e2%80%89.html#breadcrumb\"},\"inLanguage\":\"fr-FR\",\"potentialAction\":[{\"@type\":\"ReadAction\",\"target\":[\"https:\\\/\\\/www.elle.be\\\/fr\\\/272498-decryptage-cannes-a-laube-dun-tapis-vert%e2%80%89.html\"]}]},{\"@type\":\"ImageObject\",\"inLanguage\":\"fr-FR\",\"@id\":\"https:\\\/\\\/www.elle.be\\\/fr\\\/272498-decryptage-cannes-a-laube-dun-tapis-vert%e2%80%89.html#primaryimage\",\"url\":\"https:\\\/\\\/www.elle.be\\\/fr\\\/wp-content\\\/uploads\\\/2019\\\/08\\\/chloe-sevigny-chopard_.jpg\",\"contentUrl\":\"https:\\\/\\\/www.elle.be\\\/fr\\\/wp-content\\\/uploads\\\/2019\\\/08\\\/chloe-sevigny-chopard_.jpg\",\"width\":1200,\"height\":628,\"caption\":\"Chlo\u00eb Sevigny et son sac Chopard\"},{\"@type\":\"BreadcrumbList\",\"@id\":\"https:\\\/\\\/www.elle.be\\\/fr\\\/272498-decryptage-cannes-a-laube-dun-tapis-vert%e2%80%89.html#breadcrumb\",\"itemListElement\":[{\"@type\":\"ListItem\",\"position\":1,\"name\":\"FR\",\"item\":\"https:\\\/\\\/www.elle.be\\\/fr\"},{\"@type\":\"ListItem\",\"position\":2,\"name\":\"Mode\",\"item\":\"https:\\\/\\\/www.elle.be\\\/fr\\\/mode\"},{\"@type\":\"ListItem\",\"position\":3,\"name\":\"D\u00e9cryptage: Cannes \u00e0 l\u2019aube d\u2019un tapis vert\u2009?\"}]},{\"@type\":\"WebSite\",\"@id\":\"https:\\\/\\\/www.elle.be\\\/fr\\\/#website\",\"url\":\"https:\\\/\\\/www.elle.be\\\/fr\\\/\",\"name\":\"ELLE.be\",\"description\":\"Toutes les infos mode, beaut\u00e9 et lifestyle les plus pointues ainsi qu&#039;un contenu 100% belge d\u00e9clin\u00e9 \u00e0 360\u00b0sur le site ELLE.be, nos r\u00e9seaux sociaux et notre cha\u00eene Youtube.\",\"publisher\":{\"@id\":\"https:\\\/\\\/www.elle.be\\\/fr\\\/#organization\"},\"potentialAction\":[{\"@type\":\"SearchAction\",\"target\":{\"@type\":\"EntryPoint\",\"urlTemplate\":\"https:\\\/\\\/www.elle.be\\\/fr\\\/?s={search_term_string}\"},\"query-input\":{\"@type\":\"PropertyValueSpecification\",\"valueRequired\":true,\"valueName\":\"search_term_string\"}}],\"inLanguage\":\"fr-FR\"},{\"@type\":\"Organization\",\"@id\":\"https:\\\/\\\/www.elle.be\\\/fr\\\/#organization\",\"name\":\"ELLE Belgique\",\"url\":\"https:\\\/\\\/www.elle.be\\\/fr\\\/\",\"logo\":{\"@type\":\"ImageObject\",\"inLanguage\":\"fr-FR\",\"@id\":\"https:\\\/\\\/www.elle.be\\\/fr\\\/#\\\/schema\\\/logo\\\/image\\\/\",\"url\":\"https:\\\/\\\/www.elle.be\\\/fr\\\/wp-content\\\/uploads\\\/2017\\\/03\\\/elle-icon-200px.jpeg\",\"contentUrl\":\"https:\\\/\\\/www.elle.be\\\/fr\\\/wp-content\\\/uploads\\\/2017\\\/03\\\/elle-icon-200px.jpeg\",\"width\":200,\"height\":200,\"caption\":\"ELLE Belgique\"},\"image\":{\"@id\":\"https:\\\/\\\/www.elle.be\\\/fr\\\/#\\\/schema\\\/logo\\\/image\\\/\"},\"sameAs\":[\"https:\\\/\\\/www.facebook.com\\\/ELLEbelgium\\\/\",\"https:\\\/\\\/x.com\\\/ELLEBelgique\",\"http:\\\/\\\/instagram.com\\\/ellebelgique\\\/\",\"https:\\\/\\\/www.pinterest.com\\\/ellebelgique\\\/\",\"https:\\\/\\\/www.youtube.com\\\/user\\\/ELLEbelgique1\"]},{\"@type\":\"Person\",\"@id\":\"https:\\\/\\\/www.elle.be\\\/fr\\\/#\\\/schema\\\/person\\\/aa4e257722b2e3dd300f8fbdb031db01\",\"name\":\"Marie Gu\u00e9rin\",\"image\":{\"@type\":\"ImageObject\",\"inLanguage\":\"fr-FR\",\"@id\":\"https:\\\/\\\/www.elle.be\\\/fr\\\/wp-content\\\/uploads\\\/2017\\\/03\\\/IMG_4442-96x96.jpg\",\"url\":\"https:\\\/\\\/www.elle.be\\\/fr\\\/wp-content\\\/uploads\\\/2017\\\/03\\\/IMG_4442-96x96.jpg\",\"contentUrl\":\"https:\\\/\\\/www.elle.be\\\/fr\\\/wp-content\\\/uploads\\\/2017\\\/03\\\/IMG_4442-96x96.jpg\",\"caption\":\"Marie Gu\u00e9rin\"},\"description\":\"Obs\u00e9d\u00e9e par les stilettos et tout ce qui facilite la marche \u00e0 pied, cette journaliste sportive (ou pas) sillonne pour vous le monde entier (et la Belgique le reste du temps) \u00e0 la recherche de l'actu mode, beaut\u00e9, lifestyle et de ses meilleurs bons plans.\",\"sameAs\":[\"https:\\\/\\\/www.facebook.com\\\/Marie-Gurin-1721050434849149\\\/\",\"https:\\\/\\\/www.instagram.com\\\/marie_elle_be\\\/\",\"https:\\\/\\\/x.com\\\/marie_elle_be\"],\"url\":\"https:\\\/\\\/www.elle.be\\\/fr\\\/author\\\/marie\"}]}<\/script>\n<!-- \/ Yoast SEO plugin. -->","yoast_head_json":{"title":"Le Festival de Cannes serait-il \u00e0 l'aube d'un tapis vert ?","description":"Chopard, partenaire officiel du Festival de Cannes, nous a ouvert les portes d\u2019un monde qui pourrait bien secouer ses codes.","robots":{"index":"index","follow":"follow","max-snippet":"max-snippet:-1","max-image-preview":"max-image-preview:large","max-video-preview":"max-video-preview:-1"},"canonical":"https:\/\/www.elle.be\/fr\/272498-decryptage-cannes-a-laube-dun-tapis-vert\u2009.html","og_locale":"fr_FR","og_type":"article","og_title":"Le Festival de Cannes serait-il \u00e0 l'aube d'un tapis vert ?","og_description":"Chopard, partenaire officiel du Festival de Cannes, nous a ouvert les portes d\u2019un monde qui pourrait bien secouer ses codes.","og_url":"https:\/\/www.elle.be\/fr\/272498-decryptage-cannes-a-laube-dun-tapis-vert\u2009.html","og_site_name":"ELLE.be","article_publisher":"https:\/\/www.facebook.com\/ELLEbelgium\/","article_author":"https:\/\/www.facebook.com\/Marie-Gurin-1721050434849149\/","article_published_time":"2019-08-15T08:30:57+00:00","og_image":[{"width":1200,"height":628,"url":"https:\/\/www.elle.be\/fr\/wp-content\/uploads\/2019\/08\/chloe-sevigny-chopard_.jpg","type":"image\/jpeg"}],"author":"Marie Gu\u00e9rin","twitter_card":"summary_large_image","twitter_creator":"@marie_elle_be","twitter_site":"@ELLEBelgique","twitter_misc":{"\u00c9crit par":"Marie Gu\u00e9rin","Dur\u00e9e de lecture estim\u00e9e":"7 minutes"},"schema":{"@context":"https:\/\/schema.org","@graph":[{"@type":"NewsArticle","@id":"https:\/\/www.elle.be\/fr\/272498-decryptage-cannes-a-laube-dun-tapis-vert%e2%80%89.html#article","isPartOf":{"@id":"https:\/\/www.elle.be\/fr\/272498-decryptage-cannes-a-laube-dun-tapis-vert%e2%80%89.html"},"author":{"name":"Marie Gu\u00e9rin","@id":"https:\/\/www.elle.be\/fr\/#\/schema\/person\/aa4e257722b2e3dd300f8fbdb031db01"},"headline":"D\u00e9cryptage: Cannes \u00e0 l\u2019aube d\u2019un tapis vert\u2009?","datePublished":"2019-08-15T08:30:57+00:00","mainEntityOfPage":{"@id":"https:\/\/www.elle.be\/fr\/272498-decryptage-cannes-a-laube-dun-tapis-vert%e2%80%89.html"},"wordCount":1395,"commentCount":0,"publisher":{"@id":"https:\/\/www.elle.be\/fr\/#organization"},"image":{"@id":"https:\/\/www.elle.be\/fr\/272498-decryptage-cannes-a-laube-dun-tapis-vert%e2%80%89.html#primaryimage"},"thumbnailUrl":"https:\/\/www.elle.be\/fr\/wp-content\/uploads\/2019\/08\/chloe-sevigny-chopard_.jpg","keywords":["green","bio","durable"],"articleSection":["Mode","News Actu"],"inLanguage":"fr-FR","potentialAction":[{"@type":"CommentAction","name":"Comment","target":["https:\/\/www.elle.be\/fr\/272498-decryptage-cannes-a-laube-dun-tapis-vert%e2%80%89.html#respond"]}]},{"@type":"WebPage","@id":"https:\/\/www.elle.be\/fr\/272498-decryptage-cannes-a-laube-dun-tapis-vert%e2%80%89.html","url":"https:\/\/www.elle.be\/fr\/272498-decryptage-cannes-a-laube-dun-tapis-vert%e2%80%89.html","name":"Le Festival de Cannes serait-il \u00e0 l'aube d'un tapis vert ?","isPartOf":{"@id":"https:\/\/www.elle.be\/fr\/#website"},"primaryImageOfPage":{"@id":"https:\/\/www.elle.be\/fr\/272498-decryptage-cannes-a-laube-dun-tapis-vert%e2%80%89.html#primaryimage"},"image":{"@id":"https:\/\/www.elle.be\/fr\/272498-decryptage-cannes-a-laube-dun-tapis-vert%e2%80%89.html#primaryimage"},"thumbnailUrl":"https:\/\/www.elle.be\/fr\/wp-content\/uploads\/2019\/08\/chloe-sevigny-chopard_.jpg","datePublished":"2019-08-15T08:30:57+00:00","description":"Chopard, partenaire officiel du Festival de Cannes, nous a ouvert les portes d\u2019un monde qui pourrait bien secouer ses codes.","breadcrumb":{"@id":"https:\/\/www.elle.be\/fr\/272498-decryptage-cannes-a-laube-dun-tapis-vert%e2%80%89.html#breadcrumb"},"inLanguage":"fr-FR","potentialAction":[{"@type":"ReadAction","target":["https:\/\/www.elle.be\/fr\/272498-decryptage-cannes-a-laube-dun-tapis-vert%e2%80%89.html"]}]},{"@type":"ImageObject","inLanguage":"fr-FR","@id":"https:\/\/www.elle.be\/fr\/272498-decryptage-cannes-a-laube-dun-tapis-vert%e2%80%89.html#primaryimage","url":"https:\/\/www.elle.be\/fr\/wp-content\/uploads\/2019\/08\/chloe-sevigny-chopard_.jpg","contentUrl":"https:\/\/www.elle.be\/fr\/wp-content\/uploads\/2019\/08\/chloe-sevigny-chopard_.jpg","width":1200,"height":628,"caption":"Chlo\u00eb Sevigny et son sac Chopard"},{"@type":"BreadcrumbList","@id":"https:\/\/www.elle.be\/fr\/272498-decryptage-cannes-a-laube-dun-tapis-vert%e2%80%89.html#breadcrumb","itemListElement":[{"@type":"ListItem","position":1,"name":"FR","item":"https:\/\/www.elle.be\/fr"},{"@type":"ListItem","position":2,"name":"Mode","item":"https:\/\/www.elle.be\/fr\/mode"},{"@type":"ListItem","position":3,"name":"D\u00e9cryptage: Cannes \u00e0 l\u2019aube d\u2019un tapis vert\u2009?"}]},{"@type":"WebSite","@id":"https:\/\/www.elle.be\/fr\/#website","url":"https:\/\/www.elle.be\/fr\/","name":"ELLE.be","description":"Toutes les infos mode, beaut\u00e9 et lifestyle les plus pointues ainsi qu&#039;un contenu 100% belge d\u00e9clin\u00e9 \u00e0 360\u00b0sur le site ELLE.be, nos r\u00e9seaux sociaux et notre cha\u00eene Youtube.","publisher":{"@id":"https:\/\/www.elle.be\/fr\/#organization"},"potentialAction":[{"@type":"SearchAction","target":{"@type":"EntryPoint","urlTemplate":"https:\/\/www.elle.be\/fr\/?s={search_term_string}"},"query-input":{"@type":"PropertyValueSpecification","valueRequired":true,"valueName":"search_term_string"}}],"inLanguage":"fr-FR"},{"@type":"Organization","@id":"https:\/\/www.elle.be\/fr\/#organization","name":"ELLE Belgique","url":"https:\/\/www.elle.be\/fr\/","logo":{"@type":"ImageObject","inLanguage":"fr-FR","@id":"https:\/\/www.elle.be\/fr\/#\/schema\/logo\/image\/","url":"https:\/\/www.elle.be\/fr\/wp-content\/uploads\/2017\/03\/elle-icon-200px.jpeg","contentUrl":"https:\/\/www.elle.be\/fr\/wp-content\/uploads\/2017\/03\/elle-icon-200px.jpeg","width":200,"height":200,"caption":"ELLE Belgique"},"image":{"@id":"https:\/\/www.elle.be\/fr\/#\/schema\/logo\/image\/"},"sameAs":["https:\/\/www.facebook.com\/ELLEbelgium\/","https:\/\/x.com\/ELLEBelgique","http:\/\/instagram.com\/ellebelgique\/","https:\/\/www.pinterest.com\/ellebelgique\/","https:\/\/www.youtube.com\/user\/ELLEbelgique1"]},{"@type":"Person","@id":"https:\/\/www.elle.be\/fr\/#\/schema\/person\/aa4e257722b2e3dd300f8fbdb031db01","name":"Marie Gu\u00e9rin","image":{"@type":"ImageObject","inLanguage":"fr-FR","@id":"https:\/\/www.elle.be\/fr\/wp-content\/uploads\/2017\/03\/IMG_4442-96x96.jpg","url":"https:\/\/www.elle.be\/fr\/wp-content\/uploads\/2017\/03\/IMG_4442-96x96.jpg","contentUrl":"https:\/\/www.elle.be\/fr\/wp-content\/uploads\/2017\/03\/IMG_4442-96x96.jpg","caption":"Marie Gu\u00e9rin"},"description":"Obs\u00e9d\u00e9e par les stilettos et tout ce qui facilite la marche \u00e0 pied, cette journaliste sportive (ou pas) sillonne pour vous le monde entier (et la Belgique le reste du temps) \u00e0 la recherche de l'actu mode, beaut\u00e9, lifestyle et de ses meilleurs bons plans.","sameAs":["https:\/\/www.facebook.com\/Marie-Gurin-1721050434849149\/","https:\/\/www.instagram.com\/marie_elle_be\/","https:\/\/x.com\/marie_elle_be"],"url":"https:\/\/www.elle.be\/fr\/author\/marie"}]}},"_links":{"self":[{"href":"https:\/\/www.elle.be\/fr\/wp-json\/wp\/v2\/posts\/272498","targetHints":{"allow":["GET"]}}],"collection":[{"href":"https:\/\/www.elle.be\/fr\/wp-json\/wp\/v2\/posts"}],"about":[{"href":"https:\/\/www.elle.be\/fr\/wp-json\/wp\/v2\/types\/post"}],"author":[{"embeddable":true,"href":"https:\/\/www.elle.be\/fr\/wp-json\/wp\/v2\/users\/3"}],"replies":[{"embeddable":true,"href":"https:\/\/www.elle.be\/fr\/wp-json\/wp\/v2\/comments?post=272498"}],"version-history":[{"count":4,"href":"https:\/\/www.elle.be\/fr\/wp-json\/wp\/v2\/posts\/272498\/revisions"}],"predecessor-version":[{"id":272589,"href":"https:\/\/www.elle.be\/fr\/wp-json\/wp\/v2\/posts\/272498\/revisions\/272589"}],"wp:featuredmedia":[{"embeddable":true,"href":"https:\/\/www.elle.be\/fr\/wp-json\/wp\/v2\/media\/272509"}],"wp:attachment":[{"href":"https:\/\/www.elle.be\/fr\/wp-json\/wp\/v2\/media?parent=272498"}],"wp:term":[{"taxonomy":"category","embeddable":true,"href":"https:\/\/www.elle.be\/fr\/wp-json\/wp\/v2\/categories?post=272498"},{"taxonomy":"post_tag","embeddable":true,"href":"https:\/\/www.elle.be\/fr\/wp-json\/wp\/v2\/tags?post=272498"}],"curies":[{"name":"wp","href":"https:\/\/api.w.org\/{rel}","templated":true}]}}