{"id":270557,"date":"2019-08-07T10:00:16","date_gmt":"2019-08-07T08:00:16","guid":{"rendered":"https:\/\/www.elle.be\/fr\/?p=270557"},"modified":"2020-12-09T17:41:36","modified_gmt":"2020-12-09T16:41:36","slug":"comptes-instagram-deco","status":"publish","type":"post","link":"https:\/\/www.elle.be\/fr\/270557-comptes-instagram-deco.html","title":{"rendered":"9 comptes Instagram \u00e0 suivre pour les fans de d\u00e9co"},"content":{"rendered":"","protected":false},"excerpt":{"rendered":"Certaines instagrammeuses ont fait de leur compte une v\u00e9ritable bible pour les passionn\u00e9. ...","protected":false},"author":96,"featured_media":270576,"comment_status":"open","ping_status":"closed","sticky":false,"template":"","format":"standard","meta":{"_acf_changed":false,"footnotes":""},"categories":[3269,3270],"tags":[871],"class_list":["post-270557","post","type-post","status-publish","format-standard","has-post-thumbnail","hentry","category-elle-decoration","category-tendances-deco","tag-diy"],"acf":[],"image_verticale":"270575","_yoast_wpseo_title":"Quels sont les comptes Instagram \u00e0 suivre? %%page%% %%sep%% %%sitename%%","_yoast_wpseo_metadesc":"Certaines instagrammeuses ont fait de leur compte de v\u00e9ritables bibles pour les passionn\u00e9es de d\u00e9co. Quels sont les plus beaux comptes Instagram d\u00e9co ?","_yoast_wpseo_focuskw_text_input":null,"_yoast_wpseo_opengraph-title":null,"yoast_head":"<!-- This site is optimized with the Yoast SEO plugin v27.4 - https:\/\/yoast.com\/product\/yoast-seo-wordpress\/ -->\n<title>Quels sont les comptes Instagram \u00e0 suivre? - ELLE.be<\/title>\n<meta name=\"description\" content=\"Certaines instagrammeuses ont fait de leur compte de v\u00e9ritables bibles pour les passionn\u00e9es de d\u00e9co. Quels sont les plus beaux comptes Instagram d\u00e9co ?\" \/>\n<meta name=\"robots\" content=\"index, follow, max-snippet:-1, max-image-preview:large, max-video-preview:-1\" \/>\n<link rel=\"canonical\" href=\"https:\/\/www.elle.be\/fr\/270557-comptes-instagram-deco.html\" \/>\n<meta property=\"og:locale\" content=\"fr_FR\" \/>\n<meta property=\"og:type\" content=\"article\" \/>\n<meta property=\"og:title\" content=\"Quels sont les comptes Instagram \u00e0 suivre? - ELLE.be\" \/>\n<meta property=\"og:description\" content=\"Certaines instagrammeuses ont fait de leur compte de v\u00e9ritables bibles pour les passionn\u00e9es de d\u00e9co. Quels sont les plus beaux comptes Instagram d\u00e9co ?\" \/>\n<meta property=\"og:url\" content=\"https:\/\/www.elle.be\/fr\/270557-comptes-instagram-deco.html\" \/>\n<meta property=\"og:site_name\" content=\"ELLE.be\" \/>\n<meta property=\"article:publisher\" content=\"https:\/\/www.facebook.com\/ELLEbelgium\/\" \/>\n<meta property=\"article:published_time\" content=\"2019-08-07T08:00:16+00:00\" \/>\n<meta property=\"article:modified_time\" content=\"2020-12-09T16:41:36+00:00\" \/>\n<meta property=\"og:image\" content=\"https:\/\/www.elle.be\/fr\/wp-content\/uploads\/2019\/07\/4805ec88-d77e-42d9-8cc5-b7ec301a7958-1.jpg\" \/>\n\t<meta property=\"og:image:width\" content=\"1200\" \/>\n\t<meta property=\"og:image:height\" content=\"628\" \/>\n\t<meta property=\"og:image:type\" content=\"image\/jpeg\" \/>\n<meta name=\"author\" content=\"Laura Lurquin\" \/>\n<meta name=\"twitter:card\" content=\"summary_large_image\" \/>\n<meta name=\"twitter:creator\" content=\"@ELLEBelgique\" \/>\n<meta name=\"twitter:site\" content=\"@ELLEBelgique\" \/>\n<meta name=\"twitter:label1\" content=\"\u00c9crit par\" \/>\n\t<meta name=\"twitter:data1\" content=\"Laura Lurquin\" \/>\n\t<meta name=\"twitter:label2\" content=\"Dur\u00e9e de lecture estim\u00e9e\" \/>\n\t<meta name=\"twitter:data2\" content=\"5 minutes\" \/>\n<script type=\"application\/ld+json\" class=\"yoast-schema-graph\">{\"@context\":\"https:\\\/\\\/schema.org\",\"@graph\":[{\"@type\":\"NewsArticle\",\"@id\":\"https:\\\/\\\/www.elle.be\\\/fr\\\/270557-comptes-instagram-deco.html#article\",\"isPartOf\":{\"@id\":\"https:\\\/\\\/www.elle.be\\\/fr\\\/270557-comptes-instagram-deco.html\"},\"author\":{\"name\":\"Laura Lurquin\",\"@id\":\"https:\\\/\\\/www.elle.be\\\/fr\\\/#\\\/schema\\\/person\\\/8b89debc51e6e673dd24d35d2609ab88\"},\"headline\":\"9 comptes Instagram \u00e0 suivre pour les fans de d\u00e9co\",\"datePublished\":\"2019-08-07T08:00:16+00:00\",\"dateModified\":\"2020-12-09T16:41:36+00:00\",\"mainEntityOfPage\":{\"@id\":\"https:\\\/\\\/www.elle.be\\\/fr\\\/270557-comptes-instagram-deco.html\"},\"wordCount\":1030,\"commentCount\":0,\"publisher\":{\"@id\":\"https:\\\/\\\/www.elle.be\\\/fr\\\/#organization\"},\"image\":{\"@id\":\"https:\\\/\\\/www.elle.be\\\/fr\\\/270557-comptes-instagram-deco.html#primaryimage\"},\"thumbnailUrl\":\"https:\\\/\\\/www.elle.be\\\/fr\\\/wp-content\\\/uploads\\\/2019\\\/07\\\/4805ec88-d77e-42d9-8cc5-b7ec301a7958-1.jpg\",\"keywords\":[\"DIY\"],\"articleSection\":[\"ELLE d\u00e9coration\",\"Tendances D\u00e9co\"],\"inLanguage\":\"fr-FR\",\"potentialAction\":[{\"@type\":\"CommentAction\",\"name\":\"Comment\",\"target\":[\"https:\\\/\\\/www.elle.be\\\/fr\\\/270557-comptes-instagram-deco.html#respond\"]}]},{\"@type\":\"WebPage\",\"@id\":\"https:\\\/\\\/www.elle.be\\\/fr\\\/270557-comptes-instagram-deco.html\",\"url\":\"https:\\\/\\\/www.elle.be\\\/fr\\\/270557-comptes-instagram-deco.html\",\"name\":\"Quels sont les comptes Instagram \u00e0 suivre? - ELLE.be\",\"isPartOf\":{\"@id\":\"https:\\\/\\\/www.elle.be\\\/fr\\\/#website\"},\"primaryImageOfPage\":{\"@id\":\"https:\\\/\\\/www.elle.be\\\/fr\\\/270557-comptes-instagram-deco.html#primaryimage\"},\"image\":{\"@id\":\"https:\\\/\\\/www.elle.be\\\/fr\\\/270557-comptes-instagram-deco.html#primaryimage\"},\"thumbnailUrl\":\"https:\\\/\\\/www.elle.be\\\/fr\\\/wp-content\\\/uploads\\\/2019\\\/07\\\/4805ec88-d77e-42d9-8cc5-b7ec301a7958-1.jpg\",\"datePublished\":\"2019-08-07T08:00:16+00:00\",\"dateModified\":\"2020-12-09T16:41:36+00:00\",\"description\":\"Certaines instagrammeuses ont fait de leur compte de v\u00e9ritables bibles pour les passionn\u00e9es de d\u00e9co. Quels sont les plus beaux comptes Instagram d\u00e9co ?\",\"breadcrumb\":{\"@id\":\"https:\\\/\\\/www.elle.be\\\/fr\\\/270557-comptes-instagram-deco.html#breadcrumb\"},\"inLanguage\":\"fr-FR\",\"potentialAction\":[{\"@type\":\"ReadAction\",\"target\":[\"https:\\\/\\\/www.elle.be\\\/fr\\\/270557-comptes-instagram-deco.html\"]}]},{\"@type\":\"ImageObject\",\"inLanguage\":\"fr-FR\",\"@id\":\"https:\\\/\\\/www.elle.be\\\/fr\\\/270557-comptes-instagram-deco.html#primaryimage\",\"url\":\"https:\\\/\\\/www.elle.be\\\/fr\\\/wp-content\\\/uploads\\\/2019\\\/07\\\/4805ec88-d77e-42d9-8cc5-b7ec301a7958-1.jpg\",\"contentUrl\":\"https:\\\/\\\/www.elle.be\\\/fr\\\/wp-content\\\/uploads\\\/2019\\\/07\\\/4805ec88-d77e-42d9-8cc5-b7ec301a7958-1.jpg\",\"width\":1200,\"height\":628,\"caption\":\"Mija Flatau\"},{\"@type\":\"BreadcrumbList\",\"@id\":\"https:\\\/\\\/www.elle.be\\\/fr\\\/270557-comptes-instagram-deco.html#breadcrumb\",\"itemListElement\":[{\"@type\":\"ListItem\",\"position\":1,\"name\":\"FR\",\"item\":\"https:\\\/\\\/www.elle.be\\\/fr\"},{\"@type\":\"ListItem\",\"position\":2,\"name\":\"ELLE d\u00e9coration\",\"item\":\"https:\\\/\\\/www.elle.be\\\/fr\\\/elle-decoration\"},{\"@type\":\"ListItem\",\"position\":3,\"name\":\"9 comptes Instagram \u00e0 suivre pour les fans de d\u00e9co\"}]},{\"@type\":\"WebSite\",\"@id\":\"https:\\\/\\\/www.elle.be\\\/fr\\\/#website\",\"url\":\"https:\\\/\\\/www.elle.be\\\/fr\\\/\",\"name\":\"ELLE.be\",\"description\":\"Toutes les infos mode, beaut\u00e9 et lifestyle les plus pointues ainsi qu&#039;un contenu 100% belge d\u00e9clin\u00e9 \u00e0 360\u00b0sur le site ELLE.be, nos r\u00e9seaux sociaux et notre cha\u00eene Youtube.\",\"publisher\":{\"@id\":\"https:\\\/\\\/www.elle.be\\\/fr\\\/#organization\"},\"potentialAction\":[{\"@type\":\"SearchAction\",\"target\":{\"@type\":\"EntryPoint\",\"urlTemplate\":\"https:\\\/\\\/www.elle.be\\\/fr\\\/?s={search_term_string}\"},\"query-input\":{\"@type\":\"PropertyValueSpecification\",\"valueRequired\":true,\"valueName\":\"search_term_string\"}}],\"inLanguage\":\"fr-FR\"},{\"@type\":\"Organization\",\"@id\":\"https:\\\/\\\/www.elle.be\\\/fr\\\/#organization\",\"name\":\"ELLE Belgique\",\"url\":\"https:\\\/\\\/www.elle.be\\\/fr\\\/\",\"logo\":{\"@type\":\"ImageObject\",\"inLanguage\":\"fr-FR\",\"@id\":\"https:\\\/\\\/www.elle.be\\\/fr\\\/#\\\/schema\\\/logo\\\/image\\\/\",\"url\":\"https:\\\/\\\/www.elle.be\\\/fr\\\/wp-content\\\/uploads\\\/2017\\\/03\\\/elle-icon-200px.jpeg\",\"contentUrl\":\"https:\\\/\\\/www.elle.be\\\/fr\\\/wp-content\\\/uploads\\\/2017\\\/03\\\/elle-icon-200px.jpeg\",\"width\":200,\"height\":200,\"caption\":\"ELLE Belgique\"},\"image\":{\"@id\":\"https:\\\/\\\/www.elle.be\\\/fr\\\/#\\\/schema\\\/logo\\\/image\\\/\"},\"sameAs\":[\"https:\\\/\\\/www.facebook.com\\\/ELLEbelgium\\\/\",\"https:\\\/\\\/x.com\\\/ELLEBelgique\",\"http:\\\/\\\/instagram.com\\\/ellebelgique\\\/\",\"https:\\\/\\\/www.pinterest.com\\\/ellebelgique\\\/\",\"https:\\\/\\\/www.youtube.com\\\/user\\\/ELLEbelgique1\"]},{\"@type\":\"Person\",\"@id\":\"https:\\\/\\\/www.elle.be\\\/fr\\\/#\\\/schema\\\/person\\\/8b89debc51e6e673dd24d35d2609ab88\",\"name\":\"Laura Lurquin\",\"image\":{\"@type\":\"ImageObject\",\"inLanguage\":\"fr-FR\",\"@id\":\"https:\\\/\\\/secure.gravatar.com\\\/avatar\\\/ee2f2805071bd5f9e4b250b226c800958587603faba167b67783b9f3507b56ba?s=96&r=g\",\"url\":\"https:\\\/\\\/secure.gravatar.com\\\/avatar\\\/ee2f2805071bd5f9e4b250b226c800958587603faba167b67783b9f3507b56ba?s=96&r=g\",\"contentUrl\":\"https:\\\/\\\/secure.gravatar.com\\\/avatar\\\/ee2f2805071bd5f9e4b250b226c800958587603faba167b67783b9f3507b56ba?s=96&r=g\",\"caption\":\"Laura Lurquin\"},\"sameAs\":[\"https:\\\/\\\/www.instagram.com\\\/laura_lurquin\\\/\"],\"url\":\"https:\\\/\\\/www.elle.be\\\/fr\\\/author\\\/laura\"}]}<\/script>\n<!-- \/ Yoast SEO plugin. -->","yoast_head_json":{"title":"Quels sont les comptes Instagram \u00e0 suivre? - ELLE.be","description":"Certaines instagrammeuses ont fait de leur compte de v\u00e9ritables bibles pour les passionn\u00e9es de d\u00e9co. Quels sont les plus beaux comptes Instagram d\u00e9co ?","robots":{"index":"index","follow":"follow","max-snippet":"max-snippet:-1","max-image-preview":"max-image-preview:large","max-video-preview":"max-video-preview:-1"},"canonical":"https:\/\/www.elle.be\/fr\/270557-comptes-instagram-deco.html","og_locale":"fr_FR","og_type":"article","og_title":"Quels sont les comptes Instagram \u00e0 suivre? - ELLE.be","og_description":"Certaines instagrammeuses ont fait de leur compte de v\u00e9ritables bibles pour les passionn\u00e9es de d\u00e9co. Quels sont les plus beaux comptes Instagram d\u00e9co ?","og_url":"https:\/\/www.elle.be\/fr\/270557-comptes-instagram-deco.html","og_site_name":"ELLE.be","article_publisher":"https:\/\/www.facebook.com\/ELLEbelgium\/","article_published_time":"2019-08-07T08:00:16+00:00","article_modified_time":"2020-12-09T16:41:36+00:00","og_image":[{"width":1200,"height":628,"url":"https:\/\/www.elle.be\/fr\/wp-content\/uploads\/2019\/07\/4805ec88-d77e-42d9-8cc5-b7ec301a7958-1.jpg","type":"image\/jpeg"}],"author":"Laura Lurquin","twitter_card":"summary_large_image","twitter_creator":"@ELLEBelgique","twitter_site":"@ELLEBelgique","twitter_misc":{"\u00c9crit par":"Laura Lurquin","Dur\u00e9e de lecture estim\u00e9e":"5 minutes"},"schema":{"@context":"https:\/\/schema.org","@graph":[{"@type":"NewsArticle","@id":"https:\/\/www.elle.be\/fr\/270557-comptes-instagram-deco.html#article","isPartOf":{"@id":"https:\/\/www.elle.be\/fr\/270557-comptes-instagram-deco.html"},"author":{"name":"Laura Lurquin","@id":"https:\/\/www.elle.be\/fr\/#\/schema\/person\/8b89debc51e6e673dd24d35d2609ab88"},"headline":"9 comptes Instagram \u00e0 suivre pour les fans de d\u00e9co","datePublished":"2019-08-07T08:00:16+00:00","dateModified":"2020-12-09T16:41:36+00:00","mainEntityOfPage":{"@id":"https:\/\/www.elle.be\/fr\/270557-comptes-instagram-deco.html"},"wordCount":1030,"commentCount":0,"publisher":{"@id":"https:\/\/www.elle.be\/fr\/#organization"},"image":{"@id":"https:\/\/www.elle.be\/fr\/270557-comptes-instagram-deco.html#primaryimage"},"thumbnailUrl":"https:\/\/www.elle.be\/fr\/wp-content\/uploads\/2019\/07\/4805ec88-d77e-42d9-8cc5-b7ec301a7958-1.jpg","keywords":["DIY"],"articleSection":["ELLE d\u00e9coration","Tendances D\u00e9co"],"inLanguage":"fr-FR","potentialAction":[{"@type":"CommentAction","name":"Comment","target":["https:\/\/www.elle.be\/fr\/270557-comptes-instagram-deco.html#respond"]}]},{"@type":"WebPage","@id":"https:\/\/www.elle.be\/fr\/270557-comptes-instagram-deco.html","url":"https:\/\/www.elle.be\/fr\/270557-comptes-instagram-deco.html","name":"Quels sont les comptes Instagram \u00e0 suivre? - ELLE.be","isPartOf":{"@id":"https:\/\/www.elle.be\/fr\/#website"},"primaryImageOfPage":{"@id":"https:\/\/www.elle.be\/fr\/270557-comptes-instagram-deco.html#primaryimage"},"image":{"@id":"https:\/\/www.elle.be\/fr\/270557-comptes-instagram-deco.html#primaryimage"},"thumbnailUrl":"https:\/\/www.elle.be\/fr\/wp-content\/uploads\/2019\/07\/4805ec88-d77e-42d9-8cc5-b7ec301a7958-1.jpg","datePublished":"2019-08-07T08:00:16+00:00","dateModified":"2020-12-09T16:41:36+00:00","description":"Certaines instagrammeuses ont fait de leur compte de v\u00e9ritables bibles pour les passionn\u00e9es de d\u00e9co. Quels sont les plus beaux comptes Instagram d\u00e9co ?","breadcrumb":{"@id":"https:\/\/www.elle.be\/fr\/270557-comptes-instagram-deco.html#breadcrumb"},"inLanguage":"fr-FR","potentialAction":[{"@type":"ReadAction","target":["https:\/\/www.elle.be\/fr\/270557-comptes-instagram-deco.html"]}]},{"@type":"ImageObject","inLanguage":"fr-FR","@id":"https:\/\/www.elle.be\/fr\/270557-comptes-instagram-deco.html#primaryimage","url":"https:\/\/www.elle.be\/fr\/wp-content\/uploads\/2019\/07\/4805ec88-d77e-42d9-8cc5-b7ec301a7958-1.jpg","contentUrl":"https:\/\/www.elle.be\/fr\/wp-content\/uploads\/2019\/07\/4805ec88-d77e-42d9-8cc5-b7ec301a7958-1.jpg","width":1200,"height":628,"caption":"Mija Flatau"},{"@type":"BreadcrumbList","@id":"https:\/\/www.elle.be\/fr\/270557-comptes-instagram-deco.html#breadcrumb","itemListElement":[{"@type":"ListItem","position":1,"name":"FR","item":"https:\/\/www.elle.be\/fr"},{"@type":"ListItem","position":2,"name":"ELLE d\u00e9coration","item":"https:\/\/www.elle.be\/fr\/elle-decoration"},{"@type":"ListItem","position":3,"name":"9 comptes Instagram \u00e0 suivre pour les fans de d\u00e9co"}]},{"@type":"WebSite","@id":"https:\/\/www.elle.be\/fr\/#website","url":"https:\/\/www.elle.be\/fr\/","name":"ELLE.be","description":"Toutes les infos mode, beaut\u00e9 et lifestyle les plus pointues ainsi qu&#039;un contenu 100% belge d\u00e9clin\u00e9 \u00e0 360\u00b0sur le site ELLE.be, nos r\u00e9seaux sociaux et notre cha\u00eene Youtube.","publisher":{"@id":"https:\/\/www.elle.be\/fr\/#organization"},"potentialAction":[{"@type":"SearchAction","target":{"@type":"EntryPoint","urlTemplate":"https:\/\/www.elle.be\/fr\/?s={search_term_string}"},"query-input":{"@type":"PropertyValueSpecification","valueRequired":true,"valueName":"search_term_string"}}],"inLanguage":"fr-FR"},{"@type":"Organization","@id":"https:\/\/www.elle.be\/fr\/#organization","name":"ELLE Belgique","url":"https:\/\/www.elle.be\/fr\/","logo":{"@type":"ImageObject","inLanguage":"fr-FR","@id":"https:\/\/www.elle.be\/fr\/#\/schema\/logo\/image\/","url":"https:\/\/www.elle.be\/fr\/wp-content\/uploads\/2017\/03\/elle-icon-200px.jpeg","contentUrl":"https:\/\/www.elle.be\/fr\/wp-content\/uploads\/2017\/03\/elle-icon-200px.jpeg","width":200,"height":200,"caption":"ELLE Belgique"},"image":{"@id":"https:\/\/www.elle.be\/fr\/#\/schema\/logo\/image\/"},"sameAs":["https:\/\/www.facebook.com\/ELLEbelgium\/","https:\/\/x.com\/ELLEBelgique","http:\/\/instagram.com\/ellebelgique\/","https:\/\/www.pinterest.com\/ellebelgique\/","https:\/\/www.youtube.com\/user\/ELLEbelgique1"]},{"@type":"Person","@id":"https:\/\/www.elle.be\/fr\/#\/schema\/person\/8b89debc51e6e673dd24d35d2609ab88","name":"Laura Lurquin","image":{"@type":"ImageObject","inLanguage":"fr-FR","@id":"https:\/\/secure.gravatar.com\/avatar\/ee2f2805071bd5f9e4b250b226c800958587603faba167b67783b9f3507b56ba?s=96&r=g","url":"https:\/\/secure.gravatar.com\/avatar\/ee2f2805071bd5f9e4b250b226c800958587603faba167b67783b9f3507b56ba?s=96&r=g","contentUrl":"https:\/\/secure.gravatar.com\/avatar\/ee2f2805071bd5f9e4b250b226c800958587603faba167b67783b9f3507b56ba?s=96&r=g","caption":"Laura Lurquin"},"sameAs":["https:\/\/www.instagram.com\/laura_lurquin\/"],"url":"https:\/\/www.elle.be\/fr\/author\/laura"}]}},"_links":{"self":[{"href":"https:\/\/www.elle.be\/fr\/wp-json\/wp\/v2\/posts\/270557","targetHints":{"allow":["GET"]}}],"collection":[{"href":"https:\/\/www.elle.be\/fr\/wp-json\/wp\/v2\/posts"}],"about":[{"href":"https:\/\/www.elle.be\/fr\/wp-json\/wp\/v2\/types\/post"}],"author":[{"embeddable":true,"href":"https:\/\/www.elle.be\/fr\/wp-json\/wp\/v2\/users\/96"}],"replies":[{"embeddable":true,"href":"https:\/\/www.elle.be\/fr\/wp-json\/wp\/v2\/comments?post=270557"}],"version-history":[{"count":8,"href":"https:\/\/www.elle.be\/fr\/wp-json\/wp\/v2\/posts\/270557\/revisions"}],"predecessor-version":[{"id":312492,"href":"https:\/\/www.elle.be\/fr\/wp-json\/wp\/v2\/posts\/270557\/revisions\/312492"}],"wp:featuredmedia":[{"embeddable":true,"href":"https:\/\/www.elle.be\/fr\/wp-json\/wp\/v2\/media\/270576"}],"wp:attachment":[{"href":"https:\/\/www.elle.be\/fr\/wp-json\/wp\/v2\/media?parent=270557"}],"wp:term":[{"taxonomy":"category","embeddable":true,"href":"https:\/\/www.elle.be\/fr\/wp-json\/wp\/v2\/categories?post=270557"},{"taxonomy":"post_tag","embeddable":true,"href":"https:\/\/www.elle.be\/fr\/wp-json\/wp\/v2\/tags?post=270557"}],"curies":[{"name":"wp","href":"https:\/\/api.w.org\/{rel}","templated":true}]}}