{"id":265055,"date":"2019-06-23T09:00:37","date_gmt":"2019-06-23T07:00:37","guid":{"rendered":"https:\/\/www.elle.be\/fr\/?p=265055"},"modified":"2019-06-24T13:44:35","modified_gmt":"2019-06-24T11:44:35","slug":"le-briff-organise-des-seances-de-cine-en-plein-air-gratuites-a-bruxelles-cet-ete","status":"publish","type":"post","link":"https:\/\/www.elle.be\/fr\/265055-le-briff-organise-des-seances-de-cine-en-plein-air-gratuites-a-bruxelles-cet-ete.html","title":{"rendered":"Le BRIFF organise des s\u00e9ances de cin\u00e9 en plein air gratuites \u00e0 Bruxelles cet \u00e9t\u00e9"},"content":{"rendered":"","protected":false},"excerpt":{"rendered":"Du 23 au 28 juin, le Brussels International Film Festival (BRIFF) revient pour une 2e \u00e9dition et organise des s\u00e9ances de cin\u00e9ma \u00e0 ciel ouvert en plein coeur de la capitale !\nEnvie de vous faire une toile \u00e0 la belle \u00e9toile ? En plus de ses projections en salle, de ses masterclass avec des invit\u00e9s qui tiennent le haut de l&#8217;affiche et de l&#8217;\u00e9motion \u00e0 gogo, le BRIFF organise \u00e9galement des s\u00e9ances de cin\u00e9 en plein air ! Et quand on check la m\u00e9t\u00e9o de la prochaine semaine, on se dit que le festival deviendra sans doute notre nouveau place to be !\nLe programme ?\nPour mettre tout le monde d&#8217;accord sur la programmation, le BRIFF a d\u00e9cid\u00e9 de mettre la prise de risque de c\u00f4t\u00e9 au profit de 5 films cultes.","protected":false},"author":73,"featured_media":265063,"comment_status":"open","ping_status":"closed","sticky":false,"template":"","format":"standard","meta":{"_acf_changed":false,"footnotes":""},"categories":[1186,2219],"tags":[49,303,470,2313,3028],"class_list":["post-265055","post","type-post","status-publish","format-standard","has-post-thumbnail","hentry","category-actu","category-culture","tag-bruxelles","tag-culture","tag-cinema","tag-actu","tag-cine"],"acf":[],"image_verticale":"","_yoast_wpseo_title":null,"_yoast_wpseo_metadesc":"Du 23 au 28 juin, le Brussels International FIlm Festival organise des s\u00e9ances de cin\u00e9ma \u00e0 ciel ouvert en plein coeur de la capitale !\u00a0","_yoast_wpseo_focuskw_text_input":null,"_yoast_wpseo_opengraph-title":null,"yoast_head":"<!-- This site is optimized with the Yoast SEO plugin v27.4 - https:\/\/yoast.com\/product\/yoast-seo-wordpress\/ -->\n<title>Le BRIFF organise des s\u00e9ances de cin\u00e9 en plein air gratuites \u00e0 Bruxelles cet \u00e9t\u00e9 - ELLE.be<\/title>\n<meta name=\"description\" content=\"Du 23 au 28 juin, le Brussels International FIlm Festival organise des s\u00e9ances de cin\u00e9ma \u00e0 ciel ouvert en plein coeur de la capitale !\u00a0\" \/>\n<meta name=\"robots\" content=\"index, follow, max-snippet:-1, max-image-preview:large, max-video-preview:-1\" \/>\n<link rel=\"canonical\" href=\"https:\/\/www.elle.be\/fr\/265055-le-briff-organise-des-seances-de-cine-en-plein-air-gratuites-a-bruxelles-cet-ete.html\" \/>\n<meta property=\"og:locale\" content=\"fr_FR\" \/>\n<meta property=\"og:type\" content=\"article\" \/>\n<meta property=\"og:title\" content=\"Le BRIFF organise des s\u00e9ances de cin\u00e9 en plein air gratuites \u00e0 Bruxelles cet \u00e9t\u00e9 - ELLE.be\" \/>\n<meta property=\"og:description\" content=\"Du 23 au 28 juin, le Brussels International FIlm Festival organise des s\u00e9ances de cin\u00e9ma \u00e0 ciel ouvert en plein coeur de la capitale !\u00a0\" \/>\n<meta property=\"og:url\" content=\"https:\/\/www.elle.be\/fr\/265055-le-briff-organise-des-seances-de-cine-en-plein-air-gratuites-a-bruxelles-cet-ete.html\" \/>\n<meta property=\"og:site_name\" content=\"ELLE.be\" \/>\n<meta property=\"article:publisher\" content=\"https:\/\/www.facebook.com\/ELLEbelgium\/\" \/>\n<meta property=\"article:published_time\" content=\"2019-06-23T07:00:37+00:00\" \/>\n<meta property=\"article:modified_time\" content=\"2019-06-24T11:44:35+00:00\" \/>\n<meta property=\"og:image\" content=\"https:\/\/www.elle.be\/fr\/wp-content\/uploads\/2019\/06\/ellebelgique_cover_cinemaouvert.jpg\" \/>\n\t<meta property=\"og:image:width\" content=\"1200\" \/>\n\t<meta property=\"og:image:height\" content=\"628\" \/>\n\t<meta property=\"og:image:type\" content=\"image\/jpeg\" \/>\n<meta name=\"author\" content=\"Elo\u00efse Pirard\" \/>\n<meta name=\"twitter:card\" content=\"summary_large_image\" \/>\n<meta name=\"twitter:creator\" content=\"@ELLEBelgique\" \/>\n<meta name=\"twitter:site\" content=\"@ELLEBelgique\" \/>\n<meta name=\"twitter:label1\" content=\"\u00c9crit par\" \/>\n\t<meta name=\"twitter:data1\" content=\"Elo\u00efse Pirard\" \/>\n\t<meta name=\"twitter:label2\" content=\"Dur\u00e9e de lecture estim\u00e9e\" \/>\n\t<meta name=\"twitter:data2\" content=\"2 minutes\" \/>\n<script type=\"application\/ld+json\" class=\"yoast-schema-graph\">{\"@context\":\"https:\\\/\\\/schema.org\",\"@graph\":[{\"@type\":\"NewsArticle\",\"@id\":\"https:\\\/\\\/www.elle.be\\\/fr\\\/265055-le-briff-organise-des-seances-de-cine-en-plein-air-gratuites-a-bruxelles-cet-ete.html#article\",\"isPartOf\":{\"@id\":\"https:\\\/\\\/www.elle.be\\\/fr\\\/265055-le-briff-organise-des-seances-de-cine-en-plein-air-gratuites-a-bruxelles-cet-ete.html\"},\"author\":{\"name\":\"Elo\u00efse Pirard\",\"@id\":\"https:\\\/\\\/www.elle.be\\\/fr\\\/#\\\/schema\\\/person\\\/a2360849a8a4d85c4dcf46c649a8116c\"},\"headline\":\"Le BRIFF organise des s\u00e9ances de cin\u00e9 en plein air gratuites \u00e0 Bruxelles cet \u00e9t\u00e9\",\"datePublished\":\"2019-06-23T07:00:37+00:00\",\"dateModified\":\"2019-06-24T11:44:35+00:00\",\"mainEntityOfPage\":{\"@id\":\"https:\\\/\\\/www.elle.be\\\/fr\\\/265055-le-briff-organise-des-seances-de-cine-en-plein-air-gratuites-a-bruxelles-cet-ete.html\"},\"wordCount\":470,\"commentCount\":0,\"publisher\":{\"@id\":\"https:\\\/\\\/www.elle.be\\\/fr\\\/#organization\"},\"image\":{\"@id\":\"https:\\\/\\\/www.elle.be\\\/fr\\\/265055-le-briff-organise-des-seances-de-cine-en-plein-air-gratuites-a-bruxelles-cet-ete.html#primaryimage\"},\"thumbnailUrl\":\"https:\\\/\\\/www.elle.be\\\/fr\\\/wp-content\\\/uploads\\\/2019\\\/06\\\/ellebelgique_cover_cinemaouvert.jpg\",\"keywords\":[\"bruxelles\",\"culture\",\"cinema\",\"actu\",\"cin\u00e9\"],\"articleSection\":[\"Actu\",\"Culture\"],\"inLanguage\":\"fr-FR\",\"potentialAction\":[{\"@type\":\"CommentAction\",\"name\":\"Comment\",\"target\":[\"https:\\\/\\\/www.elle.be\\\/fr\\\/265055-le-briff-organise-des-seances-de-cine-en-plein-air-gratuites-a-bruxelles-cet-ete.html#respond\"]}]},{\"@type\":\"WebPage\",\"@id\":\"https:\\\/\\\/www.elle.be\\\/fr\\\/265055-le-briff-organise-des-seances-de-cine-en-plein-air-gratuites-a-bruxelles-cet-ete.html\",\"url\":\"https:\\\/\\\/www.elle.be\\\/fr\\\/265055-le-briff-organise-des-seances-de-cine-en-plein-air-gratuites-a-bruxelles-cet-ete.html\",\"name\":\"Le BRIFF organise des s\u00e9ances de cin\u00e9 en plein air gratuites \u00e0 Bruxelles cet \u00e9t\u00e9 - ELLE.be\",\"isPartOf\":{\"@id\":\"https:\\\/\\\/www.elle.be\\\/fr\\\/#website\"},\"primaryImageOfPage\":{\"@id\":\"https:\\\/\\\/www.elle.be\\\/fr\\\/265055-le-briff-organise-des-seances-de-cine-en-plein-air-gratuites-a-bruxelles-cet-ete.html#primaryimage\"},\"image\":{\"@id\":\"https:\\\/\\\/www.elle.be\\\/fr\\\/265055-le-briff-organise-des-seances-de-cine-en-plein-air-gratuites-a-bruxelles-cet-ete.html#primaryimage\"},\"thumbnailUrl\":\"https:\\\/\\\/www.elle.be\\\/fr\\\/wp-content\\\/uploads\\\/2019\\\/06\\\/ellebelgique_cover_cinemaouvert.jpg\",\"datePublished\":\"2019-06-23T07:00:37+00:00\",\"dateModified\":\"2019-06-24T11:44:35+00:00\",\"description\":\"Du 23 au 28 juin, le Brussels International FIlm Festival organise des s\u00e9ances de cin\u00e9ma \u00e0 ciel ouvert en plein coeur de la capitale !\u00a0\",\"breadcrumb\":{\"@id\":\"https:\\\/\\\/www.elle.be\\\/fr\\\/265055-le-briff-organise-des-seances-de-cine-en-plein-air-gratuites-a-bruxelles-cet-ete.html#breadcrumb\"},\"inLanguage\":\"fr-FR\",\"potentialAction\":[{\"@type\":\"ReadAction\",\"target\":[\"https:\\\/\\\/www.elle.be\\\/fr\\\/265055-le-briff-organise-des-seances-de-cine-en-plein-air-gratuites-a-bruxelles-cet-ete.html\"]}]},{\"@type\":\"ImageObject\",\"inLanguage\":\"fr-FR\",\"@id\":\"https:\\\/\\\/www.elle.be\\\/fr\\\/265055-le-briff-organise-des-seances-de-cine-en-plein-air-gratuites-a-bruxelles-cet-ete.html#primaryimage\",\"url\":\"https:\\\/\\\/www.elle.be\\\/fr\\\/wp-content\\\/uploads\\\/2019\\\/06\\\/ellebelgique_cover_cinemaouvert.jpg\",\"contentUrl\":\"https:\\\/\\\/www.elle.be\\\/fr\\\/wp-content\\\/uploads\\\/2019\\\/06\\\/ellebelgique_cover_cinemaouvert.jpg\",\"width\":1200,\"height\":628,\"caption\":\"Getty Images\"},{\"@type\":\"BreadcrumbList\",\"@id\":\"https:\\\/\\\/www.elle.be\\\/fr\\\/265055-le-briff-organise-des-seances-de-cine-en-plein-air-gratuites-a-bruxelles-cet-ete.html#breadcrumb\",\"itemListElement\":[{\"@type\":\"ListItem\",\"position\":1,\"name\":\"FR\",\"item\":\"https:\\\/\\\/www.elle.be\\\/fr\"},{\"@type\":\"ListItem\",\"position\":2,\"name\":\"Actu\",\"item\":\"https:\\\/\\\/www.elle.be\\\/fr\\\/actu\"},{\"@type\":\"ListItem\",\"position\":3,\"name\":\"Le BRIFF organise des s\u00e9ances de cin\u00e9 en plein air gratuites \u00e0 Bruxelles cet \u00e9t\u00e9\"}]},{\"@type\":\"WebSite\",\"@id\":\"https:\\\/\\\/www.elle.be\\\/fr\\\/#website\",\"url\":\"https:\\\/\\\/www.elle.be\\\/fr\\\/\",\"name\":\"ELLE.be\",\"description\":\"Toutes les infos mode, beaut\u00e9 et lifestyle les plus pointues ainsi qu&#039;un contenu 100% belge d\u00e9clin\u00e9 \u00e0 360\u00b0sur le site ELLE.be, nos r\u00e9seaux sociaux et notre cha\u00eene Youtube.\",\"publisher\":{\"@id\":\"https:\\\/\\\/www.elle.be\\\/fr\\\/#organization\"},\"potentialAction\":[{\"@type\":\"SearchAction\",\"target\":{\"@type\":\"EntryPoint\",\"urlTemplate\":\"https:\\\/\\\/www.elle.be\\\/fr\\\/?s={search_term_string}\"},\"query-input\":{\"@type\":\"PropertyValueSpecification\",\"valueRequired\":true,\"valueName\":\"search_term_string\"}}],\"inLanguage\":\"fr-FR\"},{\"@type\":\"Organization\",\"@id\":\"https:\\\/\\\/www.elle.be\\\/fr\\\/#organization\",\"name\":\"ELLE Belgique\",\"url\":\"https:\\\/\\\/www.elle.be\\\/fr\\\/\",\"logo\":{\"@type\":\"ImageObject\",\"inLanguage\":\"fr-FR\",\"@id\":\"https:\\\/\\\/www.elle.be\\\/fr\\\/#\\\/schema\\\/logo\\\/image\\\/\",\"url\":\"https:\\\/\\\/www.elle.be\\\/fr\\\/wp-content\\\/uploads\\\/2017\\\/03\\\/elle-icon-200px.jpeg\",\"contentUrl\":\"https:\\\/\\\/www.elle.be\\\/fr\\\/wp-content\\\/uploads\\\/2017\\\/03\\\/elle-icon-200px.jpeg\",\"width\":200,\"height\":200,\"caption\":\"ELLE Belgique\"},\"image\":{\"@id\":\"https:\\\/\\\/www.elle.be\\\/fr\\\/#\\\/schema\\\/logo\\\/image\\\/\"},\"sameAs\":[\"https:\\\/\\\/www.facebook.com\\\/ELLEbelgium\\\/\",\"https:\\\/\\\/x.com\\\/ELLEBelgique\",\"http:\\\/\\\/instagram.com\\\/ellebelgique\\\/\",\"https:\\\/\\\/www.pinterest.com\\\/ellebelgique\\\/\",\"https:\\\/\\\/www.youtube.com\\\/user\\\/ELLEbelgique1\"]},{\"@type\":\"Person\",\"@id\":\"https:\\\/\\\/www.elle.be\\\/fr\\\/#\\\/schema\\\/person\\\/a2360849a8a4d85c4dcf46c649a8116c\",\"name\":\"Elo\u00efse Pirard\",\"image\":{\"@type\":\"ImageObject\",\"inLanguage\":\"fr-FR\",\"@id\":\"https:\\\/\\\/www.elle.be\\\/fr\\\/wp-content\\\/uploads\\\/2018\\\/02\\\/eloise-150x150.jpg\",\"url\":\"https:\\\/\\\/www.elle.be\\\/fr\\\/wp-content\\\/uploads\\\/2018\\\/02\\\/eloise-150x150.jpg\",\"contentUrl\":\"https:\\\/\\\/www.elle.be\\\/fr\\\/wp-content\\\/uploads\\\/2018\\\/02\\\/eloise-150x150.jpg\",\"caption\":\"Elo\u00efse Pirard\"},\"url\":\"https:\\\/\\\/www.elle.be\\\/fr\\\/author\\\/eloise\"}]}<\/script>\n<!-- \/ Yoast SEO plugin. -->","yoast_head_json":{"title":"Le BRIFF organise des s\u00e9ances de cin\u00e9 en plein air gratuites \u00e0 Bruxelles cet \u00e9t\u00e9 - ELLE.be","description":"Du 23 au 28 juin, le Brussels International FIlm Festival organise des s\u00e9ances de cin\u00e9ma \u00e0 ciel ouvert en plein coeur de la capitale !\u00a0","robots":{"index":"index","follow":"follow","max-snippet":"max-snippet:-1","max-image-preview":"max-image-preview:large","max-video-preview":"max-video-preview:-1"},"canonical":"https:\/\/www.elle.be\/fr\/265055-le-briff-organise-des-seances-de-cine-en-plein-air-gratuites-a-bruxelles-cet-ete.html","og_locale":"fr_FR","og_type":"article","og_title":"Le BRIFF organise des s\u00e9ances de cin\u00e9 en plein air gratuites \u00e0 Bruxelles cet \u00e9t\u00e9 - ELLE.be","og_description":"Du 23 au 28 juin, le Brussels International FIlm Festival organise des s\u00e9ances de cin\u00e9ma \u00e0 ciel ouvert en plein coeur de la capitale !\u00a0","og_url":"https:\/\/www.elle.be\/fr\/265055-le-briff-organise-des-seances-de-cine-en-plein-air-gratuites-a-bruxelles-cet-ete.html","og_site_name":"ELLE.be","article_publisher":"https:\/\/www.facebook.com\/ELLEbelgium\/","article_published_time":"2019-06-23T07:00:37+00:00","article_modified_time":"2019-06-24T11:44:35+00:00","og_image":[{"width":1200,"height":628,"url":"https:\/\/www.elle.be\/fr\/wp-content\/uploads\/2019\/06\/ellebelgique_cover_cinemaouvert.jpg","type":"image\/jpeg"}],"author":"Elo\u00efse Pirard","twitter_card":"summary_large_image","twitter_creator":"@ELLEBelgique","twitter_site":"@ELLEBelgique","twitter_misc":{"\u00c9crit par":"Elo\u00efse Pirard","Dur\u00e9e de lecture estim\u00e9e":"2 minutes"},"schema":{"@context":"https:\/\/schema.org","@graph":[{"@type":"NewsArticle","@id":"https:\/\/www.elle.be\/fr\/265055-le-briff-organise-des-seances-de-cine-en-plein-air-gratuites-a-bruxelles-cet-ete.html#article","isPartOf":{"@id":"https:\/\/www.elle.be\/fr\/265055-le-briff-organise-des-seances-de-cine-en-plein-air-gratuites-a-bruxelles-cet-ete.html"},"author":{"name":"Elo\u00efse Pirard","@id":"https:\/\/www.elle.be\/fr\/#\/schema\/person\/a2360849a8a4d85c4dcf46c649a8116c"},"headline":"Le BRIFF organise des s\u00e9ances de cin\u00e9 en plein air gratuites \u00e0 Bruxelles cet \u00e9t\u00e9","datePublished":"2019-06-23T07:00:37+00:00","dateModified":"2019-06-24T11:44:35+00:00","mainEntityOfPage":{"@id":"https:\/\/www.elle.be\/fr\/265055-le-briff-organise-des-seances-de-cine-en-plein-air-gratuites-a-bruxelles-cet-ete.html"},"wordCount":470,"commentCount":0,"publisher":{"@id":"https:\/\/www.elle.be\/fr\/#organization"},"image":{"@id":"https:\/\/www.elle.be\/fr\/265055-le-briff-organise-des-seances-de-cine-en-plein-air-gratuites-a-bruxelles-cet-ete.html#primaryimage"},"thumbnailUrl":"https:\/\/www.elle.be\/fr\/wp-content\/uploads\/2019\/06\/ellebelgique_cover_cinemaouvert.jpg","keywords":["bruxelles","culture","cinema","actu","cin\u00e9"],"articleSection":["Actu","Culture"],"inLanguage":"fr-FR","potentialAction":[{"@type":"CommentAction","name":"Comment","target":["https:\/\/www.elle.be\/fr\/265055-le-briff-organise-des-seances-de-cine-en-plein-air-gratuites-a-bruxelles-cet-ete.html#respond"]}]},{"@type":"WebPage","@id":"https:\/\/www.elle.be\/fr\/265055-le-briff-organise-des-seances-de-cine-en-plein-air-gratuites-a-bruxelles-cet-ete.html","url":"https:\/\/www.elle.be\/fr\/265055-le-briff-organise-des-seances-de-cine-en-plein-air-gratuites-a-bruxelles-cet-ete.html","name":"Le BRIFF organise des s\u00e9ances de cin\u00e9 en plein air gratuites \u00e0 Bruxelles cet \u00e9t\u00e9 - ELLE.be","isPartOf":{"@id":"https:\/\/www.elle.be\/fr\/#website"},"primaryImageOfPage":{"@id":"https:\/\/www.elle.be\/fr\/265055-le-briff-organise-des-seances-de-cine-en-plein-air-gratuites-a-bruxelles-cet-ete.html#primaryimage"},"image":{"@id":"https:\/\/www.elle.be\/fr\/265055-le-briff-organise-des-seances-de-cine-en-plein-air-gratuites-a-bruxelles-cet-ete.html#primaryimage"},"thumbnailUrl":"https:\/\/www.elle.be\/fr\/wp-content\/uploads\/2019\/06\/ellebelgique_cover_cinemaouvert.jpg","datePublished":"2019-06-23T07:00:37+00:00","dateModified":"2019-06-24T11:44:35+00:00","description":"Du 23 au 28 juin, le Brussels International FIlm Festival organise des s\u00e9ances de cin\u00e9ma \u00e0 ciel ouvert en plein coeur de la capitale !\u00a0","breadcrumb":{"@id":"https:\/\/www.elle.be\/fr\/265055-le-briff-organise-des-seances-de-cine-en-plein-air-gratuites-a-bruxelles-cet-ete.html#breadcrumb"},"inLanguage":"fr-FR","potentialAction":[{"@type":"ReadAction","target":["https:\/\/www.elle.be\/fr\/265055-le-briff-organise-des-seances-de-cine-en-plein-air-gratuites-a-bruxelles-cet-ete.html"]}]},{"@type":"ImageObject","inLanguage":"fr-FR","@id":"https:\/\/www.elle.be\/fr\/265055-le-briff-organise-des-seances-de-cine-en-plein-air-gratuites-a-bruxelles-cet-ete.html#primaryimage","url":"https:\/\/www.elle.be\/fr\/wp-content\/uploads\/2019\/06\/ellebelgique_cover_cinemaouvert.jpg","contentUrl":"https:\/\/www.elle.be\/fr\/wp-content\/uploads\/2019\/06\/ellebelgique_cover_cinemaouvert.jpg","width":1200,"height":628,"caption":"Getty Images"},{"@type":"BreadcrumbList","@id":"https:\/\/www.elle.be\/fr\/265055-le-briff-organise-des-seances-de-cine-en-plein-air-gratuites-a-bruxelles-cet-ete.html#breadcrumb","itemListElement":[{"@type":"ListItem","position":1,"name":"FR","item":"https:\/\/www.elle.be\/fr"},{"@type":"ListItem","position":2,"name":"Actu","item":"https:\/\/www.elle.be\/fr\/actu"},{"@type":"ListItem","position":3,"name":"Le BRIFF organise des s\u00e9ances de cin\u00e9 en plein air gratuites \u00e0 Bruxelles cet \u00e9t\u00e9"}]},{"@type":"WebSite","@id":"https:\/\/www.elle.be\/fr\/#website","url":"https:\/\/www.elle.be\/fr\/","name":"ELLE.be","description":"Toutes les infos mode, beaut\u00e9 et lifestyle les plus pointues ainsi qu&#039;un contenu 100% belge d\u00e9clin\u00e9 \u00e0 360\u00b0sur le site ELLE.be, nos r\u00e9seaux sociaux et notre cha\u00eene Youtube.","publisher":{"@id":"https:\/\/www.elle.be\/fr\/#organization"},"potentialAction":[{"@type":"SearchAction","target":{"@type":"EntryPoint","urlTemplate":"https:\/\/www.elle.be\/fr\/?s={search_term_string}"},"query-input":{"@type":"PropertyValueSpecification","valueRequired":true,"valueName":"search_term_string"}}],"inLanguage":"fr-FR"},{"@type":"Organization","@id":"https:\/\/www.elle.be\/fr\/#organization","name":"ELLE Belgique","url":"https:\/\/www.elle.be\/fr\/","logo":{"@type":"ImageObject","inLanguage":"fr-FR","@id":"https:\/\/www.elle.be\/fr\/#\/schema\/logo\/image\/","url":"https:\/\/www.elle.be\/fr\/wp-content\/uploads\/2017\/03\/elle-icon-200px.jpeg","contentUrl":"https:\/\/www.elle.be\/fr\/wp-content\/uploads\/2017\/03\/elle-icon-200px.jpeg","width":200,"height":200,"caption":"ELLE Belgique"},"image":{"@id":"https:\/\/www.elle.be\/fr\/#\/schema\/logo\/image\/"},"sameAs":["https:\/\/www.facebook.com\/ELLEbelgium\/","https:\/\/x.com\/ELLEBelgique","http:\/\/instagram.com\/ellebelgique\/","https:\/\/www.pinterest.com\/ellebelgique\/","https:\/\/www.youtube.com\/user\/ELLEbelgique1"]},{"@type":"Person","@id":"https:\/\/www.elle.be\/fr\/#\/schema\/person\/a2360849a8a4d85c4dcf46c649a8116c","name":"Elo\u00efse Pirard","image":{"@type":"ImageObject","inLanguage":"fr-FR","@id":"https:\/\/www.elle.be\/fr\/wp-content\/uploads\/2018\/02\/eloise-150x150.jpg","url":"https:\/\/www.elle.be\/fr\/wp-content\/uploads\/2018\/02\/eloise-150x150.jpg","contentUrl":"https:\/\/www.elle.be\/fr\/wp-content\/uploads\/2018\/02\/eloise-150x150.jpg","caption":"Elo\u00efse Pirard"},"url":"https:\/\/www.elle.be\/fr\/author\/eloise"}]}},"_links":{"self":[{"href":"https:\/\/www.elle.be\/fr\/wp-json\/wp\/v2\/posts\/265055","targetHints":{"allow":["GET"]}}],"collection":[{"href":"https:\/\/www.elle.be\/fr\/wp-json\/wp\/v2\/posts"}],"about":[{"href":"https:\/\/www.elle.be\/fr\/wp-json\/wp\/v2\/types\/post"}],"author":[{"embeddable":true,"href":"https:\/\/www.elle.be\/fr\/wp-json\/wp\/v2\/users\/73"}],"replies":[{"embeddable":true,"href":"https:\/\/www.elle.be\/fr\/wp-json\/wp\/v2\/comments?post=265055"}],"version-history":[{"count":4,"href":"https:\/\/www.elle.be\/fr\/wp-json\/wp\/v2\/posts\/265055\/revisions"}],"predecessor-version":[{"id":265219,"href":"https:\/\/www.elle.be\/fr\/wp-json\/wp\/v2\/posts\/265055\/revisions\/265219"}],"wp:featuredmedia":[{"embeddable":true,"href":"https:\/\/www.elle.be\/fr\/wp-json\/wp\/v2\/media\/265063"}],"wp:attachment":[{"href":"https:\/\/www.elle.be\/fr\/wp-json\/wp\/v2\/media?parent=265055"}],"wp:term":[{"taxonomy":"category","embeddable":true,"href":"https:\/\/www.elle.be\/fr\/wp-json\/wp\/v2\/categories?post=265055"},{"taxonomy":"post_tag","embeddable":true,"href":"https:\/\/www.elle.be\/fr\/wp-json\/wp\/v2\/tags?post=265055"}],"curies":[{"name":"wp","href":"https:\/\/api.w.org\/{rel}","templated":true}]}}