{"id":262787,"date":"2019-07-05T16:01:26","date_gmt":"2019-07-05T14:01:26","guid":{"rendered":"https:\/\/www.elle.be\/fr\/?p=262787"},"modified":"2020-12-10T13:30:00","modified_gmt":"2020-12-10T12:30:00","slug":"un-site-de-mobilier-en-ligne-qui-fait-lunanimite","status":"publish","type":"post","link":"https:\/\/www.elle.be\/fr\/262787-un-site-de-mobilier-en-ligne-qui-fait-lunanimite.html","title":{"rendered":"Matelpro : le mobilier en ligne de qualit\u00e9"},"content":{"rendered":"","protected":false},"excerpt":{"rendered":"Design, vintage, nature ou contemporain\u2026 pour pimper votre nid d\u2019amour sans levez le petit doigt (mais plut\u00f4t l\u2019index), optez pour la qualit\u00e9 et la facilit\u00e9 de livraison des meubles Matelpro.","protected":false},"author":47,"featured_media":265229,"comment_status":"open","ping_status":"closed","sticky":false,"template":"","format":"standard","meta":{"_acf_changed":false,"footnotes":""},"categories":[3270,3269],"tags":[1416,840],"class_list":["post-262787","post","type-post","status-publish","format-standard","has-post-thumbnail","hentry","category-tendances-deco","category-elle-decoration","tag-decoration","tag-mobilier"],"acf":[],"image_verticale":"265228","_yoast_wpseo_title":"O\u00f9 acheter des meubles contemporains en ligne ? %%page%% %%sep%% %%sitename%%","_yoast_wpseo_metadesc":"\u00a0Depuis 2007, Matelpro am\u00e9nage espaces de vie, commerces ou bureaux partout dans le nord de l\u2019Europe. Aussi, le site propose un espace \u00ab\u00a0Destockage\u00a0\u00bb permanent qui permet au plus \u00e9conome de faire de v\u00e9ritables bonnes affaires. %%page%%","_yoast_wpseo_focuskw_text_input":null,"_yoast_wpseo_opengraph-title":"Matelpro : le mobilier en ligne de qualit\u00e9","yoast_head":"<!-- This site is optimized with the Yoast SEO plugin v27.4 - https:\/\/yoast.com\/product\/yoast-seo-wordpress\/ -->\n<title>O\u00f9 acheter des meubles contemporains en ligne ? - ELLE.be<\/title>\n<meta name=\"description\" content=\"\u00a0Depuis 2007, Matelpro am\u00e9nage espaces de vie, commerces ou bureaux partout dans le nord de l\u2019Europe. Aussi, le site propose un espace \u00ab\u00a0Destockage\u00a0\u00bb permanent qui permet au plus \u00e9conome de faire de v\u00e9ritables bonnes affaires.\" \/>\n<meta name=\"robots\" content=\"index, follow, max-snippet:-1, max-image-preview:large, max-video-preview:-1\" \/>\n<link rel=\"canonical\" href=\"https:\/\/www.elle.be\/fr\/262787-un-site-de-mobilier-en-ligne-qui-fait-lunanimite.html\" \/>\n<meta property=\"og:locale\" content=\"fr_FR\" \/>\n<meta property=\"og:type\" content=\"article\" \/>\n<meta property=\"og:title\" content=\"Matelpro : le mobilier en ligne de qualit\u00e9\" \/>\n<meta property=\"og:description\" content=\"\u00a0Depuis 2007, Matelpro am\u00e9nage espaces de vie, commerces ou bureaux partout dans le nord de l\u2019Europe. Aussi, le site propose un espace \u00ab\u00a0Destockage\u00a0\u00bb permanent qui permet au plus \u00e9conome de faire de v\u00e9ritables bonnes affaires.\" \/>\n<meta property=\"og:url\" content=\"https:\/\/www.elle.be\/fr\/262787-un-site-de-mobilier-en-ligne-qui-fait-lunanimite.html\" \/>\n<meta property=\"og:site_name\" content=\"ELLE.be\" \/>\n<meta property=\"article:publisher\" content=\"https:\/\/www.facebook.com\/ELLEbelgium\/\" \/>\n<meta property=\"article:published_time\" content=\"2019-07-05T14:01:26+00:00\" \/>\n<meta property=\"article:modified_time\" content=\"2020-12-10T12:30:00+00:00\" \/>\n<meta property=\"og:image\" content=\"https:\/\/www.elle.be\/fr\/wp-content\/uploads\/2015\/06\/matelpro_1200x628-1.jpg\" \/>\n\t<meta property=\"og:image:width\" content=\"1200\" \/>\n\t<meta property=\"og:image:height\" content=\"628\" \/>\n\t<meta property=\"og:image:type\" content=\"image\/jpeg\" \/>\n<meta name=\"author\" content=\"ELLE Partenaire\" \/>\n<meta name=\"twitter:card\" content=\"summary_large_image\" \/>\n<meta name=\"twitter:creator\" content=\"@ELLEBelgique\" \/>\n<meta name=\"twitter:site\" content=\"@ELLEBelgique\" \/>\n<meta name=\"twitter:label1\" content=\"\u00c9crit par\" \/>\n\t<meta name=\"twitter:data1\" content=\"ELLE Partenaire\" \/>\n\t<meta name=\"twitter:label2\" content=\"Dur\u00e9e de lecture estim\u00e9e\" \/>\n\t<meta name=\"twitter:data2\" content=\"3 minutes\" \/>\n<script type=\"application\/ld+json\" class=\"yoast-schema-graph\">{\"@context\":\"https:\\\/\\\/schema.org\",\"@graph\":[{\"@type\":\"NewsArticle\",\"@id\":\"https:\\\/\\\/www.elle.be\\\/fr\\\/262787-un-site-de-mobilier-en-ligne-qui-fait-lunanimite.html#article\",\"isPartOf\":{\"@id\":\"https:\\\/\\\/www.elle.be\\\/fr\\\/262787-un-site-de-mobilier-en-ligne-qui-fait-lunanimite.html\"},\"author\":{\"name\":\"ELLE Partenaire\",\"@id\":\"https:\\\/\\\/www.elle.be\\\/fr\\\/#\\\/schema\\\/person\\\/2c7693f13ee3d4992850ec2ff033c586\"},\"headline\":\"Matelpro : le mobilier en ligne de qualit\u00e9\",\"datePublished\":\"2019-07-05T14:01:26+00:00\",\"dateModified\":\"2020-12-10T12:30:00+00:00\",\"mainEntityOfPage\":{\"@id\":\"https:\\\/\\\/www.elle.be\\\/fr\\\/262787-un-site-de-mobilier-en-ligne-qui-fait-lunanimite.html\"},\"wordCount\":536,\"commentCount\":0,\"publisher\":{\"@id\":\"https:\\\/\\\/www.elle.be\\\/fr\\\/#organization\"},\"image\":{\"@id\":\"https:\\\/\\\/www.elle.be\\\/fr\\\/262787-un-site-de-mobilier-en-ligne-qui-fait-lunanimite.html#primaryimage\"},\"thumbnailUrl\":\"https:\\\/\\\/www.elle.be\\\/fr\\\/wp-content\\\/uploads\\\/2015\\\/06\\\/matelpro_1200x628-1.jpg\",\"keywords\":[\"d\u00e9coration\",\"mobilier\"],\"articleSection\":[\"Tendances D\u00e9co\",\"ELLE d\u00e9coration\"],\"inLanguage\":\"fr-FR\",\"potentialAction\":[{\"@type\":\"CommentAction\",\"name\":\"Comment\",\"target\":[\"https:\\\/\\\/www.elle.be\\\/fr\\\/262787-un-site-de-mobilier-en-ligne-qui-fait-lunanimite.html#respond\"]}]},{\"@type\":\"WebPage\",\"@id\":\"https:\\\/\\\/www.elle.be\\\/fr\\\/262787-un-site-de-mobilier-en-ligne-qui-fait-lunanimite.html\",\"url\":\"https:\\\/\\\/www.elle.be\\\/fr\\\/262787-un-site-de-mobilier-en-ligne-qui-fait-lunanimite.html\",\"name\":\"O\u00f9 acheter des meubles contemporains en ligne ? - ELLE.be\",\"isPartOf\":{\"@id\":\"https:\\\/\\\/www.elle.be\\\/fr\\\/#website\"},\"primaryImageOfPage\":{\"@id\":\"https:\\\/\\\/www.elle.be\\\/fr\\\/262787-un-site-de-mobilier-en-ligne-qui-fait-lunanimite.html#primaryimage\"},\"image\":{\"@id\":\"https:\\\/\\\/www.elle.be\\\/fr\\\/262787-un-site-de-mobilier-en-ligne-qui-fait-lunanimite.html#primaryimage\"},\"thumbnailUrl\":\"https:\\\/\\\/www.elle.be\\\/fr\\\/wp-content\\\/uploads\\\/2015\\\/06\\\/matelpro_1200x628-1.jpg\",\"datePublished\":\"2019-07-05T14:01:26+00:00\",\"dateModified\":\"2020-12-10T12:30:00+00:00\",\"description\":\"\u00a0Depuis 2007, Matelpro am\u00e9nage espaces de vie, commerces ou bureaux partout dans le nord de l\u2019Europe. Aussi, le site propose un espace \u00ab\u00a0Destockage\u00a0\u00bb permanent qui permet au plus \u00e9conome de faire de v\u00e9ritables bonnes affaires.\",\"breadcrumb\":{\"@id\":\"https:\\\/\\\/www.elle.be\\\/fr\\\/262787-un-site-de-mobilier-en-ligne-qui-fait-lunanimite.html#breadcrumb\"},\"inLanguage\":\"fr-FR\",\"potentialAction\":[{\"@type\":\"ReadAction\",\"target\":[\"https:\\\/\\\/www.elle.be\\\/fr\\\/262787-un-site-de-mobilier-en-ligne-qui-fait-lunanimite.html\"]}]},{\"@type\":\"ImageObject\",\"inLanguage\":\"fr-FR\",\"@id\":\"https:\\\/\\\/www.elle.be\\\/fr\\\/262787-un-site-de-mobilier-en-ligne-qui-fait-lunanimite.html#primaryimage\",\"url\":\"https:\\\/\\\/www.elle.be\\\/fr\\\/wp-content\\\/uploads\\\/2015\\\/06\\\/matelpro_1200x628-1.jpg\",\"contentUrl\":\"https:\\\/\\\/www.elle.be\\\/fr\\\/wp-content\\\/uploads\\\/2015\\\/06\\\/matelpro_1200x628-1.jpg\",\"width\":1200,\"height\":628,\"caption\":\"ellematelpro\"},{\"@type\":\"BreadcrumbList\",\"@id\":\"https:\\\/\\\/www.elle.be\\\/fr\\\/262787-un-site-de-mobilier-en-ligne-qui-fait-lunanimite.html#breadcrumb\",\"itemListElement\":[{\"@type\":\"ListItem\",\"position\":1,\"name\":\"FR\",\"item\":\"https:\\\/\\\/www.elle.be\\\/fr\"},{\"@type\":\"ListItem\",\"position\":2,\"name\":\"ELLE d\u00e9coration\",\"item\":\"https:\\\/\\\/www.elle.be\\\/fr\\\/elle-decoration\"},{\"@type\":\"ListItem\",\"position\":3,\"name\":\"Matelpro : le mobilier en ligne de qualit\u00e9\"}]},{\"@type\":\"WebSite\",\"@id\":\"https:\\\/\\\/www.elle.be\\\/fr\\\/#website\",\"url\":\"https:\\\/\\\/www.elle.be\\\/fr\\\/\",\"name\":\"ELLE.be\",\"description\":\"Toutes les infos mode, beaut\u00e9 et lifestyle les plus pointues ainsi qu&#039;un contenu 100% belge d\u00e9clin\u00e9 \u00e0 360\u00b0sur le site ELLE.be, nos r\u00e9seaux sociaux et notre cha\u00eene Youtube.\",\"publisher\":{\"@id\":\"https:\\\/\\\/www.elle.be\\\/fr\\\/#organization\"},\"potentialAction\":[{\"@type\":\"SearchAction\",\"target\":{\"@type\":\"EntryPoint\",\"urlTemplate\":\"https:\\\/\\\/www.elle.be\\\/fr\\\/?s={search_term_string}\"},\"query-input\":{\"@type\":\"PropertyValueSpecification\",\"valueRequired\":true,\"valueName\":\"search_term_string\"}}],\"inLanguage\":\"fr-FR\"},{\"@type\":\"Organization\",\"@id\":\"https:\\\/\\\/www.elle.be\\\/fr\\\/#organization\",\"name\":\"ELLE Belgique\",\"url\":\"https:\\\/\\\/www.elle.be\\\/fr\\\/\",\"logo\":{\"@type\":\"ImageObject\",\"inLanguage\":\"fr-FR\",\"@id\":\"https:\\\/\\\/www.elle.be\\\/fr\\\/#\\\/schema\\\/logo\\\/image\\\/\",\"url\":\"https:\\\/\\\/www.elle.be\\\/fr\\\/wp-content\\\/uploads\\\/2017\\\/03\\\/elle-icon-200px.jpeg\",\"contentUrl\":\"https:\\\/\\\/www.elle.be\\\/fr\\\/wp-content\\\/uploads\\\/2017\\\/03\\\/elle-icon-200px.jpeg\",\"width\":200,\"height\":200,\"caption\":\"ELLE Belgique\"},\"image\":{\"@id\":\"https:\\\/\\\/www.elle.be\\\/fr\\\/#\\\/schema\\\/logo\\\/image\\\/\"},\"sameAs\":[\"https:\\\/\\\/www.facebook.com\\\/ELLEbelgium\\\/\",\"https:\\\/\\\/x.com\\\/ELLEBelgique\",\"http:\\\/\\\/instagram.com\\\/ellebelgique\\\/\",\"https:\\\/\\\/www.pinterest.com\\\/ellebelgique\\\/\",\"https:\\\/\\\/www.youtube.com\\\/user\\\/ELLEbelgique1\"]},{\"@type\":\"Person\",\"@id\":\"https:\\\/\\\/www.elle.be\\\/fr\\\/#\\\/schema\\\/person\\\/2c7693f13ee3d4992850ec2ff033c586\",\"name\":\"ELLE Partenaire\",\"image\":{\"@type\":\"ImageObject\",\"inLanguage\":\"fr-FR\",\"@id\":\"https:\\\/\\\/secure.gravatar.com\\\/avatar\\\/dddcf2d7bb88803a2e434d2b1c6a7b997b2de2334d047a137cc5e9dc165ca7e2?s=96&r=g\",\"url\":\"https:\\\/\\\/secure.gravatar.com\\\/avatar\\\/dddcf2d7bb88803a2e434d2b1c6a7b997b2de2334d047a137cc5e9dc165ca7e2?s=96&r=g\",\"contentUrl\":\"https:\\\/\\\/secure.gravatar.com\\\/avatar\\\/dddcf2d7bb88803a2e434d2b1c6a7b997b2de2334d047a137cc5e9dc165ca7e2?s=96&r=g\",\"caption\":\"ELLE Partenaire\"},\"url\":\"https:\\\/\\\/www.elle.be\\\/fr\\\/author\\\/operation-speciale\"}]}<\/script>\n<!-- \/ Yoast SEO plugin. -->","yoast_head_json":{"title":"O\u00f9 acheter des meubles contemporains en ligne ? - ELLE.be","description":"\u00a0Depuis 2007, Matelpro am\u00e9nage espaces de vie, commerces ou bureaux partout dans le nord de l\u2019Europe. Aussi, le site propose un espace \u00ab\u00a0Destockage\u00a0\u00bb permanent qui permet au plus \u00e9conome de faire de v\u00e9ritables bonnes affaires.","robots":{"index":"index","follow":"follow","max-snippet":"max-snippet:-1","max-image-preview":"max-image-preview:large","max-video-preview":"max-video-preview:-1"},"canonical":"https:\/\/www.elle.be\/fr\/262787-un-site-de-mobilier-en-ligne-qui-fait-lunanimite.html","og_locale":"fr_FR","og_type":"article","og_title":"Matelpro : le mobilier en ligne de qualit\u00e9","og_description":"\u00a0Depuis 2007, Matelpro am\u00e9nage espaces de vie, commerces ou bureaux partout dans le nord de l\u2019Europe. Aussi, le site propose un espace \u00ab\u00a0Destockage\u00a0\u00bb permanent qui permet au plus \u00e9conome de faire de v\u00e9ritables bonnes affaires.","og_url":"https:\/\/www.elle.be\/fr\/262787-un-site-de-mobilier-en-ligne-qui-fait-lunanimite.html","og_site_name":"ELLE.be","article_publisher":"https:\/\/www.facebook.com\/ELLEbelgium\/","article_published_time":"2019-07-05T14:01:26+00:00","article_modified_time":"2020-12-10T12:30:00+00:00","og_image":[{"width":1200,"height":628,"url":"https:\/\/www.elle.be\/fr\/wp-content\/uploads\/2015\/06\/matelpro_1200x628-1.jpg","type":"image\/jpeg"}],"author":"ELLE Partenaire","twitter_card":"summary_large_image","twitter_creator":"@ELLEBelgique","twitter_site":"@ELLEBelgique","twitter_misc":{"\u00c9crit par":"ELLE Partenaire","Dur\u00e9e de lecture estim\u00e9e":"3 minutes"},"schema":{"@context":"https:\/\/schema.org","@graph":[{"@type":"NewsArticle","@id":"https:\/\/www.elle.be\/fr\/262787-un-site-de-mobilier-en-ligne-qui-fait-lunanimite.html#article","isPartOf":{"@id":"https:\/\/www.elle.be\/fr\/262787-un-site-de-mobilier-en-ligne-qui-fait-lunanimite.html"},"author":{"name":"ELLE Partenaire","@id":"https:\/\/www.elle.be\/fr\/#\/schema\/person\/2c7693f13ee3d4992850ec2ff033c586"},"headline":"Matelpro : le mobilier en ligne de qualit\u00e9","datePublished":"2019-07-05T14:01:26+00:00","dateModified":"2020-12-10T12:30:00+00:00","mainEntityOfPage":{"@id":"https:\/\/www.elle.be\/fr\/262787-un-site-de-mobilier-en-ligne-qui-fait-lunanimite.html"},"wordCount":536,"commentCount":0,"publisher":{"@id":"https:\/\/www.elle.be\/fr\/#organization"},"image":{"@id":"https:\/\/www.elle.be\/fr\/262787-un-site-de-mobilier-en-ligne-qui-fait-lunanimite.html#primaryimage"},"thumbnailUrl":"https:\/\/www.elle.be\/fr\/wp-content\/uploads\/2015\/06\/matelpro_1200x628-1.jpg","keywords":["d\u00e9coration","mobilier"],"articleSection":["Tendances D\u00e9co","ELLE d\u00e9coration"],"inLanguage":"fr-FR","potentialAction":[{"@type":"CommentAction","name":"Comment","target":["https:\/\/www.elle.be\/fr\/262787-un-site-de-mobilier-en-ligne-qui-fait-lunanimite.html#respond"]}]},{"@type":"WebPage","@id":"https:\/\/www.elle.be\/fr\/262787-un-site-de-mobilier-en-ligne-qui-fait-lunanimite.html","url":"https:\/\/www.elle.be\/fr\/262787-un-site-de-mobilier-en-ligne-qui-fait-lunanimite.html","name":"O\u00f9 acheter des meubles contemporains en ligne ? - ELLE.be","isPartOf":{"@id":"https:\/\/www.elle.be\/fr\/#website"},"primaryImageOfPage":{"@id":"https:\/\/www.elle.be\/fr\/262787-un-site-de-mobilier-en-ligne-qui-fait-lunanimite.html#primaryimage"},"image":{"@id":"https:\/\/www.elle.be\/fr\/262787-un-site-de-mobilier-en-ligne-qui-fait-lunanimite.html#primaryimage"},"thumbnailUrl":"https:\/\/www.elle.be\/fr\/wp-content\/uploads\/2015\/06\/matelpro_1200x628-1.jpg","datePublished":"2019-07-05T14:01:26+00:00","dateModified":"2020-12-10T12:30:00+00:00","description":"\u00a0Depuis 2007, Matelpro am\u00e9nage espaces de vie, commerces ou bureaux partout dans le nord de l\u2019Europe. Aussi, le site propose un espace \u00ab\u00a0Destockage\u00a0\u00bb permanent qui permet au plus \u00e9conome de faire de v\u00e9ritables bonnes affaires.","breadcrumb":{"@id":"https:\/\/www.elle.be\/fr\/262787-un-site-de-mobilier-en-ligne-qui-fait-lunanimite.html#breadcrumb"},"inLanguage":"fr-FR","potentialAction":[{"@type":"ReadAction","target":["https:\/\/www.elle.be\/fr\/262787-un-site-de-mobilier-en-ligne-qui-fait-lunanimite.html"]}]},{"@type":"ImageObject","inLanguage":"fr-FR","@id":"https:\/\/www.elle.be\/fr\/262787-un-site-de-mobilier-en-ligne-qui-fait-lunanimite.html#primaryimage","url":"https:\/\/www.elle.be\/fr\/wp-content\/uploads\/2015\/06\/matelpro_1200x628-1.jpg","contentUrl":"https:\/\/www.elle.be\/fr\/wp-content\/uploads\/2015\/06\/matelpro_1200x628-1.jpg","width":1200,"height":628,"caption":"ellematelpro"},{"@type":"BreadcrumbList","@id":"https:\/\/www.elle.be\/fr\/262787-un-site-de-mobilier-en-ligne-qui-fait-lunanimite.html#breadcrumb","itemListElement":[{"@type":"ListItem","position":1,"name":"FR","item":"https:\/\/www.elle.be\/fr"},{"@type":"ListItem","position":2,"name":"ELLE d\u00e9coration","item":"https:\/\/www.elle.be\/fr\/elle-decoration"},{"@type":"ListItem","position":3,"name":"Matelpro : le mobilier en ligne de qualit\u00e9"}]},{"@type":"WebSite","@id":"https:\/\/www.elle.be\/fr\/#website","url":"https:\/\/www.elle.be\/fr\/","name":"ELLE.be","description":"Toutes les infos mode, beaut\u00e9 et lifestyle les plus pointues ainsi qu&#039;un contenu 100% belge d\u00e9clin\u00e9 \u00e0 360\u00b0sur le site ELLE.be, nos r\u00e9seaux sociaux et notre cha\u00eene Youtube.","publisher":{"@id":"https:\/\/www.elle.be\/fr\/#organization"},"potentialAction":[{"@type":"SearchAction","target":{"@type":"EntryPoint","urlTemplate":"https:\/\/www.elle.be\/fr\/?s={search_term_string}"},"query-input":{"@type":"PropertyValueSpecification","valueRequired":true,"valueName":"search_term_string"}}],"inLanguage":"fr-FR"},{"@type":"Organization","@id":"https:\/\/www.elle.be\/fr\/#organization","name":"ELLE Belgique","url":"https:\/\/www.elle.be\/fr\/","logo":{"@type":"ImageObject","inLanguage":"fr-FR","@id":"https:\/\/www.elle.be\/fr\/#\/schema\/logo\/image\/","url":"https:\/\/www.elle.be\/fr\/wp-content\/uploads\/2017\/03\/elle-icon-200px.jpeg","contentUrl":"https:\/\/www.elle.be\/fr\/wp-content\/uploads\/2017\/03\/elle-icon-200px.jpeg","width":200,"height":200,"caption":"ELLE Belgique"},"image":{"@id":"https:\/\/www.elle.be\/fr\/#\/schema\/logo\/image\/"},"sameAs":["https:\/\/www.facebook.com\/ELLEbelgium\/","https:\/\/x.com\/ELLEBelgique","http:\/\/instagram.com\/ellebelgique\/","https:\/\/www.pinterest.com\/ellebelgique\/","https:\/\/www.youtube.com\/user\/ELLEbelgique1"]},{"@type":"Person","@id":"https:\/\/www.elle.be\/fr\/#\/schema\/person\/2c7693f13ee3d4992850ec2ff033c586","name":"ELLE Partenaire","image":{"@type":"ImageObject","inLanguage":"fr-FR","@id":"https:\/\/secure.gravatar.com\/avatar\/dddcf2d7bb88803a2e434d2b1c6a7b997b2de2334d047a137cc5e9dc165ca7e2?s=96&r=g","url":"https:\/\/secure.gravatar.com\/avatar\/dddcf2d7bb88803a2e434d2b1c6a7b997b2de2334d047a137cc5e9dc165ca7e2?s=96&r=g","contentUrl":"https:\/\/secure.gravatar.com\/avatar\/dddcf2d7bb88803a2e434d2b1c6a7b997b2de2334d047a137cc5e9dc165ca7e2?s=96&r=g","caption":"ELLE Partenaire"},"url":"https:\/\/www.elle.be\/fr\/author\/operation-speciale"}]}},"_links":{"self":[{"href":"https:\/\/www.elle.be\/fr\/wp-json\/wp\/v2\/posts\/262787","targetHints":{"allow":["GET"]}}],"collection":[{"href":"https:\/\/www.elle.be\/fr\/wp-json\/wp\/v2\/posts"}],"about":[{"href":"https:\/\/www.elle.be\/fr\/wp-json\/wp\/v2\/types\/post"}],"author":[{"embeddable":true,"href":"https:\/\/www.elle.be\/fr\/wp-json\/wp\/v2\/users\/47"}],"replies":[{"embeddable":true,"href":"https:\/\/www.elle.be\/fr\/wp-json\/wp\/v2\/comments?post=262787"}],"version-history":[{"count":16,"href":"https:\/\/www.elle.be\/fr\/wp-json\/wp\/v2\/posts\/262787\/revisions"}],"predecessor-version":[{"id":312495,"href":"https:\/\/www.elle.be\/fr\/wp-json\/wp\/v2\/posts\/262787\/revisions\/312495"}],"wp:featuredmedia":[{"embeddable":true,"href":"https:\/\/www.elle.be\/fr\/wp-json\/wp\/v2\/media\/265229"}],"wp:attachment":[{"href":"https:\/\/www.elle.be\/fr\/wp-json\/wp\/v2\/media?parent=262787"}],"wp:term":[{"taxonomy":"category","embeddable":true,"href":"https:\/\/www.elle.be\/fr\/wp-json\/wp\/v2\/categories?post=262787"},{"taxonomy":"post_tag","embeddable":true,"href":"https:\/\/www.elle.be\/fr\/wp-json\/wp\/v2\/tags?post=262787"}],"curies":[{"name":"wp","href":"https:\/\/api.w.org\/{rel}","templated":true}]}}