{"id":258683,"date":"2019-05-20T18:10:40","date_gmt":"2019-05-20T16:10:40","guid":{"rendered":"https:\/\/www.elle.be\/fr\/?p=258683"},"modified":"2019-05-21T18:06:45","modified_gmt":"2019-05-21T16:06:45","slug":"salade-pates-grecques-gruyere","status":"publish","type":"post","link":"https:\/\/www.elle.be\/fr\/258683-salade-pates-grecques-gruyere.html","title":{"rendered":"Salade de p\u00e2tes grecques au Gruy\u00e8re d&#8217;Alpage AOP, coeurs d&#8217;artichauts et vinaigrette au X\u00e9r\u00e8s"},"content":{"rendered":"","protected":false},"excerpt":{"rendered":"Vinaigrette au Xe\u0301re\u0300s : dans un re\u0301cipient, me\u0301langez le vinaigre de Xe\u0301re\u0300s avec une pince\u0301e de sel. ...","protected":false},"author":47,"featured_media":258722,"comment_status":"open","ping_status":"closed","sticky":false,"template":"","format":"standard","meta":{"_acf_changed":false,"footnotes":""},"categories":[1451,1961],"tags":[1573,1678,2921,2922,2931,2932,2938,2965,698,1142,1171,1498],"class_list":["post-258683","post","type-post","status-publish","format-standard","has-post-thumbnail","hentry","category-elle-a-table","category-recettes","tag-vegetarien","tag-lunch","tag-rapide","tag-facile","tag-souper","tag-plat","tag-francais","tag-fromage","tag-salade","tag-ete","tag-healthy","tag-printemps"],"acf":[],"image_verticale":"258721","_yoast_wpseo_title":null,"_yoast_wpseo_metadesc":null,"_yoast_wpseo_focuskw_text_input":null,"_yoast_wpseo_opengraph-title":null,"yoast_head":"<!-- This site is optimized with the Yoast SEO plugin v27.4 - https:\/\/yoast.com\/product\/yoast-seo-wordpress\/ -->\n<title>Salade de p\u00e2tes grecques au Gruy\u00e8re d&#039;Alpage AOP, coeurs d&#039;artichauts et vinaigrette au X\u00e9r\u00e8s - ELLE.be<\/title>\n<meta name=\"description\" content=\"Vinaigrette au Xe\u0301re\u0300s : dans un re\u0301cipient, me\u0301langez le vinaigre de Xe\u0301re\u0300s avec une pince\u0301e de sel. Ajoutez l\u2019huile d\u2019olive et l\u2019ail. Re\u0301servez. Faites\" \/>\n<meta name=\"robots\" content=\"index, follow, max-snippet:-1, max-image-preview:large, max-video-preview:-1\" \/>\n<link rel=\"canonical\" href=\"https:\/\/www.elle.be\/fr\/258683-salade-pates-grecques-gruyere.html\" \/>\n<meta property=\"og:locale\" content=\"fr_FR\" \/>\n<meta property=\"og:type\" content=\"article\" \/>\n<meta property=\"og:title\" content=\"Salade de p\u00e2tes grecques au Gruy\u00e8re d&#039;Alpage AOP, coeurs d&#039;artichauts et vinaigrette au X\u00e9r\u00e8s - ELLE.be\" \/>\n<meta property=\"og:description\" content=\"Vinaigrette au Xe\u0301re\u0300s : dans un re\u0301cipient, me\u0301langez le vinaigre de Xe\u0301re\u0300s avec une pince\u0301e de sel. Ajoutez l\u2019huile d\u2019olive et l\u2019ail. Re\u0301servez. Faites\" \/>\n<meta property=\"og:url\" content=\"https:\/\/www.elle.be\/fr\/258683-salade-pates-grecques-gruyere.html\" \/>\n<meta property=\"og:site_name\" content=\"ELLE.be\" \/>\n<meta property=\"article:publisher\" content=\"https:\/\/www.facebook.com\/ELLEbelgium\/\" \/>\n<meta property=\"article:published_time\" content=\"2019-05-20T16:10:40+00:00\" \/>\n<meta property=\"article:modified_time\" content=\"2019-05-21T16:06:45+00:00\" \/>\n<meta property=\"og:image\" content=\"https:\/\/www.elle.be\/fr\/wp-content\/uploads\/2019\/05\/native-gruyere-salade-aubergine-3.jpg\" \/>\n\t<meta property=\"og:image:width\" content=\"1200\" \/>\n\t<meta property=\"og:image:height\" content=\"628\" \/>\n\t<meta property=\"og:image:type\" content=\"image\/jpeg\" \/>\n<meta name=\"author\" content=\"ELLE Partenaire\" \/>\n<meta name=\"twitter:card\" content=\"summary_large_image\" \/>\n<meta name=\"twitter:creator\" content=\"@ELLEBelgique\" \/>\n<meta name=\"twitter:site\" content=\"@ELLEBelgique\" \/>\n<meta name=\"twitter:label1\" content=\"\u00c9crit par\" \/>\n\t<meta name=\"twitter:data1\" content=\"ELLE Partenaire\" \/>\n\t<meta name=\"twitter:label2\" content=\"Dur\u00e9e de lecture estim\u00e9e\" \/>\n\t<meta name=\"twitter:data2\" content=\"1 minute\" \/>\n<script type=\"application\/ld+json\" class=\"yoast-schema-graph\">{\"@context\":\"https:\\\/\\\/schema.org\",\"@graph\":[{\"@type\":\"NewsArticle\",\"@id\":\"https:\\\/\\\/www.elle.be\\\/fr\\\/258683-salade-pates-grecques-gruyere.html#article\",\"isPartOf\":{\"@id\":\"https:\\\/\\\/www.elle.be\\\/fr\\\/258683-salade-pates-grecques-gruyere.html\"},\"author\":{\"name\":\"ELLE Partenaire\",\"@id\":\"https:\\\/\\\/www.elle.be\\\/fr\\\/#\\\/schema\\\/person\\\/2c7693f13ee3d4992850ec2ff033c586\"},\"headline\":\"Salade de p\u00e2tes grecques au Gruy\u00e8re d&#8217;Alpage AOP, coeurs d&#8217;artichauts et vinaigrette au X\u00e9r\u00e8s\",\"datePublished\":\"2019-05-20T16:10:40+00:00\",\"dateModified\":\"2019-05-21T16:06:45+00:00\",\"mainEntityOfPage\":{\"@id\":\"https:\\\/\\\/www.elle.be\\\/fr\\\/258683-salade-pates-grecques-gruyere.html\"},\"wordCount\":154,\"commentCount\":0,\"publisher\":{\"@id\":\"https:\\\/\\\/www.elle.be\\\/fr\\\/#organization\"},\"image\":{\"@id\":\"https:\\\/\\\/www.elle.be\\\/fr\\\/258683-salade-pates-grecques-gruyere.html#primaryimage\"},\"thumbnailUrl\":\"https:\\\/\\\/www.elle.be\\\/fr\\\/wp-content\\\/uploads\\\/2019\\\/05\\\/native-gruyere-salade-aubergine-3.jpg\",\"keywords\":[\"v\u00e9g\u00e9tarien\",\"Lunch\",\"rapide\",\"facile\",\"souper\",\"plat\",\"fran\u00e7ais\",\"fromage\",\"salade\",\"\u00e9t\u00e9\",\"healthy\",\"printemps\"],\"articleSection\":[\"ELLE \u00e0 Table\",\"Recettes\"],\"inLanguage\":\"fr-FR\",\"potentialAction\":[{\"@type\":\"CommentAction\",\"name\":\"Comment\",\"target\":[\"https:\\\/\\\/www.elle.be\\\/fr\\\/258683-salade-pates-grecques-gruyere.html#respond\"]}]},{\"@type\":\"WebPage\",\"@id\":\"https:\\\/\\\/www.elle.be\\\/fr\\\/258683-salade-pates-grecques-gruyere.html\",\"url\":\"https:\\\/\\\/www.elle.be\\\/fr\\\/258683-salade-pates-grecques-gruyere.html\",\"name\":\"Salade de p\u00e2tes grecques au Gruy\u00e8re d'Alpage AOP, coeurs d'artichauts et vinaigrette au X\u00e9r\u00e8s - ELLE.be\",\"isPartOf\":{\"@id\":\"https:\\\/\\\/www.elle.be\\\/fr\\\/#website\"},\"primaryImageOfPage\":{\"@id\":\"https:\\\/\\\/www.elle.be\\\/fr\\\/258683-salade-pates-grecques-gruyere.html#primaryimage\"},\"image\":{\"@id\":\"https:\\\/\\\/www.elle.be\\\/fr\\\/258683-salade-pates-grecques-gruyere.html#primaryimage\"},\"thumbnailUrl\":\"https:\\\/\\\/www.elle.be\\\/fr\\\/wp-content\\\/uploads\\\/2019\\\/05\\\/native-gruyere-salade-aubergine-3.jpg\",\"datePublished\":\"2019-05-20T16:10:40+00:00\",\"dateModified\":\"2019-05-21T16:06:45+00:00\",\"description\":\"Vinaigrette au Xe\u0301re\u0300s : dans un re\u0301cipient, me\u0301langez le vinaigre de Xe\u0301re\u0300s avec une pince\u0301e de sel. Ajoutez l\u2019huile d\u2019olive et l\u2019ail. Re\u0301servez. Faites\",\"breadcrumb\":{\"@id\":\"https:\\\/\\\/www.elle.be\\\/fr\\\/258683-salade-pates-grecques-gruyere.html#breadcrumb\"},\"inLanguage\":\"fr-FR\",\"potentialAction\":[{\"@type\":\"ReadAction\",\"target\":[\"https:\\\/\\\/www.elle.be\\\/fr\\\/258683-salade-pates-grecques-gruyere.html\"]}]},{\"@type\":\"ImageObject\",\"inLanguage\":\"fr-FR\",\"@id\":\"https:\\\/\\\/www.elle.be\\\/fr\\\/258683-salade-pates-grecques-gruyere.html#primaryimage\",\"url\":\"https:\\\/\\\/www.elle.be\\\/fr\\\/wp-content\\\/uploads\\\/2019\\\/05\\\/native-gruyere-salade-aubergine-3.jpg\",\"contentUrl\":\"https:\\\/\\\/www.elle.be\\\/fr\\\/wp-content\\\/uploads\\\/2019\\\/05\\\/native-gruyere-salade-aubergine-3.jpg\",\"width\":1200,\"height\":628},{\"@type\":\"BreadcrumbList\",\"@id\":\"https:\\\/\\\/www.elle.be\\\/fr\\\/258683-salade-pates-grecques-gruyere.html#breadcrumb\",\"itemListElement\":[{\"@type\":\"ListItem\",\"position\":1,\"name\":\"FR\",\"item\":\"https:\\\/\\\/www.elle.be\\\/fr\"},{\"@type\":\"ListItem\",\"position\":2,\"name\":\"ELLE \u00e0 Table\",\"item\":\"https:\\\/\\\/www.elle.be\\\/fr\\\/elle-a-table\"},{\"@type\":\"ListItem\",\"position\":3,\"name\":\"Salade de p\u00e2tes grecques au Gruy\u00e8re d&rsquo;Alpage AOP, coeurs d&rsquo;artichauts et vinaigrette au X\u00e9r\u00e8s\"}]},{\"@type\":\"WebSite\",\"@id\":\"https:\\\/\\\/www.elle.be\\\/fr\\\/#website\",\"url\":\"https:\\\/\\\/www.elle.be\\\/fr\\\/\",\"name\":\"ELLE.be\",\"description\":\"Toutes les infos mode, beaut\u00e9 et lifestyle les plus pointues ainsi qu&#039;un contenu 100% belge d\u00e9clin\u00e9 \u00e0 360\u00b0sur le site ELLE.be, nos r\u00e9seaux sociaux et notre cha\u00eene Youtube.\",\"publisher\":{\"@id\":\"https:\\\/\\\/www.elle.be\\\/fr\\\/#organization\"},\"potentialAction\":[{\"@type\":\"SearchAction\",\"target\":{\"@type\":\"EntryPoint\",\"urlTemplate\":\"https:\\\/\\\/www.elle.be\\\/fr\\\/?s={search_term_string}\"},\"query-input\":{\"@type\":\"PropertyValueSpecification\",\"valueRequired\":true,\"valueName\":\"search_term_string\"}}],\"inLanguage\":\"fr-FR\"},{\"@type\":\"Organization\",\"@id\":\"https:\\\/\\\/www.elle.be\\\/fr\\\/#organization\",\"name\":\"ELLE Belgique\",\"url\":\"https:\\\/\\\/www.elle.be\\\/fr\\\/\",\"logo\":{\"@type\":\"ImageObject\",\"inLanguage\":\"fr-FR\",\"@id\":\"https:\\\/\\\/www.elle.be\\\/fr\\\/#\\\/schema\\\/logo\\\/image\\\/\",\"url\":\"https:\\\/\\\/www.elle.be\\\/fr\\\/wp-content\\\/uploads\\\/2017\\\/03\\\/elle-icon-200px.jpeg\",\"contentUrl\":\"https:\\\/\\\/www.elle.be\\\/fr\\\/wp-content\\\/uploads\\\/2017\\\/03\\\/elle-icon-200px.jpeg\",\"width\":200,\"height\":200,\"caption\":\"ELLE Belgique\"},\"image\":{\"@id\":\"https:\\\/\\\/www.elle.be\\\/fr\\\/#\\\/schema\\\/logo\\\/image\\\/\"},\"sameAs\":[\"https:\\\/\\\/www.facebook.com\\\/ELLEbelgium\\\/\",\"https:\\\/\\\/x.com\\\/ELLEBelgique\",\"http:\\\/\\\/instagram.com\\\/ellebelgique\\\/\",\"https:\\\/\\\/www.pinterest.com\\\/ellebelgique\\\/\",\"https:\\\/\\\/www.youtube.com\\\/user\\\/ELLEbelgique1\"]},{\"@type\":\"Person\",\"@id\":\"https:\\\/\\\/www.elle.be\\\/fr\\\/#\\\/schema\\\/person\\\/2c7693f13ee3d4992850ec2ff033c586\",\"name\":\"ELLE Partenaire\",\"image\":{\"@type\":\"ImageObject\",\"inLanguage\":\"fr-FR\",\"@id\":\"https:\\\/\\\/secure.gravatar.com\\\/avatar\\\/dddcf2d7bb88803a2e434d2b1c6a7b997b2de2334d047a137cc5e9dc165ca7e2?s=96&r=g\",\"url\":\"https:\\\/\\\/secure.gravatar.com\\\/avatar\\\/dddcf2d7bb88803a2e434d2b1c6a7b997b2de2334d047a137cc5e9dc165ca7e2?s=96&r=g\",\"contentUrl\":\"https:\\\/\\\/secure.gravatar.com\\\/avatar\\\/dddcf2d7bb88803a2e434d2b1c6a7b997b2de2334d047a137cc5e9dc165ca7e2?s=96&r=g\",\"caption\":\"ELLE Partenaire\"},\"url\":\"https:\\\/\\\/www.elle.be\\\/fr\\\/author\\\/operation-speciale\"}]}<\/script>\n<!-- \/ Yoast SEO plugin. -->","yoast_head_json":{"title":"Salade de p\u00e2tes grecques au Gruy\u00e8re d'Alpage AOP, coeurs d'artichauts et vinaigrette au X\u00e9r\u00e8s - ELLE.be","description":"Vinaigrette au Xe\u0301re\u0300s : dans un re\u0301cipient, me\u0301langez le vinaigre de Xe\u0301re\u0300s avec une pince\u0301e de sel. Ajoutez l\u2019huile d\u2019olive et l\u2019ail. Re\u0301servez. Faites","robots":{"index":"index","follow":"follow","max-snippet":"max-snippet:-1","max-image-preview":"max-image-preview:large","max-video-preview":"max-video-preview:-1"},"canonical":"https:\/\/www.elle.be\/fr\/258683-salade-pates-grecques-gruyere.html","og_locale":"fr_FR","og_type":"article","og_title":"Salade de p\u00e2tes grecques au Gruy\u00e8re d'Alpage AOP, coeurs d'artichauts et vinaigrette au X\u00e9r\u00e8s - ELLE.be","og_description":"Vinaigrette au Xe\u0301re\u0300s : dans un re\u0301cipient, me\u0301langez le vinaigre de Xe\u0301re\u0300s avec une pince\u0301e de sel. Ajoutez l\u2019huile d\u2019olive et l\u2019ail. Re\u0301servez. Faites","og_url":"https:\/\/www.elle.be\/fr\/258683-salade-pates-grecques-gruyere.html","og_site_name":"ELLE.be","article_publisher":"https:\/\/www.facebook.com\/ELLEbelgium\/","article_published_time":"2019-05-20T16:10:40+00:00","article_modified_time":"2019-05-21T16:06:45+00:00","og_image":[{"width":1200,"height":628,"url":"https:\/\/www.elle.be\/fr\/wp-content\/uploads\/2019\/05\/native-gruyere-salade-aubergine-3.jpg","type":"image\/jpeg"}],"author":"ELLE Partenaire","twitter_card":"summary_large_image","twitter_creator":"@ELLEBelgique","twitter_site":"@ELLEBelgique","twitter_misc":{"\u00c9crit par":"ELLE Partenaire","Dur\u00e9e de lecture estim\u00e9e":"1 minute"},"schema":{"@context":"https:\/\/schema.org","@graph":[{"@type":"NewsArticle","@id":"https:\/\/www.elle.be\/fr\/258683-salade-pates-grecques-gruyere.html#article","isPartOf":{"@id":"https:\/\/www.elle.be\/fr\/258683-salade-pates-grecques-gruyere.html"},"author":{"name":"ELLE Partenaire","@id":"https:\/\/www.elle.be\/fr\/#\/schema\/person\/2c7693f13ee3d4992850ec2ff033c586"},"headline":"Salade de p\u00e2tes grecques au Gruy\u00e8re d&#8217;Alpage AOP, coeurs d&#8217;artichauts et vinaigrette au X\u00e9r\u00e8s","datePublished":"2019-05-20T16:10:40+00:00","dateModified":"2019-05-21T16:06:45+00:00","mainEntityOfPage":{"@id":"https:\/\/www.elle.be\/fr\/258683-salade-pates-grecques-gruyere.html"},"wordCount":154,"commentCount":0,"publisher":{"@id":"https:\/\/www.elle.be\/fr\/#organization"},"image":{"@id":"https:\/\/www.elle.be\/fr\/258683-salade-pates-grecques-gruyere.html#primaryimage"},"thumbnailUrl":"https:\/\/www.elle.be\/fr\/wp-content\/uploads\/2019\/05\/native-gruyere-salade-aubergine-3.jpg","keywords":["v\u00e9g\u00e9tarien","Lunch","rapide","facile","souper","plat","fran\u00e7ais","fromage","salade","\u00e9t\u00e9","healthy","printemps"],"articleSection":["ELLE \u00e0 Table","Recettes"],"inLanguage":"fr-FR","potentialAction":[{"@type":"CommentAction","name":"Comment","target":["https:\/\/www.elle.be\/fr\/258683-salade-pates-grecques-gruyere.html#respond"]}]},{"@type":"WebPage","@id":"https:\/\/www.elle.be\/fr\/258683-salade-pates-grecques-gruyere.html","url":"https:\/\/www.elle.be\/fr\/258683-salade-pates-grecques-gruyere.html","name":"Salade de p\u00e2tes grecques au Gruy\u00e8re d'Alpage AOP, coeurs d'artichauts et vinaigrette au X\u00e9r\u00e8s - ELLE.be","isPartOf":{"@id":"https:\/\/www.elle.be\/fr\/#website"},"primaryImageOfPage":{"@id":"https:\/\/www.elle.be\/fr\/258683-salade-pates-grecques-gruyere.html#primaryimage"},"image":{"@id":"https:\/\/www.elle.be\/fr\/258683-salade-pates-grecques-gruyere.html#primaryimage"},"thumbnailUrl":"https:\/\/www.elle.be\/fr\/wp-content\/uploads\/2019\/05\/native-gruyere-salade-aubergine-3.jpg","datePublished":"2019-05-20T16:10:40+00:00","dateModified":"2019-05-21T16:06:45+00:00","description":"Vinaigrette au Xe\u0301re\u0300s : dans un re\u0301cipient, me\u0301langez le vinaigre de Xe\u0301re\u0300s avec une pince\u0301e de sel. Ajoutez l\u2019huile d\u2019olive et l\u2019ail. Re\u0301servez. Faites","breadcrumb":{"@id":"https:\/\/www.elle.be\/fr\/258683-salade-pates-grecques-gruyere.html#breadcrumb"},"inLanguage":"fr-FR","potentialAction":[{"@type":"ReadAction","target":["https:\/\/www.elle.be\/fr\/258683-salade-pates-grecques-gruyere.html"]}]},{"@type":"ImageObject","inLanguage":"fr-FR","@id":"https:\/\/www.elle.be\/fr\/258683-salade-pates-grecques-gruyere.html#primaryimage","url":"https:\/\/www.elle.be\/fr\/wp-content\/uploads\/2019\/05\/native-gruyere-salade-aubergine-3.jpg","contentUrl":"https:\/\/www.elle.be\/fr\/wp-content\/uploads\/2019\/05\/native-gruyere-salade-aubergine-3.jpg","width":1200,"height":628},{"@type":"BreadcrumbList","@id":"https:\/\/www.elle.be\/fr\/258683-salade-pates-grecques-gruyere.html#breadcrumb","itemListElement":[{"@type":"ListItem","position":1,"name":"FR","item":"https:\/\/www.elle.be\/fr"},{"@type":"ListItem","position":2,"name":"ELLE \u00e0 Table","item":"https:\/\/www.elle.be\/fr\/elle-a-table"},{"@type":"ListItem","position":3,"name":"Salade de p\u00e2tes grecques au Gruy\u00e8re d&rsquo;Alpage AOP, coeurs d&rsquo;artichauts et vinaigrette au X\u00e9r\u00e8s"}]},{"@type":"WebSite","@id":"https:\/\/www.elle.be\/fr\/#website","url":"https:\/\/www.elle.be\/fr\/","name":"ELLE.be","description":"Toutes les infos mode, beaut\u00e9 et lifestyle les plus pointues ainsi qu&#039;un contenu 100% belge d\u00e9clin\u00e9 \u00e0 360\u00b0sur le site ELLE.be, nos r\u00e9seaux sociaux et notre cha\u00eene Youtube.","publisher":{"@id":"https:\/\/www.elle.be\/fr\/#organization"},"potentialAction":[{"@type":"SearchAction","target":{"@type":"EntryPoint","urlTemplate":"https:\/\/www.elle.be\/fr\/?s={search_term_string}"},"query-input":{"@type":"PropertyValueSpecification","valueRequired":true,"valueName":"search_term_string"}}],"inLanguage":"fr-FR"},{"@type":"Organization","@id":"https:\/\/www.elle.be\/fr\/#organization","name":"ELLE Belgique","url":"https:\/\/www.elle.be\/fr\/","logo":{"@type":"ImageObject","inLanguage":"fr-FR","@id":"https:\/\/www.elle.be\/fr\/#\/schema\/logo\/image\/","url":"https:\/\/www.elle.be\/fr\/wp-content\/uploads\/2017\/03\/elle-icon-200px.jpeg","contentUrl":"https:\/\/www.elle.be\/fr\/wp-content\/uploads\/2017\/03\/elle-icon-200px.jpeg","width":200,"height":200,"caption":"ELLE Belgique"},"image":{"@id":"https:\/\/www.elle.be\/fr\/#\/schema\/logo\/image\/"},"sameAs":["https:\/\/www.facebook.com\/ELLEbelgium\/","https:\/\/x.com\/ELLEBelgique","http:\/\/instagram.com\/ellebelgique\/","https:\/\/www.pinterest.com\/ellebelgique\/","https:\/\/www.youtube.com\/user\/ELLEbelgique1"]},{"@type":"Person","@id":"https:\/\/www.elle.be\/fr\/#\/schema\/person\/2c7693f13ee3d4992850ec2ff033c586","name":"ELLE Partenaire","image":{"@type":"ImageObject","inLanguage":"fr-FR","@id":"https:\/\/secure.gravatar.com\/avatar\/dddcf2d7bb88803a2e434d2b1c6a7b997b2de2334d047a137cc5e9dc165ca7e2?s=96&r=g","url":"https:\/\/secure.gravatar.com\/avatar\/dddcf2d7bb88803a2e434d2b1c6a7b997b2de2334d047a137cc5e9dc165ca7e2?s=96&r=g","contentUrl":"https:\/\/secure.gravatar.com\/avatar\/dddcf2d7bb88803a2e434d2b1c6a7b997b2de2334d047a137cc5e9dc165ca7e2?s=96&r=g","caption":"ELLE Partenaire"},"url":"https:\/\/www.elle.be\/fr\/author\/operation-speciale"}]}},"_links":{"self":[{"href":"https:\/\/www.elle.be\/fr\/wp-json\/wp\/v2\/posts\/258683","targetHints":{"allow":["GET"]}}],"collection":[{"href":"https:\/\/www.elle.be\/fr\/wp-json\/wp\/v2\/posts"}],"about":[{"href":"https:\/\/www.elle.be\/fr\/wp-json\/wp\/v2\/types\/post"}],"author":[{"embeddable":true,"href":"https:\/\/www.elle.be\/fr\/wp-json\/wp\/v2\/users\/47"}],"replies":[{"embeddable":true,"href":"https:\/\/www.elle.be\/fr\/wp-json\/wp\/v2\/comments?post=258683"}],"version-history":[{"count":7,"href":"https:\/\/www.elle.be\/fr\/wp-json\/wp\/v2\/posts\/258683\/revisions"}],"predecessor-version":[{"id":258900,"href":"https:\/\/www.elle.be\/fr\/wp-json\/wp\/v2\/posts\/258683\/revisions\/258900"}],"wp:featuredmedia":[{"embeddable":true,"href":"https:\/\/www.elle.be\/fr\/wp-json\/wp\/v2\/media\/258722"}],"wp:attachment":[{"href":"https:\/\/www.elle.be\/fr\/wp-json\/wp\/v2\/media?parent=258683"}],"wp:term":[{"taxonomy":"category","embeddable":true,"href":"https:\/\/www.elle.be\/fr\/wp-json\/wp\/v2\/categories?post=258683"},{"taxonomy":"post_tag","embeddable":true,"href":"https:\/\/www.elle.be\/fr\/wp-json\/wp\/v2\/tags?post=258683"}],"curies":[{"name":"wp","href":"https:\/\/api.w.org\/{rel}","templated":true}]}}