{"id":257293,"date":"2019-04-22T10:45:04","date_gmt":"2019-04-22T08:45:04","guid":{"rendered":"https:\/\/www.elle.be\/fr\/?p=257293"},"modified":"2019-04-22T10:45:04","modified_gmt":"2019-04-22T08:45:04","slug":"qui-est-baloji-lartiste-belge-a-suivre-absolument","status":"publish","type":"post","link":"https:\/\/www.elle.be\/fr\/257293-qui-est-baloji-lartiste-belge-a-suivre-absolument.html","title":{"rendered":"Qui est Baloji? L&#8217;artiste belge \u00e0 suivre absolument"},"content":{"rendered":"","protected":false},"excerpt":{"rendered":"Po\u00e8te des temps modernes, il cultive l\u2019art au sens large et multiplie les r\u00e9alisations musicales et cin\u00e9matographiques aussi engag\u00e9es qu\u2019hypnotiques.","protected":false},"author":8,"featured_media":257297,"comment_status":"open","ping_status":"closed","sticky":false,"template":"","format":"standard","meta":{"_acf_changed":false,"footnotes":""},"categories":[1186,2219],"tags":[265,502,776],"class_list":["post-257293","post","type-post","status-publish","format-standard","has-post-thumbnail","hentry","category-actu","category-culture","tag-musique","tag-art","tag-gand"],"acf":[],"image_verticale":"257301","_yoast_wpseo_title":null,"_yoast_wpseo_metadesc":"L'artiste belge Baloji c'est un peu notre Stromae ind\u00e9. Aussi talentueux qu'engag\u00e9, on a voulu avoir son avis sur le sexisme au cin\u00e9ma, le racisme, tout \u00e7a.","_yoast_wpseo_focuskw_text_input":null,"_yoast_wpseo_opengraph-title":null,"yoast_head":"<!-- This site is optimized with the Yoast SEO plugin v27.4 - https:\/\/yoast.com\/product\/yoast-seo-wordpress\/ -->\n<title>Qui est Baloji? L&#039;artiste belge \u00e0 suivre absolument - ELLE.be<\/title>\n<meta name=\"description\" content=\"L&#039;artiste belge Baloji c&#039;est un peu notre Stromae ind\u00e9. Aussi talentueux qu&#039;engag\u00e9, on a voulu avoir son avis sur le sexisme au cin\u00e9ma, le racisme, tout \u00e7a.\" \/>\n<meta name=\"robots\" content=\"index, follow, max-snippet:-1, max-image-preview:large, max-video-preview:-1\" \/>\n<link rel=\"canonical\" href=\"https:\/\/www.elle.be\/fr\/257293-qui-est-baloji-lartiste-belge-a-suivre-absolument.html\" \/>\n<meta property=\"og:locale\" content=\"fr_FR\" \/>\n<meta property=\"og:type\" content=\"article\" \/>\n<meta property=\"og:title\" content=\"Qui est Baloji? L&#039;artiste belge \u00e0 suivre absolument - ELLE.be\" \/>\n<meta property=\"og:description\" content=\"L&#039;artiste belge Baloji c&#039;est un peu notre Stromae ind\u00e9. Aussi talentueux qu&#039;engag\u00e9, on a voulu avoir son avis sur le sexisme au cin\u00e9ma, le racisme, tout \u00e7a.\" \/>\n<meta property=\"og:url\" content=\"https:\/\/www.elle.be\/fr\/257293-qui-est-baloji-lartiste-belge-a-suivre-absolument.html\" \/>\n<meta property=\"og:site_name\" content=\"ELLE.be\" \/>\n<meta property=\"article:publisher\" content=\"https:\/\/www.facebook.com\/ELLEbelgium\/\" \/>\n<meta property=\"article:author\" content=\"https:\/\/www.facebook.com\/celine.pecheux\" \/>\n<meta property=\"article:published_time\" content=\"2019-04-22T08:45:04+00:00\" \/>\n<meta property=\"og:image\" content=\"https:\/\/www.elle.be\/fr\/wp-content\/uploads\/2019\/04\/baloji-portrait-cover-horizontale.jpg\" \/>\n\t<meta property=\"og:image:width\" content=\"1200\" \/>\n\t<meta property=\"og:image:height\" content=\"628\" \/>\n\t<meta property=\"og:image:type\" content=\"image\/jpeg\" \/>\n<meta name=\"author\" content=\"C\u00e9line P\u00e9cheux\" \/>\n<meta name=\"twitter:card\" content=\"summary_large_image\" \/>\n<meta name=\"twitter:creator\" content=\"@celinepecheux\" \/>\n<meta name=\"twitter:site\" content=\"@ELLEBelgique\" \/>\n<meta name=\"twitter:label1\" content=\"\u00c9crit par\" \/>\n\t<meta name=\"twitter:data1\" content=\"C\u00e9line P\u00e9cheux\" \/>\n\t<meta name=\"twitter:label2\" content=\"Dur\u00e9e de lecture estim\u00e9e\" \/>\n\t<meta name=\"twitter:data2\" content=\"10 minutes\" \/>\n<script type=\"application\/ld+json\" class=\"yoast-schema-graph\">{\"@context\":\"https:\\\/\\\/schema.org\",\"@graph\":[{\"@type\":\"NewsArticle\",\"@id\":\"https:\\\/\\\/www.elle.be\\\/fr\\\/257293-qui-est-baloji-lartiste-belge-a-suivre-absolument.html#article\",\"isPartOf\":{\"@id\":\"https:\\\/\\\/www.elle.be\\\/fr\\\/257293-qui-est-baloji-lartiste-belge-a-suivre-absolument.html\"},\"author\":{\"name\":\"C\u00e9line P\u00e9cheux\",\"@id\":\"https:\\\/\\\/www.elle.be\\\/fr\\\/#\\\/schema\\\/person\\\/6caa2c7d3ffa4152fff44b8eab8af245\"},\"headline\":\"Qui est Baloji? L&#8217;artiste belge \u00e0 suivre absolument\",\"datePublished\":\"2019-04-22T08:45:04+00:00\",\"mainEntityOfPage\":{\"@id\":\"https:\\\/\\\/www.elle.be\\\/fr\\\/257293-qui-est-baloji-lartiste-belge-a-suivre-absolument.html\"},\"wordCount\":1916,\"commentCount\":0,\"publisher\":{\"@id\":\"https:\\\/\\\/www.elle.be\\\/fr\\\/#organization\"},\"image\":{\"@id\":\"https:\\\/\\\/www.elle.be\\\/fr\\\/257293-qui-est-baloji-lartiste-belge-a-suivre-absolument.html#primaryimage\"},\"thumbnailUrl\":\"https:\\\/\\\/www.elle.be\\\/fr\\\/wp-content\\\/uploads\\\/2019\\\/04\\\/baloji-portrait-cover-horizontale.jpg\",\"keywords\":[\"musique\",\"art\",\"gand\"],\"articleSection\":[\"Actu\",\"Culture\"],\"inLanguage\":\"fr-FR\",\"potentialAction\":[{\"@type\":\"CommentAction\",\"name\":\"Comment\",\"target\":[\"https:\\\/\\\/www.elle.be\\\/fr\\\/257293-qui-est-baloji-lartiste-belge-a-suivre-absolument.html#respond\"]}]},{\"@type\":\"WebPage\",\"@id\":\"https:\\\/\\\/www.elle.be\\\/fr\\\/257293-qui-est-baloji-lartiste-belge-a-suivre-absolument.html\",\"url\":\"https:\\\/\\\/www.elle.be\\\/fr\\\/257293-qui-est-baloji-lartiste-belge-a-suivre-absolument.html\",\"name\":\"Qui est Baloji? L'artiste belge \u00e0 suivre absolument - ELLE.be\",\"isPartOf\":{\"@id\":\"https:\\\/\\\/www.elle.be\\\/fr\\\/#website\"},\"primaryImageOfPage\":{\"@id\":\"https:\\\/\\\/www.elle.be\\\/fr\\\/257293-qui-est-baloji-lartiste-belge-a-suivre-absolument.html#primaryimage\"},\"image\":{\"@id\":\"https:\\\/\\\/www.elle.be\\\/fr\\\/257293-qui-est-baloji-lartiste-belge-a-suivre-absolument.html#primaryimage\"},\"thumbnailUrl\":\"https:\\\/\\\/www.elle.be\\\/fr\\\/wp-content\\\/uploads\\\/2019\\\/04\\\/baloji-portrait-cover-horizontale.jpg\",\"datePublished\":\"2019-04-22T08:45:04+00:00\",\"description\":\"L'artiste belge Baloji c'est un peu notre Stromae ind\u00e9. Aussi talentueux qu'engag\u00e9, on a voulu avoir son avis sur le sexisme au cin\u00e9ma, le racisme, tout \u00e7a.\",\"breadcrumb\":{\"@id\":\"https:\\\/\\\/www.elle.be\\\/fr\\\/257293-qui-est-baloji-lartiste-belge-a-suivre-absolument.html#breadcrumb\"},\"inLanguage\":\"fr-FR\",\"potentialAction\":[{\"@type\":\"ReadAction\",\"target\":[\"https:\\\/\\\/www.elle.be\\\/fr\\\/257293-qui-est-baloji-lartiste-belge-a-suivre-absolument.html\"]}]},{\"@type\":\"ImageObject\",\"inLanguage\":\"fr-FR\",\"@id\":\"https:\\\/\\\/www.elle.be\\\/fr\\\/257293-qui-est-baloji-lartiste-belge-a-suivre-absolument.html#primaryimage\",\"url\":\"https:\\\/\\\/www.elle.be\\\/fr\\\/wp-content\\\/uploads\\\/2019\\\/04\\\/baloji-portrait-cover-horizontale.jpg\",\"contentUrl\":\"https:\\\/\\\/www.elle.be\\\/fr\\\/wp-content\\\/uploads\\\/2019\\\/04\\\/baloji-portrait-cover-horizontale.jpg\",\"width\":1200,\"height\":628,\"caption\":\"Baloji\"},{\"@type\":\"BreadcrumbList\",\"@id\":\"https:\\\/\\\/www.elle.be\\\/fr\\\/257293-qui-est-baloji-lartiste-belge-a-suivre-absolument.html#breadcrumb\",\"itemListElement\":[{\"@type\":\"ListItem\",\"position\":1,\"name\":\"FR\",\"item\":\"https:\\\/\\\/www.elle.be\\\/fr\"},{\"@type\":\"ListItem\",\"position\":2,\"name\":\"Actu\",\"item\":\"https:\\\/\\\/www.elle.be\\\/fr\\\/actu\"},{\"@type\":\"ListItem\",\"position\":3,\"name\":\"Qui est Baloji? L&rsquo;artiste belge \u00e0 suivre absolument\"}]},{\"@type\":\"WebSite\",\"@id\":\"https:\\\/\\\/www.elle.be\\\/fr\\\/#website\",\"url\":\"https:\\\/\\\/www.elle.be\\\/fr\\\/\",\"name\":\"ELLE.be\",\"description\":\"Toutes les infos mode, beaut\u00e9 et lifestyle les plus pointues ainsi qu&#039;un contenu 100% belge d\u00e9clin\u00e9 \u00e0 360\u00b0sur le site ELLE.be, nos r\u00e9seaux sociaux et notre cha\u00eene Youtube.\",\"publisher\":{\"@id\":\"https:\\\/\\\/www.elle.be\\\/fr\\\/#organization\"},\"potentialAction\":[{\"@type\":\"SearchAction\",\"target\":{\"@type\":\"EntryPoint\",\"urlTemplate\":\"https:\\\/\\\/www.elle.be\\\/fr\\\/?s={search_term_string}\"},\"query-input\":{\"@type\":\"PropertyValueSpecification\",\"valueRequired\":true,\"valueName\":\"search_term_string\"}}],\"inLanguage\":\"fr-FR\"},{\"@type\":\"Organization\",\"@id\":\"https:\\\/\\\/www.elle.be\\\/fr\\\/#organization\",\"name\":\"ELLE Belgique\",\"url\":\"https:\\\/\\\/www.elle.be\\\/fr\\\/\",\"logo\":{\"@type\":\"ImageObject\",\"inLanguage\":\"fr-FR\",\"@id\":\"https:\\\/\\\/www.elle.be\\\/fr\\\/#\\\/schema\\\/logo\\\/image\\\/\",\"url\":\"https:\\\/\\\/www.elle.be\\\/fr\\\/wp-content\\\/uploads\\\/2017\\\/03\\\/elle-icon-200px.jpeg\",\"contentUrl\":\"https:\\\/\\\/www.elle.be\\\/fr\\\/wp-content\\\/uploads\\\/2017\\\/03\\\/elle-icon-200px.jpeg\",\"width\":200,\"height\":200,\"caption\":\"ELLE Belgique\"},\"image\":{\"@id\":\"https:\\\/\\\/www.elle.be\\\/fr\\\/#\\\/schema\\\/logo\\\/image\\\/\"},\"sameAs\":[\"https:\\\/\\\/www.facebook.com\\\/ELLEbelgium\\\/\",\"https:\\\/\\\/x.com\\\/ELLEBelgique\",\"http:\\\/\\\/instagram.com\\\/ellebelgique\\\/\",\"https:\\\/\\\/www.pinterest.com\\\/ellebelgique\\\/\",\"https:\\\/\\\/www.youtube.com\\\/user\\\/ELLEbelgique1\"]},{\"@type\":\"Person\",\"@id\":\"https:\\\/\\\/www.elle.be\\\/fr\\\/#\\\/schema\\\/person\\\/6caa2c7d3ffa4152fff44b8eab8af245\",\"name\":\"C\u00e9line P\u00e9cheux\",\"image\":{\"@type\":\"ImageObject\",\"inLanguage\":\"fr-FR\",\"@id\":\"https:\\\/\\\/www.elle.be\\\/fr\\\/wp-content\\\/uploads\\\/2017\\\/03\\\/celine_pecheux-150x150.jpg\",\"url\":\"https:\\\/\\\/www.elle.be\\\/fr\\\/wp-content\\\/uploads\\\/2017\\\/03\\\/celine_pecheux-150x150.jpg\",\"contentUrl\":\"https:\\\/\\\/www.elle.be\\\/fr\\\/wp-content\\\/uploads\\\/2017\\\/03\\\/celine_pecheux-150x150.jpg\",\"caption\":\"C\u00e9line P\u00e9cheux\"},\"description\":\"Carnet d'adresses ambulant, nomade, vintage freak et foodholic, elle traque les endroits et bons plans voyage, food et d\u00e9co et parle des personnalit\u00e9s qui aiment c\u00e9l\u00e9brer l'art de vivre.\",\"sameAs\":[\"https:\\\/\\\/www.facebook.com\\\/celine.pecheux\",\"http:\\\/\\\/instagram.com\\\/celinepecheux\",\"http:\\\/\\\/pinterest.com\\\/celinepecheux\",\"https:\\\/\\\/x.com\\\/celinepecheux\"],\"url\":\"https:\\\/\\\/www.elle.be\\\/fr\\\/author\\\/celine\"}]}<\/script>\n<!-- \/ Yoast SEO plugin. -->","yoast_head_json":{"title":"Qui est Baloji? L'artiste belge \u00e0 suivre absolument - ELLE.be","description":"L'artiste belge Baloji c'est un peu notre Stromae ind\u00e9. Aussi talentueux qu'engag\u00e9, on a voulu avoir son avis sur le sexisme au cin\u00e9ma, le racisme, tout \u00e7a.","robots":{"index":"index","follow":"follow","max-snippet":"max-snippet:-1","max-image-preview":"max-image-preview:large","max-video-preview":"max-video-preview:-1"},"canonical":"https:\/\/www.elle.be\/fr\/257293-qui-est-baloji-lartiste-belge-a-suivre-absolument.html","og_locale":"fr_FR","og_type":"article","og_title":"Qui est Baloji? L'artiste belge \u00e0 suivre absolument - ELLE.be","og_description":"L'artiste belge Baloji c'est un peu notre Stromae ind\u00e9. Aussi talentueux qu'engag\u00e9, on a voulu avoir son avis sur le sexisme au cin\u00e9ma, le racisme, tout \u00e7a.","og_url":"https:\/\/www.elle.be\/fr\/257293-qui-est-baloji-lartiste-belge-a-suivre-absolument.html","og_site_name":"ELLE.be","article_publisher":"https:\/\/www.facebook.com\/ELLEbelgium\/","article_author":"https:\/\/www.facebook.com\/celine.pecheux","article_published_time":"2019-04-22T08:45:04+00:00","og_image":[{"width":1200,"height":628,"url":"https:\/\/www.elle.be\/fr\/wp-content\/uploads\/2019\/04\/baloji-portrait-cover-horizontale.jpg","type":"image\/jpeg"}],"author":"C\u00e9line P\u00e9cheux","twitter_card":"summary_large_image","twitter_creator":"@celinepecheux","twitter_site":"@ELLEBelgique","twitter_misc":{"\u00c9crit par":"C\u00e9line P\u00e9cheux","Dur\u00e9e de lecture estim\u00e9e":"10 minutes"},"schema":{"@context":"https:\/\/schema.org","@graph":[{"@type":"NewsArticle","@id":"https:\/\/www.elle.be\/fr\/257293-qui-est-baloji-lartiste-belge-a-suivre-absolument.html#article","isPartOf":{"@id":"https:\/\/www.elle.be\/fr\/257293-qui-est-baloji-lartiste-belge-a-suivre-absolument.html"},"author":{"name":"C\u00e9line P\u00e9cheux","@id":"https:\/\/www.elle.be\/fr\/#\/schema\/person\/6caa2c7d3ffa4152fff44b8eab8af245"},"headline":"Qui est Baloji? L&#8217;artiste belge \u00e0 suivre absolument","datePublished":"2019-04-22T08:45:04+00:00","mainEntityOfPage":{"@id":"https:\/\/www.elle.be\/fr\/257293-qui-est-baloji-lartiste-belge-a-suivre-absolument.html"},"wordCount":1916,"commentCount":0,"publisher":{"@id":"https:\/\/www.elle.be\/fr\/#organization"},"image":{"@id":"https:\/\/www.elle.be\/fr\/257293-qui-est-baloji-lartiste-belge-a-suivre-absolument.html#primaryimage"},"thumbnailUrl":"https:\/\/www.elle.be\/fr\/wp-content\/uploads\/2019\/04\/baloji-portrait-cover-horizontale.jpg","keywords":["musique","art","gand"],"articleSection":["Actu","Culture"],"inLanguage":"fr-FR","potentialAction":[{"@type":"CommentAction","name":"Comment","target":["https:\/\/www.elle.be\/fr\/257293-qui-est-baloji-lartiste-belge-a-suivre-absolument.html#respond"]}]},{"@type":"WebPage","@id":"https:\/\/www.elle.be\/fr\/257293-qui-est-baloji-lartiste-belge-a-suivre-absolument.html","url":"https:\/\/www.elle.be\/fr\/257293-qui-est-baloji-lartiste-belge-a-suivre-absolument.html","name":"Qui est Baloji? L'artiste belge \u00e0 suivre absolument - ELLE.be","isPartOf":{"@id":"https:\/\/www.elle.be\/fr\/#website"},"primaryImageOfPage":{"@id":"https:\/\/www.elle.be\/fr\/257293-qui-est-baloji-lartiste-belge-a-suivre-absolument.html#primaryimage"},"image":{"@id":"https:\/\/www.elle.be\/fr\/257293-qui-est-baloji-lartiste-belge-a-suivre-absolument.html#primaryimage"},"thumbnailUrl":"https:\/\/www.elle.be\/fr\/wp-content\/uploads\/2019\/04\/baloji-portrait-cover-horizontale.jpg","datePublished":"2019-04-22T08:45:04+00:00","description":"L'artiste belge Baloji c'est un peu notre Stromae ind\u00e9. Aussi talentueux qu'engag\u00e9, on a voulu avoir son avis sur le sexisme au cin\u00e9ma, le racisme, tout \u00e7a.","breadcrumb":{"@id":"https:\/\/www.elle.be\/fr\/257293-qui-est-baloji-lartiste-belge-a-suivre-absolument.html#breadcrumb"},"inLanguage":"fr-FR","potentialAction":[{"@type":"ReadAction","target":["https:\/\/www.elle.be\/fr\/257293-qui-est-baloji-lartiste-belge-a-suivre-absolument.html"]}]},{"@type":"ImageObject","inLanguage":"fr-FR","@id":"https:\/\/www.elle.be\/fr\/257293-qui-est-baloji-lartiste-belge-a-suivre-absolument.html#primaryimage","url":"https:\/\/www.elle.be\/fr\/wp-content\/uploads\/2019\/04\/baloji-portrait-cover-horizontale.jpg","contentUrl":"https:\/\/www.elle.be\/fr\/wp-content\/uploads\/2019\/04\/baloji-portrait-cover-horizontale.jpg","width":1200,"height":628,"caption":"Baloji"},{"@type":"BreadcrumbList","@id":"https:\/\/www.elle.be\/fr\/257293-qui-est-baloji-lartiste-belge-a-suivre-absolument.html#breadcrumb","itemListElement":[{"@type":"ListItem","position":1,"name":"FR","item":"https:\/\/www.elle.be\/fr"},{"@type":"ListItem","position":2,"name":"Actu","item":"https:\/\/www.elle.be\/fr\/actu"},{"@type":"ListItem","position":3,"name":"Qui est Baloji? L&rsquo;artiste belge \u00e0 suivre absolument"}]},{"@type":"WebSite","@id":"https:\/\/www.elle.be\/fr\/#website","url":"https:\/\/www.elle.be\/fr\/","name":"ELLE.be","description":"Toutes les infos mode, beaut\u00e9 et lifestyle les plus pointues ainsi qu&#039;un contenu 100% belge d\u00e9clin\u00e9 \u00e0 360\u00b0sur le site ELLE.be, nos r\u00e9seaux sociaux et notre cha\u00eene Youtube.","publisher":{"@id":"https:\/\/www.elle.be\/fr\/#organization"},"potentialAction":[{"@type":"SearchAction","target":{"@type":"EntryPoint","urlTemplate":"https:\/\/www.elle.be\/fr\/?s={search_term_string}"},"query-input":{"@type":"PropertyValueSpecification","valueRequired":true,"valueName":"search_term_string"}}],"inLanguage":"fr-FR"},{"@type":"Organization","@id":"https:\/\/www.elle.be\/fr\/#organization","name":"ELLE Belgique","url":"https:\/\/www.elle.be\/fr\/","logo":{"@type":"ImageObject","inLanguage":"fr-FR","@id":"https:\/\/www.elle.be\/fr\/#\/schema\/logo\/image\/","url":"https:\/\/www.elle.be\/fr\/wp-content\/uploads\/2017\/03\/elle-icon-200px.jpeg","contentUrl":"https:\/\/www.elle.be\/fr\/wp-content\/uploads\/2017\/03\/elle-icon-200px.jpeg","width":200,"height":200,"caption":"ELLE Belgique"},"image":{"@id":"https:\/\/www.elle.be\/fr\/#\/schema\/logo\/image\/"},"sameAs":["https:\/\/www.facebook.com\/ELLEbelgium\/","https:\/\/x.com\/ELLEBelgique","http:\/\/instagram.com\/ellebelgique\/","https:\/\/www.pinterest.com\/ellebelgique\/","https:\/\/www.youtube.com\/user\/ELLEbelgique1"]},{"@type":"Person","@id":"https:\/\/www.elle.be\/fr\/#\/schema\/person\/6caa2c7d3ffa4152fff44b8eab8af245","name":"C\u00e9line P\u00e9cheux","image":{"@type":"ImageObject","inLanguage":"fr-FR","@id":"https:\/\/www.elle.be\/fr\/wp-content\/uploads\/2017\/03\/celine_pecheux-150x150.jpg","url":"https:\/\/www.elle.be\/fr\/wp-content\/uploads\/2017\/03\/celine_pecheux-150x150.jpg","contentUrl":"https:\/\/www.elle.be\/fr\/wp-content\/uploads\/2017\/03\/celine_pecheux-150x150.jpg","caption":"C\u00e9line P\u00e9cheux"},"description":"Carnet d'adresses ambulant, nomade, vintage freak et foodholic, elle traque les endroits et bons plans voyage, food et d\u00e9co et parle des personnalit\u00e9s qui aiment c\u00e9l\u00e9brer l'art de vivre.","sameAs":["https:\/\/www.facebook.com\/celine.pecheux","http:\/\/instagram.com\/celinepecheux","http:\/\/pinterest.com\/celinepecheux","https:\/\/x.com\/celinepecheux"],"url":"https:\/\/www.elle.be\/fr\/author\/celine"}]}},"_links":{"self":[{"href":"https:\/\/www.elle.be\/fr\/wp-json\/wp\/v2\/posts\/257293","targetHints":{"allow":["GET"]}}],"collection":[{"href":"https:\/\/www.elle.be\/fr\/wp-json\/wp\/v2\/posts"}],"about":[{"href":"https:\/\/www.elle.be\/fr\/wp-json\/wp\/v2\/types\/post"}],"author":[{"embeddable":true,"href":"https:\/\/www.elle.be\/fr\/wp-json\/wp\/v2\/users\/8"}],"replies":[{"embeddable":true,"href":"https:\/\/www.elle.be\/fr\/wp-json\/wp\/v2\/comments?post=257293"}],"version-history":[{"count":5,"href":"https:\/\/www.elle.be\/fr\/wp-json\/wp\/v2\/posts\/257293\/revisions"}],"predecessor-version":[{"id":257322,"href":"https:\/\/www.elle.be\/fr\/wp-json\/wp\/v2\/posts\/257293\/revisions\/257322"}],"wp:featuredmedia":[{"embeddable":true,"href":"https:\/\/www.elle.be\/fr\/wp-json\/wp\/v2\/media\/257297"}],"wp:attachment":[{"href":"https:\/\/www.elle.be\/fr\/wp-json\/wp\/v2\/media?parent=257293"}],"wp:term":[{"taxonomy":"category","embeddable":true,"href":"https:\/\/www.elle.be\/fr\/wp-json\/wp\/v2\/categories?post=257293"},{"taxonomy":"post_tag","embeddable":true,"href":"https:\/\/www.elle.be\/fr\/wp-json\/wp\/v2\/tags?post=257293"}],"curies":[{"name":"wp","href":"https:\/\/api.w.org\/{rel}","templated":true}]}}