{"id":256873,"date":"2019-04-17T15:55:32","date_gmt":"2019-04-17T13:55:32","guid":{"rendered":"https:\/\/www.elle.be\/fr\/?p=256873"},"modified":"2019-04-17T16:03:21","modified_gmt":"2019-04-17T14:03:21","slug":"latelier-des-pates-les-vraies-pates-fraiches","status":"publish","type":"post","link":"https:\/\/www.elle.be\/fr\/256873-latelier-des-pates-les-vraies-pates-fraiches.html","title":{"rendered":"L\u2019atelier Des P\u00e2tes, les vraies p\u00e2tes fra\u00eeches"},"content":{"rendered":"","protected":false},"excerpt":{"rendered":"Originaires de la r\u00e9gion des Abruzzes en Italie et f\u00e9d\u00e9r\u00e9s par la m\u00eame passion et la m\u00eame id\u00e9e que \u00ab\u00a0les p\u00e2tes fra\u00eeches artisanales sont un d\u00e9lice \u00e0 partager\u00a0\u00bb, les trois associ\u00e9s Jonathan, Marco et Mariano s\u2019inspirent des recettes traditionnelles \u00e0 l&#8217;italienne de leurs grand-m\u00e8res.","protected":false},"author":47,"featured_media":256878,"comment_status":"open","ping_status":"closed","sticky":false,"template":"","format":"standard","meta":{"_acf_changed":false,"footnotes":""},"categories":[2916,1150],"tags":[589,1083],"class_list":["post-256873","post","type-post","status-publish","format-standard","has-post-thumbnail","hentry","category-news-food","category-adresses","tag-food","tag-adresses"],"acf":[],"image_verticale":"256877","_yoast_wpseo_title":"L\u2019atelier Des P\u00e2tes, les vraies p\u00e2tes fra\u00eeches %%page%% %%sep%% %%sitename%%","_yoast_wpseo_metadesc":null,"_yoast_wpseo_focuskw_text_input":null,"_yoast_wpseo_opengraph-title":null,"yoast_head":"<!-- This site is optimized with the Yoast SEO plugin v27.4 - https:\/\/yoast.com\/product\/yoast-seo-wordpress\/ -->\n<title>L\u2019atelier Des P\u00e2tes, les vraies p\u00e2tes fra\u00eeches - ELLE.be<\/title>\n<meta name=\"description\" content=\"Originaires de la r\u00e9gion des Abruzzes en Italie et f\u00e9d\u00e9r\u00e9s par la m\u00eame passion et la m\u00eame id\u00e9e que \u00ab\u00a0les p\u00e2tes fra\u00eeches artisanales sont un d\u00e9lice \u00e0\" \/>\n<meta name=\"robots\" content=\"index, follow, max-snippet:-1, max-image-preview:large, max-video-preview:-1\" \/>\n<link rel=\"canonical\" href=\"https:\/\/www.elle.be\/fr\/256873-latelier-des-pates-les-vraies-pates-fraiches.html\" \/>\n<meta property=\"og:locale\" content=\"fr_FR\" \/>\n<meta property=\"og:type\" content=\"article\" \/>\n<meta property=\"og:title\" content=\"L\u2019atelier Des P\u00e2tes, les vraies p\u00e2tes fra\u00eeches - ELLE.be\" \/>\n<meta property=\"og:description\" content=\"Originaires de la r\u00e9gion des Abruzzes en Italie et f\u00e9d\u00e9r\u00e9s par la m\u00eame passion et la m\u00eame id\u00e9e que \u00ab\u00a0les p\u00e2tes fra\u00eeches artisanales sont un d\u00e9lice \u00e0\" \/>\n<meta property=\"og:url\" content=\"https:\/\/www.elle.be\/fr\/256873-latelier-des-pates-les-vraies-pates-fraiches.html\" \/>\n<meta property=\"og:site_name\" content=\"ELLE.be\" \/>\n<meta property=\"article:publisher\" content=\"https:\/\/www.facebook.com\/ELLEbelgium\/\" \/>\n<meta property=\"article:published_time\" content=\"2019-04-17T13:55:32+00:00\" \/>\n<meta property=\"article:modified_time\" content=\"2019-04-17T14:03:21+00:00\" \/>\n<meta property=\"og:image\" content=\"https:\/\/www.elle.be\/fr\/wp-content\/uploads\/2019\/04\/atelierdespates_1200x628.jpg\" \/>\n\t<meta property=\"og:image:width\" content=\"1200\" \/>\n\t<meta property=\"og:image:height\" content=\"628\" \/>\n\t<meta property=\"og:image:type\" content=\"image\/jpeg\" \/>\n<meta name=\"author\" content=\"ELLE Partenaire\" \/>\n<meta name=\"twitter:card\" content=\"summary_large_image\" \/>\n<meta name=\"twitter:creator\" content=\"@ELLEBelgique\" \/>\n<meta name=\"twitter:site\" content=\"@ELLEBelgique\" \/>\n<meta name=\"twitter:label1\" content=\"\u00c9crit par\" \/>\n\t<meta name=\"twitter:data1\" content=\"ELLE Partenaire\" \/>\n\t<meta name=\"twitter:label2\" content=\"Dur\u00e9e de lecture estim\u00e9e\" \/>\n\t<meta name=\"twitter:data2\" content=\"1 minute\" \/>\n<script type=\"application\/ld+json\" class=\"yoast-schema-graph\">{\"@context\":\"https:\\\/\\\/schema.org\",\"@graph\":[{\"@type\":\"NewsArticle\",\"@id\":\"https:\\\/\\\/www.elle.be\\\/fr\\\/256873-latelier-des-pates-les-vraies-pates-fraiches.html#article\",\"isPartOf\":{\"@id\":\"https:\\\/\\\/www.elle.be\\\/fr\\\/256873-latelier-des-pates-les-vraies-pates-fraiches.html\"},\"author\":{\"name\":\"ELLE Partenaire\",\"@id\":\"https:\\\/\\\/www.elle.be\\\/fr\\\/#\\\/schema\\\/person\\\/2c7693f13ee3d4992850ec2ff033c586\"},\"headline\":\"L\u2019atelier Des P\u00e2tes, les vraies p\u00e2tes fra\u00eeches\",\"datePublished\":\"2019-04-17T13:55:32+00:00\",\"dateModified\":\"2019-04-17T14:03:21+00:00\",\"mainEntityOfPage\":{\"@id\":\"https:\\\/\\\/www.elle.be\\\/fr\\\/256873-latelier-des-pates-les-vraies-pates-fraiches.html\"},\"wordCount\":244,\"commentCount\":0,\"publisher\":{\"@id\":\"https:\\\/\\\/www.elle.be\\\/fr\\\/#organization\"},\"image\":{\"@id\":\"https:\\\/\\\/www.elle.be\\\/fr\\\/256873-latelier-des-pates-les-vraies-pates-fraiches.html#primaryimage\"},\"thumbnailUrl\":\"https:\\\/\\\/www.elle.be\\\/fr\\\/wp-content\\\/uploads\\\/2019\\\/04\\\/atelierdespates_1200x628.jpg\",\"keywords\":[\"food\",\"adresses\"],\"articleSection\":[\"News Food\",\"Adresses\"],\"inLanguage\":\"fr-FR\",\"potentialAction\":[{\"@type\":\"CommentAction\",\"name\":\"Comment\",\"target\":[\"https:\\\/\\\/www.elle.be\\\/fr\\\/256873-latelier-des-pates-les-vraies-pates-fraiches.html#respond\"]}]},{\"@type\":\"WebPage\",\"@id\":\"https:\\\/\\\/www.elle.be\\\/fr\\\/256873-latelier-des-pates-les-vraies-pates-fraiches.html\",\"url\":\"https:\\\/\\\/www.elle.be\\\/fr\\\/256873-latelier-des-pates-les-vraies-pates-fraiches.html\",\"name\":\"L\u2019atelier Des P\u00e2tes, les vraies p\u00e2tes fra\u00eeches - ELLE.be\",\"isPartOf\":{\"@id\":\"https:\\\/\\\/www.elle.be\\\/fr\\\/#website\"},\"primaryImageOfPage\":{\"@id\":\"https:\\\/\\\/www.elle.be\\\/fr\\\/256873-latelier-des-pates-les-vraies-pates-fraiches.html#primaryimage\"},\"image\":{\"@id\":\"https:\\\/\\\/www.elle.be\\\/fr\\\/256873-latelier-des-pates-les-vraies-pates-fraiches.html#primaryimage\"},\"thumbnailUrl\":\"https:\\\/\\\/www.elle.be\\\/fr\\\/wp-content\\\/uploads\\\/2019\\\/04\\\/atelierdespates_1200x628.jpg\",\"datePublished\":\"2019-04-17T13:55:32+00:00\",\"dateModified\":\"2019-04-17T14:03:21+00:00\",\"description\":\"Originaires de la r\u00e9gion des Abruzzes en Italie et f\u00e9d\u00e9r\u00e9s par la m\u00eame passion et la m\u00eame id\u00e9e que \u00ab\u00a0les p\u00e2tes fra\u00eeches artisanales sont un d\u00e9lice \u00e0\",\"breadcrumb\":{\"@id\":\"https:\\\/\\\/www.elle.be\\\/fr\\\/256873-latelier-des-pates-les-vraies-pates-fraiches.html#breadcrumb\"},\"inLanguage\":\"fr-FR\",\"potentialAction\":[{\"@type\":\"ReadAction\",\"target\":[\"https:\\\/\\\/www.elle.be\\\/fr\\\/256873-latelier-des-pates-les-vraies-pates-fraiches.html\"]}]},{\"@type\":\"ImageObject\",\"inLanguage\":\"fr-FR\",\"@id\":\"https:\\\/\\\/www.elle.be\\\/fr\\\/256873-latelier-des-pates-les-vraies-pates-fraiches.html#primaryimage\",\"url\":\"https:\\\/\\\/www.elle.be\\\/fr\\\/wp-content\\\/uploads\\\/2019\\\/04\\\/atelierdespates_1200x628.jpg\",\"contentUrl\":\"https:\\\/\\\/www.elle.be\\\/fr\\\/wp-content\\\/uploads\\\/2019\\\/04\\\/atelierdespates_1200x628.jpg\",\"width\":1200,\"height\":628},{\"@type\":\"BreadcrumbList\",\"@id\":\"https:\\\/\\\/www.elle.be\\\/fr\\\/256873-latelier-des-pates-les-vraies-pates-fraiches.html#breadcrumb\",\"itemListElement\":[{\"@type\":\"ListItem\",\"position\":1,\"name\":\"FR\",\"item\":\"https:\\\/\\\/www.elle.be\\\/fr\"},{\"@type\":\"ListItem\",\"position\":2,\"name\":\"Adresses\",\"item\":\"https:\\\/\\\/www.elle.be\\\/fr\\\/adresses\"},{\"@type\":\"ListItem\",\"position\":3,\"name\":\"L\u2019atelier Des P\u00e2tes, les vraies p\u00e2tes fra\u00eeches\"}]},{\"@type\":\"WebSite\",\"@id\":\"https:\\\/\\\/www.elle.be\\\/fr\\\/#website\",\"url\":\"https:\\\/\\\/www.elle.be\\\/fr\\\/\",\"name\":\"ELLE.be\",\"description\":\"Toutes les infos mode, beaut\u00e9 et lifestyle les plus pointues ainsi qu&#039;un contenu 100% belge d\u00e9clin\u00e9 \u00e0 360\u00b0sur le site ELLE.be, nos r\u00e9seaux sociaux et notre cha\u00eene Youtube.\",\"publisher\":{\"@id\":\"https:\\\/\\\/www.elle.be\\\/fr\\\/#organization\"},\"potentialAction\":[{\"@type\":\"SearchAction\",\"target\":{\"@type\":\"EntryPoint\",\"urlTemplate\":\"https:\\\/\\\/www.elle.be\\\/fr\\\/?s={search_term_string}\"},\"query-input\":{\"@type\":\"PropertyValueSpecification\",\"valueRequired\":true,\"valueName\":\"search_term_string\"}}],\"inLanguage\":\"fr-FR\"},{\"@type\":\"Organization\",\"@id\":\"https:\\\/\\\/www.elle.be\\\/fr\\\/#organization\",\"name\":\"ELLE Belgique\",\"url\":\"https:\\\/\\\/www.elle.be\\\/fr\\\/\",\"logo\":{\"@type\":\"ImageObject\",\"inLanguage\":\"fr-FR\",\"@id\":\"https:\\\/\\\/www.elle.be\\\/fr\\\/#\\\/schema\\\/logo\\\/image\\\/\",\"url\":\"https:\\\/\\\/www.elle.be\\\/fr\\\/wp-content\\\/uploads\\\/2017\\\/03\\\/elle-icon-200px.jpeg\",\"contentUrl\":\"https:\\\/\\\/www.elle.be\\\/fr\\\/wp-content\\\/uploads\\\/2017\\\/03\\\/elle-icon-200px.jpeg\",\"width\":200,\"height\":200,\"caption\":\"ELLE Belgique\"},\"image\":{\"@id\":\"https:\\\/\\\/www.elle.be\\\/fr\\\/#\\\/schema\\\/logo\\\/image\\\/\"},\"sameAs\":[\"https:\\\/\\\/www.facebook.com\\\/ELLEbelgium\\\/\",\"https:\\\/\\\/x.com\\\/ELLEBelgique\",\"http:\\\/\\\/instagram.com\\\/ellebelgique\\\/\",\"https:\\\/\\\/www.pinterest.com\\\/ellebelgique\\\/\",\"https:\\\/\\\/www.youtube.com\\\/user\\\/ELLEbelgique1\"]},{\"@type\":\"Person\",\"@id\":\"https:\\\/\\\/www.elle.be\\\/fr\\\/#\\\/schema\\\/person\\\/2c7693f13ee3d4992850ec2ff033c586\",\"name\":\"ELLE Partenaire\",\"image\":{\"@type\":\"ImageObject\",\"inLanguage\":\"fr-FR\",\"@id\":\"https:\\\/\\\/secure.gravatar.com\\\/avatar\\\/dddcf2d7bb88803a2e434d2b1c6a7b997b2de2334d047a137cc5e9dc165ca7e2?s=96&r=g\",\"url\":\"https:\\\/\\\/secure.gravatar.com\\\/avatar\\\/dddcf2d7bb88803a2e434d2b1c6a7b997b2de2334d047a137cc5e9dc165ca7e2?s=96&r=g\",\"contentUrl\":\"https:\\\/\\\/secure.gravatar.com\\\/avatar\\\/dddcf2d7bb88803a2e434d2b1c6a7b997b2de2334d047a137cc5e9dc165ca7e2?s=96&r=g\",\"caption\":\"ELLE Partenaire\"},\"url\":\"https:\\\/\\\/www.elle.be\\\/fr\\\/author\\\/operation-speciale\"}]}<\/script>\n<!-- \/ Yoast SEO plugin. -->","yoast_head_json":{"title":"L\u2019atelier Des P\u00e2tes, les vraies p\u00e2tes fra\u00eeches - ELLE.be","description":"Originaires de la r\u00e9gion des Abruzzes en Italie et f\u00e9d\u00e9r\u00e9s par la m\u00eame passion et la m\u00eame id\u00e9e que \u00ab\u00a0les p\u00e2tes fra\u00eeches artisanales sont un d\u00e9lice \u00e0","robots":{"index":"index","follow":"follow","max-snippet":"max-snippet:-1","max-image-preview":"max-image-preview:large","max-video-preview":"max-video-preview:-1"},"canonical":"https:\/\/www.elle.be\/fr\/256873-latelier-des-pates-les-vraies-pates-fraiches.html","og_locale":"fr_FR","og_type":"article","og_title":"L\u2019atelier Des P\u00e2tes, les vraies p\u00e2tes fra\u00eeches - ELLE.be","og_description":"Originaires de la r\u00e9gion des Abruzzes en Italie et f\u00e9d\u00e9r\u00e9s par la m\u00eame passion et la m\u00eame id\u00e9e que \u00ab\u00a0les p\u00e2tes fra\u00eeches artisanales sont un d\u00e9lice \u00e0","og_url":"https:\/\/www.elle.be\/fr\/256873-latelier-des-pates-les-vraies-pates-fraiches.html","og_site_name":"ELLE.be","article_publisher":"https:\/\/www.facebook.com\/ELLEbelgium\/","article_published_time":"2019-04-17T13:55:32+00:00","article_modified_time":"2019-04-17T14:03:21+00:00","og_image":[{"width":1200,"height":628,"url":"https:\/\/www.elle.be\/fr\/wp-content\/uploads\/2019\/04\/atelierdespates_1200x628.jpg","type":"image\/jpeg"}],"author":"ELLE Partenaire","twitter_card":"summary_large_image","twitter_creator":"@ELLEBelgique","twitter_site":"@ELLEBelgique","twitter_misc":{"\u00c9crit par":"ELLE Partenaire","Dur\u00e9e de lecture estim\u00e9e":"1 minute"},"schema":{"@context":"https:\/\/schema.org","@graph":[{"@type":"NewsArticle","@id":"https:\/\/www.elle.be\/fr\/256873-latelier-des-pates-les-vraies-pates-fraiches.html#article","isPartOf":{"@id":"https:\/\/www.elle.be\/fr\/256873-latelier-des-pates-les-vraies-pates-fraiches.html"},"author":{"name":"ELLE Partenaire","@id":"https:\/\/www.elle.be\/fr\/#\/schema\/person\/2c7693f13ee3d4992850ec2ff033c586"},"headline":"L\u2019atelier Des P\u00e2tes, les vraies p\u00e2tes fra\u00eeches","datePublished":"2019-04-17T13:55:32+00:00","dateModified":"2019-04-17T14:03:21+00:00","mainEntityOfPage":{"@id":"https:\/\/www.elle.be\/fr\/256873-latelier-des-pates-les-vraies-pates-fraiches.html"},"wordCount":244,"commentCount":0,"publisher":{"@id":"https:\/\/www.elle.be\/fr\/#organization"},"image":{"@id":"https:\/\/www.elle.be\/fr\/256873-latelier-des-pates-les-vraies-pates-fraiches.html#primaryimage"},"thumbnailUrl":"https:\/\/www.elle.be\/fr\/wp-content\/uploads\/2019\/04\/atelierdespates_1200x628.jpg","keywords":["food","adresses"],"articleSection":["News Food","Adresses"],"inLanguage":"fr-FR","potentialAction":[{"@type":"CommentAction","name":"Comment","target":["https:\/\/www.elle.be\/fr\/256873-latelier-des-pates-les-vraies-pates-fraiches.html#respond"]}]},{"@type":"WebPage","@id":"https:\/\/www.elle.be\/fr\/256873-latelier-des-pates-les-vraies-pates-fraiches.html","url":"https:\/\/www.elle.be\/fr\/256873-latelier-des-pates-les-vraies-pates-fraiches.html","name":"L\u2019atelier Des P\u00e2tes, les vraies p\u00e2tes fra\u00eeches - ELLE.be","isPartOf":{"@id":"https:\/\/www.elle.be\/fr\/#website"},"primaryImageOfPage":{"@id":"https:\/\/www.elle.be\/fr\/256873-latelier-des-pates-les-vraies-pates-fraiches.html#primaryimage"},"image":{"@id":"https:\/\/www.elle.be\/fr\/256873-latelier-des-pates-les-vraies-pates-fraiches.html#primaryimage"},"thumbnailUrl":"https:\/\/www.elle.be\/fr\/wp-content\/uploads\/2019\/04\/atelierdespates_1200x628.jpg","datePublished":"2019-04-17T13:55:32+00:00","dateModified":"2019-04-17T14:03:21+00:00","description":"Originaires de la r\u00e9gion des Abruzzes en Italie et f\u00e9d\u00e9r\u00e9s par la m\u00eame passion et la m\u00eame id\u00e9e que \u00ab\u00a0les p\u00e2tes fra\u00eeches artisanales sont un d\u00e9lice \u00e0","breadcrumb":{"@id":"https:\/\/www.elle.be\/fr\/256873-latelier-des-pates-les-vraies-pates-fraiches.html#breadcrumb"},"inLanguage":"fr-FR","potentialAction":[{"@type":"ReadAction","target":["https:\/\/www.elle.be\/fr\/256873-latelier-des-pates-les-vraies-pates-fraiches.html"]}]},{"@type":"ImageObject","inLanguage":"fr-FR","@id":"https:\/\/www.elle.be\/fr\/256873-latelier-des-pates-les-vraies-pates-fraiches.html#primaryimage","url":"https:\/\/www.elle.be\/fr\/wp-content\/uploads\/2019\/04\/atelierdespates_1200x628.jpg","contentUrl":"https:\/\/www.elle.be\/fr\/wp-content\/uploads\/2019\/04\/atelierdespates_1200x628.jpg","width":1200,"height":628},{"@type":"BreadcrumbList","@id":"https:\/\/www.elle.be\/fr\/256873-latelier-des-pates-les-vraies-pates-fraiches.html#breadcrumb","itemListElement":[{"@type":"ListItem","position":1,"name":"FR","item":"https:\/\/www.elle.be\/fr"},{"@type":"ListItem","position":2,"name":"Adresses","item":"https:\/\/www.elle.be\/fr\/adresses"},{"@type":"ListItem","position":3,"name":"L\u2019atelier Des P\u00e2tes, les vraies p\u00e2tes fra\u00eeches"}]},{"@type":"WebSite","@id":"https:\/\/www.elle.be\/fr\/#website","url":"https:\/\/www.elle.be\/fr\/","name":"ELLE.be","description":"Toutes les infos mode, beaut\u00e9 et lifestyle les plus pointues ainsi qu&#039;un contenu 100% belge d\u00e9clin\u00e9 \u00e0 360\u00b0sur le site ELLE.be, nos r\u00e9seaux sociaux et notre cha\u00eene Youtube.","publisher":{"@id":"https:\/\/www.elle.be\/fr\/#organization"},"potentialAction":[{"@type":"SearchAction","target":{"@type":"EntryPoint","urlTemplate":"https:\/\/www.elle.be\/fr\/?s={search_term_string}"},"query-input":{"@type":"PropertyValueSpecification","valueRequired":true,"valueName":"search_term_string"}}],"inLanguage":"fr-FR"},{"@type":"Organization","@id":"https:\/\/www.elle.be\/fr\/#organization","name":"ELLE Belgique","url":"https:\/\/www.elle.be\/fr\/","logo":{"@type":"ImageObject","inLanguage":"fr-FR","@id":"https:\/\/www.elle.be\/fr\/#\/schema\/logo\/image\/","url":"https:\/\/www.elle.be\/fr\/wp-content\/uploads\/2017\/03\/elle-icon-200px.jpeg","contentUrl":"https:\/\/www.elle.be\/fr\/wp-content\/uploads\/2017\/03\/elle-icon-200px.jpeg","width":200,"height":200,"caption":"ELLE Belgique"},"image":{"@id":"https:\/\/www.elle.be\/fr\/#\/schema\/logo\/image\/"},"sameAs":["https:\/\/www.facebook.com\/ELLEbelgium\/","https:\/\/x.com\/ELLEBelgique","http:\/\/instagram.com\/ellebelgique\/","https:\/\/www.pinterest.com\/ellebelgique\/","https:\/\/www.youtube.com\/user\/ELLEbelgique1"]},{"@type":"Person","@id":"https:\/\/www.elle.be\/fr\/#\/schema\/person\/2c7693f13ee3d4992850ec2ff033c586","name":"ELLE Partenaire","image":{"@type":"ImageObject","inLanguage":"fr-FR","@id":"https:\/\/secure.gravatar.com\/avatar\/dddcf2d7bb88803a2e434d2b1c6a7b997b2de2334d047a137cc5e9dc165ca7e2?s=96&r=g","url":"https:\/\/secure.gravatar.com\/avatar\/dddcf2d7bb88803a2e434d2b1c6a7b997b2de2334d047a137cc5e9dc165ca7e2?s=96&r=g","contentUrl":"https:\/\/secure.gravatar.com\/avatar\/dddcf2d7bb88803a2e434d2b1c6a7b997b2de2334d047a137cc5e9dc165ca7e2?s=96&r=g","caption":"ELLE Partenaire"},"url":"https:\/\/www.elle.be\/fr\/author\/operation-speciale"}]}},"_links":{"self":[{"href":"https:\/\/www.elle.be\/fr\/wp-json\/wp\/v2\/posts\/256873","targetHints":{"allow":["GET"]}}],"collection":[{"href":"https:\/\/www.elle.be\/fr\/wp-json\/wp\/v2\/posts"}],"about":[{"href":"https:\/\/www.elle.be\/fr\/wp-json\/wp\/v2\/types\/post"}],"author":[{"embeddable":true,"href":"https:\/\/www.elle.be\/fr\/wp-json\/wp\/v2\/users\/47"}],"replies":[{"embeddable":true,"href":"https:\/\/www.elle.be\/fr\/wp-json\/wp\/v2\/comments?post=256873"}],"version-history":[{"count":3,"href":"https:\/\/www.elle.be\/fr\/wp-json\/wp\/v2\/posts\/256873\/revisions"}],"predecessor-version":[{"id":256943,"href":"https:\/\/www.elle.be\/fr\/wp-json\/wp\/v2\/posts\/256873\/revisions\/256943"}],"wp:featuredmedia":[{"embeddable":true,"href":"https:\/\/www.elle.be\/fr\/wp-json\/wp\/v2\/media\/256878"}],"wp:attachment":[{"href":"https:\/\/www.elle.be\/fr\/wp-json\/wp\/v2\/media?parent=256873"}],"wp:term":[{"taxonomy":"category","embeddable":true,"href":"https:\/\/www.elle.be\/fr\/wp-json\/wp\/v2\/categories?post=256873"},{"taxonomy":"post_tag","embeddable":true,"href":"https:\/\/www.elle.be\/fr\/wp-json\/wp\/v2\/tags?post=256873"}],"curies":[{"name":"wp","href":"https:\/\/api.w.org\/{rel}","templated":true}]}}