{"id":255671,"date":"2019-04-11T10:00:41","date_gmt":"2019-04-11T08:00:41","guid":{"rendered":"https:\/\/www.elle.be\/fr\/?p=255671"},"modified":"2019-04-10T10:37:01","modified_gmt":"2019-04-10T08:37:01","slug":"tchika-le-nouveau-magazine-feministe-pour-les-kids","status":"publish","type":"post","link":"https:\/\/www.elle.be\/fr\/255671-tchika-le-nouveau-magazine-feministe-pour-les-kids.html","title":{"rendered":"Tchika: le nouveau magazine f\u00e9ministe pour les kids"},"content":{"rendered":"","protected":false},"excerpt":{"rendered":"Tchika, c\u2019est le premier magazine d\u2019empowerment pour les filles de sept \u00e0 douze ans. ...","protected":false},"author":46,"featured_media":255681,"comment_status":"open","ping_status":"closed","sticky":false,"template":"","format":"standard","meta":{"_acf_changed":false,"footnotes":""},"categories":[1186,2220],"tags":[223,403],"class_list":["post-255671","post","type-post","status-publish","format-standard","has-post-thumbnail","hentry","category-actu","category-societe","tag-societe","tag-feminisme"],"acf":[],"image_verticale":"255751","_yoast_wpseo_title":null,"_yoast_wpseo_metadesc":null,"_yoast_wpseo_focuskw_text_input":null,"_yoast_wpseo_opengraph-title":null,"yoast_head":"<!-- This site is optimized with the Yoast SEO plugin v27.4 - https:\/\/yoast.com\/product\/yoast-seo-wordpress\/ -->\n<title>Tchika: le nouveau magazine f\u00e9ministe pour les kids - ELLE.be<\/title>\n<meta name=\"description\" content=\"Tchika, c\u2019est le premier magazine d\u2019empowerment pour les filles de sept \u00e0 douze ans. Unique, n\u00e9cessaire et d\u00e9cal\u00e9\u2026 Focus sur cette brillante id\u00e9e.\u00a0\" \/>\n<meta name=\"robots\" content=\"index, follow, max-snippet:-1, max-image-preview:large, max-video-preview:-1\" \/>\n<link rel=\"canonical\" href=\"https:\/\/www.elle.be\/fr\/255671-tchika-le-nouveau-magazine-feministe-pour-les-kids.html\" \/>\n<meta property=\"og:locale\" content=\"fr_FR\" \/>\n<meta property=\"og:type\" content=\"article\" \/>\n<meta property=\"og:title\" content=\"Tchika: le nouveau magazine f\u00e9ministe pour les kids - ELLE.be\" \/>\n<meta property=\"og:description\" content=\"Tchika, c\u2019est le premier magazine d\u2019empowerment pour les filles de sept \u00e0 douze ans. Unique, n\u00e9cessaire et d\u00e9cal\u00e9\u2026 Focus sur cette brillante id\u00e9e.\u00a0\" \/>\n<meta property=\"og:url\" content=\"https:\/\/www.elle.be\/fr\/255671-tchika-le-nouveau-magazine-feministe-pour-les-kids.html\" \/>\n<meta property=\"og:site_name\" content=\"ELLE.be\" \/>\n<meta property=\"article:publisher\" content=\"https:\/\/www.facebook.com\/ELLEbelgium\/\" \/>\n<meta property=\"article:published_time\" content=\"2019-04-11T08:00:41+00:00\" \/>\n<meta property=\"og:image\" content=\"https:\/\/www.elle.be\/fr\/wp-content\/uploads\/2019\/04\/tchika1.jpg\" \/>\n\t<meta property=\"og:image:width\" content=\"1200\" \/>\n\t<meta property=\"og:image:height\" content=\"628\" \/>\n\t<meta property=\"og:image:type\" content=\"image\/jpeg\" \/>\n<meta name=\"author\" content=\"Laurence Donis\" \/>\n<meta name=\"twitter:card\" content=\"summary_large_image\" \/>\n<meta name=\"twitter:creator\" content=\"@DonisLaurence\" \/>\n<meta name=\"twitter:site\" content=\"@ELLEBelgique\" \/>\n<meta name=\"twitter:label1\" content=\"\u00c9crit par\" \/>\n\t<meta name=\"twitter:data1\" content=\"Laurence Donis\" \/>\n\t<meta name=\"twitter:label2\" content=\"Dur\u00e9e de lecture estim\u00e9e\" \/>\n\t<meta name=\"twitter:data2\" content=\"4 minutes\" \/>\n<script type=\"application\/ld+json\" class=\"yoast-schema-graph\">{\"@context\":\"https:\\\/\\\/schema.org\",\"@graph\":[{\"@type\":\"NewsArticle\",\"@id\":\"https:\\\/\\\/www.elle.be\\\/fr\\\/255671-tchika-le-nouveau-magazine-feministe-pour-les-kids.html#article\",\"isPartOf\":{\"@id\":\"https:\\\/\\\/www.elle.be\\\/fr\\\/255671-tchika-le-nouveau-magazine-feministe-pour-les-kids.html\"},\"author\":{\"name\":\"Laurence Donis\",\"@id\":\"https:\\\/\\\/www.elle.be\\\/fr\\\/#\\\/schema\\\/person\\\/517177ad0a70e8c475948fa3169deacd\"},\"headline\":\"Tchika: le nouveau magazine f\u00e9ministe pour les kids\",\"datePublished\":\"2019-04-11T08:00:41+00:00\",\"mainEntityOfPage\":{\"@id\":\"https:\\\/\\\/www.elle.be\\\/fr\\\/255671-tchika-le-nouveau-magazine-feministe-pour-les-kids.html\"},\"wordCount\":733,\"commentCount\":0,\"publisher\":{\"@id\":\"https:\\\/\\\/www.elle.be\\\/fr\\\/#organization\"},\"image\":{\"@id\":\"https:\\\/\\\/www.elle.be\\\/fr\\\/255671-tchika-le-nouveau-magazine-feministe-pour-les-kids.html#primaryimage\"},\"thumbnailUrl\":\"https:\\\/\\\/www.elle.be\\\/fr\\\/wp-content\\\/uploads\\\/2019\\\/04\\\/tchika1.jpg\",\"keywords\":[\"soci\u00e9t\u00e9\",\"f\u00e9minisme\"],\"articleSection\":[\"Actu\",\"Soci\u00e9t\u00e9\"],\"inLanguage\":\"fr-FR\",\"potentialAction\":[{\"@type\":\"CommentAction\",\"name\":\"Comment\",\"target\":[\"https:\\\/\\\/www.elle.be\\\/fr\\\/255671-tchika-le-nouveau-magazine-feministe-pour-les-kids.html#respond\"]}]},{\"@type\":\"WebPage\",\"@id\":\"https:\\\/\\\/www.elle.be\\\/fr\\\/255671-tchika-le-nouveau-magazine-feministe-pour-les-kids.html\",\"url\":\"https:\\\/\\\/www.elle.be\\\/fr\\\/255671-tchika-le-nouveau-magazine-feministe-pour-les-kids.html\",\"name\":\"Tchika: le nouveau magazine f\u00e9ministe pour les kids - ELLE.be\",\"isPartOf\":{\"@id\":\"https:\\\/\\\/www.elle.be\\\/fr\\\/#website\"},\"primaryImageOfPage\":{\"@id\":\"https:\\\/\\\/www.elle.be\\\/fr\\\/255671-tchika-le-nouveau-magazine-feministe-pour-les-kids.html#primaryimage\"},\"image\":{\"@id\":\"https:\\\/\\\/www.elle.be\\\/fr\\\/255671-tchika-le-nouveau-magazine-feministe-pour-les-kids.html#primaryimage\"},\"thumbnailUrl\":\"https:\\\/\\\/www.elle.be\\\/fr\\\/wp-content\\\/uploads\\\/2019\\\/04\\\/tchika1.jpg\",\"datePublished\":\"2019-04-11T08:00:41+00:00\",\"description\":\"Tchika, c\u2019est le premier magazine d\u2019empowerment pour les filles de sept \u00e0 douze ans. Unique, n\u00e9cessaire et d\u00e9cal\u00e9\u2026 Focus sur cette brillante id\u00e9e.\u00a0\",\"breadcrumb\":{\"@id\":\"https:\\\/\\\/www.elle.be\\\/fr\\\/255671-tchika-le-nouveau-magazine-feministe-pour-les-kids.html#breadcrumb\"},\"inLanguage\":\"fr-FR\",\"potentialAction\":[{\"@type\":\"ReadAction\",\"target\":[\"https:\\\/\\\/www.elle.be\\\/fr\\\/255671-tchika-le-nouveau-magazine-feministe-pour-les-kids.html\"]}]},{\"@type\":\"ImageObject\",\"inLanguage\":\"fr-FR\",\"@id\":\"https:\\\/\\\/www.elle.be\\\/fr\\\/255671-tchika-le-nouveau-magazine-feministe-pour-les-kids.html#primaryimage\",\"url\":\"https:\\\/\\\/www.elle.be\\\/fr\\\/wp-content\\\/uploads\\\/2019\\\/04\\\/tchika1.jpg\",\"contentUrl\":\"https:\\\/\\\/www.elle.be\\\/fr\\\/wp-content\\\/uploads\\\/2019\\\/04\\\/tchika1.jpg\",\"width\":1200,\"height\":628,\"caption\":\"fille lecture magazine\"},{\"@type\":\"BreadcrumbList\",\"@id\":\"https:\\\/\\\/www.elle.be\\\/fr\\\/255671-tchika-le-nouveau-magazine-feministe-pour-les-kids.html#breadcrumb\",\"itemListElement\":[{\"@type\":\"ListItem\",\"position\":1,\"name\":\"FR\",\"item\":\"https:\\\/\\\/www.elle.be\\\/fr\"},{\"@type\":\"ListItem\",\"position\":2,\"name\":\"Actu\",\"item\":\"https:\\\/\\\/www.elle.be\\\/fr\\\/actu\"},{\"@type\":\"ListItem\",\"position\":3,\"name\":\"Tchika: le nouveau magazine f\u00e9ministe pour les kids\"}]},{\"@type\":\"WebSite\",\"@id\":\"https:\\\/\\\/www.elle.be\\\/fr\\\/#website\",\"url\":\"https:\\\/\\\/www.elle.be\\\/fr\\\/\",\"name\":\"ELLE.be\",\"description\":\"Toutes les infos mode, beaut\u00e9 et lifestyle les plus pointues ainsi qu&#039;un contenu 100% belge d\u00e9clin\u00e9 \u00e0 360\u00b0sur le site ELLE.be, nos r\u00e9seaux sociaux et notre cha\u00eene Youtube.\",\"publisher\":{\"@id\":\"https:\\\/\\\/www.elle.be\\\/fr\\\/#organization\"},\"potentialAction\":[{\"@type\":\"SearchAction\",\"target\":{\"@type\":\"EntryPoint\",\"urlTemplate\":\"https:\\\/\\\/www.elle.be\\\/fr\\\/?s={search_term_string}\"},\"query-input\":{\"@type\":\"PropertyValueSpecification\",\"valueRequired\":true,\"valueName\":\"search_term_string\"}}],\"inLanguage\":\"fr-FR\"},{\"@type\":\"Organization\",\"@id\":\"https:\\\/\\\/www.elle.be\\\/fr\\\/#organization\",\"name\":\"ELLE Belgique\",\"url\":\"https:\\\/\\\/www.elle.be\\\/fr\\\/\",\"logo\":{\"@type\":\"ImageObject\",\"inLanguage\":\"fr-FR\",\"@id\":\"https:\\\/\\\/www.elle.be\\\/fr\\\/#\\\/schema\\\/logo\\\/image\\\/\",\"url\":\"https:\\\/\\\/www.elle.be\\\/fr\\\/wp-content\\\/uploads\\\/2017\\\/03\\\/elle-icon-200px.jpeg\",\"contentUrl\":\"https:\\\/\\\/www.elle.be\\\/fr\\\/wp-content\\\/uploads\\\/2017\\\/03\\\/elle-icon-200px.jpeg\",\"width\":200,\"height\":200,\"caption\":\"ELLE Belgique\"},\"image\":{\"@id\":\"https:\\\/\\\/www.elle.be\\\/fr\\\/#\\\/schema\\\/logo\\\/image\\\/\"},\"sameAs\":[\"https:\\\/\\\/www.facebook.com\\\/ELLEbelgium\\\/\",\"https:\\\/\\\/x.com\\\/ELLEBelgique\",\"http:\\\/\\\/instagram.com\\\/ellebelgique\\\/\",\"https:\\\/\\\/www.pinterest.com\\\/ellebelgique\\\/\",\"https:\\\/\\\/www.youtube.com\\\/user\\\/ELLEbelgique1\"]},{\"@type\":\"Person\",\"@id\":\"https:\\\/\\\/www.elle.be\\\/fr\\\/#\\\/schema\\\/person\\\/517177ad0a70e8c475948fa3169deacd\",\"name\":\"Laurence Donis\",\"image\":{\"@type\":\"ImageObject\",\"inLanguage\":\"fr-FR\",\"@id\":\"https:\\\/\\\/www.elle.be\\\/fr\\\/wp-content\\\/uploads\\\/2017\\\/03\\\/moii-96x96.jpg\",\"url\":\"https:\\\/\\\/www.elle.be\\\/fr\\\/wp-content\\\/uploads\\\/2017\\\/03\\\/moii-96x96.jpg\",\"contentUrl\":\"https:\\\/\\\/www.elle.be\\\/fr\\\/wp-content\\\/uploads\\\/2017\\\/03\\\/moii-96x96.jpg\",\"caption\":\"Laurence Donis\"},\"description\":\"Convaincue que le f\u00e9minisme n'est pas un gros mot (ou un combat d\u00e9pass\u00e9) mais que l'on peut aussi en parler d'une mani\u00e8re moderne, fun et d\u00e9cal\u00e9e. Gourmande inv\u00e9t\u00e9r\u00e9e, elle reste aussi \u00e0 l'aff\u00fbt des bons plans food toute l'ann\u00e9e.\",\"sameAs\":[\"https:\\\/\\\/www.instagram.com\\\/laurence.donis\\\/\",\"https:\\\/\\\/x.com\\\/DonisLaurence\"],\"url\":\"https:\\\/\\\/www.elle.be\\\/fr\\\/author\\\/laurenced\"}]}<\/script>\n<!-- \/ Yoast SEO plugin. -->","yoast_head_json":{"title":"Tchika: le nouveau magazine f\u00e9ministe pour les kids - ELLE.be","description":"Tchika, c\u2019est le premier magazine d\u2019empowerment pour les filles de sept \u00e0 douze ans. Unique, n\u00e9cessaire et d\u00e9cal\u00e9\u2026 Focus sur cette brillante id\u00e9e.\u00a0","robots":{"index":"index","follow":"follow","max-snippet":"max-snippet:-1","max-image-preview":"max-image-preview:large","max-video-preview":"max-video-preview:-1"},"canonical":"https:\/\/www.elle.be\/fr\/255671-tchika-le-nouveau-magazine-feministe-pour-les-kids.html","og_locale":"fr_FR","og_type":"article","og_title":"Tchika: le nouveau magazine f\u00e9ministe pour les kids - ELLE.be","og_description":"Tchika, c\u2019est le premier magazine d\u2019empowerment pour les filles de sept \u00e0 douze ans. Unique, n\u00e9cessaire et d\u00e9cal\u00e9\u2026 Focus sur cette brillante id\u00e9e.\u00a0","og_url":"https:\/\/www.elle.be\/fr\/255671-tchika-le-nouveau-magazine-feministe-pour-les-kids.html","og_site_name":"ELLE.be","article_publisher":"https:\/\/www.facebook.com\/ELLEbelgium\/","article_published_time":"2019-04-11T08:00:41+00:00","og_image":[{"width":1200,"height":628,"url":"https:\/\/www.elle.be\/fr\/wp-content\/uploads\/2019\/04\/tchika1.jpg","type":"image\/jpeg"}],"author":"Laurence Donis","twitter_card":"summary_large_image","twitter_creator":"@DonisLaurence","twitter_site":"@ELLEBelgique","twitter_misc":{"\u00c9crit par":"Laurence Donis","Dur\u00e9e de lecture estim\u00e9e":"4 minutes"},"schema":{"@context":"https:\/\/schema.org","@graph":[{"@type":"NewsArticle","@id":"https:\/\/www.elle.be\/fr\/255671-tchika-le-nouveau-magazine-feministe-pour-les-kids.html#article","isPartOf":{"@id":"https:\/\/www.elle.be\/fr\/255671-tchika-le-nouveau-magazine-feministe-pour-les-kids.html"},"author":{"name":"Laurence Donis","@id":"https:\/\/www.elle.be\/fr\/#\/schema\/person\/517177ad0a70e8c475948fa3169deacd"},"headline":"Tchika: le nouveau magazine f\u00e9ministe pour les kids","datePublished":"2019-04-11T08:00:41+00:00","mainEntityOfPage":{"@id":"https:\/\/www.elle.be\/fr\/255671-tchika-le-nouveau-magazine-feministe-pour-les-kids.html"},"wordCount":733,"commentCount":0,"publisher":{"@id":"https:\/\/www.elle.be\/fr\/#organization"},"image":{"@id":"https:\/\/www.elle.be\/fr\/255671-tchika-le-nouveau-magazine-feministe-pour-les-kids.html#primaryimage"},"thumbnailUrl":"https:\/\/www.elle.be\/fr\/wp-content\/uploads\/2019\/04\/tchika1.jpg","keywords":["soci\u00e9t\u00e9","f\u00e9minisme"],"articleSection":["Actu","Soci\u00e9t\u00e9"],"inLanguage":"fr-FR","potentialAction":[{"@type":"CommentAction","name":"Comment","target":["https:\/\/www.elle.be\/fr\/255671-tchika-le-nouveau-magazine-feministe-pour-les-kids.html#respond"]}]},{"@type":"WebPage","@id":"https:\/\/www.elle.be\/fr\/255671-tchika-le-nouveau-magazine-feministe-pour-les-kids.html","url":"https:\/\/www.elle.be\/fr\/255671-tchika-le-nouveau-magazine-feministe-pour-les-kids.html","name":"Tchika: le nouveau magazine f\u00e9ministe pour les kids - ELLE.be","isPartOf":{"@id":"https:\/\/www.elle.be\/fr\/#website"},"primaryImageOfPage":{"@id":"https:\/\/www.elle.be\/fr\/255671-tchika-le-nouveau-magazine-feministe-pour-les-kids.html#primaryimage"},"image":{"@id":"https:\/\/www.elle.be\/fr\/255671-tchika-le-nouveau-magazine-feministe-pour-les-kids.html#primaryimage"},"thumbnailUrl":"https:\/\/www.elle.be\/fr\/wp-content\/uploads\/2019\/04\/tchika1.jpg","datePublished":"2019-04-11T08:00:41+00:00","description":"Tchika, c\u2019est le premier magazine d\u2019empowerment pour les filles de sept \u00e0 douze ans. Unique, n\u00e9cessaire et d\u00e9cal\u00e9\u2026 Focus sur cette brillante id\u00e9e.\u00a0","breadcrumb":{"@id":"https:\/\/www.elle.be\/fr\/255671-tchika-le-nouveau-magazine-feministe-pour-les-kids.html#breadcrumb"},"inLanguage":"fr-FR","potentialAction":[{"@type":"ReadAction","target":["https:\/\/www.elle.be\/fr\/255671-tchika-le-nouveau-magazine-feministe-pour-les-kids.html"]}]},{"@type":"ImageObject","inLanguage":"fr-FR","@id":"https:\/\/www.elle.be\/fr\/255671-tchika-le-nouveau-magazine-feministe-pour-les-kids.html#primaryimage","url":"https:\/\/www.elle.be\/fr\/wp-content\/uploads\/2019\/04\/tchika1.jpg","contentUrl":"https:\/\/www.elle.be\/fr\/wp-content\/uploads\/2019\/04\/tchika1.jpg","width":1200,"height":628,"caption":"fille lecture magazine"},{"@type":"BreadcrumbList","@id":"https:\/\/www.elle.be\/fr\/255671-tchika-le-nouveau-magazine-feministe-pour-les-kids.html#breadcrumb","itemListElement":[{"@type":"ListItem","position":1,"name":"FR","item":"https:\/\/www.elle.be\/fr"},{"@type":"ListItem","position":2,"name":"Actu","item":"https:\/\/www.elle.be\/fr\/actu"},{"@type":"ListItem","position":3,"name":"Tchika: le nouveau magazine f\u00e9ministe pour les kids"}]},{"@type":"WebSite","@id":"https:\/\/www.elle.be\/fr\/#website","url":"https:\/\/www.elle.be\/fr\/","name":"ELLE.be","description":"Toutes les infos mode, beaut\u00e9 et lifestyle les plus pointues ainsi qu&#039;un contenu 100% belge d\u00e9clin\u00e9 \u00e0 360\u00b0sur le site ELLE.be, nos r\u00e9seaux sociaux et notre cha\u00eene Youtube.","publisher":{"@id":"https:\/\/www.elle.be\/fr\/#organization"},"potentialAction":[{"@type":"SearchAction","target":{"@type":"EntryPoint","urlTemplate":"https:\/\/www.elle.be\/fr\/?s={search_term_string}"},"query-input":{"@type":"PropertyValueSpecification","valueRequired":true,"valueName":"search_term_string"}}],"inLanguage":"fr-FR"},{"@type":"Organization","@id":"https:\/\/www.elle.be\/fr\/#organization","name":"ELLE Belgique","url":"https:\/\/www.elle.be\/fr\/","logo":{"@type":"ImageObject","inLanguage":"fr-FR","@id":"https:\/\/www.elle.be\/fr\/#\/schema\/logo\/image\/","url":"https:\/\/www.elle.be\/fr\/wp-content\/uploads\/2017\/03\/elle-icon-200px.jpeg","contentUrl":"https:\/\/www.elle.be\/fr\/wp-content\/uploads\/2017\/03\/elle-icon-200px.jpeg","width":200,"height":200,"caption":"ELLE Belgique"},"image":{"@id":"https:\/\/www.elle.be\/fr\/#\/schema\/logo\/image\/"},"sameAs":["https:\/\/www.facebook.com\/ELLEbelgium\/","https:\/\/x.com\/ELLEBelgique","http:\/\/instagram.com\/ellebelgique\/","https:\/\/www.pinterest.com\/ellebelgique\/","https:\/\/www.youtube.com\/user\/ELLEbelgique1"]},{"@type":"Person","@id":"https:\/\/www.elle.be\/fr\/#\/schema\/person\/517177ad0a70e8c475948fa3169deacd","name":"Laurence Donis","image":{"@type":"ImageObject","inLanguage":"fr-FR","@id":"https:\/\/www.elle.be\/fr\/wp-content\/uploads\/2017\/03\/moii-96x96.jpg","url":"https:\/\/www.elle.be\/fr\/wp-content\/uploads\/2017\/03\/moii-96x96.jpg","contentUrl":"https:\/\/www.elle.be\/fr\/wp-content\/uploads\/2017\/03\/moii-96x96.jpg","caption":"Laurence Donis"},"description":"Convaincue que le f\u00e9minisme n'est pas un gros mot (ou un combat d\u00e9pass\u00e9) mais que l'on peut aussi en parler d'une mani\u00e8re moderne, fun et d\u00e9cal\u00e9e. Gourmande inv\u00e9t\u00e9r\u00e9e, elle reste aussi \u00e0 l'aff\u00fbt des bons plans food toute l'ann\u00e9e.","sameAs":["https:\/\/www.instagram.com\/laurence.donis\/","https:\/\/x.com\/DonisLaurence"],"url":"https:\/\/www.elle.be\/fr\/author\/laurenced"}]}},"_links":{"self":[{"href":"https:\/\/www.elle.be\/fr\/wp-json\/wp\/v2\/posts\/255671","targetHints":{"allow":["GET"]}}],"collection":[{"href":"https:\/\/www.elle.be\/fr\/wp-json\/wp\/v2\/posts"}],"about":[{"href":"https:\/\/www.elle.be\/fr\/wp-json\/wp\/v2\/types\/post"}],"author":[{"embeddable":true,"href":"https:\/\/www.elle.be\/fr\/wp-json\/wp\/v2\/users\/46"}],"replies":[{"embeddable":true,"href":"https:\/\/www.elle.be\/fr\/wp-json\/wp\/v2\/comments?post=255671"}],"version-history":[{"count":6,"href":"https:\/\/www.elle.be\/fr\/wp-json\/wp\/v2\/posts\/255671\/revisions"}],"predecessor-version":[{"id":255764,"href":"https:\/\/www.elle.be\/fr\/wp-json\/wp\/v2\/posts\/255671\/revisions\/255764"}],"wp:featuredmedia":[{"embeddable":true,"href":"https:\/\/www.elle.be\/fr\/wp-json\/wp\/v2\/media\/255681"}],"wp:attachment":[{"href":"https:\/\/www.elle.be\/fr\/wp-json\/wp\/v2\/media?parent=255671"}],"wp:term":[{"taxonomy":"category","embeddable":true,"href":"https:\/\/www.elle.be\/fr\/wp-json\/wp\/v2\/categories?post=255671"},{"taxonomy":"post_tag","embeddable":true,"href":"https:\/\/www.elle.be\/fr\/wp-json\/wp\/v2\/tags?post=255671"}],"curies":[{"name":"wp","href":"https:\/\/api.w.org\/{rel}","templated":true}]}}