{"id":254270,"date":"2019-03-26T14:19:35","date_gmt":"2019-03-26T13:19:35","guid":{"rendered":"https:\/\/www.elle.be\/fr\/?p=254270"},"modified":"2019-03-27T14:20:43","modified_gmt":"2019-03-27T13:20:43","slug":"que-reste-t-il-de-belge-chez-margiela","status":"publish","type":"post","link":"https:\/\/www.elle.be\/fr\/254270-que-reste-t-il-de-belge-chez-margiela.html","title":{"rendered":"Que reste-t-il de belge chez Margiela ?"},"content":{"rendered":"","protected":false},"excerpt":{"rendered":"A la fin des ann\u00e9es 80, l\u2019\u00e9nigmatique cr\u00e9ateur-perturbateur belge b\u00e2tissait sa Maison sur des fondations de subversion et de distanciation par rapport aux codes \u00e9tablis.","protected":false},"author":13,"featured_media":254282,"comment_status":"closed","ping_status":"closed","sticky":false,"template":"","format":"standard","meta":{"_acf_changed":false,"footnotes":""},"categories":[5,2202],"tags":[2894],"class_list":["post-254270","post","type-post","status-publish","format-standard","has-post-thumbnail","hentry","category-mode","category-news-actu","tag-margiela"],"acf":[],"image_verticale":"254278","_yoast_wpseo_title":null,"_yoast_wpseo_metadesc":null,"_yoast_wpseo_focuskw_text_input":null,"_yoast_wpseo_opengraph-title":null,"yoast_head":"<!-- This site is optimized with the Yoast SEO plugin v27.4 - https:\/\/yoast.com\/product\/yoast-seo-wordpress\/ -->\n<title>Que reste-t-il de belge chez Margiela ? - ELLE.be<\/title>\n<meta name=\"description\" content=\"A la fin des ann\u00e9es 80, l\u2019\u00e9nigmatique cr\u00e9ateur-perturbateur belge b\u00e2tissait sa Maison sur des fondations de subversion et de distanciation par rapport aux codes \u00e9tablis. D\u00e9sormais, Maison Margiela continue sans \u00ab Martin \u00bb, mais avec son n\u00e9cessaire d\u00e9calage.\" \/>\n<meta name=\"robots\" content=\"index, follow, max-snippet:-1, max-image-preview:large, max-video-preview:-1\" \/>\n<link rel=\"canonical\" href=\"https:\/\/www.elle.be\/fr\/254270-que-reste-t-il-de-belge-chez-margiela.html\" \/>\n<link rel=\"next\" href=\"https:\/\/www.elle.be\/fr\/254270-que-reste-t-il-de-belge-chez-margiela.html\/2\" \/>\n<meta property=\"og:locale\" content=\"fr_FR\" \/>\n<meta property=\"og:type\" content=\"article\" \/>\n<meta property=\"og:title\" content=\"Que reste-t-il de belge chez Margiela ? - ELLE.be\" \/>\n<meta property=\"og:description\" content=\"A la fin des ann\u00e9es 80, l\u2019\u00e9nigmatique cr\u00e9ateur-perturbateur belge b\u00e2tissait sa Maison sur des fondations de subversion et de distanciation par rapport aux codes \u00e9tablis. D\u00e9sormais, Maison Margiela continue sans \u00ab Martin \u00bb, mais avec son n\u00e9cessaire d\u00e9calage.\" \/>\n<meta property=\"og:url\" content=\"https:\/\/www.elle.be\/fr\/254270-que-reste-t-il-de-belge-chez-margiela.html\" \/>\n<meta property=\"og:site_name\" content=\"ELLE.be\" \/>\n<meta property=\"article:publisher\" content=\"https:\/\/www.facebook.com\/ELLEbelgium\/\" \/>\n<meta property=\"article:author\" content=\"http:\/\/www.facebook.com\/elisabethclausspage\/\" \/>\n<meta property=\"article:published_time\" content=\"2019-03-26T13:19:35+00:00\" \/>\n<meta property=\"article:modified_time\" content=\"2019-03-27T13:20:43+00:00\" \/>\n<meta property=\"og:image\" content=\"https:\/\/www.elle.be\/fr\/wp-content\/uploads\/2019\/03\/maison_margiela_cover-aw19_0050.jpg\" \/>\n\t<meta property=\"og:image:width\" content=\"1200\" \/>\n\t<meta property=\"og:image:height\" content=\"628\" \/>\n\t<meta property=\"og:image:type\" content=\"image\/jpeg\" \/>\n<meta name=\"author\" content=\"Elisabeth Clauss\" \/>\n<meta name=\"twitter:card\" content=\"summary_large_image\" \/>\n<meta name=\"twitter:creator\" content=\"@eliclauss\" \/>\n<meta name=\"twitter:site\" content=\"@ELLEBelgique\" \/>\n<meta name=\"twitter:label1\" content=\"\u00c9crit par\" \/>\n\t<meta name=\"twitter:data1\" content=\"Elisabeth Clauss\" \/>\n\t<meta name=\"twitter:label2\" content=\"Dur\u00e9e de lecture estim\u00e9e\" \/>\n\t<meta name=\"twitter:data2\" content=\"5 minutes\" \/>\n<script type=\"application\/ld+json\" class=\"yoast-schema-graph\">{\"@context\":\"https:\\\/\\\/schema.org\",\"@graph\":[{\"@type\":\"NewsArticle\",\"@id\":\"https:\\\/\\\/www.elle.be\\\/fr\\\/254270-que-reste-t-il-de-belge-chez-margiela.html#article\",\"isPartOf\":{\"@id\":\"https:\\\/\\\/www.elle.be\\\/fr\\\/254270-que-reste-t-il-de-belge-chez-margiela.html\"},\"author\":{\"name\":\"Elisabeth Clauss\",\"@id\":\"https:\\\/\\\/www.elle.be\\\/fr\\\/#\\\/schema\\\/person\\\/731dc88a91a1cebdbc692c487314efaf\"},\"headline\":\"Que reste-t-il de belge chez Margiela ?\",\"datePublished\":\"2019-03-26T13:19:35+00:00\",\"dateModified\":\"2019-03-27T13:20:43+00:00\",\"mainEntityOfPage\":{\"@id\":\"https:\\\/\\\/www.elle.be\\\/fr\\\/254270-que-reste-t-il-de-belge-chez-margiela.html\"},\"wordCount\":1101,\"publisher\":{\"@id\":\"https:\\\/\\\/www.elle.be\\\/fr\\\/#organization\"},\"image\":{\"@id\":\"https:\\\/\\\/www.elle.be\\\/fr\\\/254270-que-reste-t-il-de-belge-chez-margiela.html#primaryimage\"},\"thumbnailUrl\":\"https:\\\/\\\/www.elle.be\\\/fr\\\/wp-content\\\/uploads\\\/2019\\\/03\\\/maison_margiela_cover-aw19_0050.jpg\",\"keywords\":[\"margiela\"],\"articleSection\":[\"Mode\",\"News Actu\"],\"inLanguage\":\"fr-FR\"},{\"@type\":\"WebPage\",\"@id\":\"https:\\\/\\\/www.elle.be\\\/fr\\\/254270-que-reste-t-il-de-belge-chez-margiela.html\",\"url\":\"https:\\\/\\\/www.elle.be\\\/fr\\\/254270-que-reste-t-il-de-belge-chez-margiela.html\",\"name\":\"Que reste-t-il de belge chez Margiela ? - ELLE.be\",\"isPartOf\":{\"@id\":\"https:\\\/\\\/www.elle.be\\\/fr\\\/#website\"},\"primaryImageOfPage\":{\"@id\":\"https:\\\/\\\/www.elle.be\\\/fr\\\/254270-que-reste-t-il-de-belge-chez-margiela.html#primaryimage\"},\"image\":{\"@id\":\"https:\\\/\\\/www.elle.be\\\/fr\\\/254270-que-reste-t-il-de-belge-chez-margiela.html#primaryimage\"},\"thumbnailUrl\":\"https:\\\/\\\/www.elle.be\\\/fr\\\/wp-content\\\/uploads\\\/2019\\\/03\\\/maison_margiela_cover-aw19_0050.jpg\",\"datePublished\":\"2019-03-26T13:19:35+00:00\",\"dateModified\":\"2019-03-27T13:20:43+00:00\",\"description\":\"A la fin des ann\u00e9es 80, l\u2019\u00e9nigmatique cr\u00e9ateur-perturbateur belge b\u00e2tissait sa Maison sur des fondations de subversion et de distanciation par rapport aux codes \u00e9tablis. D\u00e9sormais, Maison Margiela continue sans \u00ab Martin \u00bb, mais avec son n\u00e9cessaire d\u00e9calage.\",\"breadcrumb\":{\"@id\":\"https:\\\/\\\/www.elle.be\\\/fr\\\/254270-que-reste-t-il-de-belge-chez-margiela.html#breadcrumb\"},\"inLanguage\":\"fr-FR\",\"potentialAction\":[{\"@type\":\"ReadAction\",\"target\":[\"https:\\\/\\\/www.elle.be\\\/fr\\\/254270-que-reste-t-il-de-belge-chez-margiela.html\"]}]},{\"@type\":\"ImageObject\",\"inLanguage\":\"fr-FR\",\"@id\":\"https:\\\/\\\/www.elle.be\\\/fr\\\/254270-que-reste-t-il-de-belge-chez-margiela.html#primaryimage\",\"url\":\"https:\\\/\\\/www.elle.be\\\/fr\\\/wp-content\\\/uploads\\\/2019\\\/03\\\/maison_margiela_cover-aw19_0050.jpg\",\"contentUrl\":\"https:\\\/\\\/www.elle.be\\\/fr\\\/wp-content\\\/uploads\\\/2019\\\/03\\\/maison_margiela_cover-aw19_0050.jpg\",\"width\":1200,\"height\":628},{\"@type\":\"BreadcrumbList\",\"@id\":\"https:\\\/\\\/www.elle.be\\\/fr\\\/254270-que-reste-t-il-de-belge-chez-margiela.html#breadcrumb\",\"itemListElement\":[{\"@type\":\"ListItem\",\"position\":1,\"name\":\"FR\",\"item\":\"https:\\\/\\\/www.elle.be\\\/fr\"},{\"@type\":\"ListItem\",\"position\":2,\"name\":\"Mode\"}]},{\"@type\":\"WebSite\",\"@id\":\"https:\\\/\\\/www.elle.be\\\/fr\\\/#website\",\"url\":\"https:\\\/\\\/www.elle.be\\\/fr\\\/\",\"name\":\"ELLE.be\",\"description\":\"Toutes les infos mode, beaut\u00e9 et lifestyle les plus pointues ainsi qu&#039;un contenu 100% belge d\u00e9clin\u00e9 \u00e0 360\u00b0sur le site ELLE.be, nos r\u00e9seaux sociaux et notre cha\u00eene Youtube.\",\"publisher\":{\"@id\":\"https:\\\/\\\/www.elle.be\\\/fr\\\/#organization\"},\"potentialAction\":[{\"@type\":\"SearchAction\",\"target\":{\"@type\":\"EntryPoint\",\"urlTemplate\":\"https:\\\/\\\/www.elle.be\\\/fr\\\/?s={search_term_string}\"},\"query-input\":{\"@type\":\"PropertyValueSpecification\",\"valueRequired\":true,\"valueName\":\"search_term_string\"}}],\"inLanguage\":\"fr-FR\"},{\"@type\":\"Organization\",\"@id\":\"https:\\\/\\\/www.elle.be\\\/fr\\\/#organization\",\"name\":\"ELLE Belgique\",\"url\":\"https:\\\/\\\/www.elle.be\\\/fr\\\/\",\"logo\":{\"@type\":\"ImageObject\",\"inLanguage\":\"fr-FR\",\"@id\":\"https:\\\/\\\/www.elle.be\\\/fr\\\/#\\\/schema\\\/logo\\\/image\\\/\",\"url\":\"https:\\\/\\\/www.elle.be\\\/fr\\\/wp-content\\\/uploads\\\/2017\\\/03\\\/elle-icon-200px.jpeg\",\"contentUrl\":\"https:\\\/\\\/www.elle.be\\\/fr\\\/wp-content\\\/uploads\\\/2017\\\/03\\\/elle-icon-200px.jpeg\",\"width\":200,\"height\":200,\"caption\":\"ELLE Belgique\"},\"image\":{\"@id\":\"https:\\\/\\\/www.elle.be\\\/fr\\\/#\\\/schema\\\/logo\\\/image\\\/\"},\"sameAs\":[\"https:\\\/\\\/www.facebook.com\\\/ELLEbelgium\\\/\",\"https:\\\/\\\/x.com\\\/ELLEBelgique\",\"http:\\\/\\\/instagram.com\\\/ellebelgique\\\/\",\"https:\\\/\\\/www.pinterest.com\\\/ellebelgique\\\/\",\"https:\\\/\\\/www.youtube.com\\\/user\\\/ELLEbelgique1\"]},{\"@type\":\"Person\",\"@id\":\"https:\\\/\\\/www.elle.be\\\/fr\\\/#\\\/schema\\\/person\\\/731dc88a91a1cebdbc692c487314efaf\",\"name\":\"Elisabeth Clauss\",\"image\":{\"@type\":\"ImageObject\",\"inLanguage\":\"fr-FR\",\"@id\":\"https:\\\/\\\/www.elle.be\\\/fr\\\/wp-content\\\/uploads\\\/2017\\\/03\\\/v-elisabeth-clauss-credit-isabelle-mertens-23-e1738239761687-96x96.jpg\",\"url\":\"https:\\\/\\\/www.elle.be\\\/fr\\\/wp-content\\\/uploads\\\/2017\\\/03\\\/v-elisabeth-clauss-credit-isabelle-mertens-23-e1738239761687-96x96.jpg\",\"contentUrl\":\"https:\\\/\\\/www.elle.be\\\/fr\\\/wp-content\\\/uploads\\\/2017\\\/03\\\/v-elisabeth-clauss-credit-isabelle-mertens-23-e1738239761687-96x96.jpg\",\"caption\":\"Elisabeth Clauss\"},\"description\":\"Elle pense que des chaussures, c'est soit beau, soit confortable et raconte la mode, ceux qui la font, ceux qui la portent, ceux qui la supportent.\",\"sameAs\":[\"http:\\\/\\\/www.elisabethclauss.com\",\"http:\\\/\\\/www.facebook.com\\\/elisabethclausspage\\\/\",\"http:\\\/\\\/instagram.com\\\/elisabethclauss\",\"https:\\\/\\\/x.com\\\/eliclauss\"],\"url\":\"https:\\\/\\\/www.elle.be\\\/fr\\\/author\\\/elisabeth\"}]}<\/script>\n<!-- \/ Yoast SEO plugin. -->","yoast_head_json":{"title":"Que reste-t-il de belge chez Margiela ? - ELLE.be","description":"A la fin des ann\u00e9es 80, l\u2019\u00e9nigmatique cr\u00e9ateur-perturbateur belge b\u00e2tissait sa Maison sur des fondations de subversion et de distanciation par rapport aux codes \u00e9tablis. D\u00e9sormais, Maison Margiela continue sans \u00ab Martin \u00bb, mais avec son n\u00e9cessaire d\u00e9calage.","robots":{"index":"index","follow":"follow","max-snippet":"max-snippet:-1","max-image-preview":"max-image-preview:large","max-video-preview":"max-video-preview:-1"},"canonical":"https:\/\/www.elle.be\/fr\/254270-que-reste-t-il-de-belge-chez-margiela.html","next":"https:\/\/www.elle.be\/fr\/254270-que-reste-t-il-de-belge-chez-margiela.html\/2","og_locale":"fr_FR","og_type":"article","og_title":"Que reste-t-il de belge chez Margiela ? - ELLE.be","og_description":"A la fin des ann\u00e9es 80, l\u2019\u00e9nigmatique cr\u00e9ateur-perturbateur belge b\u00e2tissait sa Maison sur des fondations de subversion et de distanciation par rapport aux codes \u00e9tablis. D\u00e9sormais, Maison Margiela continue sans \u00ab Martin \u00bb, mais avec son n\u00e9cessaire d\u00e9calage.","og_url":"https:\/\/www.elle.be\/fr\/254270-que-reste-t-il-de-belge-chez-margiela.html","og_site_name":"ELLE.be","article_publisher":"https:\/\/www.facebook.com\/ELLEbelgium\/","article_author":"http:\/\/www.facebook.com\/elisabethclausspage\/","article_published_time":"2019-03-26T13:19:35+00:00","article_modified_time":"2019-03-27T13:20:43+00:00","og_image":[{"width":1200,"height":628,"url":"https:\/\/www.elle.be\/fr\/wp-content\/uploads\/2019\/03\/maison_margiela_cover-aw19_0050.jpg","type":"image\/jpeg"}],"author":"Elisabeth Clauss","twitter_card":"summary_large_image","twitter_creator":"@eliclauss","twitter_site":"@ELLEBelgique","twitter_misc":{"\u00c9crit par":"Elisabeth Clauss","Dur\u00e9e de lecture estim\u00e9e":"5 minutes"},"schema":{"@context":"https:\/\/schema.org","@graph":[{"@type":"NewsArticle","@id":"https:\/\/www.elle.be\/fr\/254270-que-reste-t-il-de-belge-chez-margiela.html#article","isPartOf":{"@id":"https:\/\/www.elle.be\/fr\/254270-que-reste-t-il-de-belge-chez-margiela.html"},"author":{"name":"Elisabeth Clauss","@id":"https:\/\/www.elle.be\/fr\/#\/schema\/person\/731dc88a91a1cebdbc692c487314efaf"},"headline":"Que reste-t-il de belge chez Margiela ?","datePublished":"2019-03-26T13:19:35+00:00","dateModified":"2019-03-27T13:20:43+00:00","mainEntityOfPage":{"@id":"https:\/\/www.elle.be\/fr\/254270-que-reste-t-il-de-belge-chez-margiela.html"},"wordCount":1101,"publisher":{"@id":"https:\/\/www.elle.be\/fr\/#organization"},"image":{"@id":"https:\/\/www.elle.be\/fr\/254270-que-reste-t-il-de-belge-chez-margiela.html#primaryimage"},"thumbnailUrl":"https:\/\/www.elle.be\/fr\/wp-content\/uploads\/2019\/03\/maison_margiela_cover-aw19_0050.jpg","keywords":["margiela"],"articleSection":["Mode","News Actu"],"inLanguage":"fr-FR"},{"@type":"WebPage","@id":"https:\/\/www.elle.be\/fr\/254270-que-reste-t-il-de-belge-chez-margiela.html","url":"https:\/\/www.elle.be\/fr\/254270-que-reste-t-il-de-belge-chez-margiela.html","name":"Que reste-t-il de belge chez Margiela ? - ELLE.be","isPartOf":{"@id":"https:\/\/www.elle.be\/fr\/#website"},"primaryImageOfPage":{"@id":"https:\/\/www.elle.be\/fr\/254270-que-reste-t-il-de-belge-chez-margiela.html#primaryimage"},"image":{"@id":"https:\/\/www.elle.be\/fr\/254270-que-reste-t-il-de-belge-chez-margiela.html#primaryimage"},"thumbnailUrl":"https:\/\/www.elle.be\/fr\/wp-content\/uploads\/2019\/03\/maison_margiela_cover-aw19_0050.jpg","datePublished":"2019-03-26T13:19:35+00:00","dateModified":"2019-03-27T13:20:43+00:00","description":"A la fin des ann\u00e9es 80, l\u2019\u00e9nigmatique cr\u00e9ateur-perturbateur belge b\u00e2tissait sa Maison sur des fondations de subversion et de distanciation par rapport aux codes \u00e9tablis. D\u00e9sormais, Maison Margiela continue sans \u00ab Martin \u00bb, mais avec son n\u00e9cessaire d\u00e9calage.","breadcrumb":{"@id":"https:\/\/www.elle.be\/fr\/254270-que-reste-t-il-de-belge-chez-margiela.html#breadcrumb"},"inLanguage":"fr-FR","potentialAction":[{"@type":"ReadAction","target":["https:\/\/www.elle.be\/fr\/254270-que-reste-t-il-de-belge-chez-margiela.html"]}]},{"@type":"ImageObject","inLanguage":"fr-FR","@id":"https:\/\/www.elle.be\/fr\/254270-que-reste-t-il-de-belge-chez-margiela.html#primaryimage","url":"https:\/\/www.elle.be\/fr\/wp-content\/uploads\/2019\/03\/maison_margiela_cover-aw19_0050.jpg","contentUrl":"https:\/\/www.elle.be\/fr\/wp-content\/uploads\/2019\/03\/maison_margiela_cover-aw19_0050.jpg","width":1200,"height":628},{"@type":"BreadcrumbList","@id":"https:\/\/www.elle.be\/fr\/254270-que-reste-t-il-de-belge-chez-margiela.html#breadcrumb","itemListElement":[{"@type":"ListItem","position":1,"name":"FR","item":"https:\/\/www.elle.be\/fr"},{"@type":"ListItem","position":2,"name":"Mode"}]},{"@type":"WebSite","@id":"https:\/\/www.elle.be\/fr\/#website","url":"https:\/\/www.elle.be\/fr\/","name":"ELLE.be","description":"Toutes les infos mode, beaut\u00e9 et lifestyle les plus pointues ainsi qu&#039;un contenu 100% belge d\u00e9clin\u00e9 \u00e0 360\u00b0sur le site ELLE.be, nos r\u00e9seaux sociaux et notre cha\u00eene Youtube.","publisher":{"@id":"https:\/\/www.elle.be\/fr\/#organization"},"potentialAction":[{"@type":"SearchAction","target":{"@type":"EntryPoint","urlTemplate":"https:\/\/www.elle.be\/fr\/?s={search_term_string}"},"query-input":{"@type":"PropertyValueSpecification","valueRequired":true,"valueName":"search_term_string"}}],"inLanguage":"fr-FR"},{"@type":"Organization","@id":"https:\/\/www.elle.be\/fr\/#organization","name":"ELLE Belgique","url":"https:\/\/www.elle.be\/fr\/","logo":{"@type":"ImageObject","inLanguage":"fr-FR","@id":"https:\/\/www.elle.be\/fr\/#\/schema\/logo\/image\/","url":"https:\/\/www.elle.be\/fr\/wp-content\/uploads\/2017\/03\/elle-icon-200px.jpeg","contentUrl":"https:\/\/www.elle.be\/fr\/wp-content\/uploads\/2017\/03\/elle-icon-200px.jpeg","width":200,"height":200,"caption":"ELLE Belgique"},"image":{"@id":"https:\/\/www.elle.be\/fr\/#\/schema\/logo\/image\/"},"sameAs":["https:\/\/www.facebook.com\/ELLEbelgium\/","https:\/\/x.com\/ELLEBelgique","http:\/\/instagram.com\/ellebelgique\/","https:\/\/www.pinterest.com\/ellebelgique\/","https:\/\/www.youtube.com\/user\/ELLEbelgique1"]},{"@type":"Person","@id":"https:\/\/www.elle.be\/fr\/#\/schema\/person\/731dc88a91a1cebdbc692c487314efaf","name":"Elisabeth Clauss","image":{"@type":"ImageObject","inLanguage":"fr-FR","@id":"https:\/\/www.elle.be\/fr\/wp-content\/uploads\/2017\/03\/v-elisabeth-clauss-credit-isabelle-mertens-23-e1738239761687-96x96.jpg","url":"https:\/\/www.elle.be\/fr\/wp-content\/uploads\/2017\/03\/v-elisabeth-clauss-credit-isabelle-mertens-23-e1738239761687-96x96.jpg","contentUrl":"https:\/\/www.elle.be\/fr\/wp-content\/uploads\/2017\/03\/v-elisabeth-clauss-credit-isabelle-mertens-23-e1738239761687-96x96.jpg","caption":"Elisabeth Clauss"},"description":"Elle pense que des chaussures, c'est soit beau, soit confortable et raconte la mode, ceux qui la font, ceux qui la portent, ceux qui la supportent.","sameAs":["http:\/\/www.elisabethclauss.com","http:\/\/www.facebook.com\/elisabethclausspage\/","http:\/\/instagram.com\/elisabethclauss","https:\/\/x.com\/eliclauss"],"url":"https:\/\/www.elle.be\/fr\/author\/elisabeth"}]}},"_links":{"self":[{"href":"https:\/\/www.elle.be\/fr\/wp-json\/wp\/v2\/posts\/254270","targetHints":{"allow":["GET"]}}],"collection":[{"href":"https:\/\/www.elle.be\/fr\/wp-json\/wp\/v2\/posts"}],"about":[{"href":"https:\/\/www.elle.be\/fr\/wp-json\/wp\/v2\/types\/post"}],"author":[{"embeddable":true,"href":"https:\/\/www.elle.be\/fr\/wp-json\/wp\/v2\/users\/13"}],"replies":[{"embeddable":true,"href":"https:\/\/www.elle.be\/fr\/wp-json\/wp\/v2\/comments?post=254270"}],"version-history":[{"count":2,"href":"https:\/\/www.elle.be\/fr\/wp-json\/wp\/v2\/posts\/254270\/revisions"}],"predecessor-version":[{"id":254293,"href":"https:\/\/www.elle.be\/fr\/wp-json\/wp\/v2\/posts\/254270\/revisions\/254293"}],"wp:featuredmedia":[{"embeddable":true,"href":"https:\/\/www.elle.be\/fr\/wp-json\/wp\/v2\/media\/254282"}],"wp:attachment":[{"href":"https:\/\/www.elle.be\/fr\/wp-json\/wp\/v2\/media?parent=254270"}],"wp:term":[{"taxonomy":"category","embeddable":true,"href":"https:\/\/www.elle.be\/fr\/wp-json\/wp\/v2\/categories?post=254270"},{"taxonomy":"post_tag","embeddable":true,"href":"https:\/\/www.elle.be\/fr\/wp-json\/wp\/v2\/tags?post=254270"}],"curies":[{"name":"wp","href":"https:\/\/api.w.org\/{rel}","templated":true}]}}