{"id":251590,"date":"2019-02-28T15:54:43","date_gmt":"2019-02-28T14:54:43","guid":{"rendered":"https:\/\/www.elle.be\/fr\/?p=251590"},"modified":"2019-02-28T15:54:43","modified_gmt":"2019-02-28T14:54:43","slug":"portrait-qui-est-alice-sapritch-actrice-mal-aimee","status":"publish","type":"post","link":"https:\/\/www.elle.be\/fr\/251590-portrait-qui-est-alice-sapritch-actrice-mal-aimee.html","title":{"rendered":"Portrait : qui est Alice Sapritch, actrice mal-aim\u00e9e ?"},"content":{"rendered":"","protected":false},"excerpt":{"rendered":"Sororit\u00e9, combats et coups d\u2019\u00e9clat. ...","protected":false},"author":17,"featured_media":251591,"comment_status":"closed","ping_status":"closed","sticky":false,"template":"","format":"standard","meta":{"_acf_changed":false,"footnotes":""},"categories":[2202,2191],"tags":[159],"class_list":["post-251590","post","type-post","status-publish","format-standard","has-post-thumbnail","hentry","category-news-actu","category-lifestyle","tag-lifestyle"],"acf":[],"image_verticale":"251592","_yoast_wpseo_title":null,"_yoast_wpseo_metadesc":"Sororit\u00e9, combats et coups d\u2019\u00e9clat. Le ELLE revient sur le destin de femmes qui ont chang\u00e9 la face du monde... Qui \u00e9tait Alice Sapritch ?\u00a0","_yoast_wpseo_focuskw_text_input":null,"_yoast_wpseo_opengraph-title":null,"yoast_head":"<!-- This site is optimized with the Yoast SEO plugin v27.4 - https:\/\/yoast.com\/product\/yoast-seo-wordpress\/ -->\n<title>Portrait : qui est Alice Sapritch, actrice mal-aim\u00e9e ? - ELLE.be<\/title>\n<meta name=\"description\" content=\"Sororit\u00e9, combats et coups d\u2019\u00e9clat. Le ELLE revient sur le destin de femmes qui ont chang\u00e9 la face du monde... Qui \u00e9tait Alice Sapritch ?\u00a0\" \/>\n<meta name=\"robots\" content=\"index, follow, max-snippet:-1, max-image-preview:large, max-video-preview:-1\" \/>\n<link rel=\"canonical\" href=\"https:\/\/www.elle.be\/fr\/251590-portrait-qui-est-alice-sapritch-actrice-mal-aimee.html\" \/>\n<meta property=\"og:locale\" content=\"fr_FR\" \/>\n<meta property=\"og:type\" content=\"article\" \/>\n<meta property=\"og:title\" content=\"Portrait : qui est Alice Sapritch, actrice mal-aim\u00e9e ? - ELLE.be\" \/>\n<meta property=\"og:description\" content=\"Sororit\u00e9, combats et coups d\u2019\u00e9clat. Le ELLE revient sur le destin de femmes qui ont chang\u00e9 la face du monde... Qui \u00e9tait Alice Sapritch ?\u00a0\" \/>\n<meta property=\"og:url\" content=\"https:\/\/www.elle.be\/fr\/251590-portrait-qui-est-alice-sapritch-actrice-mal-aimee.html\" \/>\n<meta property=\"og:site_name\" content=\"ELLE.be\" \/>\n<meta property=\"article:publisher\" content=\"https:\/\/www.facebook.com\/ELLEbelgium\/\" \/>\n<meta property=\"article:published_time\" content=\"2019-02-28T14:54:43+00:00\" \/>\n<meta property=\"og:image\" content=\"https:\/\/www.elle.be\/fr\/wp-content\/uploads\/2019\/02\/alicesapritch.jpg\" \/>\n\t<meta property=\"og:image:width\" content=\"1200\" \/>\n\t<meta property=\"og:image:height\" content=\"628\" \/>\n\t<meta property=\"og:image:type\" content=\"image\/jpeg\" \/>\n<meta name=\"author\" content=\"Juliette Debruxelles\" \/>\n<meta name=\"twitter:card\" content=\"summary_large_image\" \/>\n<meta name=\"twitter:creator\" content=\"@ELLEBelgique\" \/>\n<meta name=\"twitter:site\" content=\"@ELLEBelgique\" \/>\n<meta name=\"twitter:label1\" content=\"\u00c9crit par\" \/>\n\t<meta name=\"twitter:data1\" content=\"Juliette Debruxelles\" \/>\n\t<meta name=\"twitter:label2\" content=\"Dur\u00e9e de lecture estim\u00e9e\" \/>\n\t<meta name=\"twitter:data2\" content=\"7 minutes\" \/>\n<script type=\"application\/ld+json\" class=\"yoast-schema-graph\">{\"@context\":\"https:\\\/\\\/schema.org\",\"@graph\":[{\"@type\":\"NewsArticle\",\"@id\":\"https:\\\/\\\/www.elle.be\\\/fr\\\/251590-portrait-qui-est-alice-sapritch-actrice-mal-aimee.html#article\",\"isPartOf\":{\"@id\":\"https:\\\/\\\/www.elle.be\\\/fr\\\/251590-portrait-qui-est-alice-sapritch-actrice-mal-aimee.html\"},\"author\":{\"name\":\"Juliette Debruxelles\",\"@id\":\"https:\\\/\\\/www.elle.be\\\/fr\\\/#\\\/schema\\\/person\\\/4c020ada53ccac450a74a3f30afa3c35\"},\"headline\":\"Portrait : qui est Alice Sapritch, actrice mal-aim\u00e9e ?\",\"datePublished\":\"2019-02-28T14:54:43+00:00\",\"mainEntityOfPage\":{\"@id\":\"https:\\\/\\\/www.elle.be\\\/fr\\\/251590-portrait-qui-est-alice-sapritch-actrice-mal-aimee.html\"},\"wordCount\":1324,\"publisher\":{\"@id\":\"https:\\\/\\\/www.elle.be\\\/fr\\\/#organization\"},\"image\":{\"@id\":\"https:\\\/\\\/www.elle.be\\\/fr\\\/251590-portrait-qui-est-alice-sapritch-actrice-mal-aimee.html#primaryimage\"},\"thumbnailUrl\":\"https:\\\/\\\/www.elle.be\\\/fr\\\/wp-content\\\/uploads\\\/2019\\\/02\\\/alicesapritch.jpg\",\"keywords\":[\"lifestyle\"],\"articleSection\":[\"News Actu\",\"Lifestyle\"],\"inLanguage\":\"fr-FR\"},{\"@type\":\"WebPage\",\"@id\":\"https:\\\/\\\/www.elle.be\\\/fr\\\/251590-portrait-qui-est-alice-sapritch-actrice-mal-aimee.html\",\"url\":\"https:\\\/\\\/www.elle.be\\\/fr\\\/251590-portrait-qui-est-alice-sapritch-actrice-mal-aimee.html\",\"name\":\"Portrait : qui est Alice Sapritch, actrice mal-aim\u00e9e ? - ELLE.be\",\"isPartOf\":{\"@id\":\"https:\\\/\\\/www.elle.be\\\/fr\\\/#website\"},\"primaryImageOfPage\":{\"@id\":\"https:\\\/\\\/www.elle.be\\\/fr\\\/251590-portrait-qui-est-alice-sapritch-actrice-mal-aimee.html#primaryimage\"},\"image\":{\"@id\":\"https:\\\/\\\/www.elle.be\\\/fr\\\/251590-portrait-qui-est-alice-sapritch-actrice-mal-aimee.html#primaryimage\"},\"thumbnailUrl\":\"https:\\\/\\\/www.elle.be\\\/fr\\\/wp-content\\\/uploads\\\/2019\\\/02\\\/alicesapritch.jpg\",\"datePublished\":\"2019-02-28T14:54:43+00:00\",\"description\":\"Sororit\u00e9, combats et coups d\u2019\u00e9clat. Le ELLE revient sur le destin de femmes qui ont chang\u00e9 la face du monde... Qui \u00e9tait Alice Sapritch ?\u00a0\",\"breadcrumb\":{\"@id\":\"https:\\\/\\\/www.elle.be\\\/fr\\\/251590-portrait-qui-est-alice-sapritch-actrice-mal-aimee.html#breadcrumb\"},\"inLanguage\":\"fr-FR\",\"potentialAction\":[{\"@type\":\"ReadAction\",\"target\":[\"https:\\\/\\\/www.elle.be\\\/fr\\\/251590-portrait-qui-est-alice-sapritch-actrice-mal-aimee.html\"]}]},{\"@type\":\"ImageObject\",\"inLanguage\":\"fr-FR\",\"@id\":\"https:\\\/\\\/www.elle.be\\\/fr\\\/251590-portrait-qui-est-alice-sapritch-actrice-mal-aimee.html#primaryimage\",\"url\":\"https:\\\/\\\/www.elle.be\\\/fr\\\/wp-content\\\/uploads\\\/2019\\\/02\\\/alicesapritch.jpg\",\"contentUrl\":\"https:\\\/\\\/www.elle.be\\\/fr\\\/wp-content\\\/uploads\\\/2019\\\/02\\\/alicesapritch.jpg\",\"width\":1200,\"height\":628},{\"@type\":\"BreadcrumbList\",\"@id\":\"https:\\\/\\\/www.elle.be\\\/fr\\\/251590-portrait-qui-est-alice-sapritch-actrice-mal-aimee.html#breadcrumb\",\"itemListElement\":[{\"@type\":\"ListItem\",\"position\":1,\"name\":\"FR\",\"item\":\"https:\\\/\\\/www.elle.be\\\/fr\"},{\"@type\":\"ListItem\",\"position\":2,\"name\":\"Lifestyle\",\"item\":\"https:\\\/\\\/www.elle.be\\\/fr\\\/lifestyle\"},{\"@type\":\"ListItem\",\"position\":3,\"name\":\"Portrait : qui est Alice Sapritch, actrice mal-aim\u00e9e ?\"}]},{\"@type\":\"WebSite\",\"@id\":\"https:\\\/\\\/www.elle.be\\\/fr\\\/#website\",\"url\":\"https:\\\/\\\/www.elle.be\\\/fr\\\/\",\"name\":\"ELLE.be\",\"description\":\"Toutes les infos mode, beaut\u00e9 et lifestyle les plus pointues ainsi qu&#039;un contenu 100% belge d\u00e9clin\u00e9 \u00e0 360\u00b0sur le site ELLE.be, nos r\u00e9seaux sociaux et notre cha\u00eene Youtube.\",\"publisher\":{\"@id\":\"https:\\\/\\\/www.elle.be\\\/fr\\\/#organization\"},\"potentialAction\":[{\"@type\":\"SearchAction\",\"target\":{\"@type\":\"EntryPoint\",\"urlTemplate\":\"https:\\\/\\\/www.elle.be\\\/fr\\\/?s={search_term_string}\"},\"query-input\":{\"@type\":\"PropertyValueSpecification\",\"valueRequired\":true,\"valueName\":\"search_term_string\"}}],\"inLanguage\":\"fr-FR\"},{\"@type\":\"Organization\",\"@id\":\"https:\\\/\\\/www.elle.be\\\/fr\\\/#organization\",\"name\":\"ELLE Belgique\",\"url\":\"https:\\\/\\\/www.elle.be\\\/fr\\\/\",\"logo\":{\"@type\":\"ImageObject\",\"inLanguage\":\"fr-FR\",\"@id\":\"https:\\\/\\\/www.elle.be\\\/fr\\\/#\\\/schema\\\/logo\\\/image\\\/\",\"url\":\"https:\\\/\\\/www.elle.be\\\/fr\\\/wp-content\\\/uploads\\\/2017\\\/03\\\/elle-icon-200px.jpeg\",\"contentUrl\":\"https:\\\/\\\/www.elle.be\\\/fr\\\/wp-content\\\/uploads\\\/2017\\\/03\\\/elle-icon-200px.jpeg\",\"width\":200,\"height\":200,\"caption\":\"ELLE Belgique\"},\"image\":{\"@id\":\"https:\\\/\\\/www.elle.be\\\/fr\\\/#\\\/schema\\\/logo\\\/image\\\/\"},\"sameAs\":[\"https:\\\/\\\/www.facebook.com\\\/ELLEbelgium\\\/\",\"https:\\\/\\\/x.com\\\/ELLEBelgique\",\"http:\\\/\\\/instagram.com\\\/ellebelgique\\\/\",\"https:\\\/\\\/www.pinterest.com\\\/ellebelgique\\\/\",\"https:\\\/\\\/www.youtube.com\\\/user\\\/ELLEbelgique1\"]},{\"@type\":\"Person\",\"@id\":\"https:\\\/\\\/www.elle.be\\\/fr\\\/#\\\/schema\\\/person\\\/4c020ada53ccac450a74a3f30afa3c35\",\"name\":\"Juliette Debruxelles\",\"image\":{\"@type\":\"ImageObject\",\"inLanguage\":\"fr-FR\",\"@id\":\"https:\\\/\\\/www.elle.be\\\/fr\\\/wp-content\\\/uploads\\\/2017\\\/03\\\/juliette-96x96.jpg\",\"url\":\"https:\\\/\\\/www.elle.be\\\/fr\\\/wp-content\\\/uploads\\\/2017\\\/03\\\/juliette-96x96.jpg\",\"contentUrl\":\"https:\\\/\\\/www.elle.be\\\/fr\\\/wp-content\\\/uploads\\\/2017\\\/03\\\/juliette-96x96.jpg\",\"caption\":\"Juliette Debruxelles\"},\"description\":\"Cultureuse notoire, sp\u00e9cialiste belge autoprocalm\u00e9e du ph\u00e9nom\u00e8ne zombies, se p\u00e2me devant un Herzog alors qu'en vrai, ce qui la fait vibrer, c'est Balavoine. Elle trouve du r\u00e9confort aupr\u00e8s des chatons, des licornes, des arcs-en-ciel, surtout quand ils explosent.\",\"url\":\"https:\\\/\\\/www.elle.be\\\/fr\\\/author\\\/juliette\"}]}<\/script>\n<!-- \/ Yoast SEO plugin. -->","yoast_head_json":{"title":"Portrait : qui est Alice Sapritch, actrice mal-aim\u00e9e ? - ELLE.be","description":"Sororit\u00e9, combats et coups d\u2019\u00e9clat. Le ELLE revient sur le destin de femmes qui ont chang\u00e9 la face du monde... Qui \u00e9tait Alice Sapritch ?\u00a0","robots":{"index":"index","follow":"follow","max-snippet":"max-snippet:-1","max-image-preview":"max-image-preview:large","max-video-preview":"max-video-preview:-1"},"canonical":"https:\/\/www.elle.be\/fr\/251590-portrait-qui-est-alice-sapritch-actrice-mal-aimee.html","og_locale":"fr_FR","og_type":"article","og_title":"Portrait : qui est Alice Sapritch, actrice mal-aim\u00e9e ? - ELLE.be","og_description":"Sororit\u00e9, combats et coups d\u2019\u00e9clat. Le ELLE revient sur le destin de femmes qui ont chang\u00e9 la face du monde... Qui \u00e9tait Alice Sapritch ?\u00a0","og_url":"https:\/\/www.elle.be\/fr\/251590-portrait-qui-est-alice-sapritch-actrice-mal-aimee.html","og_site_name":"ELLE.be","article_publisher":"https:\/\/www.facebook.com\/ELLEbelgium\/","article_published_time":"2019-02-28T14:54:43+00:00","og_image":[{"width":1200,"height":628,"url":"https:\/\/www.elle.be\/fr\/wp-content\/uploads\/2019\/02\/alicesapritch.jpg","type":"image\/jpeg"}],"author":"Juliette Debruxelles","twitter_card":"summary_large_image","twitter_creator":"@ELLEBelgique","twitter_site":"@ELLEBelgique","twitter_misc":{"\u00c9crit par":"Juliette Debruxelles","Dur\u00e9e de lecture estim\u00e9e":"7 minutes"},"schema":{"@context":"https:\/\/schema.org","@graph":[{"@type":"NewsArticle","@id":"https:\/\/www.elle.be\/fr\/251590-portrait-qui-est-alice-sapritch-actrice-mal-aimee.html#article","isPartOf":{"@id":"https:\/\/www.elle.be\/fr\/251590-portrait-qui-est-alice-sapritch-actrice-mal-aimee.html"},"author":{"name":"Juliette Debruxelles","@id":"https:\/\/www.elle.be\/fr\/#\/schema\/person\/4c020ada53ccac450a74a3f30afa3c35"},"headline":"Portrait : qui est Alice Sapritch, actrice mal-aim\u00e9e ?","datePublished":"2019-02-28T14:54:43+00:00","mainEntityOfPage":{"@id":"https:\/\/www.elle.be\/fr\/251590-portrait-qui-est-alice-sapritch-actrice-mal-aimee.html"},"wordCount":1324,"publisher":{"@id":"https:\/\/www.elle.be\/fr\/#organization"},"image":{"@id":"https:\/\/www.elle.be\/fr\/251590-portrait-qui-est-alice-sapritch-actrice-mal-aimee.html#primaryimage"},"thumbnailUrl":"https:\/\/www.elle.be\/fr\/wp-content\/uploads\/2019\/02\/alicesapritch.jpg","keywords":["lifestyle"],"articleSection":["News Actu","Lifestyle"],"inLanguage":"fr-FR"},{"@type":"WebPage","@id":"https:\/\/www.elle.be\/fr\/251590-portrait-qui-est-alice-sapritch-actrice-mal-aimee.html","url":"https:\/\/www.elle.be\/fr\/251590-portrait-qui-est-alice-sapritch-actrice-mal-aimee.html","name":"Portrait : qui est Alice Sapritch, actrice mal-aim\u00e9e ? - ELLE.be","isPartOf":{"@id":"https:\/\/www.elle.be\/fr\/#website"},"primaryImageOfPage":{"@id":"https:\/\/www.elle.be\/fr\/251590-portrait-qui-est-alice-sapritch-actrice-mal-aimee.html#primaryimage"},"image":{"@id":"https:\/\/www.elle.be\/fr\/251590-portrait-qui-est-alice-sapritch-actrice-mal-aimee.html#primaryimage"},"thumbnailUrl":"https:\/\/www.elle.be\/fr\/wp-content\/uploads\/2019\/02\/alicesapritch.jpg","datePublished":"2019-02-28T14:54:43+00:00","description":"Sororit\u00e9, combats et coups d\u2019\u00e9clat. Le ELLE revient sur le destin de femmes qui ont chang\u00e9 la face du monde... Qui \u00e9tait Alice Sapritch ?\u00a0","breadcrumb":{"@id":"https:\/\/www.elle.be\/fr\/251590-portrait-qui-est-alice-sapritch-actrice-mal-aimee.html#breadcrumb"},"inLanguage":"fr-FR","potentialAction":[{"@type":"ReadAction","target":["https:\/\/www.elle.be\/fr\/251590-portrait-qui-est-alice-sapritch-actrice-mal-aimee.html"]}]},{"@type":"ImageObject","inLanguage":"fr-FR","@id":"https:\/\/www.elle.be\/fr\/251590-portrait-qui-est-alice-sapritch-actrice-mal-aimee.html#primaryimage","url":"https:\/\/www.elle.be\/fr\/wp-content\/uploads\/2019\/02\/alicesapritch.jpg","contentUrl":"https:\/\/www.elle.be\/fr\/wp-content\/uploads\/2019\/02\/alicesapritch.jpg","width":1200,"height":628},{"@type":"BreadcrumbList","@id":"https:\/\/www.elle.be\/fr\/251590-portrait-qui-est-alice-sapritch-actrice-mal-aimee.html#breadcrumb","itemListElement":[{"@type":"ListItem","position":1,"name":"FR","item":"https:\/\/www.elle.be\/fr"},{"@type":"ListItem","position":2,"name":"Lifestyle","item":"https:\/\/www.elle.be\/fr\/lifestyle"},{"@type":"ListItem","position":3,"name":"Portrait : qui est Alice Sapritch, actrice mal-aim\u00e9e ?"}]},{"@type":"WebSite","@id":"https:\/\/www.elle.be\/fr\/#website","url":"https:\/\/www.elle.be\/fr\/","name":"ELLE.be","description":"Toutes les infos mode, beaut\u00e9 et lifestyle les plus pointues ainsi qu&#039;un contenu 100% belge d\u00e9clin\u00e9 \u00e0 360\u00b0sur le site ELLE.be, nos r\u00e9seaux sociaux et notre cha\u00eene Youtube.","publisher":{"@id":"https:\/\/www.elle.be\/fr\/#organization"},"potentialAction":[{"@type":"SearchAction","target":{"@type":"EntryPoint","urlTemplate":"https:\/\/www.elle.be\/fr\/?s={search_term_string}"},"query-input":{"@type":"PropertyValueSpecification","valueRequired":true,"valueName":"search_term_string"}}],"inLanguage":"fr-FR"},{"@type":"Organization","@id":"https:\/\/www.elle.be\/fr\/#organization","name":"ELLE Belgique","url":"https:\/\/www.elle.be\/fr\/","logo":{"@type":"ImageObject","inLanguage":"fr-FR","@id":"https:\/\/www.elle.be\/fr\/#\/schema\/logo\/image\/","url":"https:\/\/www.elle.be\/fr\/wp-content\/uploads\/2017\/03\/elle-icon-200px.jpeg","contentUrl":"https:\/\/www.elle.be\/fr\/wp-content\/uploads\/2017\/03\/elle-icon-200px.jpeg","width":200,"height":200,"caption":"ELLE Belgique"},"image":{"@id":"https:\/\/www.elle.be\/fr\/#\/schema\/logo\/image\/"},"sameAs":["https:\/\/www.facebook.com\/ELLEbelgium\/","https:\/\/x.com\/ELLEBelgique","http:\/\/instagram.com\/ellebelgique\/","https:\/\/www.pinterest.com\/ellebelgique\/","https:\/\/www.youtube.com\/user\/ELLEbelgique1"]},{"@type":"Person","@id":"https:\/\/www.elle.be\/fr\/#\/schema\/person\/4c020ada53ccac450a74a3f30afa3c35","name":"Juliette Debruxelles","image":{"@type":"ImageObject","inLanguage":"fr-FR","@id":"https:\/\/www.elle.be\/fr\/wp-content\/uploads\/2017\/03\/juliette-96x96.jpg","url":"https:\/\/www.elle.be\/fr\/wp-content\/uploads\/2017\/03\/juliette-96x96.jpg","contentUrl":"https:\/\/www.elle.be\/fr\/wp-content\/uploads\/2017\/03\/juliette-96x96.jpg","caption":"Juliette Debruxelles"},"description":"Cultureuse notoire, sp\u00e9cialiste belge autoprocalm\u00e9e du ph\u00e9nom\u00e8ne zombies, se p\u00e2me devant un Herzog alors qu'en vrai, ce qui la fait vibrer, c'est Balavoine. Elle trouve du r\u00e9confort aupr\u00e8s des chatons, des licornes, des arcs-en-ciel, surtout quand ils explosent.","url":"https:\/\/www.elle.be\/fr\/author\/juliette"}]}},"_links":{"self":[{"href":"https:\/\/www.elle.be\/fr\/wp-json\/wp\/v2\/posts\/251590","targetHints":{"allow":["GET"]}}],"collection":[{"href":"https:\/\/www.elle.be\/fr\/wp-json\/wp\/v2\/posts"}],"about":[{"href":"https:\/\/www.elle.be\/fr\/wp-json\/wp\/v2\/types\/post"}],"author":[{"embeddable":true,"href":"https:\/\/www.elle.be\/fr\/wp-json\/wp\/v2\/users\/17"}],"replies":[{"embeddable":true,"href":"https:\/\/www.elle.be\/fr\/wp-json\/wp\/v2\/comments?post=251590"}],"version-history":[{"count":1,"href":"https:\/\/www.elle.be\/fr\/wp-json\/wp\/v2\/posts\/251590\/revisions"}],"predecessor-version":[{"id":251593,"href":"https:\/\/www.elle.be\/fr\/wp-json\/wp\/v2\/posts\/251590\/revisions\/251593"}],"wp:featuredmedia":[{"embeddable":true,"href":"https:\/\/www.elle.be\/fr\/wp-json\/wp\/v2\/media\/251591"}],"wp:attachment":[{"href":"https:\/\/www.elle.be\/fr\/wp-json\/wp\/v2\/media?parent=251590"}],"wp:term":[{"taxonomy":"category","embeddable":true,"href":"https:\/\/www.elle.be\/fr\/wp-json\/wp\/v2\/categories?post=251590"},{"taxonomy":"post_tag","embeddable":true,"href":"https:\/\/www.elle.be\/fr\/wp-json\/wp\/v2\/tags?post=251590"}],"curies":[{"name":"wp","href":"https:\/\/api.w.org\/{rel}","templated":true}]}}