{"id":251337,"date":"2019-02-27T10:38:36","date_gmt":"2019-02-27T09:38:36","guid":{"rendered":"https:\/\/www.elle.be\/fr\/?p=251337"},"modified":"2019-02-27T10:38:36","modified_gmt":"2019-02-27T09:38:36","slug":"wecandance-decouvrez-le-theme-et-les-nouveautes-de-cette-annee","status":"publish","type":"post","link":"https:\/\/www.elle.be\/fr\/251337-wecandance-decouvrez-le-theme-et-les-nouveautes-de-cette-annee.html","title":{"rendered":"WECANDANCE : d\u00e9couvrez le th\u00e8me et les nouveaut\u00e9s de cette ann\u00e9e\u00a0"},"content":{"rendered":"","protected":false},"excerpt":{"rendered":"Une th\u00e9matique intr\u00e9pide, une journ\u00e9e suppl\u00e9mentaire, une sc\u00e8ne additionnelle, un food corner innovant\u2026 WECANDANCE, le festival le plus hype de Belgique revient en force cette ann\u00e9e !\nLe festival \u00e9lectro le plus populaire de la c\u00f4te nous emm\u00e8ne bien au-del\u00e0 d\u2019une plage de sable chaud, car cette ann\u00e9e WECANDANCE nous entra\u00eene dans un p\u00e9riple gipsy avec son th\u00e8me Safari Nomads.","protected":false},"author":73,"featured_media":251339,"comment_status":"closed","ping_status":"closed","sticky":false,"template":"","format":"standard","meta":{"_acf_changed":false,"footnotes":""},"categories":[2191,1186],"tags":[159,253,2313],"class_list":["post-251337","post","type-post","status-publish","format-standard","has-post-thumbnail","hentry","category-lifestyle","category-actu","tag-lifestyle","tag-festival","tag-actu"],"acf":[],"image_verticale":"","_yoast_wpseo_title":"WECANDANCE : d\u00e9couvrez le th\u00e8me et les nouveaut\u00e9s 2019","_yoast_wpseo_metadesc":"Une th\u00e9matique intr\u00e9pide, une journ\u00e9e suppl\u00e9mentaire, une sc\u00e8ne additionnelle, un food corner innovant\u2026 WECANDANCE, revient en force cette ann\u00e9e !\u00a0","_yoast_wpseo_focuskw_text_input":null,"_yoast_wpseo_opengraph-title":null,"yoast_head":"<!-- This site is optimized with the Yoast SEO plugin v27.4 - https:\/\/yoast.com\/product\/yoast-seo-wordpress\/ -->\n<title>WECANDANCE : d\u00e9couvrez le th\u00e8me et les nouveaut\u00e9s 2019<\/title>\n<meta name=\"description\" content=\"Une th\u00e9matique intr\u00e9pide, une journ\u00e9e suppl\u00e9mentaire, une sc\u00e8ne additionnelle, un food corner innovant\u2026 WECANDANCE, revient en force cette ann\u00e9e !\u00a0\" \/>\n<meta name=\"robots\" content=\"index, follow, max-snippet:-1, max-image-preview:large, max-video-preview:-1\" \/>\n<link rel=\"canonical\" href=\"https:\/\/www.elle.be\/fr\/251337-wecandance-decouvrez-le-theme-et-les-nouveautes-de-cette-annee.html\" \/>\n<link rel=\"next\" href=\"https:\/\/www.elle.be\/fr\/251337-wecandance-decouvrez-le-theme-et-les-nouveautes-de-cette-annee.html\/2\" \/>\n<meta property=\"og:locale\" content=\"fr_FR\" \/>\n<meta property=\"og:type\" content=\"article\" \/>\n<meta property=\"og:title\" content=\"WECANDANCE : d\u00e9couvrez le th\u00e8me et les nouveaut\u00e9s 2019\" \/>\n<meta property=\"og:description\" content=\"Une th\u00e9matique intr\u00e9pide, une journ\u00e9e suppl\u00e9mentaire, une sc\u00e8ne additionnelle, un food corner innovant\u2026 WECANDANCE, revient en force cette ann\u00e9e !\u00a0\" \/>\n<meta property=\"og:url\" content=\"https:\/\/www.elle.be\/fr\/251337-wecandance-decouvrez-le-theme-et-les-nouveautes-de-cette-annee.html\" \/>\n<meta property=\"og:site_name\" content=\"ELLE.be\" \/>\n<meta property=\"article:publisher\" content=\"https:\/\/www.facebook.com\/ELLEbelgium\/\" \/>\n<meta property=\"article:published_time\" content=\"2019-02-27T09:38:36+00:00\" \/>\n<meta property=\"og:image\" content=\"https:\/\/www.elle.be\/fr\/wp-content\/uploads\/2019\/02\/elle_emily-goodhart-566598-unsplash.jpg\" \/>\n\t<meta property=\"og:image:width\" content=\"1200\" \/>\n\t<meta property=\"og:image:height\" content=\"628\" \/>\n\t<meta property=\"og:image:type\" content=\"image\/jpeg\" \/>\n<meta name=\"author\" content=\"Elo\u00efse Pirard\" \/>\n<meta name=\"twitter:card\" content=\"summary_large_image\" \/>\n<meta name=\"twitter:creator\" content=\"@ELLEBelgique\" \/>\n<meta name=\"twitter:site\" content=\"@ELLEBelgique\" \/>\n<meta name=\"twitter:label1\" content=\"\u00c9crit par\" \/>\n\t<meta name=\"twitter:data1\" content=\"Elo\u00efse Pirard\" \/>\n\t<meta name=\"twitter:label2\" content=\"Dur\u00e9e de lecture estim\u00e9e\" \/>\n\t<meta name=\"twitter:data2\" content=\"4 minutes\" \/>\n<script type=\"application\/ld+json\" class=\"yoast-schema-graph\">{\"@context\":\"https:\\\/\\\/schema.org\",\"@graph\":[{\"@type\":\"NewsArticle\",\"@id\":\"https:\\\/\\\/www.elle.be\\\/fr\\\/251337-wecandance-decouvrez-le-theme-et-les-nouveautes-de-cette-annee.html#article\",\"isPartOf\":{\"@id\":\"https:\\\/\\\/www.elle.be\\\/fr\\\/251337-wecandance-decouvrez-le-theme-et-les-nouveautes-de-cette-annee.html\"},\"author\":{\"name\":\"Elo\u00efse Pirard\",\"@id\":\"https:\\\/\\\/www.elle.be\\\/fr\\\/#\\\/schema\\\/person\\\/a2360849a8a4d85c4dcf46c649a8116c\"},\"headline\":\"WECANDANCE : d\u00e9couvrez le th\u00e8me et les nouveaut\u00e9s de cette ann\u00e9e\u00a0\",\"datePublished\":\"2019-02-27T09:38:36+00:00\",\"mainEntityOfPage\":{\"@id\":\"https:\\\/\\\/www.elle.be\\\/fr\\\/251337-wecandance-decouvrez-le-theme-et-les-nouveautes-de-cette-annee.html\"},\"wordCount\":813,\"publisher\":{\"@id\":\"https:\\\/\\\/www.elle.be\\\/fr\\\/#organization\"},\"image\":{\"@id\":\"https:\\\/\\\/www.elle.be\\\/fr\\\/251337-wecandance-decouvrez-le-theme-et-les-nouveautes-de-cette-annee.html#primaryimage\"},\"thumbnailUrl\":\"https:\\\/\\\/www.elle.be\\\/fr\\\/wp-content\\\/uploads\\\/2019\\\/02\\\/elle_emily-goodhart-566598-unsplash.jpg\",\"keywords\":[\"lifestyle\",\"festival\",\"actu\"],\"articleSection\":[\"Lifestyle\",\"Actu\"],\"inLanguage\":\"fr-FR\"},{\"@type\":\"WebPage\",\"@id\":\"https:\\\/\\\/www.elle.be\\\/fr\\\/251337-wecandance-decouvrez-le-theme-et-les-nouveautes-de-cette-annee.html\",\"url\":\"https:\\\/\\\/www.elle.be\\\/fr\\\/251337-wecandance-decouvrez-le-theme-et-les-nouveautes-de-cette-annee.html\",\"name\":\"WECANDANCE : d\u00e9couvrez le th\u00e8me et les nouveaut\u00e9s 2019\",\"isPartOf\":{\"@id\":\"https:\\\/\\\/www.elle.be\\\/fr\\\/#website\"},\"primaryImageOfPage\":{\"@id\":\"https:\\\/\\\/www.elle.be\\\/fr\\\/251337-wecandance-decouvrez-le-theme-et-les-nouveautes-de-cette-annee.html#primaryimage\"},\"image\":{\"@id\":\"https:\\\/\\\/www.elle.be\\\/fr\\\/251337-wecandance-decouvrez-le-theme-et-les-nouveautes-de-cette-annee.html#primaryimage\"},\"thumbnailUrl\":\"https:\\\/\\\/www.elle.be\\\/fr\\\/wp-content\\\/uploads\\\/2019\\\/02\\\/elle_emily-goodhart-566598-unsplash.jpg\",\"datePublished\":\"2019-02-27T09:38:36+00:00\",\"description\":\"Une th\u00e9matique intr\u00e9pide, une journ\u00e9e suppl\u00e9mentaire, une sc\u00e8ne additionnelle, un food corner innovant\u2026 WECANDANCE, revient en force cette ann\u00e9e !\u00a0\",\"breadcrumb\":{\"@id\":\"https:\\\/\\\/www.elle.be\\\/fr\\\/251337-wecandance-decouvrez-le-theme-et-les-nouveautes-de-cette-annee.html#breadcrumb\"},\"inLanguage\":\"fr-FR\",\"potentialAction\":[{\"@type\":\"ReadAction\",\"target\":[\"https:\\\/\\\/www.elle.be\\\/fr\\\/251337-wecandance-decouvrez-le-theme-et-les-nouveautes-de-cette-annee.html\"]}]},{\"@type\":\"ImageObject\",\"inLanguage\":\"fr-FR\",\"@id\":\"https:\\\/\\\/www.elle.be\\\/fr\\\/251337-wecandance-decouvrez-le-theme-et-les-nouveautes-de-cette-annee.html#primaryimage\",\"url\":\"https:\\\/\\\/www.elle.be\\\/fr\\\/wp-content\\\/uploads\\\/2019\\\/02\\\/elle_emily-goodhart-566598-unsplash.jpg\",\"contentUrl\":\"https:\\\/\\\/www.elle.be\\\/fr\\\/wp-content\\\/uploads\\\/2019\\\/02\\\/elle_emily-goodhart-566598-unsplash.jpg\",\"width\":1200,\"height\":628,\"caption\":\"Emiliy Goodhart\"},{\"@type\":\"BreadcrumbList\",\"@id\":\"https:\\\/\\\/www.elle.be\\\/fr\\\/251337-wecandance-decouvrez-le-theme-et-les-nouveautes-de-cette-annee.html#breadcrumb\",\"itemListElement\":[{\"@type\":\"ListItem\",\"position\":1,\"name\":\"FR\",\"item\":\"https:\\\/\\\/www.elle.be\\\/fr\"},{\"@type\":\"ListItem\",\"position\":2,\"name\":\"Actu\"}]},{\"@type\":\"WebSite\",\"@id\":\"https:\\\/\\\/www.elle.be\\\/fr\\\/#website\",\"url\":\"https:\\\/\\\/www.elle.be\\\/fr\\\/\",\"name\":\"ELLE.be\",\"description\":\"Toutes les infos mode, beaut\u00e9 et lifestyle les plus pointues ainsi qu&#039;un contenu 100% belge d\u00e9clin\u00e9 \u00e0 360\u00b0sur le site ELLE.be, nos r\u00e9seaux sociaux et notre cha\u00eene Youtube.\",\"publisher\":{\"@id\":\"https:\\\/\\\/www.elle.be\\\/fr\\\/#organization\"},\"potentialAction\":[{\"@type\":\"SearchAction\",\"target\":{\"@type\":\"EntryPoint\",\"urlTemplate\":\"https:\\\/\\\/www.elle.be\\\/fr\\\/?s={search_term_string}\"},\"query-input\":{\"@type\":\"PropertyValueSpecification\",\"valueRequired\":true,\"valueName\":\"search_term_string\"}}],\"inLanguage\":\"fr-FR\"},{\"@type\":\"Organization\",\"@id\":\"https:\\\/\\\/www.elle.be\\\/fr\\\/#organization\",\"name\":\"ELLE Belgique\",\"url\":\"https:\\\/\\\/www.elle.be\\\/fr\\\/\",\"logo\":{\"@type\":\"ImageObject\",\"inLanguage\":\"fr-FR\",\"@id\":\"https:\\\/\\\/www.elle.be\\\/fr\\\/#\\\/schema\\\/logo\\\/image\\\/\",\"url\":\"https:\\\/\\\/www.elle.be\\\/fr\\\/wp-content\\\/uploads\\\/2017\\\/03\\\/elle-icon-200px.jpeg\",\"contentUrl\":\"https:\\\/\\\/www.elle.be\\\/fr\\\/wp-content\\\/uploads\\\/2017\\\/03\\\/elle-icon-200px.jpeg\",\"width\":200,\"height\":200,\"caption\":\"ELLE Belgique\"},\"image\":{\"@id\":\"https:\\\/\\\/www.elle.be\\\/fr\\\/#\\\/schema\\\/logo\\\/image\\\/\"},\"sameAs\":[\"https:\\\/\\\/www.facebook.com\\\/ELLEbelgium\\\/\",\"https:\\\/\\\/x.com\\\/ELLEBelgique\",\"http:\\\/\\\/instagram.com\\\/ellebelgique\\\/\",\"https:\\\/\\\/www.pinterest.com\\\/ellebelgique\\\/\",\"https:\\\/\\\/www.youtube.com\\\/user\\\/ELLEbelgique1\"]},{\"@type\":\"Person\",\"@id\":\"https:\\\/\\\/www.elle.be\\\/fr\\\/#\\\/schema\\\/person\\\/a2360849a8a4d85c4dcf46c649a8116c\",\"name\":\"Elo\u00efse Pirard\",\"image\":{\"@type\":\"ImageObject\",\"inLanguage\":\"fr-FR\",\"@id\":\"https:\\\/\\\/www.elle.be\\\/fr\\\/wp-content\\\/uploads\\\/2018\\\/02\\\/eloise-150x150.jpg\",\"url\":\"https:\\\/\\\/www.elle.be\\\/fr\\\/wp-content\\\/uploads\\\/2018\\\/02\\\/eloise-150x150.jpg\",\"contentUrl\":\"https:\\\/\\\/www.elle.be\\\/fr\\\/wp-content\\\/uploads\\\/2018\\\/02\\\/eloise-150x150.jpg\",\"caption\":\"Elo\u00efse Pirard\"},\"url\":\"https:\\\/\\\/www.elle.be\\\/fr\\\/author\\\/eloise\"}]}<\/script>\n<!-- \/ Yoast SEO plugin. -->","yoast_head_json":{"title":"WECANDANCE : d\u00e9couvrez le th\u00e8me et les nouveaut\u00e9s 2019","description":"Une th\u00e9matique intr\u00e9pide, une journ\u00e9e suppl\u00e9mentaire, une sc\u00e8ne additionnelle, un food corner innovant\u2026 WECANDANCE, revient en force cette ann\u00e9e !\u00a0","robots":{"index":"index","follow":"follow","max-snippet":"max-snippet:-1","max-image-preview":"max-image-preview:large","max-video-preview":"max-video-preview:-1"},"canonical":"https:\/\/www.elle.be\/fr\/251337-wecandance-decouvrez-le-theme-et-les-nouveautes-de-cette-annee.html","next":"https:\/\/www.elle.be\/fr\/251337-wecandance-decouvrez-le-theme-et-les-nouveautes-de-cette-annee.html\/2","og_locale":"fr_FR","og_type":"article","og_title":"WECANDANCE : d\u00e9couvrez le th\u00e8me et les nouveaut\u00e9s 2019","og_description":"Une th\u00e9matique intr\u00e9pide, une journ\u00e9e suppl\u00e9mentaire, une sc\u00e8ne additionnelle, un food corner innovant\u2026 WECANDANCE, revient en force cette ann\u00e9e !\u00a0","og_url":"https:\/\/www.elle.be\/fr\/251337-wecandance-decouvrez-le-theme-et-les-nouveautes-de-cette-annee.html","og_site_name":"ELLE.be","article_publisher":"https:\/\/www.facebook.com\/ELLEbelgium\/","article_published_time":"2019-02-27T09:38:36+00:00","og_image":[{"width":1200,"height":628,"url":"https:\/\/www.elle.be\/fr\/wp-content\/uploads\/2019\/02\/elle_emily-goodhart-566598-unsplash.jpg","type":"image\/jpeg"}],"author":"Elo\u00efse Pirard","twitter_card":"summary_large_image","twitter_creator":"@ELLEBelgique","twitter_site":"@ELLEBelgique","twitter_misc":{"\u00c9crit par":"Elo\u00efse Pirard","Dur\u00e9e de lecture estim\u00e9e":"4 minutes"},"schema":{"@context":"https:\/\/schema.org","@graph":[{"@type":"NewsArticle","@id":"https:\/\/www.elle.be\/fr\/251337-wecandance-decouvrez-le-theme-et-les-nouveautes-de-cette-annee.html#article","isPartOf":{"@id":"https:\/\/www.elle.be\/fr\/251337-wecandance-decouvrez-le-theme-et-les-nouveautes-de-cette-annee.html"},"author":{"name":"Elo\u00efse Pirard","@id":"https:\/\/www.elle.be\/fr\/#\/schema\/person\/a2360849a8a4d85c4dcf46c649a8116c"},"headline":"WECANDANCE : d\u00e9couvrez le th\u00e8me et les nouveaut\u00e9s de cette ann\u00e9e\u00a0","datePublished":"2019-02-27T09:38:36+00:00","mainEntityOfPage":{"@id":"https:\/\/www.elle.be\/fr\/251337-wecandance-decouvrez-le-theme-et-les-nouveautes-de-cette-annee.html"},"wordCount":813,"publisher":{"@id":"https:\/\/www.elle.be\/fr\/#organization"},"image":{"@id":"https:\/\/www.elle.be\/fr\/251337-wecandance-decouvrez-le-theme-et-les-nouveautes-de-cette-annee.html#primaryimage"},"thumbnailUrl":"https:\/\/www.elle.be\/fr\/wp-content\/uploads\/2019\/02\/elle_emily-goodhart-566598-unsplash.jpg","keywords":["lifestyle","festival","actu"],"articleSection":["Lifestyle","Actu"],"inLanguage":"fr-FR"},{"@type":"WebPage","@id":"https:\/\/www.elle.be\/fr\/251337-wecandance-decouvrez-le-theme-et-les-nouveautes-de-cette-annee.html","url":"https:\/\/www.elle.be\/fr\/251337-wecandance-decouvrez-le-theme-et-les-nouveautes-de-cette-annee.html","name":"WECANDANCE : d\u00e9couvrez le th\u00e8me et les nouveaut\u00e9s 2019","isPartOf":{"@id":"https:\/\/www.elle.be\/fr\/#website"},"primaryImageOfPage":{"@id":"https:\/\/www.elle.be\/fr\/251337-wecandance-decouvrez-le-theme-et-les-nouveautes-de-cette-annee.html#primaryimage"},"image":{"@id":"https:\/\/www.elle.be\/fr\/251337-wecandance-decouvrez-le-theme-et-les-nouveautes-de-cette-annee.html#primaryimage"},"thumbnailUrl":"https:\/\/www.elle.be\/fr\/wp-content\/uploads\/2019\/02\/elle_emily-goodhart-566598-unsplash.jpg","datePublished":"2019-02-27T09:38:36+00:00","description":"Une th\u00e9matique intr\u00e9pide, une journ\u00e9e suppl\u00e9mentaire, une sc\u00e8ne additionnelle, un food corner innovant\u2026 WECANDANCE, revient en force cette ann\u00e9e !\u00a0","breadcrumb":{"@id":"https:\/\/www.elle.be\/fr\/251337-wecandance-decouvrez-le-theme-et-les-nouveautes-de-cette-annee.html#breadcrumb"},"inLanguage":"fr-FR","potentialAction":[{"@type":"ReadAction","target":["https:\/\/www.elle.be\/fr\/251337-wecandance-decouvrez-le-theme-et-les-nouveautes-de-cette-annee.html"]}]},{"@type":"ImageObject","inLanguage":"fr-FR","@id":"https:\/\/www.elle.be\/fr\/251337-wecandance-decouvrez-le-theme-et-les-nouveautes-de-cette-annee.html#primaryimage","url":"https:\/\/www.elle.be\/fr\/wp-content\/uploads\/2019\/02\/elle_emily-goodhart-566598-unsplash.jpg","contentUrl":"https:\/\/www.elle.be\/fr\/wp-content\/uploads\/2019\/02\/elle_emily-goodhart-566598-unsplash.jpg","width":1200,"height":628,"caption":"Emiliy Goodhart"},{"@type":"BreadcrumbList","@id":"https:\/\/www.elle.be\/fr\/251337-wecandance-decouvrez-le-theme-et-les-nouveautes-de-cette-annee.html#breadcrumb","itemListElement":[{"@type":"ListItem","position":1,"name":"FR","item":"https:\/\/www.elle.be\/fr"},{"@type":"ListItem","position":2,"name":"Actu"}]},{"@type":"WebSite","@id":"https:\/\/www.elle.be\/fr\/#website","url":"https:\/\/www.elle.be\/fr\/","name":"ELLE.be","description":"Toutes les infos mode, beaut\u00e9 et lifestyle les plus pointues ainsi qu&#039;un contenu 100% belge d\u00e9clin\u00e9 \u00e0 360\u00b0sur le site ELLE.be, nos r\u00e9seaux sociaux et notre cha\u00eene Youtube.","publisher":{"@id":"https:\/\/www.elle.be\/fr\/#organization"},"potentialAction":[{"@type":"SearchAction","target":{"@type":"EntryPoint","urlTemplate":"https:\/\/www.elle.be\/fr\/?s={search_term_string}"},"query-input":{"@type":"PropertyValueSpecification","valueRequired":true,"valueName":"search_term_string"}}],"inLanguage":"fr-FR"},{"@type":"Organization","@id":"https:\/\/www.elle.be\/fr\/#organization","name":"ELLE Belgique","url":"https:\/\/www.elle.be\/fr\/","logo":{"@type":"ImageObject","inLanguage":"fr-FR","@id":"https:\/\/www.elle.be\/fr\/#\/schema\/logo\/image\/","url":"https:\/\/www.elle.be\/fr\/wp-content\/uploads\/2017\/03\/elle-icon-200px.jpeg","contentUrl":"https:\/\/www.elle.be\/fr\/wp-content\/uploads\/2017\/03\/elle-icon-200px.jpeg","width":200,"height":200,"caption":"ELLE Belgique"},"image":{"@id":"https:\/\/www.elle.be\/fr\/#\/schema\/logo\/image\/"},"sameAs":["https:\/\/www.facebook.com\/ELLEbelgium\/","https:\/\/x.com\/ELLEBelgique","http:\/\/instagram.com\/ellebelgique\/","https:\/\/www.pinterest.com\/ellebelgique\/","https:\/\/www.youtube.com\/user\/ELLEbelgique1"]},{"@type":"Person","@id":"https:\/\/www.elle.be\/fr\/#\/schema\/person\/a2360849a8a4d85c4dcf46c649a8116c","name":"Elo\u00efse Pirard","image":{"@type":"ImageObject","inLanguage":"fr-FR","@id":"https:\/\/www.elle.be\/fr\/wp-content\/uploads\/2018\/02\/eloise-150x150.jpg","url":"https:\/\/www.elle.be\/fr\/wp-content\/uploads\/2018\/02\/eloise-150x150.jpg","contentUrl":"https:\/\/www.elle.be\/fr\/wp-content\/uploads\/2018\/02\/eloise-150x150.jpg","caption":"Elo\u00efse Pirard"},"url":"https:\/\/www.elle.be\/fr\/author\/eloise"}]}},"_links":{"self":[{"href":"https:\/\/www.elle.be\/fr\/wp-json\/wp\/v2\/posts\/251337","targetHints":{"allow":["GET"]}}],"collection":[{"href":"https:\/\/www.elle.be\/fr\/wp-json\/wp\/v2\/posts"}],"about":[{"href":"https:\/\/www.elle.be\/fr\/wp-json\/wp\/v2\/types\/post"}],"author":[{"embeddable":true,"href":"https:\/\/www.elle.be\/fr\/wp-json\/wp\/v2\/users\/73"}],"replies":[{"embeddable":true,"href":"https:\/\/www.elle.be\/fr\/wp-json\/wp\/v2\/comments?post=251337"}],"version-history":[{"count":4,"href":"https:\/\/www.elle.be\/fr\/wp-json\/wp\/v2\/posts\/251337\/revisions"}],"predecessor-version":[{"id":251342,"href":"https:\/\/www.elle.be\/fr\/wp-json\/wp\/v2\/posts\/251337\/revisions\/251342"}],"wp:featuredmedia":[{"embeddable":true,"href":"https:\/\/www.elle.be\/fr\/wp-json\/wp\/v2\/media\/251339"}],"wp:attachment":[{"href":"https:\/\/www.elle.be\/fr\/wp-json\/wp\/v2\/media?parent=251337"}],"wp:term":[{"taxonomy":"category","embeddable":true,"href":"https:\/\/www.elle.be\/fr\/wp-json\/wp\/v2\/categories?post=251337"},{"taxonomy":"post_tag","embeddable":true,"href":"https:\/\/www.elle.be\/fr\/wp-json\/wp\/v2\/tags?post=251337"}],"curies":[{"name":"wp","href":"https:\/\/api.w.org\/{rel}","templated":true}]}}