{"id":246822,"date":"2019-01-04T11:26:15","date_gmt":"2019-01-04T10:26:15","guid":{"rendered":"https:\/\/www.elle.be\/fr\/?p=246822"},"modified":"2020-12-11T15:15:07","modified_gmt":"2020-12-11T14:15:07","slug":"pourquoi-on-aimerait-etre-invite-aux-fetes-folles-dalessia-guidoboni","status":"publish","type":"post","link":"https:\/\/www.elle.be\/fr\/246822-pourquoi-on-aimerait-etre-invite-aux-fetes-folles-dalessia-guidoboni.html","title":{"rendered":"Pourquoi on aimerait \u00eatre invit\u00e9 aux f\u00eates de folie d&#8217;Alessia Guidoboni?"},"content":{"rendered":"","protected":false},"excerpt":{"rendered":"Sc\u00e9nographe pour soir\u00e9es d\u00e9cal\u00e9es,\u00a0Alessia Guidoboni \u00e0 la t\u00eate du Fedra Studio nous explique comment la f\u00eate est devenue le nouveau moyen de se distinguer, de marquer les esprits \u00e0 coups de concepts de folie.","protected":false},"author":8,"featured_media":246837,"comment_status":"closed","ping_status":"closed","sticky":false,"template":"","format":"standard","meta":{"_acf_changed":false,"footnotes":""},"categories":[3269,3270],"tags":[49,821,1103],"class_list":["post-246822","post","type-post","status-publish","format-standard","has-post-thumbnail","hentry","category-elle-decoration","category-tendances-deco","tag-bruxelles","tag-deco","tag-fete"],"acf":[],"image_verticale":"246845","_yoast_wpseo_title":null,"_yoast_wpseo_metadesc":null,"_yoast_wpseo_focuskw_text_input":null,"_yoast_wpseo_opengraph-title":null,"yoast_head":"<!-- This site is optimized with the Yoast SEO plugin v27.4 - https:\/\/yoast.com\/product\/yoast-seo-wordpress\/ -->\n<title>Pourquoi on aimerait \u00eatre invit\u00e9 aux f\u00eates de folie d&#039;Alessia Guidoboni? - ELLE.be<\/title>\n<meta name=\"description\" content=\"Sc\u00e9nographe pour soir\u00e9es d\u00e9cal\u00e9es,\u00a0Alessia Guidoboni \u00e0 la t\u00eate du Fedra Studio nous explique comment la f\u00eate est devenue le nouveau moyen de se\" \/>\n<meta name=\"robots\" content=\"index, follow, max-snippet:-1, max-image-preview:large, max-video-preview:-1\" \/>\n<link rel=\"canonical\" href=\"https:\/\/www.elle.be\/fr\/246822-pourquoi-on-aimerait-etre-invite-aux-fetes-folles-dalessia-guidoboni.html\" \/>\n<meta property=\"og:locale\" content=\"fr_FR\" \/>\n<meta property=\"og:type\" content=\"article\" \/>\n<meta property=\"og:title\" content=\"Pourquoi on aimerait \u00eatre invit\u00e9 aux f\u00eates de folie d&#039;Alessia Guidoboni? - ELLE.be\" \/>\n<meta property=\"og:description\" content=\"Sc\u00e9nographe pour soir\u00e9es d\u00e9cal\u00e9es,\u00a0Alessia Guidoboni \u00e0 la t\u00eate du Fedra Studio nous explique comment la f\u00eate est devenue le nouveau moyen de se\" \/>\n<meta property=\"og:url\" content=\"https:\/\/www.elle.be\/fr\/246822-pourquoi-on-aimerait-etre-invite-aux-fetes-folles-dalessia-guidoboni.html\" \/>\n<meta property=\"og:site_name\" content=\"ELLE.be\" \/>\n<meta property=\"article:publisher\" content=\"https:\/\/www.facebook.com\/ELLEbelgium\/\" \/>\n<meta property=\"article:author\" content=\"https:\/\/www.facebook.com\/celine.pecheux\" \/>\n<meta property=\"article:published_time\" content=\"2019-01-04T10:26:15+00:00\" \/>\n<meta property=\"article:modified_time\" content=\"2020-12-11T14:15:07+00:00\" \/>\n<meta property=\"og:image\" content=\"https:\/\/www.elle.be\/fr\/wp-content\/uploads\/2019\/01\/fete-fedra2.jpg\" \/>\n\t<meta property=\"og:image:width\" content=\"1000\" \/>\n\t<meta property=\"og:image:height\" content=\"751\" \/>\n\t<meta property=\"og:image:type\" content=\"image\/jpeg\" \/>\n<meta name=\"author\" content=\"C\u00e9line P\u00e9cheux\" \/>\n<meta name=\"twitter:card\" content=\"summary_large_image\" \/>\n<meta name=\"twitter:creator\" content=\"@celinepecheux\" \/>\n<meta name=\"twitter:site\" content=\"@ELLEBelgique\" \/>\n<meta name=\"twitter:label1\" content=\"\u00c9crit par\" \/>\n\t<meta name=\"twitter:data1\" content=\"C\u00e9line P\u00e9cheux\" \/>\n\t<meta name=\"twitter:label2\" content=\"Dur\u00e9e de lecture estim\u00e9e\" \/>\n\t<meta name=\"twitter:data2\" content=\"4 minutes\" \/>\n<script type=\"application\/ld+json\" class=\"yoast-schema-graph\">{\"@context\":\"https:\\\/\\\/schema.org\",\"@graph\":[{\"@type\":\"NewsArticle\",\"@id\":\"https:\\\/\\\/www.elle.be\\\/fr\\\/246822-pourquoi-on-aimerait-etre-invite-aux-fetes-folles-dalessia-guidoboni.html#article\",\"isPartOf\":{\"@id\":\"https:\\\/\\\/www.elle.be\\\/fr\\\/246822-pourquoi-on-aimerait-etre-invite-aux-fetes-folles-dalessia-guidoboni.html\"},\"author\":{\"name\":\"C\u00e9line P\u00e9cheux\",\"@id\":\"https:\\\/\\\/www.elle.be\\\/fr\\\/#\\\/schema\\\/person\\\/6caa2c7d3ffa4152fff44b8eab8af245\"},\"headline\":\"Pourquoi on aimerait \u00eatre invit\u00e9 aux f\u00eates de folie d&#8217;Alessia Guidoboni?\",\"datePublished\":\"2019-01-04T10:26:15+00:00\",\"dateModified\":\"2020-12-11T14:15:07+00:00\",\"mainEntityOfPage\":{\"@id\":\"https:\\\/\\\/www.elle.be\\\/fr\\\/246822-pourquoi-on-aimerait-etre-invite-aux-fetes-folles-dalessia-guidoboni.html\"},\"wordCount\":805,\"publisher\":{\"@id\":\"https:\\\/\\\/www.elle.be\\\/fr\\\/#organization\"},\"image\":{\"@id\":\"https:\\\/\\\/www.elle.be\\\/fr\\\/246822-pourquoi-on-aimerait-etre-invite-aux-fetes-folles-dalessia-guidoboni.html#primaryimage\"},\"thumbnailUrl\":\"https:\\\/\\\/www.elle.be\\\/fr\\\/wp-content\\\/uploads\\\/2019\\\/01\\\/fete-fedra2.jpg\",\"keywords\":[\"bruxelles\",\"d\u00e9co\",\"F\u00eate\"],\"articleSection\":[\"ELLE d\u00e9coration\",\"Tendances D\u00e9co\"],\"inLanguage\":\"fr-FR\"},{\"@type\":\"WebPage\",\"@id\":\"https:\\\/\\\/www.elle.be\\\/fr\\\/246822-pourquoi-on-aimerait-etre-invite-aux-fetes-folles-dalessia-guidoboni.html\",\"url\":\"https:\\\/\\\/www.elle.be\\\/fr\\\/246822-pourquoi-on-aimerait-etre-invite-aux-fetes-folles-dalessia-guidoboni.html\",\"name\":\"Pourquoi on aimerait \u00eatre invit\u00e9 aux f\u00eates de folie d'Alessia Guidoboni? - ELLE.be\",\"isPartOf\":{\"@id\":\"https:\\\/\\\/www.elle.be\\\/fr\\\/#website\"},\"primaryImageOfPage\":{\"@id\":\"https:\\\/\\\/www.elle.be\\\/fr\\\/246822-pourquoi-on-aimerait-etre-invite-aux-fetes-folles-dalessia-guidoboni.html#primaryimage\"},\"image\":{\"@id\":\"https:\\\/\\\/www.elle.be\\\/fr\\\/246822-pourquoi-on-aimerait-etre-invite-aux-fetes-folles-dalessia-guidoboni.html#primaryimage\"},\"thumbnailUrl\":\"https:\\\/\\\/www.elle.be\\\/fr\\\/wp-content\\\/uploads\\\/2019\\\/01\\\/fete-fedra2.jpg\",\"datePublished\":\"2019-01-04T10:26:15+00:00\",\"dateModified\":\"2020-12-11T14:15:07+00:00\",\"description\":\"Sc\u00e9nographe pour soir\u00e9es d\u00e9cal\u00e9es,\u00a0Alessia Guidoboni \u00e0 la t\u00eate du Fedra Studio nous explique comment la f\u00eate est devenue le nouveau moyen de se\",\"breadcrumb\":{\"@id\":\"https:\\\/\\\/www.elle.be\\\/fr\\\/246822-pourquoi-on-aimerait-etre-invite-aux-fetes-folles-dalessia-guidoboni.html#breadcrumb\"},\"inLanguage\":\"fr-FR\",\"potentialAction\":[{\"@type\":\"ReadAction\",\"target\":[\"https:\\\/\\\/www.elle.be\\\/fr\\\/246822-pourquoi-on-aimerait-etre-invite-aux-fetes-folles-dalessia-guidoboni.html\"]}]},{\"@type\":\"ImageObject\",\"inLanguage\":\"fr-FR\",\"@id\":\"https:\\\/\\\/www.elle.be\\\/fr\\\/246822-pourquoi-on-aimerait-etre-invite-aux-fetes-folles-dalessia-guidoboni.html#primaryimage\",\"url\":\"https:\\\/\\\/www.elle.be\\\/fr\\\/wp-content\\\/uploads\\\/2019\\\/01\\\/fete-fedra2.jpg\",\"contentUrl\":\"https:\\\/\\\/www.elle.be\\\/fr\\\/wp-content\\\/uploads\\\/2019\\\/01\\\/fete-fedra2.jpg\",\"width\":1000,\"height\":751,\"caption\":\"comment organiser une f\u00eate originale\"},{\"@type\":\"BreadcrumbList\",\"@id\":\"https:\\\/\\\/www.elle.be\\\/fr\\\/246822-pourquoi-on-aimerait-etre-invite-aux-fetes-folles-dalessia-guidoboni.html#breadcrumb\",\"itemListElement\":[{\"@type\":\"ListItem\",\"position\":1,\"name\":\"FR\",\"item\":\"https:\\\/\\\/www.elle.be\\\/fr\"},{\"@type\":\"ListItem\",\"position\":2,\"name\":\"ELLE d\u00e9coration\",\"item\":\"https:\\\/\\\/www.elle.be\\\/fr\\\/elle-decoration\"},{\"@type\":\"ListItem\",\"position\":3,\"name\":\"Pourquoi on aimerait \u00eatre invit\u00e9 aux f\u00eates de folie d&rsquo;Alessia Guidoboni?\"}]},{\"@type\":\"WebSite\",\"@id\":\"https:\\\/\\\/www.elle.be\\\/fr\\\/#website\",\"url\":\"https:\\\/\\\/www.elle.be\\\/fr\\\/\",\"name\":\"ELLE.be\",\"description\":\"Toutes les infos mode, beaut\u00e9 et lifestyle les plus pointues ainsi qu&#039;un contenu 100% belge d\u00e9clin\u00e9 \u00e0 360\u00b0sur le site ELLE.be, nos r\u00e9seaux sociaux et notre cha\u00eene Youtube.\",\"publisher\":{\"@id\":\"https:\\\/\\\/www.elle.be\\\/fr\\\/#organization\"},\"potentialAction\":[{\"@type\":\"SearchAction\",\"target\":{\"@type\":\"EntryPoint\",\"urlTemplate\":\"https:\\\/\\\/www.elle.be\\\/fr\\\/?s={search_term_string}\"},\"query-input\":{\"@type\":\"PropertyValueSpecification\",\"valueRequired\":true,\"valueName\":\"search_term_string\"}}],\"inLanguage\":\"fr-FR\"},{\"@type\":\"Organization\",\"@id\":\"https:\\\/\\\/www.elle.be\\\/fr\\\/#organization\",\"name\":\"ELLE Belgique\",\"url\":\"https:\\\/\\\/www.elle.be\\\/fr\\\/\",\"logo\":{\"@type\":\"ImageObject\",\"inLanguage\":\"fr-FR\",\"@id\":\"https:\\\/\\\/www.elle.be\\\/fr\\\/#\\\/schema\\\/logo\\\/image\\\/\",\"url\":\"https:\\\/\\\/www.elle.be\\\/fr\\\/wp-content\\\/uploads\\\/2017\\\/03\\\/elle-icon-200px.jpeg\",\"contentUrl\":\"https:\\\/\\\/www.elle.be\\\/fr\\\/wp-content\\\/uploads\\\/2017\\\/03\\\/elle-icon-200px.jpeg\",\"width\":200,\"height\":200,\"caption\":\"ELLE Belgique\"},\"image\":{\"@id\":\"https:\\\/\\\/www.elle.be\\\/fr\\\/#\\\/schema\\\/logo\\\/image\\\/\"},\"sameAs\":[\"https:\\\/\\\/www.facebook.com\\\/ELLEbelgium\\\/\",\"https:\\\/\\\/x.com\\\/ELLEBelgique\",\"http:\\\/\\\/instagram.com\\\/ellebelgique\\\/\",\"https:\\\/\\\/www.pinterest.com\\\/ellebelgique\\\/\",\"https:\\\/\\\/www.youtube.com\\\/user\\\/ELLEbelgique1\"]},{\"@type\":\"Person\",\"@id\":\"https:\\\/\\\/www.elle.be\\\/fr\\\/#\\\/schema\\\/person\\\/6caa2c7d3ffa4152fff44b8eab8af245\",\"name\":\"C\u00e9line P\u00e9cheux\",\"image\":{\"@type\":\"ImageObject\",\"inLanguage\":\"fr-FR\",\"@id\":\"https:\\\/\\\/www.elle.be\\\/fr\\\/wp-content\\\/uploads\\\/2017\\\/03\\\/celine_pecheux-150x150.jpg\",\"url\":\"https:\\\/\\\/www.elle.be\\\/fr\\\/wp-content\\\/uploads\\\/2017\\\/03\\\/celine_pecheux-150x150.jpg\",\"contentUrl\":\"https:\\\/\\\/www.elle.be\\\/fr\\\/wp-content\\\/uploads\\\/2017\\\/03\\\/celine_pecheux-150x150.jpg\",\"caption\":\"C\u00e9line P\u00e9cheux\"},\"description\":\"Carnet d'adresses ambulant, nomade, vintage freak et foodholic, elle traque les endroits et bons plans voyage, food et d\u00e9co et parle des personnalit\u00e9s qui aiment c\u00e9l\u00e9brer l'art de vivre.\",\"sameAs\":[\"https:\\\/\\\/www.facebook.com\\\/celine.pecheux\",\"http:\\\/\\\/instagram.com\\\/celinepecheux\",\"http:\\\/\\\/pinterest.com\\\/celinepecheux\",\"https:\\\/\\\/x.com\\\/celinepecheux\"],\"url\":\"https:\\\/\\\/www.elle.be\\\/fr\\\/author\\\/celine\"}]}<\/script>\n<!-- \/ Yoast SEO plugin. -->","yoast_head_json":{"title":"Pourquoi on aimerait \u00eatre invit\u00e9 aux f\u00eates de folie d'Alessia Guidoboni? - ELLE.be","description":"Sc\u00e9nographe pour soir\u00e9es d\u00e9cal\u00e9es,\u00a0Alessia Guidoboni \u00e0 la t\u00eate du Fedra Studio nous explique comment la f\u00eate est devenue le nouveau moyen de se","robots":{"index":"index","follow":"follow","max-snippet":"max-snippet:-1","max-image-preview":"max-image-preview:large","max-video-preview":"max-video-preview:-1"},"canonical":"https:\/\/www.elle.be\/fr\/246822-pourquoi-on-aimerait-etre-invite-aux-fetes-folles-dalessia-guidoboni.html","og_locale":"fr_FR","og_type":"article","og_title":"Pourquoi on aimerait \u00eatre invit\u00e9 aux f\u00eates de folie d'Alessia Guidoboni? - ELLE.be","og_description":"Sc\u00e9nographe pour soir\u00e9es d\u00e9cal\u00e9es,\u00a0Alessia Guidoboni \u00e0 la t\u00eate du Fedra Studio nous explique comment la f\u00eate est devenue le nouveau moyen de se","og_url":"https:\/\/www.elle.be\/fr\/246822-pourquoi-on-aimerait-etre-invite-aux-fetes-folles-dalessia-guidoboni.html","og_site_name":"ELLE.be","article_publisher":"https:\/\/www.facebook.com\/ELLEbelgium\/","article_author":"https:\/\/www.facebook.com\/celine.pecheux","article_published_time":"2019-01-04T10:26:15+00:00","article_modified_time":"2020-12-11T14:15:07+00:00","og_image":[{"width":1000,"height":751,"url":"https:\/\/www.elle.be\/fr\/wp-content\/uploads\/2019\/01\/fete-fedra2.jpg","type":"image\/jpeg"}],"author":"C\u00e9line P\u00e9cheux","twitter_card":"summary_large_image","twitter_creator":"@celinepecheux","twitter_site":"@ELLEBelgique","twitter_misc":{"\u00c9crit par":"C\u00e9line P\u00e9cheux","Dur\u00e9e de lecture estim\u00e9e":"4 minutes"},"schema":{"@context":"https:\/\/schema.org","@graph":[{"@type":"NewsArticle","@id":"https:\/\/www.elle.be\/fr\/246822-pourquoi-on-aimerait-etre-invite-aux-fetes-folles-dalessia-guidoboni.html#article","isPartOf":{"@id":"https:\/\/www.elle.be\/fr\/246822-pourquoi-on-aimerait-etre-invite-aux-fetes-folles-dalessia-guidoboni.html"},"author":{"name":"C\u00e9line P\u00e9cheux","@id":"https:\/\/www.elle.be\/fr\/#\/schema\/person\/6caa2c7d3ffa4152fff44b8eab8af245"},"headline":"Pourquoi on aimerait \u00eatre invit\u00e9 aux f\u00eates de folie d&#8217;Alessia Guidoboni?","datePublished":"2019-01-04T10:26:15+00:00","dateModified":"2020-12-11T14:15:07+00:00","mainEntityOfPage":{"@id":"https:\/\/www.elle.be\/fr\/246822-pourquoi-on-aimerait-etre-invite-aux-fetes-folles-dalessia-guidoboni.html"},"wordCount":805,"publisher":{"@id":"https:\/\/www.elle.be\/fr\/#organization"},"image":{"@id":"https:\/\/www.elle.be\/fr\/246822-pourquoi-on-aimerait-etre-invite-aux-fetes-folles-dalessia-guidoboni.html#primaryimage"},"thumbnailUrl":"https:\/\/www.elle.be\/fr\/wp-content\/uploads\/2019\/01\/fete-fedra2.jpg","keywords":["bruxelles","d\u00e9co","F\u00eate"],"articleSection":["ELLE d\u00e9coration","Tendances D\u00e9co"],"inLanguage":"fr-FR"},{"@type":"WebPage","@id":"https:\/\/www.elle.be\/fr\/246822-pourquoi-on-aimerait-etre-invite-aux-fetes-folles-dalessia-guidoboni.html","url":"https:\/\/www.elle.be\/fr\/246822-pourquoi-on-aimerait-etre-invite-aux-fetes-folles-dalessia-guidoboni.html","name":"Pourquoi on aimerait \u00eatre invit\u00e9 aux f\u00eates de folie d'Alessia Guidoboni? - ELLE.be","isPartOf":{"@id":"https:\/\/www.elle.be\/fr\/#website"},"primaryImageOfPage":{"@id":"https:\/\/www.elle.be\/fr\/246822-pourquoi-on-aimerait-etre-invite-aux-fetes-folles-dalessia-guidoboni.html#primaryimage"},"image":{"@id":"https:\/\/www.elle.be\/fr\/246822-pourquoi-on-aimerait-etre-invite-aux-fetes-folles-dalessia-guidoboni.html#primaryimage"},"thumbnailUrl":"https:\/\/www.elle.be\/fr\/wp-content\/uploads\/2019\/01\/fete-fedra2.jpg","datePublished":"2019-01-04T10:26:15+00:00","dateModified":"2020-12-11T14:15:07+00:00","description":"Sc\u00e9nographe pour soir\u00e9es d\u00e9cal\u00e9es,\u00a0Alessia Guidoboni \u00e0 la t\u00eate du Fedra Studio nous explique comment la f\u00eate est devenue le nouveau moyen de se","breadcrumb":{"@id":"https:\/\/www.elle.be\/fr\/246822-pourquoi-on-aimerait-etre-invite-aux-fetes-folles-dalessia-guidoboni.html#breadcrumb"},"inLanguage":"fr-FR","potentialAction":[{"@type":"ReadAction","target":["https:\/\/www.elle.be\/fr\/246822-pourquoi-on-aimerait-etre-invite-aux-fetes-folles-dalessia-guidoboni.html"]}]},{"@type":"ImageObject","inLanguage":"fr-FR","@id":"https:\/\/www.elle.be\/fr\/246822-pourquoi-on-aimerait-etre-invite-aux-fetes-folles-dalessia-guidoboni.html#primaryimage","url":"https:\/\/www.elle.be\/fr\/wp-content\/uploads\/2019\/01\/fete-fedra2.jpg","contentUrl":"https:\/\/www.elle.be\/fr\/wp-content\/uploads\/2019\/01\/fete-fedra2.jpg","width":1000,"height":751,"caption":"comment organiser une f\u00eate originale"},{"@type":"BreadcrumbList","@id":"https:\/\/www.elle.be\/fr\/246822-pourquoi-on-aimerait-etre-invite-aux-fetes-folles-dalessia-guidoboni.html#breadcrumb","itemListElement":[{"@type":"ListItem","position":1,"name":"FR","item":"https:\/\/www.elle.be\/fr"},{"@type":"ListItem","position":2,"name":"ELLE d\u00e9coration","item":"https:\/\/www.elle.be\/fr\/elle-decoration"},{"@type":"ListItem","position":3,"name":"Pourquoi on aimerait \u00eatre invit\u00e9 aux f\u00eates de folie d&rsquo;Alessia Guidoboni?"}]},{"@type":"WebSite","@id":"https:\/\/www.elle.be\/fr\/#website","url":"https:\/\/www.elle.be\/fr\/","name":"ELLE.be","description":"Toutes les infos mode, beaut\u00e9 et lifestyle les plus pointues ainsi qu&#039;un contenu 100% belge d\u00e9clin\u00e9 \u00e0 360\u00b0sur le site ELLE.be, nos r\u00e9seaux sociaux et notre cha\u00eene Youtube.","publisher":{"@id":"https:\/\/www.elle.be\/fr\/#organization"},"potentialAction":[{"@type":"SearchAction","target":{"@type":"EntryPoint","urlTemplate":"https:\/\/www.elle.be\/fr\/?s={search_term_string}"},"query-input":{"@type":"PropertyValueSpecification","valueRequired":true,"valueName":"search_term_string"}}],"inLanguage":"fr-FR"},{"@type":"Organization","@id":"https:\/\/www.elle.be\/fr\/#organization","name":"ELLE Belgique","url":"https:\/\/www.elle.be\/fr\/","logo":{"@type":"ImageObject","inLanguage":"fr-FR","@id":"https:\/\/www.elle.be\/fr\/#\/schema\/logo\/image\/","url":"https:\/\/www.elle.be\/fr\/wp-content\/uploads\/2017\/03\/elle-icon-200px.jpeg","contentUrl":"https:\/\/www.elle.be\/fr\/wp-content\/uploads\/2017\/03\/elle-icon-200px.jpeg","width":200,"height":200,"caption":"ELLE Belgique"},"image":{"@id":"https:\/\/www.elle.be\/fr\/#\/schema\/logo\/image\/"},"sameAs":["https:\/\/www.facebook.com\/ELLEbelgium\/","https:\/\/x.com\/ELLEBelgique","http:\/\/instagram.com\/ellebelgique\/","https:\/\/www.pinterest.com\/ellebelgique\/","https:\/\/www.youtube.com\/user\/ELLEbelgique1"]},{"@type":"Person","@id":"https:\/\/www.elle.be\/fr\/#\/schema\/person\/6caa2c7d3ffa4152fff44b8eab8af245","name":"C\u00e9line P\u00e9cheux","image":{"@type":"ImageObject","inLanguage":"fr-FR","@id":"https:\/\/www.elle.be\/fr\/wp-content\/uploads\/2017\/03\/celine_pecheux-150x150.jpg","url":"https:\/\/www.elle.be\/fr\/wp-content\/uploads\/2017\/03\/celine_pecheux-150x150.jpg","contentUrl":"https:\/\/www.elle.be\/fr\/wp-content\/uploads\/2017\/03\/celine_pecheux-150x150.jpg","caption":"C\u00e9line P\u00e9cheux"},"description":"Carnet d'adresses ambulant, nomade, vintage freak et foodholic, elle traque les endroits et bons plans voyage, food et d\u00e9co et parle des personnalit\u00e9s qui aiment c\u00e9l\u00e9brer l'art de vivre.","sameAs":["https:\/\/www.facebook.com\/celine.pecheux","http:\/\/instagram.com\/celinepecheux","http:\/\/pinterest.com\/celinepecheux","https:\/\/x.com\/celinepecheux"],"url":"https:\/\/www.elle.be\/fr\/author\/celine"}]}},"_links":{"self":[{"href":"https:\/\/www.elle.be\/fr\/wp-json\/wp\/v2\/posts\/246822","targetHints":{"allow":["GET"]}}],"collection":[{"href":"https:\/\/www.elle.be\/fr\/wp-json\/wp\/v2\/posts"}],"about":[{"href":"https:\/\/www.elle.be\/fr\/wp-json\/wp\/v2\/types\/post"}],"author":[{"embeddable":true,"href":"https:\/\/www.elle.be\/fr\/wp-json\/wp\/v2\/users\/8"}],"replies":[{"embeddable":true,"href":"https:\/\/www.elle.be\/fr\/wp-json\/wp\/v2\/comments?post=246822"}],"version-history":[{"count":11,"href":"https:\/\/www.elle.be\/fr\/wp-json\/wp\/v2\/posts\/246822\/revisions"}],"predecessor-version":[{"id":249725,"href":"https:\/\/www.elle.be\/fr\/wp-json\/wp\/v2\/posts\/246822\/revisions\/249725"}],"wp:featuredmedia":[{"embeddable":true,"href":"https:\/\/www.elle.be\/fr\/wp-json\/wp\/v2\/media\/246837"}],"wp:attachment":[{"href":"https:\/\/www.elle.be\/fr\/wp-json\/wp\/v2\/media?parent=246822"}],"wp:term":[{"taxonomy":"category","embeddable":true,"href":"https:\/\/www.elle.be\/fr\/wp-json\/wp\/v2\/categories?post=246822"},{"taxonomy":"post_tag","embeddable":true,"href":"https:\/\/www.elle.be\/fr\/wp-json\/wp\/v2\/tags?post=246822"}],"curies":[{"name":"wp","href":"https:\/\/api.w.org\/{rel}","templated":true}]}}