{"id":241150,"date":"2018-11-16T15:33:10","date_gmt":"2018-11-16T14:33:10","guid":{"rendered":"https:\/\/www.elle.be\/fr\/?p=241150"},"modified":"2018-11-16T15:33:10","modified_gmt":"2018-11-16T14:33:10","slug":"pourquoi-les-reseaux-sociaux-sont-ils-envahis-de-strings","status":"publish","type":"post","link":"https:\/\/www.elle.be\/fr\/241150-pourquoi-les-reseaux-sociaux-sont-ils-envahis-de-strings.html","title":{"rendered":"Pourquoi les r\u00e9seaux sociaux sont-ils envahis de strings?"},"content":{"rendered":"","protected":false},"excerpt":{"rendered":"Non, ce n\u2019est pas \u00e0 cause d\u2019un \u00e9ni\u00e8me challenge stupide (m\u00eame si, cette fois-ci, on aurait pr\u00e9f\u00e9r\u00e9). ...","protected":false},"author":46,"featured_media":241242,"comment_status":"closed","ping_status":"closed","sticky":false,"template":"","format":"standard","meta":{"_acf_changed":false,"footnotes":""},"categories":[1186,2220],"tags":[151,223],"class_list":["post-241150","post","type-post","status-publish","format-standard","has-post-thumbnail","hentry","category-actu","category-societe","tag-sexisme","tag-societe"],"acf":[],"image_verticale":"241243","_yoast_wpseo_title":null,"_yoast_wpseo_metadesc":null,"_yoast_wpseo_focuskw_text_input":null,"_yoast_wpseo_opengraph-title":null,"yoast_head":"<!-- This site is optimized with the Yoast SEO plugin v27.4 - https:\/\/yoast.com\/product\/yoast-seo-wordpress\/ -->\n<title>Pourquoi les r\u00e9seaux sociaux sont-ils envahis de strings? - ELLE.be<\/title>\n<meta name=\"description\" content=\"Non, ce n\u2019est pas \u00e0 cause d\u2019un \u00e9ni\u00e8me challenge stupide (m\u00eame si, cette fois-ci, on aurait pr\u00e9f\u00e9r\u00e9). En Irlande, une avocate a fait acquitter son client\" \/>\n<meta name=\"robots\" content=\"index, follow, max-snippet:-1, max-image-preview:large, max-video-preview:-1\" \/>\n<link rel=\"canonical\" href=\"https:\/\/www.elle.be\/fr\/241150-pourquoi-les-reseaux-sociaux-sont-ils-envahis-de-strings.html\" \/>\n<meta property=\"og:locale\" content=\"fr_FR\" \/>\n<meta property=\"og:type\" content=\"article\" \/>\n<meta property=\"og:title\" content=\"Pourquoi les r\u00e9seaux sociaux sont-ils envahis de strings? - ELLE.be\" \/>\n<meta property=\"og:description\" content=\"Non, ce n\u2019est pas \u00e0 cause d\u2019un \u00e9ni\u00e8me challenge stupide (m\u00eame si, cette fois-ci, on aurait pr\u00e9f\u00e9r\u00e9). En Irlande, une avocate a fait acquitter son client\" \/>\n<meta property=\"og:url\" content=\"https:\/\/www.elle.be\/fr\/241150-pourquoi-les-reseaux-sociaux-sont-ils-envahis-de-strings.html\" \/>\n<meta property=\"og:site_name\" content=\"ELLE.be\" \/>\n<meta property=\"article:publisher\" content=\"https:\/\/www.facebook.com\/ELLEbelgium\/\" \/>\n<meta property=\"article:published_time\" content=\"2018-11-16T14:33:10+00:00\" \/>\n<meta property=\"og:image\" content=\"https:\/\/www.elle.be\/fr\/wp-content\/uploads\/2018\/11\/thisisnitconsent.jpg\" \/>\n\t<meta property=\"og:image:width\" content=\"1200\" \/>\n\t<meta property=\"og:image:height\" content=\"628\" \/>\n\t<meta property=\"og:image:type\" content=\"image\/jpeg\" \/>\n<meta name=\"author\" content=\"Laurence Donis\" \/>\n<meta name=\"twitter:card\" content=\"summary_large_image\" \/>\n<meta name=\"twitter:creator\" content=\"@DonisLaurence\" \/>\n<meta name=\"twitter:site\" content=\"@ELLEBelgique\" \/>\n<meta name=\"twitter:label1\" content=\"\u00c9crit par\" \/>\n\t<meta name=\"twitter:data1\" content=\"Laurence Donis\" \/>\n\t<meta name=\"twitter:label2\" content=\"Dur\u00e9e de lecture estim\u00e9e\" \/>\n\t<meta name=\"twitter:data2\" content=\"3 minutes\" \/>\n<script type=\"application\/ld+json\" class=\"yoast-schema-graph\">{\"@context\":\"https:\\\/\\\/schema.org\",\"@graph\":[{\"@type\":\"NewsArticle\",\"@id\":\"https:\\\/\\\/www.elle.be\\\/fr\\\/241150-pourquoi-les-reseaux-sociaux-sont-ils-envahis-de-strings.html#article\",\"isPartOf\":{\"@id\":\"https:\\\/\\\/www.elle.be\\\/fr\\\/241150-pourquoi-les-reseaux-sociaux-sont-ils-envahis-de-strings.html\"},\"author\":{\"name\":\"Laurence Donis\",\"@id\":\"https:\\\/\\\/www.elle.be\\\/fr\\\/#\\\/schema\\\/person\\\/517177ad0a70e8c475948fa3169deacd\"},\"headline\":\"Pourquoi les r\u00e9seaux sociaux sont-ils envahis de strings?\",\"datePublished\":\"2018-11-16T14:33:10+00:00\",\"mainEntityOfPage\":{\"@id\":\"https:\\\/\\\/www.elle.be\\\/fr\\\/241150-pourquoi-les-reseaux-sociaux-sont-ils-envahis-de-strings.html\"},\"wordCount\":540,\"publisher\":{\"@id\":\"https:\\\/\\\/www.elle.be\\\/fr\\\/#organization\"},\"image\":{\"@id\":\"https:\\\/\\\/www.elle.be\\\/fr\\\/241150-pourquoi-les-reseaux-sociaux-sont-ils-envahis-de-strings.html#primaryimage\"},\"thumbnailUrl\":\"https:\\\/\\\/www.elle.be\\\/fr\\\/wp-content\\\/uploads\\\/2018\\\/11\\\/thisisnitconsent.jpg\",\"keywords\":[\"sexisme\",\"soci\u00e9t\u00e9\"],\"articleSection\":[\"Actu\",\"Soci\u00e9t\u00e9\"],\"inLanguage\":\"fr-FR\"},{\"@type\":\"WebPage\",\"@id\":\"https:\\\/\\\/www.elle.be\\\/fr\\\/241150-pourquoi-les-reseaux-sociaux-sont-ils-envahis-de-strings.html\",\"url\":\"https:\\\/\\\/www.elle.be\\\/fr\\\/241150-pourquoi-les-reseaux-sociaux-sont-ils-envahis-de-strings.html\",\"name\":\"Pourquoi les r\u00e9seaux sociaux sont-ils envahis de strings? - ELLE.be\",\"isPartOf\":{\"@id\":\"https:\\\/\\\/www.elle.be\\\/fr\\\/#website\"},\"primaryImageOfPage\":{\"@id\":\"https:\\\/\\\/www.elle.be\\\/fr\\\/241150-pourquoi-les-reseaux-sociaux-sont-ils-envahis-de-strings.html#primaryimage\"},\"image\":{\"@id\":\"https:\\\/\\\/www.elle.be\\\/fr\\\/241150-pourquoi-les-reseaux-sociaux-sont-ils-envahis-de-strings.html#primaryimage\"},\"thumbnailUrl\":\"https:\\\/\\\/www.elle.be\\\/fr\\\/wp-content\\\/uploads\\\/2018\\\/11\\\/thisisnitconsent.jpg\",\"datePublished\":\"2018-11-16T14:33:10+00:00\",\"description\":\"Non, ce n\u2019est pas \u00e0 cause d\u2019un \u00e9ni\u00e8me challenge stupide (m\u00eame si, cette fois-ci, on aurait pr\u00e9f\u00e9r\u00e9). En Irlande, une avocate a fait acquitter son client\",\"breadcrumb\":{\"@id\":\"https:\\\/\\\/www.elle.be\\\/fr\\\/241150-pourquoi-les-reseaux-sociaux-sont-ils-envahis-de-strings.html#breadcrumb\"},\"inLanguage\":\"fr-FR\",\"potentialAction\":[{\"@type\":\"ReadAction\",\"target\":[\"https:\\\/\\\/www.elle.be\\\/fr\\\/241150-pourquoi-les-reseaux-sociaux-sont-ils-envahis-de-strings.html\"]}]},{\"@type\":\"ImageObject\",\"inLanguage\":\"fr-FR\",\"@id\":\"https:\\\/\\\/www.elle.be\\\/fr\\\/241150-pourquoi-les-reseaux-sociaux-sont-ils-envahis-de-strings.html#primaryimage\",\"url\":\"https:\\\/\\\/www.elle.be\\\/fr\\\/wp-content\\\/uploads\\\/2018\\\/11\\\/thisisnitconsent.jpg\",\"contentUrl\":\"https:\\\/\\\/www.elle.be\\\/fr\\\/wp-content\\\/uploads\\\/2018\\\/11\\\/thisisnitconsent.jpg\",\"width\":1200,\"height\":628,\"caption\":\"this is not consent\"},{\"@type\":\"BreadcrumbList\",\"@id\":\"https:\\\/\\\/www.elle.be\\\/fr\\\/241150-pourquoi-les-reseaux-sociaux-sont-ils-envahis-de-strings.html#breadcrumb\",\"itemListElement\":[{\"@type\":\"ListItem\",\"position\":1,\"name\":\"FR\",\"item\":\"https:\\\/\\\/www.elle.be\\\/fr\"},{\"@type\":\"ListItem\",\"position\":2,\"name\":\"Actu\",\"item\":\"https:\\\/\\\/www.elle.be\\\/fr\\\/actu\"},{\"@type\":\"ListItem\",\"position\":3,\"name\":\"Pourquoi les r\u00e9seaux sociaux sont-ils envahis de strings?\"}]},{\"@type\":\"WebSite\",\"@id\":\"https:\\\/\\\/www.elle.be\\\/fr\\\/#website\",\"url\":\"https:\\\/\\\/www.elle.be\\\/fr\\\/\",\"name\":\"ELLE.be\",\"description\":\"Toutes les infos mode, beaut\u00e9 et lifestyle les plus pointues ainsi qu&#039;un contenu 100% belge d\u00e9clin\u00e9 \u00e0 360\u00b0sur le site ELLE.be, nos r\u00e9seaux sociaux et notre cha\u00eene Youtube.\",\"publisher\":{\"@id\":\"https:\\\/\\\/www.elle.be\\\/fr\\\/#organization\"},\"potentialAction\":[{\"@type\":\"SearchAction\",\"target\":{\"@type\":\"EntryPoint\",\"urlTemplate\":\"https:\\\/\\\/www.elle.be\\\/fr\\\/?s={search_term_string}\"},\"query-input\":{\"@type\":\"PropertyValueSpecification\",\"valueRequired\":true,\"valueName\":\"search_term_string\"}}],\"inLanguage\":\"fr-FR\"},{\"@type\":\"Organization\",\"@id\":\"https:\\\/\\\/www.elle.be\\\/fr\\\/#organization\",\"name\":\"ELLE Belgique\",\"url\":\"https:\\\/\\\/www.elle.be\\\/fr\\\/\",\"logo\":{\"@type\":\"ImageObject\",\"inLanguage\":\"fr-FR\",\"@id\":\"https:\\\/\\\/www.elle.be\\\/fr\\\/#\\\/schema\\\/logo\\\/image\\\/\",\"url\":\"https:\\\/\\\/www.elle.be\\\/fr\\\/wp-content\\\/uploads\\\/2017\\\/03\\\/elle-icon-200px.jpeg\",\"contentUrl\":\"https:\\\/\\\/www.elle.be\\\/fr\\\/wp-content\\\/uploads\\\/2017\\\/03\\\/elle-icon-200px.jpeg\",\"width\":200,\"height\":200,\"caption\":\"ELLE Belgique\"},\"image\":{\"@id\":\"https:\\\/\\\/www.elle.be\\\/fr\\\/#\\\/schema\\\/logo\\\/image\\\/\"},\"sameAs\":[\"https:\\\/\\\/www.facebook.com\\\/ELLEbelgium\\\/\",\"https:\\\/\\\/x.com\\\/ELLEBelgique\",\"http:\\\/\\\/instagram.com\\\/ellebelgique\\\/\",\"https:\\\/\\\/www.pinterest.com\\\/ellebelgique\\\/\",\"https:\\\/\\\/www.youtube.com\\\/user\\\/ELLEbelgique1\"]},{\"@type\":\"Person\",\"@id\":\"https:\\\/\\\/www.elle.be\\\/fr\\\/#\\\/schema\\\/person\\\/517177ad0a70e8c475948fa3169deacd\",\"name\":\"Laurence Donis\",\"image\":{\"@type\":\"ImageObject\",\"inLanguage\":\"fr-FR\",\"@id\":\"https:\\\/\\\/www.elle.be\\\/fr\\\/wp-content\\\/uploads\\\/2017\\\/03\\\/moii-96x96.jpg\",\"url\":\"https:\\\/\\\/www.elle.be\\\/fr\\\/wp-content\\\/uploads\\\/2017\\\/03\\\/moii-96x96.jpg\",\"contentUrl\":\"https:\\\/\\\/www.elle.be\\\/fr\\\/wp-content\\\/uploads\\\/2017\\\/03\\\/moii-96x96.jpg\",\"caption\":\"Laurence Donis\"},\"description\":\"Convaincue que le f\u00e9minisme n'est pas un gros mot (ou un combat d\u00e9pass\u00e9) mais que l'on peut aussi en parler d'une mani\u00e8re moderne, fun et d\u00e9cal\u00e9e. Gourmande inv\u00e9t\u00e9r\u00e9e, elle reste aussi \u00e0 l'aff\u00fbt des bons plans food toute l'ann\u00e9e.\",\"sameAs\":[\"https:\\\/\\\/www.instagram.com\\\/laurence.donis\\\/\",\"https:\\\/\\\/x.com\\\/DonisLaurence\"],\"url\":\"https:\\\/\\\/www.elle.be\\\/fr\\\/author\\\/laurenced\"}]}<\/script>\n<!-- \/ Yoast SEO plugin. -->","yoast_head_json":{"title":"Pourquoi les r\u00e9seaux sociaux sont-ils envahis de strings? - ELLE.be","description":"Non, ce n\u2019est pas \u00e0 cause d\u2019un \u00e9ni\u00e8me challenge stupide (m\u00eame si, cette fois-ci, on aurait pr\u00e9f\u00e9r\u00e9). En Irlande, une avocate a fait acquitter son client","robots":{"index":"index","follow":"follow","max-snippet":"max-snippet:-1","max-image-preview":"max-image-preview:large","max-video-preview":"max-video-preview:-1"},"canonical":"https:\/\/www.elle.be\/fr\/241150-pourquoi-les-reseaux-sociaux-sont-ils-envahis-de-strings.html","og_locale":"fr_FR","og_type":"article","og_title":"Pourquoi les r\u00e9seaux sociaux sont-ils envahis de strings? - ELLE.be","og_description":"Non, ce n\u2019est pas \u00e0 cause d\u2019un \u00e9ni\u00e8me challenge stupide (m\u00eame si, cette fois-ci, on aurait pr\u00e9f\u00e9r\u00e9). En Irlande, une avocate a fait acquitter son client","og_url":"https:\/\/www.elle.be\/fr\/241150-pourquoi-les-reseaux-sociaux-sont-ils-envahis-de-strings.html","og_site_name":"ELLE.be","article_publisher":"https:\/\/www.facebook.com\/ELLEbelgium\/","article_published_time":"2018-11-16T14:33:10+00:00","og_image":[{"width":1200,"height":628,"url":"https:\/\/www.elle.be\/fr\/wp-content\/uploads\/2018\/11\/thisisnitconsent.jpg","type":"image\/jpeg"}],"author":"Laurence Donis","twitter_card":"summary_large_image","twitter_creator":"@DonisLaurence","twitter_site":"@ELLEBelgique","twitter_misc":{"\u00c9crit par":"Laurence Donis","Dur\u00e9e de lecture estim\u00e9e":"3 minutes"},"schema":{"@context":"https:\/\/schema.org","@graph":[{"@type":"NewsArticle","@id":"https:\/\/www.elle.be\/fr\/241150-pourquoi-les-reseaux-sociaux-sont-ils-envahis-de-strings.html#article","isPartOf":{"@id":"https:\/\/www.elle.be\/fr\/241150-pourquoi-les-reseaux-sociaux-sont-ils-envahis-de-strings.html"},"author":{"name":"Laurence Donis","@id":"https:\/\/www.elle.be\/fr\/#\/schema\/person\/517177ad0a70e8c475948fa3169deacd"},"headline":"Pourquoi les r\u00e9seaux sociaux sont-ils envahis de strings?","datePublished":"2018-11-16T14:33:10+00:00","mainEntityOfPage":{"@id":"https:\/\/www.elle.be\/fr\/241150-pourquoi-les-reseaux-sociaux-sont-ils-envahis-de-strings.html"},"wordCount":540,"publisher":{"@id":"https:\/\/www.elle.be\/fr\/#organization"},"image":{"@id":"https:\/\/www.elle.be\/fr\/241150-pourquoi-les-reseaux-sociaux-sont-ils-envahis-de-strings.html#primaryimage"},"thumbnailUrl":"https:\/\/www.elle.be\/fr\/wp-content\/uploads\/2018\/11\/thisisnitconsent.jpg","keywords":["sexisme","soci\u00e9t\u00e9"],"articleSection":["Actu","Soci\u00e9t\u00e9"],"inLanguage":"fr-FR"},{"@type":"WebPage","@id":"https:\/\/www.elle.be\/fr\/241150-pourquoi-les-reseaux-sociaux-sont-ils-envahis-de-strings.html","url":"https:\/\/www.elle.be\/fr\/241150-pourquoi-les-reseaux-sociaux-sont-ils-envahis-de-strings.html","name":"Pourquoi les r\u00e9seaux sociaux sont-ils envahis de strings? - ELLE.be","isPartOf":{"@id":"https:\/\/www.elle.be\/fr\/#website"},"primaryImageOfPage":{"@id":"https:\/\/www.elle.be\/fr\/241150-pourquoi-les-reseaux-sociaux-sont-ils-envahis-de-strings.html#primaryimage"},"image":{"@id":"https:\/\/www.elle.be\/fr\/241150-pourquoi-les-reseaux-sociaux-sont-ils-envahis-de-strings.html#primaryimage"},"thumbnailUrl":"https:\/\/www.elle.be\/fr\/wp-content\/uploads\/2018\/11\/thisisnitconsent.jpg","datePublished":"2018-11-16T14:33:10+00:00","description":"Non, ce n\u2019est pas \u00e0 cause d\u2019un \u00e9ni\u00e8me challenge stupide (m\u00eame si, cette fois-ci, on aurait pr\u00e9f\u00e9r\u00e9). En Irlande, une avocate a fait acquitter son client","breadcrumb":{"@id":"https:\/\/www.elle.be\/fr\/241150-pourquoi-les-reseaux-sociaux-sont-ils-envahis-de-strings.html#breadcrumb"},"inLanguage":"fr-FR","potentialAction":[{"@type":"ReadAction","target":["https:\/\/www.elle.be\/fr\/241150-pourquoi-les-reseaux-sociaux-sont-ils-envahis-de-strings.html"]}]},{"@type":"ImageObject","inLanguage":"fr-FR","@id":"https:\/\/www.elle.be\/fr\/241150-pourquoi-les-reseaux-sociaux-sont-ils-envahis-de-strings.html#primaryimage","url":"https:\/\/www.elle.be\/fr\/wp-content\/uploads\/2018\/11\/thisisnitconsent.jpg","contentUrl":"https:\/\/www.elle.be\/fr\/wp-content\/uploads\/2018\/11\/thisisnitconsent.jpg","width":1200,"height":628,"caption":"this is not consent"},{"@type":"BreadcrumbList","@id":"https:\/\/www.elle.be\/fr\/241150-pourquoi-les-reseaux-sociaux-sont-ils-envahis-de-strings.html#breadcrumb","itemListElement":[{"@type":"ListItem","position":1,"name":"FR","item":"https:\/\/www.elle.be\/fr"},{"@type":"ListItem","position":2,"name":"Actu","item":"https:\/\/www.elle.be\/fr\/actu"},{"@type":"ListItem","position":3,"name":"Pourquoi les r\u00e9seaux sociaux sont-ils envahis de strings?"}]},{"@type":"WebSite","@id":"https:\/\/www.elle.be\/fr\/#website","url":"https:\/\/www.elle.be\/fr\/","name":"ELLE.be","description":"Toutes les infos mode, beaut\u00e9 et lifestyle les plus pointues ainsi qu&#039;un contenu 100% belge d\u00e9clin\u00e9 \u00e0 360\u00b0sur le site ELLE.be, nos r\u00e9seaux sociaux et notre cha\u00eene Youtube.","publisher":{"@id":"https:\/\/www.elle.be\/fr\/#organization"},"potentialAction":[{"@type":"SearchAction","target":{"@type":"EntryPoint","urlTemplate":"https:\/\/www.elle.be\/fr\/?s={search_term_string}"},"query-input":{"@type":"PropertyValueSpecification","valueRequired":true,"valueName":"search_term_string"}}],"inLanguage":"fr-FR"},{"@type":"Organization","@id":"https:\/\/www.elle.be\/fr\/#organization","name":"ELLE Belgique","url":"https:\/\/www.elle.be\/fr\/","logo":{"@type":"ImageObject","inLanguage":"fr-FR","@id":"https:\/\/www.elle.be\/fr\/#\/schema\/logo\/image\/","url":"https:\/\/www.elle.be\/fr\/wp-content\/uploads\/2017\/03\/elle-icon-200px.jpeg","contentUrl":"https:\/\/www.elle.be\/fr\/wp-content\/uploads\/2017\/03\/elle-icon-200px.jpeg","width":200,"height":200,"caption":"ELLE Belgique"},"image":{"@id":"https:\/\/www.elle.be\/fr\/#\/schema\/logo\/image\/"},"sameAs":["https:\/\/www.facebook.com\/ELLEbelgium\/","https:\/\/x.com\/ELLEBelgique","http:\/\/instagram.com\/ellebelgique\/","https:\/\/www.pinterest.com\/ellebelgique\/","https:\/\/www.youtube.com\/user\/ELLEbelgique1"]},{"@type":"Person","@id":"https:\/\/www.elle.be\/fr\/#\/schema\/person\/517177ad0a70e8c475948fa3169deacd","name":"Laurence Donis","image":{"@type":"ImageObject","inLanguage":"fr-FR","@id":"https:\/\/www.elle.be\/fr\/wp-content\/uploads\/2017\/03\/moii-96x96.jpg","url":"https:\/\/www.elle.be\/fr\/wp-content\/uploads\/2017\/03\/moii-96x96.jpg","contentUrl":"https:\/\/www.elle.be\/fr\/wp-content\/uploads\/2017\/03\/moii-96x96.jpg","caption":"Laurence Donis"},"description":"Convaincue que le f\u00e9minisme n'est pas un gros mot (ou un combat d\u00e9pass\u00e9) mais que l'on peut aussi en parler d'une mani\u00e8re moderne, fun et d\u00e9cal\u00e9e. Gourmande inv\u00e9t\u00e9r\u00e9e, elle reste aussi \u00e0 l'aff\u00fbt des bons plans food toute l'ann\u00e9e.","sameAs":["https:\/\/www.instagram.com\/laurence.donis\/","https:\/\/x.com\/DonisLaurence"],"url":"https:\/\/www.elle.be\/fr\/author\/laurenced"}]}},"_links":{"self":[{"href":"https:\/\/www.elle.be\/fr\/wp-json\/wp\/v2\/posts\/241150","targetHints":{"allow":["GET"]}}],"collection":[{"href":"https:\/\/www.elle.be\/fr\/wp-json\/wp\/v2\/posts"}],"about":[{"href":"https:\/\/www.elle.be\/fr\/wp-json\/wp\/v2\/types\/post"}],"author":[{"embeddable":true,"href":"https:\/\/www.elle.be\/fr\/wp-json\/wp\/v2\/users\/46"}],"replies":[{"embeddable":true,"href":"https:\/\/www.elle.be\/fr\/wp-json\/wp\/v2\/comments?post=241150"}],"version-history":[{"count":10,"href":"https:\/\/www.elle.be\/fr\/wp-json\/wp\/v2\/posts\/241150\/revisions"}],"predecessor-version":[{"id":241293,"href":"https:\/\/www.elle.be\/fr\/wp-json\/wp\/v2\/posts\/241150\/revisions\/241293"}],"wp:featuredmedia":[{"embeddable":true,"href":"https:\/\/www.elle.be\/fr\/wp-json\/wp\/v2\/media\/241242"}],"wp:attachment":[{"href":"https:\/\/www.elle.be\/fr\/wp-json\/wp\/v2\/media?parent=241150"}],"wp:term":[{"taxonomy":"category","embeddable":true,"href":"https:\/\/www.elle.be\/fr\/wp-json\/wp\/v2\/categories?post=241150"},{"taxonomy":"post_tag","embeddable":true,"href":"https:\/\/www.elle.be\/fr\/wp-json\/wp\/v2\/tags?post=241150"}],"curies":[{"name":"wp","href":"https:\/\/api.w.org\/{rel}","templated":true}]}}