{"id":237743,"date":"2018-10-31T10:00:52","date_gmt":"2018-10-31T09:00:52","guid":{"rendered":"http:\/\/www.elle.be\/fr\/?p=237743"},"modified":"2018-10-23T15:47:19","modified_gmt":"2018-10-23T13:47:19","slug":"dior-maquillage-halloween","status":"publish","type":"post","link":"https:\/\/www.elle.be\/fr\/237743-dior-maquillage-halloween.html","title":{"rendered":"Dior imagine un maquillage dark mais glamour pour Halloween"},"content":{"rendered":"","protected":false},"excerpt":{"rendered":"C&#8217;est devenu une tradition: \u00e0 l&#8217;approche d&#8217;Halloween, Dior d\u00e9voile trois beauty looks aussi fascinants qu&#8217;inqui\u00e9tants pour \u00eatre terriblement belle le soir du 31 octobre.","protected":false},"author":65,"featured_media":237918,"comment_status":"closed","ping_status":"closed","sticky":false,"template":"","format":"standard","meta":{"_acf_changed":false,"footnotes":""},"categories":[2842,2207],"tags":[593,824,387],"class_list":["post-237743","post","type-post","status-publish","format-standard","has-post-thumbnail","hentry","category-beaute","category-make-up","tag-maquillage","tag-beaute-2","tag-dior"],"acf":[],"image_verticale":"237917","_yoast_wpseo_title":null,"_yoast_wpseo_metadesc":"%%excerpt%% %%page%% \u00c0 l'approche Halloween, Dior d\u00e9voile trois looks aussi fascinants qu'inqui\u00e9tants pour \u00eatre terriblement belle le soir du 31 octobre.\u00a0","_yoast_wpseo_focuskw_text_input":null,"_yoast_wpseo_opengraph-title":null,"yoast_head":"<!-- This site is optimized with the Yoast SEO plugin v27.4 - https:\/\/yoast.com\/product\/yoast-seo-wordpress\/ -->\n<title>Dior imagine un maquillage dark mais glamour pour Halloween - ELLE.be<\/title>\n<meta name=\"description\" content=\"C&#039;est devenu une tradition: \u00e0 l&#039;approche d&#039;Halloween, Dior d\u00e9voile trois beauty looks aussi fascinants qu&#039;inqui\u00e9tants pour \u00eatre terriblement belle le soir \u00c0 l&#039;approche Halloween, Dior d\u00e9voile trois looks aussi fascinants qu&#039;inqui\u00e9tants pour \u00eatre terriblement belle le soir du 31 octobre.\u00a0\" \/>\n<meta name=\"robots\" content=\"index, follow, max-snippet:-1, max-image-preview:large, max-video-preview:-1\" \/>\n<link rel=\"canonical\" href=\"https:\/\/www.elle.be\/fr\/237743-dior-maquillage-halloween.html\" \/>\n<meta property=\"og:locale\" content=\"fr_FR\" \/>\n<meta property=\"og:type\" content=\"article\" \/>\n<meta property=\"og:title\" content=\"Dior imagine un maquillage dark mais glamour pour Halloween - ELLE.be\" \/>\n<meta property=\"og:description\" content=\"C&#039;est devenu une tradition: \u00e0 l&#039;approche d&#039;Halloween, Dior d\u00e9voile trois beauty looks aussi fascinants qu&#039;inqui\u00e9tants pour \u00eatre terriblement belle le soir \u00c0 l&#039;approche Halloween, Dior d\u00e9voile trois looks aussi fascinants qu&#039;inqui\u00e9tants pour \u00eatre terriblement belle le soir du 31 octobre.\u00a0\" \/>\n<meta property=\"og:url\" content=\"https:\/\/www.elle.be\/fr\/237743-dior-maquillage-halloween.html\" \/>\n<meta property=\"og:site_name\" content=\"ELLE.be\" \/>\n<meta property=\"article:publisher\" content=\"https:\/\/www.facebook.com\/ELLEbelgium\/\" \/>\n<meta property=\"article:published_time\" content=\"2018-10-31T09:00:52+00:00\" \/>\n<meta property=\"og:image\" content=\"https:\/\/www.elle.be\/fr\/wp-content\/uploads\/2018\/10\/dior-halloween-maquillage.jpg\" \/>\n\t<meta property=\"og:image:width\" content=\"1200\" \/>\n\t<meta property=\"og:image:height\" content=\"628\" \/>\n\t<meta property=\"og:image:type\" content=\"image\/jpeg\" \/>\n<meta name=\"author\" content=\"Malvine Sevrin\" \/>\n<meta name=\"twitter:card\" content=\"summary_large_image\" \/>\n<meta name=\"twitter:creator\" content=\"@ELLEBelgique\" \/>\n<meta name=\"twitter:site\" content=\"@ELLEBelgique\" \/>\n<meta name=\"twitter:label1\" content=\"\u00c9crit par\" \/>\n\t<meta name=\"twitter:data1\" content=\"Malvine Sevrin\" \/>\n\t<meta name=\"twitter:label2\" content=\"Dur\u00e9e de lecture estim\u00e9e\" \/>\n\t<meta name=\"twitter:data2\" content=\"1 minute\" \/>\n<script type=\"application\/ld+json\" class=\"yoast-schema-graph\">{\"@context\":\"https:\\\/\\\/schema.org\",\"@graph\":[{\"@type\":\"NewsArticle\",\"@id\":\"https:\\\/\\\/www.elle.be\\\/fr\\\/237743-dior-maquillage-halloween.html#article\",\"isPartOf\":{\"@id\":\"https:\\\/\\\/www.elle.be\\\/fr\\\/237743-dior-maquillage-halloween.html\"},\"author\":{\"name\":\"Malvine Sevrin\",\"@id\":\"https:\\\/\\\/www.elle.be\\\/fr\\\/#\\\/schema\\\/person\\\/4412c14bf9f6d0fb324537727e1e75b8\"},\"headline\":\"Dior imagine un maquillage dark mais glamour pour Halloween\",\"datePublished\":\"2018-10-31T09:00:52+00:00\",\"mainEntityOfPage\":{\"@id\":\"https:\\\/\\\/www.elle.be\\\/fr\\\/237743-dior-maquillage-halloween.html\"},\"wordCount\":129,\"publisher\":{\"@id\":\"https:\\\/\\\/www.elle.be\\\/fr\\\/#organization\"},\"image\":{\"@id\":\"https:\\\/\\\/www.elle.be\\\/fr\\\/237743-dior-maquillage-halloween.html#primaryimage\"},\"thumbnailUrl\":\"https:\\\/\\\/www.elle.be\\\/fr\\\/wp-content\\\/uploads\\\/2018\\\/10\\\/dior-halloween-maquillage.jpg\",\"keywords\":[\"maquillage\",\"beaut\u00e9\",\"dior\"],\"articleSection\":[\"Beaut\u00e9\",\"Make-Up\"],\"inLanguage\":\"fr-FR\"},{\"@type\":\"WebPage\",\"@id\":\"https:\\\/\\\/www.elle.be\\\/fr\\\/237743-dior-maquillage-halloween.html\",\"url\":\"https:\\\/\\\/www.elle.be\\\/fr\\\/237743-dior-maquillage-halloween.html\",\"name\":\"Dior imagine un maquillage dark mais glamour pour Halloween - ELLE.be\",\"isPartOf\":{\"@id\":\"https:\\\/\\\/www.elle.be\\\/fr\\\/#website\"},\"primaryImageOfPage\":{\"@id\":\"https:\\\/\\\/www.elle.be\\\/fr\\\/237743-dior-maquillage-halloween.html#primaryimage\"},\"image\":{\"@id\":\"https:\\\/\\\/www.elle.be\\\/fr\\\/237743-dior-maquillage-halloween.html#primaryimage\"},\"thumbnailUrl\":\"https:\\\/\\\/www.elle.be\\\/fr\\\/wp-content\\\/uploads\\\/2018\\\/10\\\/dior-halloween-maquillage.jpg\",\"datePublished\":\"2018-10-31T09:00:52+00:00\",\"description\":\"C'est devenu une tradition: \u00e0 l'approche d'Halloween, Dior d\u00e9voile trois beauty looks aussi fascinants qu'inqui\u00e9tants pour \u00eatre terriblement belle le soir \u00c0 l'approche Halloween, Dior d\u00e9voile trois looks aussi fascinants qu'inqui\u00e9tants pour \u00eatre terriblement belle le soir du 31 octobre.\u00a0\",\"breadcrumb\":{\"@id\":\"https:\\\/\\\/www.elle.be\\\/fr\\\/237743-dior-maquillage-halloween.html#breadcrumb\"},\"inLanguage\":\"fr-FR\",\"potentialAction\":[{\"@type\":\"ReadAction\",\"target\":[\"https:\\\/\\\/www.elle.be\\\/fr\\\/237743-dior-maquillage-halloween.html\"]}]},{\"@type\":\"ImageObject\",\"inLanguage\":\"fr-FR\",\"@id\":\"https:\\\/\\\/www.elle.be\\\/fr\\\/237743-dior-maquillage-halloween.html#primaryimage\",\"url\":\"https:\\\/\\\/www.elle.be\\\/fr\\\/wp-content\\\/uploads\\\/2018\\\/10\\\/dior-halloween-maquillage.jpg\",\"contentUrl\":\"https:\\\/\\\/www.elle.be\\\/fr\\\/wp-content\\\/uploads\\\/2018\\\/10\\\/dior-halloween-maquillage.jpg\",\"width\":1200,\"height\":628,\"caption\":\"Dior halloween maquillage\"},{\"@type\":\"BreadcrumbList\",\"@id\":\"https:\\\/\\\/www.elle.be\\\/fr\\\/237743-dior-maquillage-halloween.html#breadcrumb\",\"itemListElement\":[{\"@type\":\"ListItem\",\"position\":1,\"name\":\"FR\",\"item\":\"https:\\\/\\\/www.elle.be\\\/fr\"},{\"@type\":\"ListItem\",\"position\":2,\"name\":\"Beaut\u00e9\",\"item\":\"https:\\\/\\\/www.elle.be\\\/fr\\\/beaute\"},{\"@type\":\"ListItem\",\"position\":3,\"name\":\"Dior imagine un maquillage dark mais glamour pour Halloween\"}]},{\"@type\":\"WebSite\",\"@id\":\"https:\\\/\\\/www.elle.be\\\/fr\\\/#website\",\"url\":\"https:\\\/\\\/www.elle.be\\\/fr\\\/\",\"name\":\"ELLE.be\",\"description\":\"Toutes les infos mode, beaut\u00e9 et lifestyle les plus pointues ainsi qu&#039;un contenu 100% belge d\u00e9clin\u00e9 \u00e0 360\u00b0sur le site ELLE.be, nos r\u00e9seaux sociaux et notre cha\u00eene Youtube.\",\"publisher\":{\"@id\":\"https:\\\/\\\/www.elle.be\\\/fr\\\/#organization\"},\"potentialAction\":[{\"@type\":\"SearchAction\",\"target\":{\"@type\":\"EntryPoint\",\"urlTemplate\":\"https:\\\/\\\/www.elle.be\\\/fr\\\/?s={search_term_string}\"},\"query-input\":{\"@type\":\"PropertyValueSpecification\",\"valueRequired\":true,\"valueName\":\"search_term_string\"}}],\"inLanguage\":\"fr-FR\"},{\"@type\":\"Organization\",\"@id\":\"https:\\\/\\\/www.elle.be\\\/fr\\\/#organization\",\"name\":\"ELLE Belgique\",\"url\":\"https:\\\/\\\/www.elle.be\\\/fr\\\/\",\"logo\":{\"@type\":\"ImageObject\",\"inLanguage\":\"fr-FR\",\"@id\":\"https:\\\/\\\/www.elle.be\\\/fr\\\/#\\\/schema\\\/logo\\\/image\\\/\",\"url\":\"https:\\\/\\\/www.elle.be\\\/fr\\\/wp-content\\\/uploads\\\/2017\\\/03\\\/elle-icon-200px.jpeg\",\"contentUrl\":\"https:\\\/\\\/www.elle.be\\\/fr\\\/wp-content\\\/uploads\\\/2017\\\/03\\\/elle-icon-200px.jpeg\",\"width\":200,\"height\":200,\"caption\":\"ELLE Belgique\"},\"image\":{\"@id\":\"https:\\\/\\\/www.elle.be\\\/fr\\\/#\\\/schema\\\/logo\\\/image\\\/\"},\"sameAs\":[\"https:\\\/\\\/www.facebook.com\\\/ELLEbelgium\\\/\",\"https:\\\/\\\/x.com\\\/ELLEBelgique\",\"http:\\\/\\\/instagram.com\\\/ellebelgique\\\/\",\"https:\\\/\\\/www.pinterest.com\\\/ellebelgique\\\/\",\"https:\\\/\\\/www.youtube.com\\\/user\\\/ELLEbelgique1\"]},{\"@type\":\"Person\",\"@id\":\"https:\\\/\\\/www.elle.be\\\/fr\\\/#\\\/schema\\\/person\\\/4412c14bf9f6d0fb324537727e1e75b8\",\"name\":\"Malvine Sevrin\",\"image\":{\"@type\":\"ImageObject\",\"inLanguage\":\"fr-FR\",\"@id\":\"https:\\\/\\\/www.elle.be\\\/fr\\\/wp-content\\\/uploads\\\/2017\\\/08\\\/malvine_sevrin-96x96.jpg\",\"url\":\"https:\\\/\\\/www.elle.be\\\/fr\\\/wp-content\\\/uploads\\\/2017\\\/08\\\/malvine_sevrin-96x96.jpg\",\"contentUrl\":\"https:\\\/\\\/www.elle.be\\\/fr\\\/wp-content\\\/uploads\\\/2017\\\/08\\\/malvine_sevrin-96x96.jpg\",\"caption\":\"Malvine Sevrin\"},\"description\":\"Amoureuse de voyages, obs\u00e9d\u00e9e par la mode et accro aux r\u00e9seaux sociaux. Livr\u00e9e avec une bonne dose de #GirlPower.\",\"sameAs\":[\"https:\\\/\\\/www.instagram.com\\\/malvinesev\\\/\"],\"url\":\"https:\\\/\\\/www.elle.be\\\/fr\\\/author\\\/malvine\"}]}<\/script>\n<!-- \/ Yoast SEO plugin. -->","yoast_head_json":{"title":"Dior imagine un maquillage dark mais glamour pour Halloween - ELLE.be","description":"C'est devenu une tradition: \u00e0 l'approche d'Halloween, Dior d\u00e9voile trois beauty looks aussi fascinants qu'inqui\u00e9tants pour \u00eatre terriblement belle le soir \u00c0 l'approche Halloween, Dior d\u00e9voile trois looks aussi fascinants qu'inqui\u00e9tants pour \u00eatre terriblement belle le soir du 31 octobre.\u00a0","robots":{"index":"index","follow":"follow","max-snippet":"max-snippet:-1","max-image-preview":"max-image-preview:large","max-video-preview":"max-video-preview:-1"},"canonical":"https:\/\/www.elle.be\/fr\/237743-dior-maquillage-halloween.html","og_locale":"fr_FR","og_type":"article","og_title":"Dior imagine un maquillage dark mais glamour pour Halloween - ELLE.be","og_description":"C'est devenu une tradition: \u00e0 l'approche d'Halloween, Dior d\u00e9voile trois beauty looks aussi fascinants qu'inqui\u00e9tants pour \u00eatre terriblement belle le soir \u00c0 l'approche Halloween, Dior d\u00e9voile trois looks aussi fascinants qu'inqui\u00e9tants pour \u00eatre terriblement belle le soir du 31 octobre.\u00a0","og_url":"https:\/\/www.elle.be\/fr\/237743-dior-maquillage-halloween.html","og_site_name":"ELLE.be","article_publisher":"https:\/\/www.facebook.com\/ELLEbelgium\/","article_published_time":"2018-10-31T09:00:52+00:00","og_image":[{"width":1200,"height":628,"url":"https:\/\/www.elle.be\/fr\/wp-content\/uploads\/2018\/10\/dior-halloween-maquillage.jpg","type":"image\/jpeg"}],"author":"Malvine Sevrin","twitter_card":"summary_large_image","twitter_creator":"@ELLEBelgique","twitter_site":"@ELLEBelgique","twitter_misc":{"\u00c9crit par":"Malvine Sevrin","Dur\u00e9e de lecture estim\u00e9e":"1 minute"},"schema":{"@context":"https:\/\/schema.org","@graph":[{"@type":"NewsArticle","@id":"https:\/\/www.elle.be\/fr\/237743-dior-maquillage-halloween.html#article","isPartOf":{"@id":"https:\/\/www.elle.be\/fr\/237743-dior-maquillage-halloween.html"},"author":{"name":"Malvine Sevrin","@id":"https:\/\/www.elle.be\/fr\/#\/schema\/person\/4412c14bf9f6d0fb324537727e1e75b8"},"headline":"Dior imagine un maquillage dark mais glamour pour Halloween","datePublished":"2018-10-31T09:00:52+00:00","mainEntityOfPage":{"@id":"https:\/\/www.elle.be\/fr\/237743-dior-maquillage-halloween.html"},"wordCount":129,"publisher":{"@id":"https:\/\/www.elle.be\/fr\/#organization"},"image":{"@id":"https:\/\/www.elle.be\/fr\/237743-dior-maquillage-halloween.html#primaryimage"},"thumbnailUrl":"https:\/\/www.elle.be\/fr\/wp-content\/uploads\/2018\/10\/dior-halloween-maquillage.jpg","keywords":["maquillage","beaut\u00e9","dior"],"articleSection":["Beaut\u00e9","Make-Up"],"inLanguage":"fr-FR"},{"@type":"WebPage","@id":"https:\/\/www.elle.be\/fr\/237743-dior-maquillage-halloween.html","url":"https:\/\/www.elle.be\/fr\/237743-dior-maquillage-halloween.html","name":"Dior imagine un maquillage dark mais glamour pour Halloween - ELLE.be","isPartOf":{"@id":"https:\/\/www.elle.be\/fr\/#website"},"primaryImageOfPage":{"@id":"https:\/\/www.elle.be\/fr\/237743-dior-maquillage-halloween.html#primaryimage"},"image":{"@id":"https:\/\/www.elle.be\/fr\/237743-dior-maquillage-halloween.html#primaryimage"},"thumbnailUrl":"https:\/\/www.elle.be\/fr\/wp-content\/uploads\/2018\/10\/dior-halloween-maquillage.jpg","datePublished":"2018-10-31T09:00:52+00:00","description":"C'est devenu une tradition: \u00e0 l'approche d'Halloween, Dior d\u00e9voile trois beauty looks aussi fascinants qu'inqui\u00e9tants pour \u00eatre terriblement belle le soir \u00c0 l'approche Halloween, Dior d\u00e9voile trois looks aussi fascinants qu'inqui\u00e9tants pour \u00eatre terriblement belle le soir du 31 octobre.\u00a0","breadcrumb":{"@id":"https:\/\/www.elle.be\/fr\/237743-dior-maquillage-halloween.html#breadcrumb"},"inLanguage":"fr-FR","potentialAction":[{"@type":"ReadAction","target":["https:\/\/www.elle.be\/fr\/237743-dior-maquillage-halloween.html"]}]},{"@type":"ImageObject","inLanguage":"fr-FR","@id":"https:\/\/www.elle.be\/fr\/237743-dior-maquillage-halloween.html#primaryimage","url":"https:\/\/www.elle.be\/fr\/wp-content\/uploads\/2018\/10\/dior-halloween-maquillage.jpg","contentUrl":"https:\/\/www.elle.be\/fr\/wp-content\/uploads\/2018\/10\/dior-halloween-maquillage.jpg","width":1200,"height":628,"caption":"Dior halloween maquillage"},{"@type":"BreadcrumbList","@id":"https:\/\/www.elle.be\/fr\/237743-dior-maquillage-halloween.html#breadcrumb","itemListElement":[{"@type":"ListItem","position":1,"name":"FR","item":"https:\/\/www.elle.be\/fr"},{"@type":"ListItem","position":2,"name":"Beaut\u00e9","item":"https:\/\/www.elle.be\/fr\/beaute"},{"@type":"ListItem","position":3,"name":"Dior imagine un maquillage dark mais glamour pour Halloween"}]},{"@type":"WebSite","@id":"https:\/\/www.elle.be\/fr\/#website","url":"https:\/\/www.elle.be\/fr\/","name":"ELLE.be","description":"Toutes les infos mode, beaut\u00e9 et lifestyle les plus pointues ainsi qu&#039;un contenu 100% belge d\u00e9clin\u00e9 \u00e0 360\u00b0sur le site ELLE.be, nos r\u00e9seaux sociaux et notre cha\u00eene Youtube.","publisher":{"@id":"https:\/\/www.elle.be\/fr\/#organization"},"potentialAction":[{"@type":"SearchAction","target":{"@type":"EntryPoint","urlTemplate":"https:\/\/www.elle.be\/fr\/?s={search_term_string}"},"query-input":{"@type":"PropertyValueSpecification","valueRequired":true,"valueName":"search_term_string"}}],"inLanguage":"fr-FR"},{"@type":"Organization","@id":"https:\/\/www.elle.be\/fr\/#organization","name":"ELLE Belgique","url":"https:\/\/www.elle.be\/fr\/","logo":{"@type":"ImageObject","inLanguage":"fr-FR","@id":"https:\/\/www.elle.be\/fr\/#\/schema\/logo\/image\/","url":"https:\/\/www.elle.be\/fr\/wp-content\/uploads\/2017\/03\/elle-icon-200px.jpeg","contentUrl":"https:\/\/www.elle.be\/fr\/wp-content\/uploads\/2017\/03\/elle-icon-200px.jpeg","width":200,"height":200,"caption":"ELLE Belgique"},"image":{"@id":"https:\/\/www.elle.be\/fr\/#\/schema\/logo\/image\/"},"sameAs":["https:\/\/www.facebook.com\/ELLEbelgium\/","https:\/\/x.com\/ELLEBelgique","http:\/\/instagram.com\/ellebelgique\/","https:\/\/www.pinterest.com\/ellebelgique\/","https:\/\/www.youtube.com\/user\/ELLEbelgique1"]},{"@type":"Person","@id":"https:\/\/www.elle.be\/fr\/#\/schema\/person\/4412c14bf9f6d0fb324537727e1e75b8","name":"Malvine Sevrin","image":{"@type":"ImageObject","inLanguage":"fr-FR","@id":"https:\/\/www.elle.be\/fr\/wp-content\/uploads\/2017\/08\/malvine_sevrin-96x96.jpg","url":"https:\/\/www.elle.be\/fr\/wp-content\/uploads\/2017\/08\/malvine_sevrin-96x96.jpg","contentUrl":"https:\/\/www.elle.be\/fr\/wp-content\/uploads\/2017\/08\/malvine_sevrin-96x96.jpg","caption":"Malvine Sevrin"},"description":"Amoureuse de voyages, obs\u00e9d\u00e9e par la mode et accro aux r\u00e9seaux sociaux. Livr\u00e9e avec une bonne dose de #GirlPower.","sameAs":["https:\/\/www.instagram.com\/malvinesev\/"],"url":"https:\/\/www.elle.be\/fr\/author\/malvine"}]}},"_links":{"self":[{"href":"https:\/\/www.elle.be\/fr\/wp-json\/wp\/v2\/posts\/237743","targetHints":{"allow":["GET"]}}],"collection":[{"href":"https:\/\/www.elle.be\/fr\/wp-json\/wp\/v2\/posts"}],"about":[{"href":"https:\/\/www.elle.be\/fr\/wp-json\/wp\/v2\/types\/post"}],"author":[{"embeddable":true,"href":"https:\/\/www.elle.be\/fr\/wp-json\/wp\/v2\/users\/65"}],"replies":[{"embeddable":true,"href":"https:\/\/www.elle.be\/fr\/wp-json\/wp\/v2\/comments?post=237743"}],"version-history":[{"count":11,"href":"https:\/\/www.elle.be\/fr\/wp-json\/wp\/v2\/posts\/237743\/revisions"}],"predecessor-version":[{"id":237960,"href":"https:\/\/www.elle.be\/fr\/wp-json\/wp\/v2\/posts\/237743\/revisions\/237960"}],"wp:featuredmedia":[{"embeddable":true,"href":"https:\/\/www.elle.be\/fr\/wp-json\/wp\/v2\/media\/237918"}],"wp:attachment":[{"href":"https:\/\/www.elle.be\/fr\/wp-json\/wp\/v2\/media?parent=237743"}],"wp:term":[{"taxonomy":"category","embeddable":true,"href":"https:\/\/www.elle.be\/fr\/wp-json\/wp\/v2\/categories?post=237743"},{"taxonomy":"post_tag","embeddable":true,"href":"https:\/\/www.elle.be\/fr\/wp-json\/wp\/v2\/tags?post=237743"}],"curies":[{"name":"wp","href":"https:\/\/api.w.org\/{rel}","templated":true}]}}