{"id":234698,"date":"2018-09-28T07:00:38","date_gmt":"2018-09-28T05:00:38","guid":{"rendered":"http:\/\/www.elle.be\/fr\/?p=234698"},"modified":"2018-09-27T17:15:59","modified_gmt":"2018-09-27T15:15:59","slug":"avortement-en-belgique-pourquoi-il-faut-continuer-a-se-battre","status":"publish","type":"post","link":"https:\/\/www.elle.be\/fr\/234698-avortement-en-belgique-pourquoi-il-faut-continuer-a-se-battre.html","title":{"rendered":"Avortement en Belgique: pourquoi il faut continuer \u00e0 se battre?"},"content":{"rendered":"","protected":false},"excerpt":{"rendered":"Oui, la proposition de loi sortant l\u2019IVG du Code p\u00e9nal a \u00e9t\u00e9 approuv\u00e9e par la Commission Justice de la Chambre mais le contenu est loin d\u2019\u00eatre satisfaisant\u2026 On en est o\u00f9\u00a0? Pourquoi il faut aller plus loin\u00a0? On vous dit tout.","protected":false},"author":46,"featured_media":234716,"comment_status":"closed","ping_status":"closed","sticky":false,"template":"","format":"standard","meta":{"_acf_changed":false,"footnotes":""},"categories":[1186,2220],"tags":[223,403],"class_list":["post-234698","post","type-post","status-publish","format-standard","has-post-thumbnail","hentry","category-actu","category-societe","tag-societe","tag-feminisme"],"acf":[],"image_verticale":"234717","_yoast_wpseo_title":null,"_yoast_wpseo_metadesc":null,"_yoast_wpseo_focuskw_text_input":null,"_yoast_wpseo_opengraph-title":null,"yoast_head":"<!-- This site is optimized with the Yoast SEO plugin v27.4 - https:\/\/yoast.com\/product\/yoast-seo-wordpress\/ -->\n<title>Avortement en Belgique: pourquoi il faut continuer \u00e0 se battre? - ELLE.be<\/title>\n<meta name=\"description\" content=\"Oui, la proposition de loi sortant l\u2019IVG du Code p\u00e9nal a \u00e9t\u00e9 approuv\u00e9e par la Commission Justice de la Chambre mais le contenu est loin d\u2019\u00eatre\" \/>\n<meta name=\"robots\" content=\"index, follow, max-snippet:-1, max-image-preview:large, max-video-preview:-1\" \/>\n<link rel=\"canonical\" href=\"https:\/\/www.elle.be\/fr\/234698-avortement-en-belgique-pourquoi-il-faut-continuer-a-se-battre.html\" \/>\n<meta property=\"og:locale\" content=\"fr_FR\" \/>\n<meta property=\"og:type\" content=\"article\" \/>\n<meta property=\"og:title\" content=\"Avortement en Belgique: pourquoi il faut continuer \u00e0 se battre? - ELLE.be\" \/>\n<meta property=\"og:description\" content=\"Oui, la proposition de loi sortant l\u2019IVG du Code p\u00e9nal a \u00e9t\u00e9 approuv\u00e9e par la Commission Justice de la Chambre mais le contenu est loin d\u2019\u00eatre\" \/>\n<meta property=\"og:url\" content=\"https:\/\/www.elle.be\/fr\/234698-avortement-en-belgique-pourquoi-il-faut-continuer-a-se-battre.html\" \/>\n<meta property=\"og:site_name\" content=\"ELLE.be\" \/>\n<meta property=\"article:publisher\" content=\"https:\/\/www.facebook.com\/ELLEbelgium\/\" \/>\n<meta property=\"article:published_time\" content=\"2018-09-28T05:00:38+00:00\" \/>\n<meta property=\"og:image\" content=\"https:\/\/www.elle.be\/fr\/wp-content\/uploads\/2018\/09\/avortement3.jpg\" \/>\n\t<meta property=\"og:image:width\" content=\"1200\" \/>\n\t<meta property=\"og:image:height\" content=\"628\" \/>\n\t<meta property=\"og:image:type\" content=\"image\/jpeg\" \/>\n<meta name=\"author\" content=\"Laurence Donis\" \/>\n<meta name=\"twitter:card\" content=\"summary_large_image\" \/>\n<meta name=\"twitter:creator\" content=\"@DonisLaurence\" \/>\n<meta name=\"twitter:site\" content=\"@ELLEBelgique\" \/>\n<meta name=\"twitter:label1\" content=\"\u00c9crit par\" \/>\n\t<meta name=\"twitter:data1\" content=\"Laurence Donis\" \/>\n\t<meta name=\"twitter:label2\" content=\"Dur\u00e9e de lecture estim\u00e9e\" \/>\n\t<meta name=\"twitter:data2\" content=\"2 minutes\" \/>\n<script type=\"application\/ld+json\" class=\"yoast-schema-graph\">{\"@context\":\"https:\\\/\\\/schema.org\",\"@graph\":[{\"@type\":\"NewsArticle\",\"@id\":\"https:\\\/\\\/www.elle.be\\\/fr\\\/234698-avortement-en-belgique-pourquoi-il-faut-continuer-a-se-battre.html#article\",\"isPartOf\":{\"@id\":\"https:\\\/\\\/www.elle.be\\\/fr\\\/234698-avortement-en-belgique-pourquoi-il-faut-continuer-a-se-battre.html\"},\"author\":{\"name\":\"Laurence Donis\",\"@id\":\"https:\\\/\\\/www.elle.be\\\/fr\\\/#\\\/schema\\\/person\\\/517177ad0a70e8c475948fa3169deacd\"},\"headline\":\"Avortement en Belgique: pourquoi il faut continuer \u00e0 se battre?\",\"datePublished\":\"2018-09-28T05:00:38+00:00\",\"mainEntityOfPage\":{\"@id\":\"https:\\\/\\\/www.elle.be\\\/fr\\\/234698-avortement-en-belgique-pourquoi-il-faut-continuer-a-se-battre.html\"},\"wordCount\":415,\"publisher\":{\"@id\":\"https:\\\/\\\/www.elle.be\\\/fr\\\/#organization\"},\"image\":{\"@id\":\"https:\\\/\\\/www.elle.be\\\/fr\\\/234698-avortement-en-belgique-pourquoi-il-faut-continuer-a-se-battre.html#primaryimage\"},\"thumbnailUrl\":\"https:\\\/\\\/www.elle.be\\\/fr\\\/wp-content\\\/uploads\\\/2018\\\/09\\\/avortement3.jpg\",\"keywords\":[\"soci\u00e9t\u00e9\",\"f\u00e9minisme\"],\"articleSection\":[\"Actu\",\"Soci\u00e9t\u00e9\"],\"inLanguage\":\"fr-FR\"},{\"@type\":\"WebPage\",\"@id\":\"https:\\\/\\\/www.elle.be\\\/fr\\\/234698-avortement-en-belgique-pourquoi-il-faut-continuer-a-se-battre.html\",\"url\":\"https:\\\/\\\/www.elle.be\\\/fr\\\/234698-avortement-en-belgique-pourquoi-il-faut-continuer-a-se-battre.html\",\"name\":\"Avortement en Belgique: pourquoi il faut continuer \u00e0 se battre? - ELLE.be\",\"isPartOf\":{\"@id\":\"https:\\\/\\\/www.elle.be\\\/fr\\\/#website\"},\"primaryImageOfPage\":{\"@id\":\"https:\\\/\\\/www.elle.be\\\/fr\\\/234698-avortement-en-belgique-pourquoi-il-faut-continuer-a-se-battre.html#primaryimage\"},\"image\":{\"@id\":\"https:\\\/\\\/www.elle.be\\\/fr\\\/234698-avortement-en-belgique-pourquoi-il-faut-continuer-a-se-battre.html#primaryimage\"},\"thumbnailUrl\":\"https:\\\/\\\/www.elle.be\\\/fr\\\/wp-content\\\/uploads\\\/2018\\\/09\\\/avortement3.jpg\",\"datePublished\":\"2018-09-28T05:00:38+00:00\",\"description\":\"Oui, la proposition de loi sortant l\u2019IVG du Code p\u00e9nal a \u00e9t\u00e9 approuv\u00e9e par la Commission Justice de la Chambre mais le contenu est loin d\u2019\u00eatre\",\"breadcrumb\":{\"@id\":\"https:\\\/\\\/www.elle.be\\\/fr\\\/234698-avortement-en-belgique-pourquoi-il-faut-continuer-a-se-battre.html#breadcrumb\"},\"inLanguage\":\"fr-FR\",\"potentialAction\":[{\"@type\":\"ReadAction\",\"target\":[\"https:\\\/\\\/www.elle.be\\\/fr\\\/234698-avortement-en-belgique-pourquoi-il-faut-continuer-a-se-battre.html\"]}]},{\"@type\":\"ImageObject\",\"inLanguage\":\"fr-FR\",\"@id\":\"https:\\\/\\\/www.elle.be\\\/fr\\\/234698-avortement-en-belgique-pourquoi-il-faut-continuer-a-se-battre.html#primaryimage\",\"url\":\"https:\\\/\\\/www.elle.be\\\/fr\\\/wp-content\\\/uploads\\\/2018\\\/09\\\/avortement3.jpg\",\"contentUrl\":\"https:\\\/\\\/www.elle.be\\\/fr\\\/wp-content\\\/uploads\\\/2018\\\/09\\\/avortement3.jpg\",\"width\":1200,\"height\":628,\"caption\":\"avortement\"},{\"@type\":\"BreadcrumbList\",\"@id\":\"https:\\\/\\\/www.elle.be\\\/fr\\\/234698-avortement-en-belgique-pourquoi-il-faut-continuer-a-se-battre.html#breadcrumb\",\"itemListElement\":[{\"@type\":\"ListItem\",\"position\":1,\"name\":\"FR\",\"item\":\"https:\\\/\\\/www.elle.be\\\/fr\"},{\"@type\":\"ListItem\",\"position\":2,\"name\":\"Actu\",\"item\":\"https:\\\/\\\/www.elle.be\\\/fr\\\/actu\"},{\"@type\":\"ListItem\",\"position\":3,\"name\":\"Avortement en Belgique: pourquoi il faut continuer \u00e0 se battre?\"}]},{\"@type\":\"WebSite\",\"@id\":\"https:\\\/\\\/www.elle.be\\\/fr\\\/#website\",\"url\":\"https:\\\/\\\/www.elle.be\\\/fr\\\/\",\"name\":\"ELLE.be\",\"description\":\"Toutes les infos mode, beaut\u00e9 et lifestyle les plus pointues ainsi qu&#039;un contenu 100% belge d\u00e9clin\u00e9 \u00e0 360\u00b0sur le site ELLE.be, nos r\u00e9seaux sociaux et notre cha\u00eene Youtube.\",\"publisher\":{\"@id\":\"https:\\\/\\\/www.elle.be\\\/fr\\\/#organization\"},\"potentialAction\":[{\"@type\":\"SearchAction\",\"target\":{\"@type\":\"EntryPoint\",\"urlTemplate\":\"https:\\\/\\\/www.elle.be\\\/fr\\\/?s={search_term_string}\"},\"query-input\":{\"@type\":\"PropertyValueSpecification\",\"valueRequired\":true,\"valueName\":\"search_term_string\"}}],\"inLanguage\":\"fr-FR\"},{\"@type\":\"Organization\",\"@id\":\"https:\\\/\\\/www.elle.be\\\/fr\\\/#organization\",\"name\":\"ELLE Belgique\",\"url\":\"https:\\\/\\\/www.elle.be\\\/fr\\\/\",\"logo\":{\"@type\":\"ImageObject\",\"inLanguage\":\"fr-FR\",\"@id\":\"https:\\\/\\\/www.elle.be\\\/fr\\\/#\\\/schema\\\/logo\\\/image\\\/\",\"url\":\"https:\\\/\\\/www.elle.be\\\/fr\\\/wp-content\\\/uploads\\\/2017\\\/03\\\/elle-icon-200px.jpeg\",\"contentUrl\":\"https:\\\/\\\/www.elle.be\\\/fr\\\/wp-content\\\/uploads\\\/2017\\\/03\\\/elle-icon-200px.jpeg\",\"width\":200,\"height\":200,\"caption\":\"ELLE Belgique\"},\"image\":{\"@id\":\"https:\\\/\\\/www.elle.be\\\/fr\\\/#\\\/schema\\\/logo\\\/image\\\/\"},\"sameAs\":[\"https:\\\/\\\/www.facebook.com\\\/ELLEbelgium\\\/\",\"https:\\\/\\\/x.com\\\/ELLEBelgique\",\"http:\\\/\\\/instagram.com\\\/ellebelgique\\\/\",\"https:\\\/\\\/www.pinterest.com\\\/ellebelgique\\\/\",\"https:\\\/\\\/www.youtube.com\\\/user\\\/ELLEbelgique1\"]},{\"@type\":\"Person\",\"@id\":\"https:\\\/\\\/www.elle.be\\\/fr\\\/#\\\/schema\\\/person\\\/517177ad0a70e8c475948fa3169deacd\",\"name\":\"Laurence Donis\",\"image\":{\"@type\":\"ImageObject\",\"inLanguage\":\"fr-FR\",\"@id\":\"https:\\\/\\\/www.elle.be\\\/fr\\\/wp-content\\\/uploads\\\/2017\\\/03\\\/moii-96x96.jpg\",\"url\":\"https:\\\/\\\/www.elle.be\\\/fr\\\/wp-content\\\/uploads\\\/2017\\\/03\\\/moii-96x96.jpg\",\"contentUrl\":\"https:\\\/\\\/www.elle.be\\\/fr\\\/wp-content\\\/uploads\\\/2017\\\/03\\\/moii-96x96.jpg\",\"caption\":\"Laurence Donis\"},\"description\":\"Convaincue que le f\u00e9minisme n'est pas un gros mot (ou un combat d\u00e9pass\u00e9) mais que l'on peut aussi en parler d'une mani\u00e8re moderne, fun et d\u00e9cal\u00e9e. Gourmande inv\u00e9t\u00e9r\u00e9e, elle reste aussi \u00e0 l'aff\u00fbt des bons plans food toute l'ann\u00e9e.\",\"sameAs\":[\"https:\\\/\\\/www.instagram.com\\\/laurence.donis\\\/\",\"https:\\\/\\\/x.com\\\/DonisLaurence\"],\"url\":\"https:\\\/\\\/www.elle.be\\\/fr\\\/author\\\/laurenced\"}]}<\/script>\n<!-- \/ Yoast SEO plugin. -->","yoast_head_json":{"title":"Avortement en Belgique: pourquoi il faut continuer \u00e0 se battre? - ELLE.be","description":"Oui, la proposition de loi sortant l\u2019IVG du Code p\u00e9nal a \u00e9t\u00e9 approuv\u00e9e par la Commission Justice de la Chambre mais le contenu est loin d\u2019\u00eatre","robots":{"index":"index","follow":"follow","max-snippet":"max-snippet:-1","max-image-preview":"max-image-preview:large","max-video-preview":"max-video-preview:-1"},"canonical":"https:\/\/www.elle.be\/fr\/234698-avortement-en-belgique-pourquoi-il-faut-continuer-a-se-battre.html","og_locale":"fr_FR","og_type":"article","og_title":"Avortement en Belgique: pourquoi il faut continuer \u00e0 se battre? - ELLE.be","og_description":"Oui, la proposition de loi sortant l\u2019IVG du Code p\u00e9nal a \u00e9t\u00e9 approuv\u00e9e par la Commission Justice de la Chambre mais le contenu est loin d\u2019\u00eatre","og_url":"https:\/\/www.elle.be\/fr\/234698-avortement-en-belgique-pourquoi-il-faut-continuer-a-se-battre.html","og_site_name":"ELLE.be","article_publisher":"https:\/\/www.facebook.com\/ELLEbelgium\/","article_published_time":"2018-09-28T05:00:38+00:00","og_image":[{"width":1200,"height":628,"url":"https:\/\/www.elle.be\/fr\/wp-content\/uploads\/2018\/09\/avortement3.jpg","type":"image\/jpeg"}],"author":"Laurence Donis","twitter_card":"summary_large_image","twitter_creator":"@DonisLaurence","twitter_site":"@ELLEBelgique","twitter_misc":{"\u00c9crit par":"Laurence Donis","Dur\u00e9e de lecture estim\u00e9e":"2 minutes"},"schema":{"@context":"https:\/\/schema.org","@graph":[{"@type":"NewsArticle","@id":"https:\/\/www.elle.be\/fr\/234698-avortement-en-belgique-pourquoi-il-faut-continuer-a-se-battre.html#article","isPartOf":{"@id":"https:\/\/www.elle.be\/fr\/234698-avortement-en-belgique-pourquoi-il-faut-continuer-a-se-battre.html"},"author":{"name":"Laurence Donis","@id":"https:\/\/www.elle.be\/fr\/#\/schema\/person\/517177ad0a70e8c475948fa3169deacd"},"headline":"Avortement en Belgique: pourquoi il faut continuer \u00e0 se battre?","datePublished":"2018-09-28T05:00:38+00:00","mainEntityOfPage":{"@id":"https:\/\/www.elle.be\/fr\/234698-avortement-en-belgique-pourquoi-il-faut-continuer-a-se-battre.html"},"wordCount":415,"publisher":{"@id":"https:\/\/www.elle.be\/fr\/#organization"},"image":{"@id":"https:\/\/www.elle.be\/fr\/234698-avortement-en-belgique-pourquoi-il-faut-continuer-a-se-battre.html#primaryimage"},"thumbnailUrl":"https:\/\/www.elle.be\/fr\/wp-content\/uploads\/2018\/09\/avortement3.jpg","keywords":["soci\u00e9t\u00e9","f\u00e9minisme"],"articleSection":["Actu","Soci\u00e9t\u00e9"],"inLanguage":"fr-FR"},{"@type":"WebPage","@id":"https:\/\/www.elle.be\/fr\/234698-avortement-en-belgique-pourquoi-il-faut-continuer-a-se-battre.html","url":"https:\/\/www.elle.be\/fr\/234698-avortement-en-belgique-pourquoi-il-faut-continuer-a-se-battre.html","name":"Avortement en Belgique: pourquoi il faut continuer \u00e0 se battre? - ELLE.be","isPartOf":{"@id":"https:\/\/www.elle.be\/fr\/#website"},"primaryImageOfPage":{"@id":"https:\/\/www.elle.be\/fr\/234698-avortement-en-belgique-pourquoi-il-faut-continuer-a-se-battre.html#primaryimage"},"image":{"@id":"https:\/\/www.elle.be\/fr\/234698-avortement-en-belgique-pourquoi-il-faut-continuer-a-se-battre.html#primaryimage"},"thumbnailUrl":"https:\/\/www.elle.be\/fr\/wp-content\/uploads\/2018\/09\/avortement3.jpg","datePublished":"2018-09-28T05:00:38+00:00","description":"Oui, la proposition de loi sortant l\u2019IVG du Code p\u00e9nal a \u00e9t\u00e9 approuv\u00e9e par la Commission Justice de la Chambre mais le contenu est loin d\u2019\u00eatre","breadcrumb":{"@id":"https:\/\/www.elle.be\/fr\/234698-avortement-en-belgique-pourquoi-il-faut-continuer-a-se-battre.html#breadcrumb"},"inLanguage":"fr-FR","potentialAction":[{"@type":"ReadAction","target":["https:\/\/www.elle.be\/fr\/234698-avortement-en-belgique-pourquoi-il-faut-continuer-a-se-battre.html"]}]},{"@type":"ImageObject","inLanguage":"fr-FR","@id":"https:\/\/www.elle.be\/fr\/234698-avortement-en-belgique-pourquoi-il-faut-continuer-a-se-battre.html#primaryimage","url":"https:\/\/www.elle.be\/fr\/wp-content\/uploads\/2018\/09\/avortement3.jpg","contentUrl":"https:\/\/www.elle.be\/fr\/wp-content\/uploads\/2018\/09\/avortement3.jpg","width":1200,"height":628,"caption":"avortement"},{"@type":"BreadcrumbList","@id":"https:\/\/www.elle.be\/fr\/234698-avortement-en-belgique-pourquoi-il-faut-continuer-a-se-battre.html#breadcrumb","itemListElement":[{"@type":"ListItem","position":1,"name":"FR","item":"https:\/\/www.elle.be\/fr"},{"@type":"ListItem","position":2,"name":"Actu","item":"https:\/\/www.elle.be\/fr\/actu"},{"@type":"ListItem","position":3,"name":"Avortement en Belgique: pourquoi il faut continuer \u00e0 se battre?"}]},{"@type":"WebSite","@id":"https:\/\/www.elle.be\/fr\/#website","url":"https:\/\/www.elle.be\/fr\/","name":"ELLE.be","description":"Toutes les infos mode, beaut\u00e9 et lifestyle les plus pointues ainsi qu&#039;un contenu 100% belge d\u00e9clin\u00e9 \u00e0 360\u00b0sur le site ELLE.be, nos r\u00e9seaux sociaux et notre cha\u00eene Youtube.","publisher":{"@id":"https:\/\/www.elle.be\/fr\/#organization"},"potentialAction":[{"@type":"SearchAction","target":{"@type":"EntryPoint","urlTemplate":"https:\/\/www.elle.be\/fr\/?s={search_term_string}"},"query-input":{"@type":"PropertyValueSpecification","valueRequired":true,"valueName":"search_term_string"}}],"inLanguage":"fr-FR"},{"@type":"Organization","@id":"https:\/\/www.elle.be\/fr\/#organization","name":"ELLE Belgique","url":"https:\/\/www.elle.be\/fr\/","logo":{"@type":"ImageObject","inLanguage":"fr-FR","@id":"https:\/\/www.elle.be\/fr\/#\/schema\/logo\/image\/","url":"https:\/\/www.elle.be\/fr\/wp-content\/uploads\/2017\/03\/elle-icon-200px.jpeg","contentUrl":"https:\/\/www.elle.be\/fr\/wp-content\/uploads\/2017\/03\/elle-icon-200px.jpeg","width":200,"height":200,"caption":"ELLE Belgique"},"image":{"@id":"https:\/\/www.elle.be\/fr\/#\/schema\/logo\/image\/"},"sameAs":["https:\/\/www.facebook.com\/ELLEbelgium\/","https:\/\/x.com\/ELLEBelgique","http:\/\/instagram.com\/ellebelgique\/","https:\/\/www.pinterest.com\/ellebelgique\/","https:\/\/www.youtube.com\/user\/ELLEbelgique1"]},{"@type":"Person","@id":"https:\/\/www.elle.be\/fr\/#\/schema\/person\/517177ad0a70e8c475948fa3169deacd","name":"Laurence Donis","image":{"@type":"ImageObject","inLanguage":"fr-FR","@id":"https:\/\/www.elle.be\/fr\/wp-content\/uploads\/2017\/03\/moii-96x96.jpg","url":"https:\/\/www.elle.be\/fr\/wp-content\/uploads\/2017\/03\/moii-96x96.jpg","contentUrl":"https:\/\/www.elle.be\/fr\/wp-content\/uploads\/2017\/03\/moii-96x96.jpg","caption":"Laurence Donis"},"description":"Convaincue que le f\u00e9minisme n'est pas un gros mot (ou un combat d\u00e9pass\u00e9) mais que l'on peut aussi en parler d'une mani\u00e8re moderne, fun et d\u00e9cal\u00e9e. Gourmande inv\u00e9t\u00e9r\u00e9e, elle reste aussi \u00e0 l'aff\u00fbt des bons plans food toute l'ann\u00e9e.","sameAs":["https:\/\/www.instagram.com\/laurence.donis\/","https:\/\/x.com\/DonisLaurence"],"url":"https:\/\/www.elle.be\/fr\/author\/laurenced"}]}},"_links":{"self":[{"href":"https:\/\/www.elle.be\/fr\/wp-json\/wp\/v2\/posts\/234698","targetHints":{"allow":["GET"]}}],"collection":[{"href":"https:\/\/www.elle.be\/fr\/wp-json\/wp\/v2\/posts"}],"about":[{"href":"https:\/\/www.elle.be\/fr\/wp-json\/wp\/v2\/types\/post"}],"author":[{"embeddable":true,"href":"https:\/\/www.elle.be\/fr\/wp-json\/wp\/v2\/users\/46"}],"replies":[{"embeddable":true,"href":"https:\/\/www.elle.be\/fr\/wp-json\/wp\/v2\/comments?post=234698"}],"version-history":[{"count":8,"href":"https:\/\/www.elle.be\/fr\/wp-json\/wp\/v2\/posts\/234698\/revisions"}],"predecessor-version":[{"id":234729,"href":"https:\/\/www.elle.be\/fr\/wp-json\/wp\/v2\/posts\/234698\/revisions\/234729"}],"wp:featuredmedia":[{"embeddable":true,"href":"https:\/\/www.elle.be\/fr\/wp-json\/wp\/v2\/media\/234716"}],"wp:attachment":[{"href":"https:\/\/www.elle.be\/fr\/wp-json\/wp\/v2\/media?parent=234698"}],"wp:term":[{"taxonomy":"category","embeddable":true,"href":"https:\/\/www.elle.be\/fr\/wp-json\/wp\/v2\/categories?post=234698"},{"taxonomy":"post_tag","embeddable":true,"href":"https:\/\/www.elle.be\/fr\/wp-json\/wp\/v2\/tags?post=234698"}],"curies":[{"name":"wp","href":"https:\/\/api.w.org\/{rel}","templated":true}]}}