{"id":233317,"date":"2018-09-13T17:55:37","date_gmt":"2018-09-13T15:55:37","guid":{"rendered":"http:\/\/www.elle.be\/fr\/?p=233317"},"modified":"2018-10-19T14:18:56","modified_gmt":"2018-10-19T12:18:56","slug":"interview-gaelle-van-rosen-va-t-elle-secouer-la-belgique","status":"publish","type":"post","link":"https:\/\/www.elle.be\/fr\/233317-interview-gaelle-van-rosen-va-t-elle-secouer-la-belgique.html","title":{"rendered":"Interview: Ga\u00eblle Van Rosen va-t-elle secouer la Belgique?"},"content":{"rendered":"","protected":false},"excerpt":{"rendered":"Suite \u00e0 une agression physique et raciste, l\u2019influenceuse belge a lanc\u00e9 le mouvement Fifty Shades Of Racism. ...","protected":false},"author":46,"featured_media":233322,"comment_status":"closed","ping_status":"closed","sticky":false,"template":"","format":"standard","meta":{"_acf_changed":false,"footnotes":""},"categories":[1186,2220],"tags":[223,2867],"class_list":["post-233317","post","type-post","status-publish","format-standard","has-post-thumbnail","hentry","category-actu","category-societe","tag-societe","tag-diversite"],"acf":[],"image_verticale":"233323","_yoast_wpseo_title":null,"_yoast_wpseo_metadesc":null,"_yoast_wpseo_focuskw_text_input":null,"_yoast_wpseo_opengraph-title":null,"yoast_head":"<!-- This site is optimized with the Yoast SEO plugin v27.4 - https:\/\/yoast.com\/product\/yoast-seo-wordpress\/ -->\n<title>Interview: Ga\u00eblle Van Rosen va-t-elle secouer la Belgique? - ELLE.be<\/title>\n<meta name=\"description\" content=\"Suite \u00e0 une agression physique et raciste, l\u2019influenceuse belge a lanc\u00e9 le mouvement Fifty Shades Of Racism. Un projet important qu\u2019on soutient \u00e0 100%. Le\" \/>\n<meta name=\"robots\" content=\"index, follow, max-snippet:-1, max-image-preview:large, max-video-preview:-1\" \/>\n<link rel=\"canonical\" href=\"https:\/\/www.elle.be\/fr\/233317-interview-gaelle-van-rosen-va-t-elle-secouer-la-belgique.html\" \/>\n<meta property=\"og:locale\" content=\"fr_FR\" \/>\n<meta property=\"og:type\" content=\"article\" \/>\n<meta property=\"og:title\" content=\"Interview: Ga\u00eblle Van Rosen va-t-elle secouer la Belgique? - ELLE.be\" \/>\n<meta property=\"og:description\" content=\"Suite \u00e0 une agression physique et raciste, l\u2019influenceuse belge a lanc\u00e9 le mouvement Fifty Shades Of Racism. Un projet important qu\u2019on soutient \u00e0 100%. Le\" \/>\n<meta property=\"og:url\" content=\"https:\/\/www.elle.be\/fr\/233317-interview-gaelle-van-rosen-va-t-elle-secouer-la-belgique.html\" \/>\n<meta property=\"og:site_name\" content=\"ELLE.be\" \/>\n<meta property=\"article:publisher\" content=\"https:\/\/www.facebook.com\/ELLEbelgium\/\" \/>\n<meta property=\"article:published_time\" content=\"2018-09-13T15:55:37+00:00\" \/>\n<meta property=\"article:modified_time\" content=\"2018-10-19T12:18:56+00:00\" \/>\n<meta property=\"og:image\" content=\"https:\/\/www.elle.be\/fr\/wp-content\/uploads\/2018\/09\/fiftyshadesofracism.jpg\" \/>\n\t<meta property=\"og:image:width\" content=\"1200\" \/>\n\t<meta property=\"og:image:height\" content=\"628\" \/>\n\t<meta property=\"og:image:type\" content=\"image\/jpeg\" \/>\n<meta name=\"author\" content=\"Laurence Donis\" \/>\n<meta name=\"twitter:card\" content=\"summary_large_image\" \/>\n<meta name=\"twitter:creator\" content=\"@DonisLaurence\" \/>\n<meta name=\"twitter:site\" content=\"@ELLEBelgique\" \/>\n<meta name=\"twitter:label1\" content=\"\u00c9crit par\" \/>\n\t<meta name=\"twitter:data1\" content=\"Laurence Donis\" \/>\n\t<meta name=\"twitter:label2\" content=\"Dur\u00e9e de lecture estim\u00e9e\" \/>\n\t<meta name=\"twitter:data2\" content=\"8 minutes\" \/>\n<script type=\"application\/ld+json\" class=\"yoast-schema-graph\">{\"@context\":\"https:\\\/\\\/schema.org\",\"@graph\":[{\"@type\":\"NewsArticle\",\"@id\":\"https:\\\/\\\/www.elle.be\\\/fr\\\/233317-interview-gaelle-van-rosen-va-t-elle-secouer-la-belgique.html#article\",\"isPartOf\":{\"@id\":\"https:\\\/\\\/www.elle.be\\\/fr\\\/233317-interview-gaelle-van-rosen-va-t-elle-secouer-la-belgique.html\"},\"author\":{\"name\":\"Laurence Donis\",\"@id\":\"https:\\\/\\\/www.elle.be\\\/fr\\\/#\\\/schema\\\/person\\\/517177ad0a70e8c475948fa3169deacd\"},\"headline\":\"Interview: Ga\u00eblle Van Rosen va-t-elle secouer la Belgique?\",\"datePublished\":\"2018-09-13T15:55:37+00:00\",\"dateModified\":\"2018-10-19T12:18:56+00:00\",\"mainEntityOfPage\":{\"@id\":\"https:\\\/\\\/www.elle.be\\\/fr\\\/233317-interview-gaelle-van-rosen-va-t-elle-secouer-la-belgique.html\"},\"wordCount\":1590,\"publisher\":{\"@id\":\"https:\\\/\\\/www.elle.be\\\/fr\\\/#organization\"},\"image\":{\"@id\":\"https:\\\/\\\/www.elle.be\\\/fr\\\/233317-interview-gaelle-van-rosen-va-t-elle-secouer-la-belgique.html#primaryimage\"},\"thumbnailUrl\":\"https:\\\/\\\/www.elle.be\\\/fr\\\/wp-content\\\/uploads\\\/2018\\\/09\\\/fiftyshadesofracism.jpg\",\"keywords\":[\"soci\u00e9t\u00e9\",\"diversit\u00e9\"],\"articleSection\":[\"Actu\",\"Soci\u00e9t\u00e9\"],\"inLanguage\":\"fr-FR\"},{\"@type\":\"WebPage\",\"@id\":\"https:\\\/\\\/www.elle.be\\\/fr\\\/233317-interview-gaelle-van-rosen-va-t-elle-secouer-la-belgique.html\",\"url\":\"https:\\\/\\\/www.elle.be\\\/fr\\\/233317-interview-gaelle-van-rosen-va-t-elle-secouer-la-belgique.html\",\"name\":\"Interview: Ga\u00eblle Van Rosen va-t-elle secouer la Belgique? - ELLE.be\",\"isPartOf\":{\"@id\":\"https:\\\/\\\/www.elle.be\\\/fr\\\/#website\"},\"primaryImageOfPage\":{\"@id\":\"https:\\\/\\\/www.elle.be\\\/fr\\\/233317-interview-gaelle-van-rosen-va-t-elle-secouer-la-belgique.html#primaryimage\"},\"image\":{\"@id\":\"https:\\\/\\\/www.elle.be\\\/fr\\\/233317-interview-gaelle-van-rosen-va-t-elle-secouer-la-belgique.html#primaryimage\"},\"thumbnailUrl\":\"https:\\\/\\\/www.elle.be\\\/fr\\\/wp-content\\\/uploads\\\/2018\\\/09\\\/fiftyshadesofracism.jpg\",\"datePublished\":\"2018-09-13T15:55:37+00:00\",\"dateModified\":\"2018-10-19T12:18:56+00:00\",\"description\":\"Suite \u00e0 une agression physique et raciste, l\u2019influenceuse belge a lanc\u00e9 le mouvement Fifty Shades Of Racism. Un projet important qu\u2019on soutient \u00e0 100%. Le\",\"breadcrumb\":{\"@id\":\"https:\\\/\\\/www.elle.be\\\/fr\\\/233317-interview-gaelle-van-rosen-va-t-elle-secouer-la-belgique.html#breadcrumb\"},\"inLanguage\":\"fr-FR\",\"potentialAction\":[{\"@type\":\"ReadAction\",\"target\":[\"https:\\\/\\\/www.elle.be\\\/fr\\\/233317-interview-gaelle-van-rosen-va-t-elle-secouer-la-belgique.html\"]}]},{\"@type\":\"ImageObject\",\"inLanguage\":\"fr-FR\",\"@id\":\"https:\\\/\\\/www.elle.be\\\/fr\\\/233317-interview-gaelle-van-rosen-va-t-elle-secouer-la-belgique.html#primaryimage\",\"url\":\"https:\\\/\\\/www.elle.be\\\/fr\\\/wp-content\\\/uploads\\\/2018\\\/09\\\/fiftyshadesofracism.jpg\",\"contentUrl\":\"https:\\\/\\\/www.elle.be\\\/fr\\\/wp-content\\\/uploads\\\/2018\\\/09\\\/fiftyshadesofracism.jpg\",\"width\":1200,\"height\":628,\"caption\":\"fifty shades of racism\"},{\"@type\":\"BreadcrumbList\",\"@id\":\"https:\\\/\\\/www.elle.be\\\/fr\\\/233317-interview-gaelle-van-rosen-va-t-elle-secouer-la-belgique.html#breadcrumb\",\"itemListElement\":[{\"@type\":\"ListItem\",\"position\":1,\"name\":\"FR\",\"item\":\"https:\\\/\\\/www.elle.be\\\/fr\"},{\"@type\":\"ListItem\",\"position\":2,\"name\":\"Actu\",\"item\":\"https:\\\/\\\/www.elle.be\\\/fr\\\/actu\"},{\"@type\":\"ListItem\",\"position\":3,\"name\":\"Interview: Ga\u00eblle Van Rosen va-t-elle secouer la Belgique?\"}]},{\"@type\":\"WebSite\",\"@id\":\"https:\\\/\\\/www.elle.be\\\/fr\\\/#website\",\"url\":\"https:\\\/\\\/www.elle.be\\\/fr\\\/\",\"name\":\"ELLE.be\",\"description\":\"Toutes les infos mode, beaut\u00e9 et lifestyle les plus pointues ainsi qu&#039;un contenu 100% belge d\u00e9clin\u00e9 \u00e0 360\u00b0sur le site ELLE.be, nos r\u00e9seaux sociaux et notre cha\u00eene Youtube.\",\"publisher\":{\"@id\":\"https:\\\/\\\/www.elle.be\\\/fr\\\/#organization\"},\"potentialAction\":[{\"@type\":\"SearchAction\",\"target\":{\"@type\":\"EntryPoint\",\"urlTemplate\":\"https:\\\/\\\/www.elle.be\\\/fr\\\/?s={search_term_string}\"},\"query-input\":{\"@type\":\"PropertyValueSpecification\",\"valueRequired\":true,\"valueName\":\"search_term_string\"}}],\"inLanguage\":\"fr-FR\"},{\"@type\":\"Organization\",\"@id\":\"https:\\\/\\\/www.elle.be\\\/fr\\\/#organization\",\"name\":\"ELLE Belgique\",\"url\":\"https:\\\/\\\/www.elle.be\\\/fr\\\/\",\"logo\":{\"@type\":\"ImageObject\",\"inLanguage\":\"fr-FR\",\"@id\":\"https:\\\/\\\/www.elle.be\\\/fr\\\/#\\\/schema\\\/logo\\\/image\\\/\",\"url\":\"https:\\\/\\\/www.elle.be\\\/fr\\\/wp-content\\\/uploads\\\/2017\\\/03\\\/elle-icon-200px.jpeg\",\"contentUrl\":\"https:\\\/\\\/www.elle.be\\\/fr\\\/wp-content\\\/uploads\\\/2017\\\/03\\\/elle-icon-200px.jpeg\",\"width\":200,\"height\":200,\"caption\":\"ELLE Belgique\"},\"image\":{\"@id\":\"https:\\\/\\\/www.elle.be\\\/fr\\\/#\\\/schema\\\/logo\\\/image\\\/\"},\"sameAs\":[\"https:\\\/\\\/www.facebook.com\\\/ELLEbelgium\\\/\",\"https:\\\/\\\/x.com\\\/ELLEBelgique\",\"http:\\\/\\\/instagram.com\\\/ellebelgique\\\/\",\"https:\\\/\\\/www.pinterest.com\\\/ellebelgique\\\/\",\"https:\\\/\\\/www.youtube.com\\\/user\\\/ELLEbelgique1\"]},{\"@type\":\"Person\",\"@id\":\"https:\\\/\\\/www.elle.be\\\/fr\\\/#\\\/schema\\\/person\\\/517177ad0a70e8c475948fa3169deacd\",\"name\":\"Laurence Donis\",\"image\":{\"@type\":\"ImageObject\",\"inLanguage\":\"fr-FR\",\"@id\":\"https:\\\/\\\/www.elle.be\\\/fr\\\/wp-content\\\/uploads\\\/2017\\\/03\\\/moii-96x96.jpg\",\"url\":\"https:\\\/\\\/www.elle.be\\\/fr\\\/wp-content\\\/uploads\\\/2017\\\/03\\\/moii-96x96.jpg\",\"contentUrl\":\"https:\\\/\\\/www.elle.be\\\/fr\\\/wp-content\\\/uploads\\\/2017\\\/03\\\/moii-96x96.jpg\",\"caption\":\"Laurence Donis\"},\"description\":\"Convaincue que le f\u00e9minisme n'est pas un gros mot (ou un combat d\u00e9pass\u00e9) mais que l'on peut aussi en parler d'une mani\u00e8re moderne, fun et d\u00e9cal\u00e9e. Gourmande inv\u00e9t\u00e9r\u00e9e, elle reste aussi \u00e0 l'aff\u00fbt des bons plans food toute l'ann\u00e9e.\",\"sameAs\":[\"https:\\\/\\\/www.instagram.com\\\/laurence.donis\\\/\",\"https:\\\/\\\/x.com\\\/DonisLaurence\"],\"url\":\"https:\\\/\\\/www.elle.be\\\/fr\\\/author\\\/laurenced\"}]}<\/script>\n<!-- \/ Yoast SEO plugin. -->","yoast_head_json":{"title":"Interview: Ga\u00eblle Van Rosen va-t-elle secouer la Belgique? - ELLE.be","description":"Suite \u00e0 une agression physique et raciste, l\u2019influenceuse belge a lanc\u00e9 le mouvement Fifty Shades Of Racism. Un projet important qu\u2019on soutient \u00e0 100%. Le","robots":{"index":"index","follow":"follow","max-snippet":"max-snippet:-1","max-image-preview":"max-image-preview:large","max-video-preview":"max-video-preview:-1"},"canonical":"https:\/\/www.elle.be\/fr\/233317-interview-gaelle-van-rosen-va-t-elle-secouer-la-belgique.html","og_locale":"fr_FR","og_type":"article","og_title":"Interview: Ga\u00eblle Van Rosen va-t-elle secouer la Belgique? - ELLE.be","og_description":"Suite \u00e0 une agression physique et raciste, l\u2019influenceuse belge a lanc\u00e9 le mouvement Fifty Shades Of Racism. Un projet important qu\u2019on soutient \u00e0 100%. Le","og_url":"https:\/\/www.elle.be\/fr\/233317-interview-gaelle-van-rosen-va-t-elle-secouer-la-belgique.html","og_site_name":"ELLE.be","article_publisher":"https:\/\/www.facebook.com\/ELLEbelgium\/","article_published_time":"2018-09-13T15:55:37+00:00","article_modified_time":"2018-10-19T12:18:56+00:00","og_image":[{"width":1200,"height":628,"url":"https:\/\/www.elle.be\/fr\/wp-content\/uploads\/2018\/09\/fiftyshadesofracism.jpg","type":"image\/jpeg"}],"author":"Laurence Donis","twitter_card":"summary_large_image","twitter_creator":"@DonisLaurence","twitter_site":"@ELLEBelgique","twitter_misc":{"\u00c9crit par":"Laurence Donis","Dur\u00e9e de lecture estim\u00e9e":"8 minutes"},"schema":{"@context":"https:\/\/schema.org","@graph":[{"@type":"NewsArticle","@id":"https:\/\/www.elle.be\/fr\/233317-interview-gaelle-van-rosen-va-t-elle-secouer-la-belgique.html#article","isPartOf":{"@id":"https:\/\/www.elle.be\/fr\/233317-interview-gaelle-van-rosen-va-t-elle-secouer-la-belgique.html"},"author":{"name":"Laurence Donis","@id":"https:\/\/www.elle.be\/fr\/#\/schema\/person\/517177ad0a70e8c475948fa3169deacd"},"headline":"Interview: Ga\u00eblle Van Rosen va-t-elle secouer la Belgique?","datePublished":"2018-09-13T15:55:37+00:00","dateModified":"2018-10-19T12:18:56+00:00","mainEntityOfPage":{"@id":"https:\/\/www.elle.be\/fr\/233317-interview-gaelle-van-rosen-va-t-elle-secouer-la-belgique.html"},"wordCount":1590,"publisher":{"@id":"https:\/\/www.elle.be\/fr\/#organization"},"image":{"@id":"https:\/\/www.elle.be\/fr\/233317-interview-gaelle-van-rosen-va-t-elle-secouer-la-belgique.html#primaryimage"},"thumbnailUrl":"https:\/\/www.elle.be\/fr\/wp-content\/uploads\/2018\/09\/fiftyshadesofracism.jpg","keywords":["soci\u00e9t\u00e9","diversit\u00e9"],"articleSection":["Actu","Soci\u00e9t\u00e9"],"inLanguage":"fr-FR"},{"@type":"WebPage","@id":"https:\/\/www.elle.be\/fr\/233317-interview-gaelle-van-rosen-va-t-elle-secouer-la-belgique.html","url":"https:\/\/www.elle.be\/fr\/233317-interview-gaelle-van-rosen-va-t-elle-secouer-la-belgique.html","name":"Interview: Ga\u00eblle Van Rosen va-t-elle secouer la Belgique? - ELLE.be","isPartOf":{"@id":"https:\/\/www.elle.be\/fr\/#website"},"primaryImageOfPage":{"@id":"https:\/\/www.elle.be\/fr\/233317-interview-gaelle-van-rosen-va-t-elle-secouer-la-belgique.html#primaryimage"},"image":{"@id":"https:\/\/www.elle.be\/fr\/233317-interview-gaelle-van-rosen-va-t-elle-secouer-la-belgique.html#primaryimage"},"thumbnailUrl":"https:\/\/www.elle.be\/fr\/wp-content\/uploads\/2018\/09\/fiftyshadesofracism.jpg","datePublished":"2018-09-13T15:55:37+00:00","dateModified":"2018-10-19T12:18:56+00:00","description":"Suite \u00e0 une agression physique et raciste, l\u2019influenceuse belge a lanc\u00e9 le mouvement Fifty Shades Of Racism. Un projet important qu\u2019on soutient \u00e0 100%. Le","breadcrumb":{"@id":"https:\/\/www.elle.be\/fr\/233317-interview-gaelle-van-rosen-va-t-elle-secouer-la-belgique.html#breadcrumb"},"inLanguage":"fr-FR","potentialAction":[{"@type":"ReadAction","target":["https:\/\/www.elle.be\/fr\/233317-interview-gaelle-van-rosen-va-t-elle-secouer-la-belgique.html"]}]},{"@type":"ImageObject","inLanguage":"fr-FR","@id":"https:\/\/www.elle.be\/fr\/233317-interview-gaelle-van-rosen-va-t-elle-secouer-la-belgique.html#primaryimage","url":"https:\/\/www.elle.be\/fr\/wp-content\/uploads\/2018\/09\/fiftyshadesofracism.jpg","contentUrl":"https:\/\/www.elle.be\/fr\/wp-content\/uploads\/2018\/09\/fiftyshadesofracism.jpg","width":1200,"height":628,"caption":"fifty shades of racism"},{"@type":"BreadcrumbList","@id":"https:\/\/www.elle.be\/fr\/233317-interview-gaelle-van-rosen-va-t-elle-secouer-la-belgique.html#breadcrumb","itemListElement":[{"@type":"ListItem","position":1,"name":"FR","item":"https:\/\/www.elle.be\/fr"},{"@type":"ListItem","position":2,"name":"Actu","item":"https:\/\/www.elle.be\/fr\/actu"},{"@type":"ListItem","position":3,"name":"Interview: Ga\u00eblle Van Rosen va-t-elle secouer la Belgique?"}]},{"@type":"WebSite","@id":"https:\/\/www.elle.be\/fr\/#website","url":"https:\/\/www.elle.be\/fr\/","name":"ELLE.be","description":"Toutes les infos mode, beaut\u00e9 et lifestyle les plus pointues ainsi qu&#039;un contenu 100% belge d\u00e9clin\u00e9 \u00e0 360\u00b0sur le site ELLE.be, nos r\u00e9seaux sociaux et notre cha\u00eene Youtube.","publisher":{"@id":"https:\/\/www.elle.be\/fr\/#organization"},"potentialAction":[{"@type":"SearchAction","target":{"@type":"EntryPoint","urlTemplate":"https:\/\/www.elle.be\/fr\/?s={search_term_string}"},"query-input":{"@type":"PropertyValueSpecification","valueRequired":true,"valueName":"search_term_string"}}],"inLanguage":"fr-FR"},{"@type":"Organization","@id":"https:\/\/www.elle.be\/fr\/#organization","name":"ELLE Belgique","url":"https:\/\/www.elle.be\/fr\/","logo":{"@type":"ImageObject","inLanguage":"fr-FR","@id":"https:\/\/www.elle.be\/fr\/#\/schema\/logo\/image\/","url":"https:\/\/www.elle.be\/fr\/wp-content\/uploads\/2017\/03\/elle-icon-200px.jpeg","contentUrl":"https:\/\/www.elle.be\/fr\/wp-content\/uploads\/2017\/03\/elle-icon-200px.jpeg","width":200,"height":200,"caption":"ELLE Belgique"},"image":{"@id":"https:\/\/www.elle.be\/fr\/#\/schema\/logo\/image\/"},"sameAs":["https:\/\/www.facebook.com\/ELLEbelgium\/","https:\/\/x.com\/ELLEBelgique","http:\/\/instagram.com\/ellebelgique\/","https:\/\/www.pinterest.com\/ellebelgique\/","https:\/\/www.youtube.com\/user\/ELLEbelgique1"]},{"@type":"Person","@id":"https:\/\/www.elle.be\/fr\/#\/schema\/person\/517177ad0a70e8c475948fa3169deacd","name":"Laurence Donis","image":{"@type":"ImageObject","inLanguage":"fr-FR","@id":"https:\/\/www.elle.be\/fr\/wp-content\/uploads\/2017\/03\/moii-96x96.jpg","url":"https:\/\/www.elle.be\/fr\/wp-content\/uploads\/2017\/03\/moii-96x96.jpg","contentUrl":"https:\/\/www.elle.be\/fr\/wp-content\/uploads\/2017\/03\/moii-96x96.jpg","caption":"Laurence Donis"},"description":"Convaincue que le f\u00e9minisme n'est pas un gros mot (ou un combat d\u00e9pass\u00e9) mais que l'on peut aussi en parler d'une mani\u00e8re moderne, fun et d\u00e9cal\u00e9e. Gourmande inv\u00e9t\u00e9r\u00e9e, elle reste aussi \u00e0 l'aff\u00fbt des bons plans food toute l'ann\u00e9e.","sameAs":["https:\/\/www.instagram.com\/laurence.donis\/","https:\/\/x.com\/DonisLaurence"],"url":"https:\/\/www.elle.be\/fr\/author\/laurenced"}]}},"_links":{"self":[{"href":"https:\/\/www.elle.be\/fr\/wp-json\/wp\/v2\/posts\/233317","targetHints":{"allow":["GET"]}}],"collection":[{"href":"https:\/\/www.elle.be\/fr\/wp-json\/wp\/v2\/posts"}],"about":[{"href":"https:\/\/www.elle.be\/fr\/wp-json\/wp\/v2\/types\/post"}],"author":[{"embeddable":true,"href":"https:\/\/www.elle.be\/fr\/wp-json\/wp\/v2\/users\/46"}],"replies":[{"embeddable":true,"href":"https:\/\/www.elle.be\/fr\/wp-json\/wp\/v2\/comments?post=233317"}],"version-history":[{"count":17,"href":"https:\/\/www.elle.be\/fr\/wp-json\/wp\/v2\/posts\/233317\/revisions"}],"predecessor-version":[{"id":233455,"href":"https:\/\/www.elle.be\/fr\/wp-json\/wp\/v2\/posts\/233317\/revisions\/233455"}],"wp:featuredmedia":[{"embeddable":true,"href":"https:\/\/www.elle.be\/fr\/wp-json\/wp\/v2\/media\/233322"}],"wp:attachment":[{"href":"https:\/\/www.elle.be\/fr\/wp-json\/wp\/v2\/media?parent=233317"}],"wp:term":[{"taxonomy":"category","embeddable":true,"href":"https:\/\/www.elle.be\/fr\/wp-json\/wp\/v2\/categories?post=233317"},{"taxonomy":"post_tag","embeddable":true,"href":"https:\/\/www.elle.be\/fr\/wp-json\/wp\/v2\/tags?post=233317"}],"curies":[{"name":"wp","href":"https:\/\/api.w.org\/{rel}","templated":true}]}}