{"id":231435,"date":"2015-08-22T13:41:42","date_gmt":"2015-08-22T11:41:42","guid":{"rendered":"http:\/\/www.elle.be\/fr\/?p=231435"},"modified":"2021-02-23T18:04:49","modified_gmt":"2021-02-23T17:04:49","slug":"le-nouvel-hotel-tendance-damsterdam","status":"publish","type":"post","link":"https:\/\/www.elle.be\/fr\/231435-le-nouvel-hotel-tendance-damsterdam.html","title":{"rendered":"Moxy Hotel : le nouvel h\u00f4tel tendance d&#8217;Amsterdam"},"content":{"rendered":"","protected":false},"excerpt":{"rendered":"Moxy Hotels continue son avanc\u00e9e en Europe avec l\u2019ouverture de son premier h\u00f4tel en Hollande\u00a0: Moxy Amsterdam Houthavens. ...","protected":false},"author":47,"featured_media":231437,"comment_status":"closed","ping_status":"closed","sticky":false,"template":"","format":"standard","meta":{"_acf_changed":false,"footnotes":""},"categories":[3269,3361,1150],"tags":[242,254,1176],"class_list":["post-231435","post","type-post","status-publish","format-standard","has-post-thumbnail","hentry","category-elle-decoration","category-hotels","category-adresses","tag-adresse","tag-voyage","tag-hotel"],"acf":[],"image_verticale":"231438","_yoast_wpseo_title":"Quel h\u00f4tel r\u00e9server \u00e0 Amsterdam ? %%page%% %%sep%% %%sitename%%","_yoast_wpseo_metadesc":"C\u2019est un design color\u00e9 et ludique et des \u00e9quipes pleines d\u2019\u00e9nergie, offrant une nouvelle fa\u00e7on de voyager avec des espaces communs dynamiques pour des exp\u00e9riences inoubliables \u00e0 des prix \u00e9tonnamment abordables.","_yoast_wpseo_focuskw_text_input":null,"_yoast_wpseo_opengraph-title":null,"yoast_head":"<!-- This site is optimized with the Yoast SEO plugin v27.4 - https:\/\/yoast.com\/product\/yoast-seo-wordpress\/ -->\n<title>Quel h\u00f4tel r\u00e9server \u00e0 Amsterdam ? - ELLE.be<\/title>\n<meta name=\"description\" content=\"C\u2019est un design color\u00e9 et ludique et des \u00e9quipes pleines d\u2019\u00e9nergie, offrant une nouvelle fa\u00e7on de voyager avec des espaces communs dynamiques pour des exp\u00e9riences inoubliables \u00e0 des prix \u00e9tonnamment abordables.\" \/>\n<meta name=\"robots\" content=\"index, follow, max-snippet:-1, max-image-preview:large, max-video-preview:-1\" \/>\n<link rel=\"canonical\" href=\"https:\/\/www.elle.be\/fr\/231435-le-nouvel-hotel-tendance-damsterdam.html\" \/>\n<meta property=\"og:locale\" content=\"fr_FR\" \/>\n<meta property=\"og:type\" content=\"article\" \/>\n<meta property=\"og:title\" content=\"Quel h\u00f4tel r\u00e9server \u00e0 Amsterdam ? - ELLE.be\" \/>\n<meta property=\"og:description\" content=\"C\u2019est un design color\u00e9 et ludique et des \u00e9quipes pleines d\u2019\u00e9nergie, offrant une nouvelle fa\u00e7on de voyager avec des espaces communs dynamiques pour des exp\u00e9riences inoubliables \u00e0 des prix \u00e9tonnamment abordables.\" \/>\n<meta property=\"og:url\" content=\"https:\/\/www.elle.be\/fr\/231435-le-nouvel-hotel-tendance-damsterdam.html\" \/>\n<meta property=\"og:site_name\" content=\"ELLE.be\" \/>\n<meta property=\"article:publisher\" content=\"https:\/\/www.facebook.com\/ELLEbelgium\/\" \/>\n<meta property=\"article:published_time\" content=\"2015-08-22T11:41:42+00:00\" \/>\n<meta property=\"article:modified_time\" content=\"2021-02-23T17:04:49+00:00\" \/>\n<meta property=\"og:image\" content=\"https:\/\/www.elle.be\/fr\/wp-content\/uploads\/2018\/08\/elle_moxyamsterdam_1200x628.jpg\" \/>\n\t<meta property=\"og:image:width\" content=\"1200\" \/>\n\t<meta property=\"og:image:height\" content=\"628\" \/>\n\t<meta property=\"og:image:type\" content=\"image\/jpeg\" \/>\n<meta name=\"author\" content=\"ELLE Partenaire\" \/>\n<meta name=\"twitter:card\" content=\"summary_large_image\" \/>\n<meta name=\"twitter:creator\" content=\"@ELLEBelgique\" \/>\n<meta name=\"twitter:site\" content=\"@ELLEBelgique\" \/>\n<meta name=\"twitter:label1\" content=\"\u00c9crit par\" \/>\n\t<meta name=\"twitter:data1\" content=\"ELLE Partenaire\" \/>\n\t<meta name=\"twitter:label2\" content=\"Dur\u00e9e de lecture estim\u00e9e\" \/>\n\t<meta name=\"twitter:data2\" content=\"2 minutes\" \/>\n<script type=\"application\/ld+json\" class=\"yoast-schema-graph\">{\"@context\":\"https:\\\/\\\/schema.org\",\"@graph\":[{\"@type\":\"NewsArticle\",\"@id\":\"https:\\\/\\\/www.elle.be\\\/fr\\\/231435-le-nouvel-hotel-tendance-damsterdam.html#article\",\"isPartOf\":{\"@id\":\"https:\\\/\\\/www.elle.be\\\/fr\\\/231435-le-nouvel-hotel-tendance-damsterdam.html\"},\"author\":{\"name\":\"ELLE Partenaire\",\"@id\":\"https:\\\/\\\/www.elle.be\\\/fr\\\/#\\\/schema\\\/person\\\/2c7693f13ee3d4992850ec2ff033c586\"},\"headline\":\"Moxy Hotel : le nouvel h\u00f4tel tendance d&#8217;Amsterdam\",\"datePublished\":\"2015-08-22T11:41:42+00:00\",\"dateModified\":\"2021-02-23T17:04:49+00:00\",\"mainEntityOfPage\":{\"@id\":\"https:\\\/\\\/www.elle.be\\\/fr\\\/231435-le-nouvel-hotel-tendance-damsterdam.html\"},\"wordCount\":404,\"publisher\":{\"@id\":\"https:\\\/\\\/www.elle.be\\\/fr\\\/#organization\"},\"image\":{\"@id\":\"https:\\\/\\\/www.elle.be\\\/fr\\\/231435-le-nouvel-hotel-tendance-damsterdam.html#primaryimage\"},\"thumbnailUrl\":\"https:\\\/\\\/www.elle.be\\\/fr\\\/wp-content\\\/uploads\\\/2018\\\/08\\\/elle_moxyamsterdam_1200x628.jpg\",\"keywords\":[\"adresse\",\"voyage\",\"Hotel\"],\"articleSection\":[\"ELLE d\u00e9coration\",\"H\u00f4tels\",\"Adresses\"],\"inLanguage\":\"fr-FR\"},{\"@type\":\"WebPage\",\"@id\":\"https:\\\/\\\/www.elle.be\\\/fr\\\/231435-le-nouvel-hotel-tendance-damsterdam.html\",\"url\":\"https:\\\/\\\/www.elle.be\\\/fr\\\/231435-le-nouvel-hotel-tendance-damsterdam.html\",\"name\":\"Quel h\u00f4tel r\u00e9server \u00e0 Amsterdam ? - ELLE.be\",\"isPartOf\":{\"@id\":\"https:\\\/\\\/www.elle.be\\\/fr\\\/#website\"},\"primaryImageOfPage\":{\"@id\":\"https:\\\/\\\/www.elle.be\\\/fr\\\/231435-le-nouvel-hotel-tendance-damsterdam.html#primaryimage\"},\"image\":{\"@id\":\"https:\\\/\\\/www.elle.be\\\/fr\\\/231435-le-nouvel-hotel-tendance-damsterdam.html#primaryimage\"},\"thumbnailUrl\":\"https:\\\/\\\/www.elle.be\\\/fr\\\/wp-content\\\/uploads\\\/2018\\\/08\\\/elle_moxyamsterdam_1200x628.jpg\",\"datePublished\":\"2015-08-22T11:41:42+00:00\",\"dateModified\":\"2021-02-23T17:04:49+00:00\",\"description\":\"C\u2019est un design color\u00e9 et ludique et des \u00e9quipes pleines d\u2019\u00e9nergie, offrant une nouvelle fa\u00e7on de voyager avec des espaces communs dynamiques pour des exp\u00e9riences inoubliables \u00e0 des prix \u00e9tonnamment abordables.\",\"breadcrumb\":{\"@id\":\"https:\\\/\\\/www.elle.be\\\/fr\\\/231435-le-nouvel-hotel-tendance-damsterdam.html#breadcrumb\"},\"inLanguage\":\"fr-FR\",\"potentialAction\":[{\"@type\":\"ReadAction\",\"target\":[\"https:\\\/\\\/www.elle.be\\\/fr\\\/231435-le-nouvel-hotel-tendance-damsterdam.html\"]}]},{\"@type\":\"ImageObject\",\"inLanguage\":\"fr-FR\",\"@id\":\"https:\\\/\\\/www.elle.be\\\/fr\\\/231435-le-nouvel-hotel-tendance-damsterdam.html#primaryimage\",\"url\":\"https:\\\/\\\/www.elle.be\\\/fr\\\/wp-content\\\/uploads\\\/2018\\\/08\\\/elle_moxyamsterdam_1200x628.jpg\",\"contentUrl\":\"https:\\\/\\\/www.elle.be\\\/fr\\\/wp-content\\\/uploads\\\/2018\\\/08\\\/elle_moxyamsterdam_1200x628.jpg\",\"width\":1200,\"height\":628},{\"@type\":\"BreadcrumbList\",\"@id\":\"https:\\\/\\\/www.elle.be\\\/fr\\\/231435-le-nouvel-hotel-tendance-damsterdam.html#breadcrumb\",\"itemListElement\":[{\"@type\":\"ListItem\",\"position\":1,\"name\":\"FR\",\"item\":\"https:\\\/\\\/www.elle.be\\\/fr\"},{\"@type\":\"ListItem\",\"position\":2,\"name\":\"Adresses\",\"item\":\"https:\\\/\\\/www.elle.be\\\/fr\\\/adresses\"},{\"@type\":\"ListItem\",\"position\":3,\"name\":\"Moxy Hotel : le nouvel h\u00f4tel tendance d&rsquo;Amsterdam\"}]},{\"@type\":\"WebSite\",\"@id\":\"https:\\\/\\\/www.elle.be\\\/fr\\\/#website\",\"url\":\"https:\\\/\\\/www.elle.be\\\/fr\\\/\",\"name\":\"ELLE.be\",\"description\":\"Toutes les infos mode, beaut\u00e9 et lifestyle les plus pointues ainsi qu&#039;un contenu 100% belge d\u00e9clin\u00e9 \u00e0 360\u00b0sur le site ELLE.be, nos r\u00e9seaux sociaux et notre cha\u00eene Youtube.\",\"publisher\":{\"@id\":\"https:\\\/\\\/www.elle.be\\\/fr\\\/#organization\"},\"potentialAction\":[{\"@type\":\"SearchAction\",\"target\":{\"@type\":\"EntryPoint\",\"urlTemplate\":\"https:\\\/\\\/www.elle.be\\\/fr\\\/?s={search_term_string}\"},\"query-input\":{\"@type\":\"PropertyValueSpecification\",\"valueRequired\":true,\"valueName\":\"search_term_string\"}}],\"inLanguage\":\"fr-FR\"},{\"@type\":\"Organization\",\"@id\":\"https:\\\/\\\/www.elle.be\\\/fr\\\/#organization\",\"name\":\"ELLE Belgique\",\"url\":\"https:\\\/\\\/www.elle.be\\\/fr\\\/\",\"logo\":{\"@type\":\"ImageObject\",\"inLanguage\":\"fr-FR\",\"@id\":\"https:\\\/\\\/www.elle.be\\\/fr\\\/#\\\/schema\\\/logo\\\/image\\\/\",\"url\":\"https:\\\/\\\/www.elle.be\\\/fr\\\/wp-content\\\/uploads\\\/2017\\\/03\\\/elle-icon-200px.jpeg\",\"contentUrl\":\"https:\\\/\\\/www.elle.be\\\/fr\\\/wp-content\\\/uploads\\\/2017\\\/03\\\/elle-icon-200px.jpeg\",\"width\":200,\"height\":200,\"caption\":\"ELLE Belgique\"},\"image\":{\"@id\":\"https:\\\/\\\/www.elle.be\\\/fr\\\/#\\\/schema\\\/logo\\\/image\\\/\"},\"sameAs\":[\"https:\\\/\\\/www.facebook.com\\\/ELLEbelgium\\\/\",\"https:\\\/\\\/x.com\\\/ELLEBelgique\",\"http:\\\/\\\/instagram.com\\\/ellebelgique\\\/\",\"https:\\\/\\\/www.pinterest.com\\\/ellebelgique\\\/\",\"https:\\\/\\\/www.youtube.com\\\/user\\\/ELLEbelgique1\"]},{\"@type\":\"Person\",\"@id\":\"https:\\\/\\\/www.elle.be\\\/fr\\\/#\\\/schema\\\/person\\\/2c7693f13ee3d4992850ec2ff033c586\",\"name\":\"ELLE Partenaire\",\"image\":{\"@type\":\"ImageObject\",\"inLanguage\":\"fr-FR\",\"@id\":\"https:\\\/\\\/secure.gravatar.com\\\/avatar\\\/dddcf2d7bb88803a2e434d2b1c6a7b997b2de2334d047a137cc5e9dc165ca7e2?s=96&r=g\",\"url\":\"https:\\\/\\\/secure.gravatar.com\\\/avatar\\\/dddcf2d7bb88803a2e434d2b1c6a7b997b2de2334d047a137cc5e9dc165ca7e2?s=96&r=g\",\"contentUrl\":\"https:\\\/\\\/secure.gravatar.com\\\/avatar\\\/dddcf2d7bb88803a2e434d2b1c6a7b997b2de2334d047a137cc5e9dc165ca7e2?s=96&r=g\",\"caption\":\"ELLE Partenaire\"},\"url\":\"https:\\\/\\\/www.elle.be\\\/fr\\\/author\\\/operation-speciale\"}]}<\/script>\n<!-- \/ Yoast SEO plugin. -->","yoast_head_json":{"title":"Quel h\u00f4tel r\u00e9server \u00e0 Amsterdam ? - ELLE.be","description":"C\u2019est un design color\u00e9 et ludique et des \u00e9quipes pleines d\u2019\u00e9nergie, offrant une nouvelle fa\u00e7on de voyager avec des espaces communs dynamiques pour des exp\u00e9riences inoubliables \u00e0 des prix \u00e9tonnamment abordables.","robots":{"index":"index","follow":"follow","max-snippet":"max-snippet:-1","max-image-preview":"max-image-preview:large","max-video-preview":"max-video-preview:-1"},"canonical":"https:\/\/www.elle.be\/fr\/231435-le-nouvel-hotel-tendance-damsterdam.html","og_locale":"fr_FR","og_type":"article","og_title":"Quel h\u00f4tel r\u00e9server \u00e0 Amsterdam ? - ELLE.be","og_description":"C\u2019est un design color\u00e9 et ludique et des \u00e9quipes pleines d\u2019\u00e9nergie, offrant une nouvelle fa\u00e7on de voyager avec des espaces communs dynamiques pour des exp\u00e9riences inoubliables \u00e0 des prix \u00e9tonnamment abordables.","og_url":"https:\/\/www.elle.be\/fr\/231435-le-nouvel-hotel-tendance-damsterdam.html","og_site_name":"ELLE.be","article_publisher":"https:\/\/www.facebook.com\/ELLEbelgium\/","article_published_time":"2015-08-22T11:41:42+00:00","article_modified_time":"2021-02-23T17:04:49+00:00","og_image":[{"width":1200,"height":628,"url":"https:\/\/www.elle.be\/fr\/wp-content\/uploads\/2018\/08\/elle_moxyamsterdam_1200x628.jpg","type":"image\/jpeg"}],"author":"ELLE Partenaire","twitter_card":"summary_large_image","twitter_creator":"@ELLEBelgique","twitter_site":"@ELLEBelgique","twitter_misc":{"\u00c9crit par":"ELLE Partenaire","Dur\u00e9e de lecture estim\u00e9e":"2 minutes"},"schema":{"@context":"https:\/\/schema.org","@graph":[{"@type":"NewsArticle","@id":"https:\/\/www.elle.be\/fr\/231435-le-nouvel-hotel-tendance-damsterdam.html#article","isPartOf":{"@id":"https:\/\/www.elle.be\/fr\/231435-le-nouvel-hotel-tendance-damsterdam.html"},"author":{"name":"ELLE Partenaire","@id":"https:\/\/www.elle.be\/fr\/#\/schema\/person\/2c7693f13ee3d4992850ec2ff033c586"},"headline":"Moxy Hotel : le nouvel h\u00f4tel tendance d&#8217;Amsterdam","datePublished":"2015-08-22T11:41:42+00:00","dateModified":"2021-02-23T17:04:49+00:00","mainEntityOfPage":{"@id":"https:\/\/www.elle.be\/fr\/231435-le-nouvel-hotel-tendance-damsterdam.html"},"wordCount":404,"publisher":{"@id":"https:\/\/www.elle.be\/fr\/#organization"},"image":{"@id":"https:\/\/www.elle.be\/fr\/231435-le-nouvel-hotel-tendance-damsterdam.html#primaryimage"},"thumbnailUrl":"https:\/\/www.elle.be\/fr\/wp-content\/uploads\/2018\/08\/elle_moxyamsterdam_1200x628.jpg","keywords":["adresse","voyage","Hotel"],"articleSection":["ELLE d\u00e9coration","H\u00f4tels","Adresses"],"inLanguage":"fr-FR"},{"@type":"WebPage","@id":"https:\/\/www.elle.be\/fr\/231435-le-nouvel-hotel-tendance-damsterdam.html","url":"https:\/\/www.elle.be\/fr\/231435-le-nouvel-hotel-tendance-damsterdam.html","name":"Quel h\u00f4tel r\u00e9server \u00e0 Amsterdam ? - ELLE.be","isPartOf":{"@id":"https:\/\/www.elle.be\/fr\/#website"},"primaryImageOfPage":{"@id":"https:\/\/www.elle.be\/fr\/231435-le-nouvel-hotel-tendance-damsterdam.html#primaryimage"},"image":{"@id":"https:\/\/www.elle.be\/fr\/231435-le-nouvel-hotel-tendance-damsterdam.html#primaryimage"},"thumbnailUrl":"https:\/\/www.elle.be\/fr\/wp-content\/uploads\/2018\/08\/elle_moxyamsterdam_1200x628.jpg","datePublished":"2015-08-22T11:41:42+00:00","dateModified":"2021-02-23T17:04:49+00:00","description":"C\u2019est un design color\u00e9 et ludique et des \u00e9quipes pleines d\u2019\u00e9nergie, offrant une nouvelle fa\u00e7on de voyager avec des espaces communs dynamiques pour des exp\u00e9riences inoubliables \u00e0 des prix \u00e9tonnamment abordables.","breadcrumb":{"@id":"https:\/\/www.elle.be\/fr\/231435-le-nouvel-hotel-tendance-damsterdam.html#breadcrumb"},"inLanguage":"fr-FR","potentialAction":[{"@type":"ReadAction","target":["https:\/\/www.elle.be\/fr\/231435-le-nouvel-hotel-tendance-damsterdam.html"]}]},{"@type":"ImageObject","inLanguage":"fr-FR","@id":"https:\/\/www.elle.be\/fr\/231435-le-nouvel-hotel-tendance-damsterdam.html#primaryimage","url":"https:\/\/www.elle.be\/fr\/wp-content\/uploads\/2018\/08\/elle_moxyamsterdam_1200x628.jpg","contentUrl":"https:\/\/www.elle.be\/fr\/wp-content\/uploads\/2018\/08\/elle_moxyamsterdam_1200x628.jpg","width":1200,"height":628},{"@type":"BreadcrumbList","@id":"https:\/\/www.elle.be\/fr\/231435-le-nouvel-hotel-tendance-damsterdam.html#breadcrumb","itemListElement":[{"@type":"ListItem","position":1,"name":"FR","item":"https:\/\/www.elle.be\/fr"},{"@type":"ListItem","position":2,"name":"Adresses","item":"https:\/\/www.elle.be\/fr\/adresses"},{"@type":"ListItem","position":3,"name":"Moxy Hotel : le nouvel h\u00f4tel tendance d&rsquo;Amsterdam"}]},{"@type":"WebSite","@id":"https:\/\/www.elle.be\/fr\/#website","url":"https:\/\/www.elle.be\/fr\/","name":"ELLE.be","description":"Toutes les infos mode, beaut\u00e9 et lifestyle les plus pointues ainsi qu&#039;un contenu 100% belge d\u00e9clin\u00e9 \u00e0 360\u00b0sur le site ELLE.be, nos r\u00e9seaux sociaux et notre cha\u00eene Youtube.","publisher":{"@id":"https:\/\/www.elle.be\/fr\/#organization"},"potentialAction":[{"@type":"SearchAction","target":{"@type":"EntryPoint","urlTemplate":"https:\/\/www.elle.be\/fr\/?s={search_term_string}"},"query-input":{"@type":"PropertyValueSpecification","valueRequired":true,"valueName":"search_term_string"}}],"inLanguage":"fr-FR"},{"@type":"Organization","@id":"https:\/\/www.elle.be\/fr\/#organization","name":"ELLE Belgique","url":"https:\/\/www.elle.be\/fr\/","logo":{"@type":"ImageObject","inLanguage":"fr-FR","@id":"https:\/\/www.elle.be\/fr\/#\/schema\/logo\/image\/","url":"https:\/\/www.elle.be\/fr\/wp-content\/uploads\/2017\/03\/elle-icon-200px.jpeg","contentUrl":"https:\/\/www.elle.be\/fr\/wp-content\/uploads\/2017\/03\/elle-icon-200px.jpeg","width":200,"height":200,"caption":"ELLE Belgique"},"image":{"@id":"https:\/\/www.elle.be\/fr\/#\/schema\/logo\/image\/"},"sameAs":["https:\/\/www.facebook.com\/ELLEbelgium\/","https:\/\/x.com\/ELLEBelgique","http:\/\/instagram.com\/ellebelgique\/","https:\/\/www.pinterest.com\/ellebelgique\/","https:\/\/www.youtube.com\/user\/ELLEbelgique1"]},{"@type":"Person","@id":"https:\/\/www.elle.be\/fr\/#\/schema\/person\/2c7693f13ee3d4992850ec2ff033c586","name":"ELLE Partenaire","image":{"@type":"ImageObject","inLanguage":"fr-FR","@id":"https:\/\/secure.gravatar.com\/avatar\/dddcf2d7bb88803a2e434d2b1c6a7b997b2de2334d047a137cc5e9dc165ca7e2?s=96&r=g","url":"https:\/\/secure.gravatar.com\/avatar\/dddcf2d7bb88803a2e434d2b1c6a7b997b2de2334d047a137cc5e9dc165ca7e2?s=96&r=g","contentUrl":"https:\/\/secure.gravatar.com\/avatar\/dddcf2d7bb88803a2e434d2b1c6a7b997b2de2334d047a137cc5e9dc165ca7e2?s=96&r=g","caption":"ELLE Partenaire"},"url":"https:\/\/www.elle.be\/fr\/author\/operation-speciale"}]}},"_links":{"self":[{"href":"https:\/\/www.elle.be\/fr\/wp-json\/wp\/v2\/posts\/231435","targetHints":{"allow":["GET"]}}],"collection":[{"href":"https:\/\/www.elle.be\/fr\/wp-json\/wp\/v2\/posts"}],"about":[{"href":"https:\/\/www.elle.be\/fr\/wp-json\/wp\/v2\/types\/post"}],"author":[{"embeddable":true,"href":"https:\/\/www.elle.be\/fr\/wp-json\/wp\/v2\/users\/47"}],"replies":[{"embeddable":true,"href":"https:\/\/www.elle.be\/fr\/wp-json\/wp\/v2\/comments?post=231435"}],"version-history":[{"count":5,"href":"https:\/\/www.elle.be\/fr\/wp-json\/wp\/v2\/posts\/231435\/revisions"}],"predecessor-version":[{"id":324531,"href":"https:\/\/www.elle.be\/fr\/wp-json\/wp\/v2\/posts\/231435\/revisions\/324531"}],"wp:featuredmedia":[{"embeddable":true,"href":"https:\/\/www.elle.be\/fr\/wp-json\/wp\/v2\/media\/231437"}],"wp:attachment":[{"href":"https:\/\/www.elle.be\/fr\/wp-json\/wp\/v2\/media?parent=231435"}],"wp:term":[{"taxonomy":"category","embeddable":true,"href":"https:\/\/www.elle.be\/fr\/wp-json\/wp\/v2\/categories?post=231435"},{"taxonomy":"post_tag","embeddable":true,"href":"https:\/\/www.elle.be\/fr\/wp-json\/wp\/v2\/tags?post=231435"}],"curies":[{"name":"wp","href":"https:\/\/api.w.org\/{rel}","templated":true}]}}