{"id":230608,"date":"2018-08-14T10:00:31","date_gmt":"2018-08-14T08:00:31","guid":{"rendered":"http:\/\/www.elle.be\/fr\/?p=230608"},"modified":"2019-08-21T16:47:45","modified_gmt":"2019-08-21T14:47:45","slug":"linterview-crazy-festival-de-r-o-le-superman-de-lelectro-belge","status":"publish","type":"post","link":"https:\/\/www.elle.be\/fr\/230608-linterview-crazy-festival-de-r-o-le-superman-de-lelectro-belge.html","title":{"rendered":"L\u2019interview crazy festival de R.O, le superman de l&#8217;\u00e9lectro belge"},"content":{"rendered":"","protected":false},"excerpt":{"rendered":"Il est l\u2019\u00e9toile montante de l\u2019\u00e9lectro belge. ...","protected":false},"author":73,"featured_media":230611,"comment_status":"closed","ping_status":"closed","sticky":false,"template":"","format":"standard","meta":{"_acf_changed":false,"footnotes":""},"categories":[1186,2219],"tags":[253,265,303],"class_list":["post-230608","post","type-post","status-publish","format-standard","has-post-thumbnail","hentry","category-actu","category-culture","tag-festival","tag-musique","tag-culture"],"acf":[],"image_verticale":"","_yoast_wpseo_title":"L'interview crazy festival de R.O, le superman de l'\u00e9lectro - ELLE Belgique","_yoast_wpseo_metadesc":"Il est l\u2019\u00e9toile montante de l\u2019\u00e9lectro belge. Accompagn\u00e9 de Konoba, Olivier Rugi mieux connu sous le nom de (super) R.O fait cette ann\u00e9e le tour des plaines br\u00fbl\u00e9es par le soleil estival. Entre deux concerts, \u00e7a parle stress, chaises de chasse, mainstage et cr\u00e8me solaire avec ce superman des platines.","_yoast_wpseo_focuskw_text_input":"interview R.O","_yoast_wpseo_opengraph-title":null,"yoast_head":"<!-- This site is optimized with the Yoast SEO plugin v27.4 - https:\/\/yoast.com\/product\/yoast-seo-wordpress\/ -->\n<title>L&#039;interview crazy festival de R.O, le superman de l&#039;\u00e9lectro - ELLE Belgique<\/title>\n<meta name=\"description\" content=\"Il est l\u2019\u00e9toile montante de l\u2019\u00e9lectro belge. Accompagn\u00e9 de Konoba, Olivier Rugi mieux connu sous le nom de (super) R.O fait cette ann\u00e9e le tour des plaines br\u00fbl\u00e9es par le soleil estival. Entre deux concerts, \u00e7a parle stress, chaises de chasse, mainstage et cr\u00e8me solaire avec ce superman des platines.\" \/>\n<meta name=\"robots\" content=\"index, follow, max-snippet:-1, max-image-preview:large, max-video-preview:-1\" \/>\n<link rel=\"canonical\" href=\"https:\/\/www.elle.be\/fr\/230608-linterview-crazy-festival-de-r-o-le-superman-de-lelectro-belge.html\" \/>\n<link rel=\"next\" href=\"https:\/\/www.elle.be\/fr\/230608-linterview-crazy-festival-de-r-o-le-superman-de-lelectro-belge.html\/2\" \/>\n<meta property=\"og:locale\" content=\"fr_FR\" \/>\n<meta property=\"og:type\" content=\"article\" \/>\n<meta property=\"og:title\" content=\"L&#039;interview crazy festival de R.O, le superman de l&#039;\u00e9lectro - ELLE Belgique\" \/>\n<meta property=\"og:description\" content=\"Il est l\u2019\u00e9toile montante de l\u2019\u00e9lectro belge. Accompagn\u00e9 de Konoba, Olivier Rugi mieux connu sous le nom de (super) R.O fait cette ann\u00e9e le tour des plaines br\u00fbl\u00e9es par le soleil estival. Entre deux concerts, \u00e7a parle stress, chaises de chasse, mainstage et cr\u00e8me solaire avec ce superman des platines.\" \/>\n<meta property=\"og:url\" content=\"https:\/\/www.elle.be\/fr\/230608-linterview-crazy-festival-de-r-o-le-superman-de-lelectro-belge.html\" \/>\n<meta property=\"og:site_name\" content=\"ELLE.be\" \/>\n<meta property=\"article:publisher\" content=\"https:\/\/www.facebook.com\/ELLEbelgium\/\" \/>\n<meta property=\"article:published_time\" content=\"2018-08-14T08:00:31+00:00\" \/>\n<meta property=\"article:modified_time\" content=\"2019-08-21T14:47:45+00:00\" \/>\n<meta property=\"og:image\" content=\"https:\/\/www.elle.be\/fr\/wp-content\/uploads\/2018\/08\/RO.jpg\" \/>\n\t<meta property=\"og:image:width\" content=\"1194\" \/>\n\t<meta property=\"og:image:height\" content=\"600\" \/>\n\t<meta property=\"og:image:type\" content=\"image\/jpeg\" \/>\n<meta name=\"author\" content=\"Elo\u00efse Pirard\" \/>\n<meta name=\"twitter:card\" content=\"summary_large_image\" \/>\n<meta name=\"twitter:creator\" content=\"@ELLEBelgique\" \/>\n<meta name=\"twitter:site\" content=\"@ELLEBelgique\" \/>\n<meta name=\"twitter:label1\" content=\"\u00c9crit par\" \/>\n\t<meta name=\"twitter:data1\" content=\"Elo\u00efse Pirard\" \/>\n\t<meta name=\"twitter:label2\" content=\"Dur\u00e9e de lecture estim\u00e9e\" \/>\n\t<meta name=\"twitter:data2\" content=\"6 minutes\" \/>\n<script type=\"application\/ld+json\" class=\"yoast-schema-graph\">{\"@context\":\"https:\\\/\\\/schema.org\",\"@graph\":[{\"@type\":\"NewsArticle\",\"@id\":\"https:\\\/\\\/www.elle.be\\\/fr\\\/230608-linterview-crazy-festival-de-r-o-le-superman-de-lelectro-belge.html#article\",\"isPartOf\":{\"@id\":\"https:\\\/\\\/www.elle.be\\\/fr\\\/230608-linterview-crazy-festival-de-r-o-le-superman-de-lelectro-belge.html\"},\"author\":{\"name\":\"Elo\u00efse Pirard\",\"@id\":\"https:\\\/\\\/www.elle.be\\\/fr\\\/#\\\/schema\\\/person\\\/a2360849a8a4d85c4dcf46c649a8116c\"},\"headline\":\"L\u2019interview crazy festival de R.O, le superman de l&#8217;\u00e9lectro belge\",\"datePublished\":\"2018-08-14T08:00:31+00:00\",\"dateModified\":\"2019-08-21T14:47:45+00:00\",\"mainEntityOfPage\":{\"@id\":\"https:\\\/\\\/www.elle.be\\\/fr\\\/230608-linterview-crazy-festival-de-r-o-le-superman-de-lelectro-belge.html\"},\"wordCount\":1134,\"publisher\":{\"@id\":\"https:\\\/\\\/www.elle.be\\\/fr\\\/#organization\"},\"image\":{\"@id\":\"https:\\\/\\\/www.elle.be\\\/fr\\\/230608-linterview-crazy-festival-de-r-o-le-superman-de-lelectro-belge.html#primaryimage\"},\"thumbnailUrl\":\"https:\\\/\\\/www.elle.be\\\/fr\\\/wp-content\\\/uploads\\\/2018\\\/08\\\/RO.jpg\",\"keywords\":[\"festival\",\"musique\",\"culture\"],\"articleSection\":[\"Actu\",\"Culture\"],\"inLanguage\":\"fr-FR\"},{\"@type\":\"WebPage\",\"@id\":\"https:\\\/\\\/www.elle.be\\\/fr\\\/230608-linterview-crazy-festival-de-r-o-le-superman-de-lelectro-belge.html\",\"url\":\"https:\\\/\\\/www.elle.be\\\/fr\\\/230608-linterview-crazy-festival-de-r-o-le-superman-de-lelectro-belge.html\",\"name\":\"L'interview crazy festival de R.O, le superman de l'\u00e9lectro - ELLE Belgique\",\"isPartOf\":{\"@id\":\"https:\\\/\\\/www.elle.be\\\/fr\\\/#website\"},\"primaryImageOfPage\":{\"@id\":\"https:\\\/\\\/www.elle.be\\\/fr\\\/230608-linterview-crazy-festival-de-r-o-le-superman-de-lelectro-belge.html#primaryimage\"},\"image\":{\"@id\":\"https:\\\/\\\/www.elle.be\\\/fr\\\/230608-linterview-crazy-festival-de-r-o-le-superman-de-lelectro-belge.html#primaryimage\"},\"thumbnailUrl\":\"https:\\\/\\\/www.elle.be\\\/fr\\\/wp-content\\\/uploads\\\/2018\\\/08\\\/RO.jpg\",\"datePublished\":\"2018-08-14T08:00:31+00:00\",\"dateModified\":\"2019-08-21T14:47:45+00:00\",\"description\":\"Il est l\u2019\u00e9toile montante de l\u2019\u00e9lectro belge. Accompagn\u00e9 de Konoba, Olivier Rugi mieux connu sous le nom de (super) R.O fait cette ann\u00e9e le tour des plaines br\u00fbl\u00e9es par le soleil estival. Entre deux concerts, \u00e7a parle stress, chaises de chasse, mainstage et cr\u00e8me solaire avec ce superman des platines.\",\"breadcrumb\":{\"@id\":\"https:\\\/\\\/www.elle.be\\\/fr\\\/230608-linterview-crazy-festival-de-r-o-le-superman-de-lelectro-belge.html#breadcrumb\"},\"inLanguage\":\"fr-FR\",\"potentialAction\":[{\"@type\":\"ReadAction\",\"target\":[\"https:\\\/\\\/www.elle.be\\\/fr\\\/230608-linterview-crazy-festival-de-r-o-le-superman-de-lelectro-belge.html\"]}]},{\"@type\":\"ImageObject\",\"inLanguage\":\"fr-FR\",\"@id\":\"https:\\\/\\\/www.elle.be\\\/fr\\\/230608-linterview-crazy-festival-de-r-o-le-superman-de-lelectro-belge.html#primaryimage\",\"url\":\"https:\\\/\\\/www.elle.be\\\/fr\\\/wp-content\\\/uploads\\\/2018\\\/08\\\/RO.jpg\",\"contentUrl\":\"https:\\\/\\\/www.elle.be\\\/fr\\\/wp-content\\\/uploads\\\/2018\\\/08\\\/RO.jpg\",\"width\":1194,\"height\":600,\"caption\":\"RO - artiste\"},{\"@type\":\"BreadcrumbList\",\"@id\":\"https:\\\/\\\/www.elle.be\\\/fr\\\/230608-linterview-crazy-festival-de-r-o-le-superman-de-lelectro-belge.html#breadcrumb\",\"itemListElement\":[{\"@type\":\"ListItem\",\"position\":1,\"name\":\"FR\",\"item\":\"https:\\\/\\\/www.elle.be\\\/fr\"},{\"@type\":\"ListItem\",\"position\":2,\"name\":\"Actu\"}]},{\"@type\":\"WebSite\",\"@id\":\"https:\\\/\\\/www.elle.be\\\/fr\\\/#website\",\"url\":\"https:\\\/\\\/www.elle.be\\\/fr\\\/\",\"name\":\"ELLE.be\",\"description\":\"Toutes les infos mode, beaut\u00e9 et lifestyle les plus pointues ainsi qu&#039;un contenu 100% belge d\u00e9clin\u00e9 \u00e0 360\u00b0sur le site ELLE.be, nos r\u00e9seaux sociaux et notre cha\u00eene Youtube.\",\"publisher\":{\"@id\":\"https:\\\/\\\/www.elle.be\\\/fr\\\/#organization\"},\"potentialAction\":[{\"@type\":\"SearchAction\",\"target\":{\"@type\":\"EntryPoint\",\"urlTemplate\":\"https:\\\/\\\/www.elle.be\\\/fr\\\/?s={search_term_string}\"},\"query-input\":{\"@type\":\"PropertyValueSpecification\",\"valueRequired\":true,\"valueName\":\"search_term_string\"}}],\"inLanguage\":\"fr-FR\"},{\"@type\":\"Organization\",\"@id\":\"https:\\\/\\\/www.elle.be\\\/fr\\\/#organization\",\"name\":\"ELLE Belgique\",\"url\":\"https:\\\/\\\/www.elle.be\\\/fr\\\/\",\"logo\":{\"@type\":\"ImageObject\",\"inLanguage\":\"fr-FR\",\"@id\":\"https:\\\/\\\/www.elle.be\\\/fr\\\/#\\\/schema\\\/logo\\\/image\\\/\",\"url\":\"https:\\\/\\\/www.elle.be\\\/fr\\\/wp-content\\\/uploads\\\/2017\\\/03\\\/elle-icon-200px.jpeg\",\"contentUrl\":\"https:\\\/\\\/www.elle.be\\\/fr\\\/wp-content\\\/uploads\\\/2017\\\/03\\\/elle-icon-200px.jpeg\",\"width\":200,\"height\":200,\"caption\":\"ELLE Belgique\"},\"image\":{\"@id\":\"https:\\\/\\\/www.elle.be\\\/fr\\\/#\\\/schema\\\/logo\\\/image\\\/\"},\"sameAs\":[\"https:\\\/\\\/www.facebook.com\\\/ELLEbelgium\\\/\",\"https:\\\/\\\/x.com\\\/ELLEBelgique\",\"http:\\\/\\\/instagram.com\\\/ellebelgique\\\/\",\"https:\\\/\\\/www.pinterest.com\\\/ellebelgique\\\/\",\"https:\\\/\\\/www.youtube.com\\\/user\\\/ELLEbelgique1\"]},{\"@type\":\"Person\",\"@id\":\"https:\\\/\\\/www.elle.be\\\/fr\\\/#\\\/schema\\\/person\\\/a2360849a8a4d85c4dcf46c649a8116c\",\"name\":\"Elo\u00efse Pirard\",\"image\":{\"@type\":\"ImageObject\",\"inLanguage\":\"fr-FR\",\"@id\":\"https:\\\/\\\/www.elle.be\\\/fr\\\/wp-content\\\/uploads\\\/2018\\\/02\\\/eloise-150x150.jpg\",\"url\":\"https:\\\/\\\/www.elle.be\\\/fr\\\/wp-content\\\/uploads\\\/2018\\\/02\\\/eloise-150x150.jpg\",\"contentUrl\":\"https:\\\/\\\/www.elle.be\\\/fr\\\/wp-content\\\/uploads\\\/2018\\\/02\\\/eloise-150x150.jpg\",\"caption\":\"Elo\u00efse Pirard\"},\"url\":\"https:\\\/\\\/www.elle.be\\\/fr\\\/author\\\/eloise\"}]}<\/script>\n<!-- \/ Yoast SEO plugin. -->","yoast_head_json":{"title":"L'interview crazy festival de R.O, le superman de l'\u00e9lectro - ELLE Belgique","description":"Il est l\u2019\u00e9toile montante de l\u2019\u00e9lectro belge. Accompagn\u00e9 de Konoba, Olivier Rugi mieux connu sous le nom de (super) R.O fait cette ann\u00e9e le tour des plaines br\u00fbl\u00e9es par le soleil estival. Entre deux concerts, \u00e7a parle stress, chaises de chasse, mainstage et cr\u00e8me solaire avec ce superman des platines.","robots":{"index":"index","follow":"follow","max-snippet":"max-snippet:-1","max-image-preview":"max-image-preview:large","max-video-preview":"max-video-preview:-1"},"canonical":"https:\/\/www.elle.be\/fr\/230608-linterview-crazy-festival-de-r-o-le-superman-de-lelectro-belge.html","next":"https:\/\/www.elle.be\/fr\/230608-linterview-crazy-festival-de-r-o-le-superman-de-lelectro-belge.html\/2","og_locale":"fr_FR","og_type":"article","og_title":"L'interview crazy festival de R.O, le superman de l'\u00e9lectro - ELLE Belgique","og_description":"Il est l\u2019\u00e9toile montante de l\u2019\u00e9lectro belge. Accompagn\u00e9 de Konoba, Olivier Rugi mieux connu sous le nom de (super) R.O fait cette ann\u00e9e le tour des plaines br\u00fbl\u00e9es par le soleil estival. Entre deux concerts, \u00e7a parle stress, chaises de chasse, mainstage et cr\u00e8me solaire avec ce superman des platines.","og_url":"https:\/\/www.elle.be\/fr\/230608-linterview-crazy-festival-de-r-o-le-superman-de-lelectro-belge.html","og_site_name":"ELLE.be","article_publisher":"https:\/\/www.facebook.com\/ELLEbelgium\/","article_published_time":"2018-08-14T08:00:31+00:00","article_modified_time":"2019-08-21T14:47:45+00:00","og_image":[{"width":1194,"height":600,"url":"https:\/\/www.elle.be\/fr\/wp-content\/uploads\/2018\/08\/RO.jpg","type":"image\/jpeg"}],"author":"Elo\u00efse Pirard","twitter_card":"summary_large_image","twitter_creator":"@ELLEBelgique","twitter_site":"@ELLEBelgique","twitter_misc":{"\u00c9crit par":"Elo\u00efse Pirard","Dur\u00e9e de lecture estim\u00e9e":"6 minutes"},"schema":{"@context":"https:\/\/schema.org","@graph":[{"@type":"NewsArticle","@id":"https:\/\/www.elle.be\/fr\/230608-linterview-crazy-festival-de-r-o-le-superman-de-lelectro-belge.html#article","isPartOf":{"@id":"https:\/\/www.elle.be\/fr\/230608-linterview-crazy-festival-de-r-o-le-superman-de-lelectro-belge.html"},"author":{"name":"Elo\u00efse Pirard","@id":"https:\/\/www.elle.be\/fr\/#\/schema\/person\/a2360849a8a4d85c4dcf46c649a8116c"},"headline":"L\u2019interview crazy festival de R.O, le superman de l&#8217;\u00e9lectro belge","datePublished":"2018-08-14T08:00:31+00:00","dateModified":"2019-08-21T14:47:45+00:00","mainEntityOfPage":{"@id":"https:\/\/www.elle.be\/fr\/230608-linterview-crazy-festival-de-r-o-le-superman-de-lelectro-belge.html"},"wordCount":1134,"publisher":{"@id":"https:\/\/www.elle.be\/fr\/#organization"},"image":{"@id":"https:\/\/www.elle.be\/fr\/230608-linterview-crazy-festival-de-r-o-le-superman-de-lelectro-belge.html#primaryimage"},"thumbnailUrl":"https:\/\/www.elle.be\/fr\/wp-content\/uploads\/2018\/08\/RO.jpg","keywords":["festival","musique","culture"],"articleSection":["Actu","Culture"],"inLanguage":"fr-FR"},{"@type":"WebPage","@id":"https:\/\/www.elle.be\/fr\/230608-linterview-crazy-festival-de-r-o-le-superman-de-lelectro-belge.html","url":"https:\/\/www.elle.be\/fr\/230608-linterview-crazy-festival-de-r-o-le-superman-de-lelectro-belge.html","name":"L'interview crazy festival de R.O, le superman de l'\u00e9lectro - ELLE Belgique","isPartOf":{"@id":"https:\/\/www.elle.be\/fr\/#website"},"primaryImageOfPage":{"@id":"https:\/\/www.elle.be\/fr\/230608-linterview-crazy-festival-de-r-o-le-superman-de-lelectro-belge.html#primaryimage"},"image":{"@id":"https:\/\/www.elle.be\/fr\/230608-linterview-crazy-festival-de-r-o-le-superman-de-lelectro-belge.html#primaryimage"},"thumbnailUrl":"https:\/\/www.elle.be\/fr\/wp-content\/uploads\/2018\/08\/RO.jpg","datePublished":"2018-08-14T08:00:31+00:00","dateModified":"2019-08-21T14:47:45+00:00","description":"Il est l\u2019\u00e9toile montante de l\u2019\u00e9lectro belge. Accompagn\u00e9 de Konoba, Olivier Rugi mieux connu sous le nom de (super) R.O fait cette ann\u00e9e le tour des plaines br\u00fbl\u00e9es par le soleil estival. Entre deux concerts, \u00e7a parle stress, chaises de chasse, mainstage et cr\u00e8me solaire avec ce superman des platines.","breadcrumb":{"@id":"https:\/\/www.elle.be\/fr\/230608-linterview-crazy-festival-de-r-o-le-superman-de-lelectro-belge.html#breadcrumb"},"inLanguage":"fr-FR","potentialAction":[{"@type":"ReadAction","target":["https:\/\/www.elle.be\/fr\/230608-linterview-crazy-festival-de-r-o-le-superman-de-lelectro-belge.html"]}]},{"@type":"ImageObject","inLanguage":"fr-FR","@id":"https:\/\/www.elle.be\/fr\/230608-linterview-crazy-festival-de-r-o-le-superman-de-lelectro-belge.html#primaryimage","url":"https:\/\/www.elle.be\/fr\/wp-content\/uploads\/2018\/08\/RO.jpg","contentUrl":"https:\/\/www.elle.be\/fr\/wp-content\/uploads\/2018\/08\/RO.jpg","width":1194,"height":600,"caption":"RO - artiste"},{"@type":"BreadcrumbList","@id":"https:\/\/www.elle.be\/fr\/230608-linterview-crazy-festival-de-r-o-le-superman-de-lelectro-belge.html#breadcrumb","itemListElement":[{"@type":"ListItem","position":1,"name":"FR","item":"https:\/\/www.elle.be\/fr"},{"@type":"ListItem","position":2,"name":"Actu"}]},{"@type":"WebSite","@id":"https:\/\/www.elle.be\/fr\/#website","url":"https:\/\/www.elle.be\/fr\/","name":"ELLE.be","description":"Toutes les infos mode, beaut\u00e9 et lifestyle les plus pointues ainsi qu&#039;un contenu 100% belge d\u00e9clin\u00e9 \u00e0 360\u00b0sur le site ELLE.be, nos r\u00e9seaux sociaux et notre cha\u00eene Youtube.","publisher":{"@id":"https:\/\/www.elle.be\/fr\/#organization"},"potentialAction":[{"@type":"SearchAction","target":{"@type":"EntryPoint","urlTemplate":"https:\/\/www.elle.be\/fr\/?s={search_term_string}"},"query-input":{"@type":"PropertyValueSpecification","valueRequired":true,"valueName":"search_term_string"}}],"inLanguage":"fr-FR"},{"@type":"Organization","@id":"https:\/\/www.elle.be\/fr\/#organization","name":"ELLE Belgique","url":"https:\/\/www.elle.be\/fr\/","logo":{"@type":"ImageObject","inLanguage":"fr-FR","@id":"https:\/\/www.elle.be\/fr\/#\/schema\/logo\/image\/","url":"https:\/\/www.elle.be\/fr\/wp-content\/uploads\/2017\/03\/elle-icon-200px.jpeg","contentUrl":"https:\/\/www.elle.be\/fr\/wp-content\/uploads\/2017\/03\/elle-icon-200px.jpeg","width":200,"height":200,"caption":"ELLE Belgique"},"image":{"@id":"https:\/\/www.elle.be\/fr\/#\/schema\/logo\/image\/"},"sameAs":["https:\/\/www.facebook.com\/ELLEbelgium\/","https:\/\/x.com\/ELLEBelgique","http:\/\/instagram.com\/ellebelgique\/","https:\/\/www.pinterest.com\/ellebelgique\/","https:\/\/www.youtube.com\/user\/ELLEbelgique1"]},{"@type":"Person","@id":"https:\/\/www.elle.be\/fr\/#\/schema\/person\/a2360849a8a4d85c4dcf46c649a8116c","name":"Elo\u00efse Pirard","image":{"@type":"ImageObject","inLanguage":"fr-FR","@id":"https:\/\/www.elle.be\/fr\/wp-content\/uploads\/2018\/02\/eloise-150x150.jpg","url":"https:\/\/www.elle.be\/fr\/wp-content\/uploads\/2018\/02\/eloise-150x150.jpg","contentUrl":"https:\/\/www.elle.be\/fr\/wp-content\/uploads\/2018\/02\/eloise-150x150.jpg","caption":"Elo\u00efse Pirard"},"url":"https:\/\/www.elle.be\/fr\/author\/eloise"}]}},"_links":{"self":[{"href":"https:\/\/www.elle.be\/fr\/wp-json\/wp\/v2\/posts\/230608","targetHints":{"allow":["GET"]}}],"collection":[{"href":"https:\/\/www.elle.be\/fr\/wp-json\/wp\/v2\/posts"}],"about":[{"href":"https:\/\/www.elle.be\/fr\/wp-json\/wp\/v2\/types\/post"}],"author":[{"embeddable":true,"href":"https:\/\/www.elle.be\/fr\/wp-json\/wp\/v2\/users\/73"}],"replies":[{"embeddable":true,"href":"https:\/\/www.elle.be\/fr\/wp-json\/wp\/v2\/comments?post=230608"}],"version-history":[{"count":5,"href":"https:\/\/www.elle.be\/fr\/wp-json\/wp\/v2\/posts\/230608\/revisions"}],"predecessor-version":[{"id":274737,"href":"https:\/\/www.elle.be\/fr\/wp-json\/wp\/v2\/posts\/230608\/revisions\/274737"}],"wp:featuredmedia":[{"embeddable":true,"href":"https:\/\/www.elle.be\/fr\/wp-json\/wp\/v2\/media\/230611"}],"wp:attachment":[{"href":"https:\/\/www.elle.be\/fr\/wp-json\/wp\/v2\/media?parent=230608"}],"wp:term":[{"taxonomy":"category","embeddable":true,"href":"https:\/\/www.elle.be\/fr\/wp-json\/wp\/v2\/categories?post=230608"},{"taxonomy":"post_tag","embeddable":true,"href":"https:\/\/www.elle.be\/fr\/wp-json\/wp\/v2\/tags?post=230608"}],"curies":[{"name":"wp","href":"https:\/\/api.w.org\/{rel}","templated":true}]}}