{"id":230027,"date":"2018-08-10T11:16:46","date_gmt":"2018-08-10T09:16:46","guid":{"rendered":"https:\/\/www.elle.be\/fr\/?p=230027"},"modified":"2020-12-10T13:40:49","modified_gmt":"2020-12-10T12:40:49","slug":"a-quoi-ressemble-lappartement-de-friends-en-2018","status":"publish","type":"post","link":"https:\/\/www.elle.be\/fr\/230027-a-quoi-ressemble-lappartement-de-friends-en-2018.html","title":{"rendered":"\u00c0 quoi ressemble l&#8217;appartement de Friends en 2018 ?"},"content":{"rendered":"","protected":false},"excerpt":{"rendered":"Et si Monica avait d\u00e9cid\u00e9 de r\u00e9nover le c\u00e9l\u00e8bre appartement de Manhattan,\u00a0 squatt\u00e9 pendant dix saisons par la bande de Friends ?\nLa plateforme de dessin 3D, Modsy, l&#8217;a imagin\u00e9 pour nous ! Et \u00e7a semble plut\u00f4t tenir la route.","protected":false},"author":3,"featured_media":230035,"comment_status":"closed","ping_status":"closed","sticky":false,"template":"","format":"standard","meta":{"_acf_changed":false,"footnotes":""},"categories":[3269,3273],"tags":[],"class_list":["post-230027","post","type-post","status-publish","format-standard","has-post-thumbnail","hentry","category-elle-decoration","category-visites"],"acf":[],"image_verticale":"230036","_yoast_wpseo_title":null,"_yoast_wpseo_metadesc":"Et si Monica avait d\u00e9cid\u00e9 de r\u00e9nover le c\u00e9l\u00e8bre appartement de Friends, \u00e0 Manhattan ? \u00c7a a \u00e9t\u00e9 le QG pendant dix ans et maintenant, il s'est bien d\u00e9rid\u00e9 !","_yoast_wpseo_focuskw_text_input":"appartement de friends","_yoast_wpseo_opengraph-title":null,"yoast_head":"<!-- This site is optimized with the Yoast SEO plugin v27.4 - https:\/\/yoast.com\/product\/yoast-seo-wordpress\/ -->\n<title>\u00c0 quoi ressemble l&#039;appartement de Friends en 2018 ? - ELLE.be<\/title>\n<meta name=\"description\" content=\"Et si Monica avait d\u00e9cid\u00e9 de r\u00e9nover le c\u00e9l\u00e8bre appartement de Friends, \u00e0 Manhattan ? \u00c7a a \u00e9t\u00e9 le QG pendant dix ans et maintenant, il s&#039;est bien d\u00e9rid\u00e9 !\" \/>\n<meta name=\"robots\" content=\"index, follow, max-snippet:-1, max-image-preview:large, max-video-preview:-1\" \/>\n<link rel=\"canonical\" href=\"https:\/\/www.elle.be\/fr\/230027-a-quoi-ressemble-lappartement-de-friends-en-2018.html\" \/>\n<meta property=\"og:locale\" content=\"fr_FR\" \/>\n<meta property=\"og:type\" content=\"article\" \/>\n<meta property=\"og:title\" content=\"\u00c0 quoi ressemble l&#039;appartement de Friends en 2018 ? - ELLE.be\" \/>\n<meta property=\"og:description\" content=\"Et si Monica avait d\u00e9cid\u00e9 de r\u00e9nover le c\u00e9l\u00e8bre appartement de Friends, \u00e0 Manhattan ? \u00c7a a \u00e9t\u00e9 le QG pendant dix ans et maintenant, il s&#039;est bien d\u00e9rid\u00e9 !\" \/>\n<meta property=\"og:url\" content=\"https:\/\/www.elle.be\/fr\/230027-a-quoi-ressemble-lappartement-de-friends-en-2018.html\" \/>\n<meta property=\"og:site_name\" content=\"ELLE.be\" \/>\n<meta property=\"article:publisher\" content=\"https:\/\/www.facebook.com\/ELLEbelgium\/\" \/>\n<meta property=\"article:author\" content=\"https:\/\/www.facebook.com\/Marie-Gurin-1721050434849149\/\" \/>\n<meta property=\"article:published_time\" content=\"2018-08-10T09:16:46+00:00\" \/>\n<meta property=\"article:modified_time\" content=\"2020-12-10T12:40:49+00:00\" \/>\n<meta property=\"og:image\" content=\"https:\/\/www.elle.be\/fr\/wp-content\/uploads\/2018\/08\/appartement_friends_coverFB.jpg\" \/>\n\t<meta property=\"og:image:width\" content=\"1200\" \/>\n\t<meta property=\"og:image:height\" content=\"628\" \/>\n\t<meta property=\"og:image:type\" content=\"image\/jpeg\" \/>\n<meta name=\"author\" content=\"Marie Gu\u00e9rin\" \/>\n<meta name=\"twitter:card\" content=\"summary_large_image\" \/>\n<meta name=\"twitter:creator\" content=\"@marie_elle_be\" \/>\n<meta name=\"twitter:site\" content=\"@ELLEBelgique\" \/>\n<meta name=\"twitter:label1\" content=\"\u00c9crit par\" \/>\n\t<meta name=\"twitter:data1\" content=\"Marie Gu\u00e9rin\" \/>\n\t<meta name=\"twitter:label2\" content=\"Dur\u00e9e de lecture estim\u00e9e\" \/>\n\t<meta name=\"twitter:data2\" content=\"1 minute\" \/>\n<script type=\"application\/ld+json\" class=\"yoast-schema-graph\">{\"@context\":\"https:\\\/\\\/schema.org\",\"@graph\":[{\"@type\":\"NewsArticle\",\"@id\":\"https:\\\/\\\/www.elle.be\\\/fr\\\/230027-a-quoi-ressemble-lappartement-de-friends-en-2018.html#article\",\"isPartOf\":{\"@id\":\"https:\\\/\\\/www.elle.be\\\/fr\\\/230027-a-quoi-ressemble-lappartement-de-friends-en-2018.html\"},\"author\":{\"name\":\"Marie Gu\u00e9rin\",\"@id\":\"https:\\\/\\\/www.elle.be\\\/fr\\\/#\\\/schema\\\/person\\\/aa4e257722b2e3dd300f8fbdb031db01\"},\"headline\":\"\u00c0 quoi ressemble l&#8217;appartement de Friends en 2018 ?\",\"datePublished\":\"2018-08-10T09:16:46+00:00\",\"dateModified\":\"2020-12-10T12:40:49+00:00\",\"mainEntityOfPage\":{\"@id\":\"https:\\\/\\\/www.elle.be\\\/fr\\\/230027-a-quoi-ressemble-lappartement-de-friends-en-2018.html\"},\"wordCount\":278,\"publisher\":{\"@id\":\"https:\\\/\\\/www.elle.be\\\/fr\\\/#organization\"},\"image\":{\"@id\":\"https:\\\/\\\/www.elle.be\\\/fr\\\/230027-a-quoi-ressemble-lappartement-de-friends-en-2018.html#primaryimage\"},\"thumbnailUrl\":\"https:\\\/\\\/www.elle.be\\\/fr\\\/wp-content\\\/uploads\\\/2018\\\/08\\\/appartement_friends_coverFB.jpg\",\"articleSection\":[\"ELLE d\u00e9coration\",\"Visites\"],\"inLanguage\":\"fr-FR\"},{\"@type\":\"WebPage\",\"@id\":\"https:\\\/\\\/www.elle.be\\\/fr\\\/230027-a-quoi-ressemble-lappartement-de-friends-en-2018.html\",\"url\":\"https:\\\/\\\/www.elle.be\\\/fr\\\/230027-a-quoi-ressemble-lappartement-de-friends-en-2018.html\",\"name\":\"\u00c0 quoi ressemble l'appartement de Friends en 2018 ? - ELLE.be\",\"isPartOf\":{\"@id\":\"https:\\\/\\\/www.elle.be\\\/fr\\\/#website\"},\"primaryImageOfPage\":{\"@id\":\"https:\\\/\\\/www.elle.be\\\/fr\\\/230027-a-quoi-ressemble-lappartement-de-friends-en-2018.html#primaryimage\"},\"image\":{\"@id\":\"https:\\\/\\\/www.elle.be\\\/fr\\\/230027-a-quoi-ressemble-lappartement-de-friends-en-2018.html#primaryimage\"},\"thumbnailUrl\":\"https:\\\/\\\/www.elle.be\\\/fr\\\/wp-content\\\/uploads\\\/2018\\\/08\\\/appartement_friends_coverFB.jpg\",\"datePublished\":\"2018-08-10T09:16:46+00:00\",\"dateModified\":\"2020-12-10T12:40:49+00:00\",\"description\":\"Et si Monica avait d\u00e9cid\u00e9 de r\u00e9nover le c\u00e9l\u00e8bre appartement de Friends, \u00e0 Manhattan ? \u00c7a a \u00e9t\u00e9 le QG pendant dix ans et maintenant, il s'est bien d\u00e9rid\u00e9 !\",\"breadcrumb\":{\"@id\":\"https:\\\/\\\/www.elle.be\\\/fr\\\/230027-a-quoi-ressemble-lappartement-de-friends-en-2018.html#breadcrumb\"},\"inLanguage\":\"fr-FR\",\"potentialAction\":[{\"@type\":\"ReadAction\",\"target\":[\"https:\\\/\\\/www.elle.be\\\/fr\\\/230027-a-quoi-ressemble-lappartement-de-friends-en-2018.html\"]}]},{\"@type\":\"ImageObject\",\"inLanguage\":\"fr-FR\",\"@id\":\"https:\\\/\\\/www.elle.be\\\/fr\\\/230027-a-quoi-ressemble-lappartement-de-friends-en-2018.html#primaryimage\",\"url\":\"https:\\\/\\\/www.elle.be\\\/fr\\\/wp-content\\\/uploads\\\/2018\\\/08\\\/appartement_friends_coverFB.jpg\",\"contentUrl\":\"https:\\\/\\\/www.elle.be\\\/fr\\\/wp-content\\\/uploads\\\/2018\\\/08\\\/appartement_friends_coverFB.jpg\",\"width\":1200,\"height\":628,\"caption\":\"(c)modsy\"},{\"@type\":\"BreadcrumbList\",\"@id\":\"https:\\\/\\\/www.elle.be\\\/fr\\\/230027-a-quoi-ressemble-lappartement-de-friends-en-2018.html#breadcrumb\",\"itemListElement\":[{\"@type\":\"ListItem\",\"position\":1,\"name\":\"FR\",\"item\":\"https:\\\/\\\/www.elle.be\\\/fr\"},{\"@type\":\"ListItem\",\"position\":2,\"name\":\"ELLE d\u00e9coration\",\"item\":\"https:\\\/\\\/www.elle.be\\\/fr\\\/elle-decoration\"},{\"@type\":\"ListItem\",\"position\":3,\"name\":\"\u00c0 quoi ressemble l&rsquo;appartement de Friends en 2018 ?\"}]},{\"@type\":\"WebSite\",\"@id\":\"https:\\\/\\\/www.elle.be\\\/fr\\\/#website\",\"url\":\"https:\\\/\\\/www.elle.be\\\/fr\\\/\",\"name\":\"ELLE.be\",\"description\":\"Toutes les infos mode, beaut\u00e9 et lifestyle les plus pointues ainsi qu&#039;un contenu 100% belge d\u00e9clin\u00e9 \u00e0 360\u00b0sur le site ELLE.be, nos r\u00e9seaux sociaux et notre cha\u00eene Youtube.\",\"publisher\":{\"@id\":\"https:\\\/\\\/www.elle.be\\\/fr\\\/#organization\"},\"potentialAction\":[{\"@type\":\"SearchAction\",\"target\":{\"@type\":\"EntryPoint\",\"urlTemplate\":\"https:\\\/\\\/www.elle.be\\\/fr\\\/?s={search_term_string}\"},\"query-input\":{\"@type\":\"PropertyValueSpecification\",\"valueRequired\":true,\"valueName\":\"search_term_string\"}}],\"inLanguage\":\"fr-FR\"},{\"@type\":\"Organization\",\"@id\":\"https:\\\/\\\/www.elle.be\\\/fr\\\/#organization\",\"name\":\"ELLE Belgique\",\"url\":\"https:\\\/\\\/www.elle.be\\\/fr\\\/\",\"logo\":{\"@type\":\"ImageObject\",\"inLanguage\":\"fr-FR\",\"@id\":\"https:\\\/\\\/www.elle.be\\\/fr\\\/#\\\/schema\\\/logo\\\/image\\\/\",\"url\":\"https:\\\/\\\/www.elle.be\\\/fr\\\/wp-content\\\/uploads\\\/2017\\\/03\\\/elle-icon-200px.jpeg\",\"contentUrl\":\"https:\\\/\\\/www.elle.be\\\/fr\\\/wp-content\\\/uploads\\\/2017\\\/03\\\/elle-icon-200px.jpeg\",\"width\":200,\"height\":200,\"caption\":\"ELLE Belgique\"},\"image\":{\"@id\":\"https:\\\/\\\/www.elle.be\\\/fr\\\/#\\\/schema\\\/logo\\\/image\\\/\"},\"sameAs\":[\"https:\\\/\\\/www.facebook.com\\\/ELLEbelgium\\\/\",\"https:\\\/\\\/x.com\\\/ELLEBelgique\",\"http:\\\/\\\/instagram.com\\\/ellebelgique\\\/\",\"https:\\\/\\\/www.pinterest.com\\\/ellebelgique\\\/\",\"https:\\\/\\\/www.youtube.com\\\/user\\\/ELLEbelgique1\"]},{\"@type\":\"Person\",\"@id\":\"https:\\\/\\\/www.elle.be\\\/fr\\\/#\\\/schema\\\/person\\\/aa4e257722b2e3dd300f8fbdb031db01\",\"name\":\"Marie Gu\u00e9rin\",\"image\":{\"@type\":\"ImageObject\",\"inLanguage\":\"fr-FR\",\"@id\":\"https:\\\/\\\/www.elle.be\\\/fr\\\/wp-content\\\/uploads\\\/2017\\\/03\\\/IMG_4442-96x96.jpg\",\"url\":\"https:\\\/\\\/www.elle.be\\\/fr\\\/wp-content\\\/uploads\\\/2017\\\/03\\\/IMG_4442-96x96.jpg\",\"contentUrl\":\"https:\\\/\\\/www.elle.be\\\/fr\\\/wp-content\\\/uploads\\\/2017\\\/03\\\/IMG_4442-96x96.jpg\",\"caption\":\"Marie Gu\u00e9rin\"},\"description\":\"Obs\u00e9d\u00e9e par les stilettos et tout ce qui facilite la marche \u00e0 pied, cette journaliste sportive (ou pas) sillonne pour vous le monde entier (et la Belgique le reste du temps) \u00e0 la recherche de l'actu mode, beaut\u00e9, lifestyle et de ses meilleurs bons plans.\",\"sameAs\":[\"https:\\\/\\\/www.facebook.com\\\/Marie-Gurin-1721050434849149\\\/\",\"https:\\\/\\\/www.instagram.com\\\/marie_elle_be\\\/\",\"https:\\\/\\\/x.com\\\/marie_elle_be\"],\"url\":\"https:\\\/\\\/www.elle.be\\\/fr\\\/author\\\/marie\"}]}<\/script>\n<!-- \/ Yoast SEO plugin. -->","yoast_head_json":{"title":"\u00c0 quoi ressemble l'appartement de Friends en 2018 ? - ELLE.be","description":"Et si Monica avait d\u00e9cid\u00e9 de r\u00e9nover le c\u00e9l\u00e8bre appartement de Friends, \u00e0 Manhattan ? \u00c7a a \u00e9t\u00e9 le QG pendant dix ans et maintenant, il s'est bien d\u00e9rid\u00e9 !","robots":{"index":"index","follow":"follow","max-snippet":"max-snippet:-1","max-image-preview":"max-image-preview:large","max-video-preview":"max-video-preview:-1"},"canonical":"https:\/\/www.elle.be\/fr\/230027-a-quoi-ressemble-lappartement-de-friends-en-2018.html","og_locale":"fr_FR","og_type":"article","og_title":"\u00c0 quoi ressemble l'appartement de Friends en 2018 ? - ELLE.be","og_description":"Et si Monica avait d\u00e9cid\u00e9 de r\u00e9nover le c\u00e9l\u00e8bre appartement de Friends, \u00e0 Manhattan ? \u00c7a a \u00e9t\u00e9 le QG pendant dix ans et maintenant, il s'est bien d\u00e9rid\u00e9 !","og_url":"https:\/\/www.elle.be\/fr\/230027-a-quoi-ressemble-lappartement-de-friends-en-2018.html","og_site_name":"ELLE.be","article_publisher":"https:\/\/www.facebook.com\/ELLEbelgium\/","article_author":"https:\/\/www.facebook.com\/Marie-Gurin-1721050434849149\/","article_published_time":"2018-08-10T09:16:46+00:00","article_modified_time":"2020-12-10T12:40:49+00:00","og_image":[{"width":1200,"height":628,"url":"https:\/\/www.elle.be\/fr\/wp-content\/uploads\/2018\/08\/appartement_friends_coverFB.jpg","type":"image\/jpeg"}],"author":"Marie Gu\u00e9rin","twitter_card":"summary_large_image","twitter_creator":"@marie_elle_be","twitter_site":"@ELLEBelgique","twitter_misc":{"\u00c9crit par":"Marie Gu\u00e9rin","Dur\u00e9e de lecture estim\u00e9e":"1 minute"},"schema":{"@context":"https:\/\/schema.org","@graph":[{"@type":"NewsArticle","@id":"https:\/\/www.elle.be\/fr\/230027-a-quoi-ressemble-lappartement-de-friends-en-2018.html#article","isPartOf":{"@id":"https:\/\/www.elle.be\/fr\/230027-a-quoi-ressemble-lappartement-de-friends-en-2018.html"},"author":{"name":"Marie Gu\u00e9rin","@id":"https:\/\/www.elle.be\/fr\/#\/schema\/person\/aa4e257722b2e3dd300f8fbdb031db01"},"headline":"\u00c0 quoi ressemble l&#8217;appartement de Friends en 2018 ?","datePublished":"2018-08-10T09:16:46+00:00","dateModified":"2020-12-10T12:40:49+00:00","mainEntityOfPage":{"@id":"https:\/\/www.elle.be\/fr\/230027-a-quoi-ressemble-lappartement-de-friends-en-2018.html"},"wordCount":278,"publisher":{"@id":"https:\/\/www.elle.be\/fr\/#organization"},"image":{"@id":"https:\/\/www.elle.be\/fr\/230027-a-quoi-ressemble-lappartement-de-friends-en-2018.html#primaryimage"},"thumbnailUrl":"https:\/\/www.elle.be\/fr\/wp-content\/uploads\/2018\/08\/appartement_friends_coverFB.jpg","articleSection":["ELLE d\u00e9coration","Visites"],"inLanguage":"fr-FR"},{"@type":"WebPage","@id":"https:\/\/www.elle.be\/fr\/230027-a-quoi-ressemble-lappartement-de-friends-en-2018.html","url":"https:\/\/www.elle.be\/fr\/230027-a-quoi-ressemble-lappartement-de-friends-en-2018.html","name":"\u00c0 quoi ressemble l'appartement de Friends en 2018 ? - ELLE.be","isPartOf":{"@id":"https:\/\/www.elle.be\/fr\/#website"},"primaryImageOfPage":{"@id":"https:\/\/www.elle.be\/fr\/230027-a-quoi-ressemble-lappartement-de-friends-en-2018.html#primaryimage"},"image":{"@id":"https:\/\/www.elle.be\/fr\/230027-a-quoi-ressemble-lappartement-de-friends-en-2018.html#primaryimage"},"thumbnailUrl":"https:\/\/www.elle.be\/fr\/wp-content\/uploads\/2018\/08\/appartement_friends_coverFB.jpg","datePublished":"2018-08-10T09:16:46+00:00","dateModified":"2020-12-10T12:40:49+00:00","description":"Et si Monica avait d\u00e9cid\u00e9 de r\u00e9nover le c\u00e9l\u00e8bre appartement de Friends, \u00e0 Manhattan ? \u00c7a a \u00e9t\u00e9 le QG pendant dix ans et maintenant, il s'est bien d\u00e9rid\u00e9 !","breadcrumb":{"@id":"https:\/\/www.elle.be\/fr\/230027-a-quoi-ressemble-lappartement-de-friends-en-2018.html#breadcrumb"},"inLanguage":"fr-FR","potentialAction":[{"@type":"ReadAction","target":["https:\/\/www.elle.be\/fr\/230027-a-quoi-ressemble-lappartement-de-friends-en-2018.html"]}]},{"@type":"ImageObject","inLanguage":"fr-FR","@id":"https:\/\/www.elle.be\/fr\/230027-a-quoi-ressemble-lappartement-de-friends-en-2018.html#primaryimage","url":"https:\/\/www.elle.be\/fr\/wp-content\/uploads\/2018\/08\/appartement_friends_coverFB.jpg","contentUrl":"https:\/\/www.elle.be\/fr\/wp-content\/uploads\/2018\/08\/appartement_friends_coverFB.jpg","width":1200,"height":628,"caption":"(c)modsy"},{"@type":"BreadcrumbList","@id":"https:\/\/www.elle.be\/fr\/230027-a-quoi-ressemble-lappartement-de-friends-en-2018.html#breadcrumb","itemListElement":[{"@type":"ListItem","position":1,"name":"FR","item":"https:\/\/www.elle.be\/fr"},{"@type":"ListItem","position":2,"name":"ELLE d\u00e9coration","item":"https:\/\/www.elle.be\/fr\/elle-decoration"},{"@type":"ListItem","position":3,"name":"\u00c0 quoi ressemble l&rsquo;appartement de Friends en 2018 ?"}]},{"@type":"WebSite","@id":"https:\/\/www.elle.be\/fr\/#website","url":"https:\/\/www.elle.be\/fr\/","name":"ELLE.be","description":"Toutes les infos mode, beaut\u00e9 et lifestyle les plus pointues ainsi qu&#039;un contenu 100% belge d\u00e9clin\u00e9 \u00e0 360\u00b0sur le site ELLE.be, nos r\u00e9seaux sociaux et notre cha\u00eene Youtube.","publisher":{"@id":"https:\/\/www.elle.be\/fr\/#organization"},"potentialAction":[{"@type":"SearchAction","target":{"@type":"EntryPoint","urlTemplate":"https:\/\/www.elle.be\/fr\/?s={search_term_string}"},"query-input":{"@type":"PropertyValueSpecification","valueRequired":true,"valueName":"search_term_string"}}],"inLanguage":"fr-FR"},{"@type":"Organization","@id":"https:\/\/www.elle.be\/fr\/#organization","name":"ELLE Belgique","url":"https:\/\/www.elle.be\/fr\/","logo":{"@type":"ImageObject","inLanguage":"fr-FR","@id":"https:\/\/www.elle.be\/fr\/#\/schema\/logo\/image\/","url":"https:\/\/www.elle.be\/fr\/wp-content\/uploads\/2017\/03\/elle-icon-200px.jpeg","contentUrl":"https:\/\/www.elle.be\/fr\/wp-content\/uploads\/2017\/03\/elle-icon-200px.jpeg","width":200,"height":200,"caption":"ELLE Belgique"},"image":{"@id":"https:\/\/www.elle.be\/fr\/#\/schema\/logo\/image\/"},"sameAs":["https:\/\/www.facebook.com\/ELLEbelgium\/","https:\/\/x.com\/ELLEBelgique","http:\/\/instagram.com\/ellebelgique\/","https:\/\/www.pinterest.com\/ellebelgique\/","https:\/\/www.youtube.com\/user\/ELLEbelgique1"]},{"@type":"Person","@id":"https:\/\/www.elle.be\/fr\/#\/schema\/person\/aa4e257722b2e3dd300f8fbdb031db01","name":"Marie Gu\u00e9rin","image":{"@type":"ImageObject","inLanguage":"fr-FR","@id":"https:\/\/www.elle.be\/fr\/wp-content\/uploads\/2017\/03\/IMG_4442-96x96.jpg","url":"https:\/\/www.elle.be\/fr\/wp-content\/uploads\/2017\/03\/IMG_4442-96x96.jpg","contentUrl":"https:\/\/www.elle.be\/fr\/wp-content\/uploads\/2017\/03\/IMG_4442-96x96.jpg","caption":"Marie Gu\u00e9rin"},"description":"Obs\u00e9d\u00e9e par les stilettos et tout ce qui facilite la marche \u00e0 pied, cette journaliste sportive (ou pas) sillonne pour vous le monde entier (et la Belgique le reste du temps) \u00e0 la recherche de l'actu mode, beaut\u00e9, lifestyle et de ses meilleurs bons plans.","sameAs":["https:\/\/www.facebook.com\/Marie-Gurin-1721050434849149\/","https:\/\/www.instagram.com\/marie_elle_be\/","https:\/\/x.com\/marie_elle_be"],"url":"https:\/\/www.elle.be\/fr\/author\/marie"}]}},"_links":{"self":[{"href":"https:\/\/www.elle.be\/fr\/wp-json\/wp\/v2\/posts\/230027","targetHints":{"allow":["GET"]}}],"collection":[{"href":"https:\/\/www.elle.be\/fr\/wp-json\/wp\/v2\/posts"}],"about":[{"href":"https:\/\/www.elle.be\/fr\/wp-json\/wp\/v2\/types\/post"}],"author":[{"embeddable":true,"href":"https:\/\/www.elle.be\/fr\/wp-json\/wp\/v2\/users\/3"}],"replies":[{"embeddable":true,"href":"https:\/\/www.elle.be\/fr\/wp-json\/wp\/v2\/comments?post=230027"}],"version-history":[{"count":3,"href":"https:\/\/www.elle.be\/fr\/wp-json\/wp\/v2\/posts\/230027\/revisions"}],"predecessor-version":[{"id":312517,"href":"https:\/\/www.elle.be\/fr\/wp-json\/wp\/v2\/posts\/230027\/revisions\/312517"}],"wp:featuredmedia":[{"embeddable":true,"href":"https:\/\/www.elle.be\/fr\/wp-json\/wp\/v2\/media\/230035"}],"wp:attachment":[{"href":"https:\/\/www.elle.be\/fr\/wp-json\/wp\/v2\/media?parent=230027"}],"wp:term":[{"taxonomy":"category","embeddable":true,"href":"https:\/\/www.elle.be\/fr\/wp-json\/wp\/v2\/categories?post=230027"},{"taxonomy":"post_tag","embeddable":true,"href":"https:\/\/www.elle.be\/fr\/wp-json\/wp\/v2\/tags?post=230027"}],"curies":[{"name":"wp","href":"https:\/\/api.w.org\/{rel}","templated":true}]}}