{"id":229942,"date":"2018-08-09T15:22:15","date_gmt":"2018-08-09T13:22:15","guid":{"rendered":"https:\/\/www.elle.be\/fr\/?p=229942"},"modified":"2018-08-09T15:22:15","modified_gmt":"2018-08-09T13:22:15","slug":"comment-eviter-davoir-le-teint-qui-brille-en-ete","status":"publish","type":"post","link":"https:\/\/www.elle.be\/fr\/229942-comment-eviter-davoir-le-teint-qui-brille-en-ete.html","title":{"rendered":"Comment \u00e9viter d&#8217;avoir le teint qui brille en \u00e9t\u00e9 ?"},"content":{"rendered":"","protected":false},"excerpt":{"rendered":"Il fait chaud, on transpire et on se tartine de cr\u00e8me solaire \u2026 mais comment faire pour \u00e9viter de trop briller en \u00e9t\u00e9\u00a0? Les conseils pratiques de notre expert beaut\u00e9 Jean Rausin de Cosmeticary.","protected":false},"author":4,"featured_media":229943,"comment_status":"closed","ping_status":"closed","sticky":false,"template":"","format":"standard","meta":{"_acf_changed":false,"footnotes":""},"categories":[2842,2207],"tags":[593,824],"class_list":["post-229942","post","type-post","status-publish","format-standard","has-post-thumbnail","hentry","category-beaute","category-make-up","tag-maquillage","tag-beaute-2"],"acf":[],"image_verticale":"","_yoast_wpseo_title":null,"_yoast_wpseo_metadesc":null,"_yoast_wpseo_focuskw_text_input":"teint qui brille","_yoast_wpseo_opengraph-title":null,"yoast_head":"<!-- This site is optimized with the Yoast SEO plugin v27.4 - https:\/\/yoast.com\/product\/yoast-seo-wordpress\/ -->\n<title>Comment \u00e9viter d&#039;avoir le teint qui brille en \u00e9t\u00e9 ? - ELLE.be<\/title>\n<meta name=\"description\" content=\"Il fait chaud, on transpire et on se tartine de cr\u00e8me solaire \u2026 mais comment faire pour \u00e9viter de trop briller en \u00e9t\u00e9\u00a0? Les conseils pratiques de notre\" \/>\n<meta name=\"robots\" content=\"index, follow, max-snippet:-1, max-image-preview:large, max-video-preview:-1\" \/>\n<link rel=\"canonical\" href=\"https:\/\/www.elle.be\/fr\/229942-comment-eviter-davoir-le-teint-qui-brille-en-ete.html\" \/>\n<link rel=\"next\" href=\"https:\/\/www.elle.be\/fr\/229942-comment-eviter-davoir-le-teint-qui-brille-en-ete.html\/2\" \/>\n<meta property=\"og:locale\" content=\"fr_FR\" \/>\n<meta property=\"og:type\" content=\"article\" \/>\n<meta property=\"og:title\" content=\"Comment \u00e9viter d&#039;avoir le teint qui brille en \u00e9t\u00e9 ? - ELLE.be\" \/>\n<meta property=\"og:description\" content=\"Il fait chaud, on transpire et on se tartine de cr\u00e8me solaire \u2026 mais comment faire pour \u00e9viter de trop briller en \u00e9t\u00e9\u00a0? Les conseils pratiques de notre\" \/>\n<meta property=\"og:url\" content=\"https:\/\/www.elle.be\/fr\/229942-comment-eviter-davoir-le-teint-qui-brille-en-ete.html\" \/>\n<meta property=\"og:site_name\" content=\"ELLE.be\" \/>\n<meta property=\"article:publisher\" content=\"https:\/\/www.facebook.com\/ELLEbelgium\/\" \/>\n<meta property=\"article:author\" content=\"https:\/\/www.facebook.com\/vekemans.mary\" \/>\n<meta property=\"article:published_time\" content=\"2018-08-09T13:22:15+00:00\" \/>\n<meta property=\"og:image\" content=\"https:\/\/www.elle.be\/fr\/wp-content\/uploads\/2018\/08\/rihanna.jpg\" \/>\n\t<meta property=\"og:image:width\" content=\"1200\" \/>\n\t<meta property=\"og:image:height\" content=\"628\" \/>\n\t<meta property=\"og:image:type\" content=\"image\/jpeg\" \/>\n<meta name=\"author\" content=\"Marie-No\u00eblle Vekemans\" \/>\n<meta name=\"twitter:card\" content=\"summary_large_image\" \/>\n<meta name=\"twitter:creator\" content=\"@ELLEBelgique\" \/>\n<meta name=\"twitter:site\" content=\"@ELLEBelgique\" \/>\n<meta name=\"twitter:label1\" content=\"\u00c9crit par\" \/>\n\t<meta name=\"twitter:data1\" content=\"Marie-No\u00eblle Vekemans\" \/>\n\t<meta name=\"twitter:label2\" content=\"Dur\u00e9e de lecture estim\u00e9e\" \/>\n\t<meta name=\"twitter:data2\" content=\"2 minutes\" \/>\n<script type=\"application\/ld+json\" class=\"yoast-schema-graph\">{\"@context\":\"https:\\\/\\\/schema.org\",\"@graph\":[{\"@type\":\"NewsArticle\",\"@id\":\"https:\\\/\\\/www.elle.be\\\/fr\\\/229942-comment-eviter-davoir-le-teint-qui-brille-en-ete.html#article\",\"isPartOf\":{\"@id\":\"https:\\\/\\\/www.elle.be\\\/fr\\\/229942-comment-eviter-davoir-le-teint-qui-brille-en-ete.html\"},\"author\":{\"name\":\"Marie-No\u00eblle Vekemans\",\"@id\":\"https:\\\/\\\/www.elle.be\\\/fr\\\/#\\\/schema\\\/person\\\/6bec7b95a22c85dde0b8e5c823ed7f1c\"},\"headline\":\"Comment \u00e9viter d&#8217;avoir le teint qui brille en \u00e9t\u00e9 ?\",\"datePublished\":\"2018-08-09T13:22:15+00:00\",\"mainEntityOfPage\":{\"@id\":\"https:\\\/\\\/www.elle.be\\\/fr\\\/229942-comment-eviter-davoir-le-teint-qui-brille-en-ete.html\"},\"wordCount\":494,\"publisher\":{\"@id\":\"https:\\\/\\\/www.elle.be\\\/fr\\\/#organization\"},\"image\":{\"@id\":\"https:\\\/\\\/www.elle.be\\\/fr\\\/229942-comment-eviter-davoir-le-teint-qui-brille-en-ete.html#primaryimage\"},\"thumbnailUrl\":\"https:\\\/\\\/www.elle.be\\\/fr\\\/wp-content\\\/uploads\\\/2018\\\/08\\\/rihanna.jpg\",\"keywords\":[\"maquillage\",\"beaut\u00e9\"],\"articleSection\":[\"Beaut\u00e9\",\"Make-Up\"],\"inLanguage\":\"fr-FR\"},{\"@type\":\"WebPage\",\"@id\":\"https:\\\/\\\/www.elle.be\\\/fr\\\/229942-comment-eviter-davoir-le-teint-qui-brille-en-ete.html\",\"url\":\"https:\\\/\\\/www.elle.be\\\/fr\\\/229942-comment-eviter-davoir-le-teint-qui-brille-en-ete.html\",\"name\":\"Comment \u00e9viter d'avoir le teint qui brille en \u00e9t\u00e9 ? - ELLE.be\",\"isPartOf\":{\"@id\":\"https:\\\/\\\/www.elle.be\\\/fr\\\/#website\"},\"primaryImageOfPage\":{\"@id\":\"https:\\\/\\\/www.elle.be\\\/fr\\\/229942-comment-eviter-davoir-le-teint-qui-brille-en-ete.html#primaryimage\"},\"image\":{\"@id\":\"https:\\\/\\\/www.elle.be\\\/fr\\\/229942-comment-eviter-davoir-le-teint-qui-brille-en-ete.html#primaryimage\"},\"thumbnailUrl\":\"https:\\\/\\\/www.elle.be\\\/fr\\\/wp-content\\\/uploads\\\/2018\\\/08\\\/rihanna.jpg\",\"datePublished\":\"2018-08-09T13:22:15+00:00\",\"description\":\"Il fait chaud, on transpire et on se tartine de cr\u00e8me solaire \u2026 mais comment faire pour \u00e9viter de trop briller en \u00e9t\u00e9\u00a0? Les conseils pratiques de notre\",\"breadcrumb\":{\"@id\":\"https:\\\/\\\/www.elle.be\\\/fr\\\/229942-comment-eviter-davoir-le-teint-qui-brille-en-ete.html#breadcrumb\"},\"inLanguage\":\"fr-FR\",\"potentialAction\":[{\"@type\":\"ReadAction\",\"target\":[\"https:\\\/\\\/www.elle.be\\\/fr\\\/229942-comment-eviter-davoir-le-teint-qui-brille-en-ete.html\"]}]},{\"@type\":\"ImageObject\",\"inLanguage\":\"fr-FR\",\"@id\":\"https:\\\/\\\/www.elle.be\\\/fr\\\/229942-comment-eviter-davoir-le-teint-qui-brille-en-ete.html#primaryimage\",\"url\":\"https:\\\/\\\/www.elle.be\\\/fr\\\/wp-content\\\/uploads\\\/2018\\\/08\\\/rihanna.jpg\",\"contentUrl\":\"https:\\\/\\\/www.elle.be\\\/fr\\\/wp-content\\\/uploads\\\/2018\\\/08\\\/rihanna.jpg\",\"width\":1200,\"height\":628},{\"@type\":\"BreadcrumbList\",\"@id\":\"https:\\\/\\\/www.elle.be\\\/fr\\\/229942-comment-eviter-davoir-le-teint-qui-brille-en-ete.html#breadcrumb\",\"itemListElement\":[{\"@type\":\"ListItem\",\"position\":1,\"name\":\"FR\",\"item\":\"https:\\\/\\\/www.elle.be\\\/fr\"},{\"@type\":\"ListItem\",\"position\":2,\"name\":\"Beaut\u00e9\",\"item\":\"https:\\\/\\\/www.elle.be\\\/fr\\\/beaute\"},{\"@type\":\"ListItem\",\"position\":3,\"name\":\"Make-Up\"}]},{\"@type\":\"WebSite\",\"@id\":\"https:\\\/\\\/www.elle.be\\\/fr\\\/#website\",\"url\":\"https:\\\/\\\/www.elle.be\\\/fr\\\/\",\"name\":\"ELLE.be\",\"description\":\"Toutes les infos mode, beaut\u00e9 et lifestyle les plus pointues ainsi qu&#039;un contenu 100% belge d\u00e9clin\u00e9 \u00e0 360\u00b0sur le site ELLE.be, nos r\u00e9seaux sociaux et notre cha\u00eene Youtube.\",\"publisher\":{\"@id\":\"https:\\\/\\\/www.elle.be\\\/fr\\\/#organization\"},\"potentialAction\":[{\"@type\":\"SearchAction\",\"target\":{\"@type\":\"EntryPoint\",\"urlTemplate\":\"https:\\\/\\\/www.elle.be\\\/fr\\\/?s={search_term_string}\"},\"query-input\":{\"@type\":\"PropertyValueSpecification\",\"valueRequired\":true,\"valueName\":\"search_term_string\"}}],\"inLanguage\":\"fr-FR\"},{\"@type\":\"Organization\",\"@id\":\"https:\\\/\\\/www.elle.be\\\/fr\\\/#organization\",\"name\":\"ELLE Belgique\",\"url\":\"https:\\\/\\\/www.elle.be\\\/fr\\\/\",\"logo\":{\"@type\":\"ImageObject\",\"inLanguage\":\"fr-FR\",\"@id\":\"https:\\\/\\\/www.elle.be\\\/fr\\\/#\\\/schema\\\/logo\\\/image\\\/\",\"url\":\"https:\\\/\\\/www.elle.be\\\/fr\\\/wp-content\\\/uploads\\\/2017\\\/03\\\/elle-icon-200px.jpeg\",\"contentUrl\":\"https:\\\/\\\/www.elle.be\\\/fr\\\/wp-content\\\/uploads\\\/2017\\\/03\\\/elle-icon-200px.jpeg\",\"width\":200,\"height\":200,\"caption\":\"ELLE Belgique\"},\"image\":{\"@id\":\"https:\\\/\\\/www.elle.be\\\/fr\\\/#\\\/schema\\\/logo\\\/image\\\/\"},\"sameAs\":[\"https:\\\/\\\/www.facebook.com\\\/ELLEbelgium\\\/\",\"https:\\\/\\\/x.com\\\/ELLEBelgique\",\"http:\\\/\\\/instagram.com\\\/ellebelgique\\\/\",\"https:\\\/\\\/www.pinterest.com\\\/ellebelgique\\\/\",\"https:\\\/\\\/www.youtube.com\\\/user\\\/ELLEbelgique1\"]},{\"@type\":\"Person\",\"@id\":\"https:\\\/\\\/www.elle.be\\\/fr\\\/#\\\/schema\\\/person\\\/6bec7b95a22c85dde0b8e5c823ed7f1c\",\"name\":\"Marie-No\u00eblle Vekemans\",\"image\":{\"@type\":\"ImageObject\",\"inLanguage\":\"fr-FR\",\"@id\":\"https:\\\/\\\/www.elle.be\\\/fr\\\/wp-content\\\/uploads\\\/2017\\\/03\\\/elle_marie-noelle-96x96.jpg\",\"url\":\"https:\\\/\\\/www.elle.be\\\/fr\\\/wp-content\\\/uploads\\\/2017\\\/03\\\/elle_marie-noelle-96x96.jpg\",\"contentUrl\":\"https:\\\/\\\/www.elle.be\\\/fr\\\/wp-content\\\/uploads\\\/2017\\\/03\\\/elle_marie-noelle-96x96.jpg\",\"caption\":\"Marie-No\u00eblle Vekemans\"},\"sameAs\":[\"https:\\\/\\\/www.facebook.com\\\/vekemans.mary\",\"http:\\\/\\\/instagram.com\\\/maryvekemans\"],\"url\":\"https:\\\/\\\/www.elle.be\\\/fr\\\/author\\\/marie-noelle\"}]}<\/script>\n<!-- \/ Yoast SEO plugin. -->","yoast_head_json":{"title":"Comment \u00e9viter d'avoir le teint qui brille en \u00e9t\u00e9 ? - ELLE.be","description":"Il fait chaud, on transpire et on se tartine de cr\u00e8me solaire \u2026 mais comment faire pour \u00e9viter de trop briller en \u00e9t\u00e9\u00a0? Les conseils pratiques de notre","robots":{"index":"index","follow":"follow","max-snippet":"max-snippet:-1","max-image-preview":"max-image-preview:large","max-video-preview":"max-video-preview:-1"},"canonical":"https:\/\/www.elle.be\/fr\/229942-comment-eviter-davoir-le-teint-qui-brille-en-ete.html","next":"https:\/\/www.elle.be\/fr\/229942-comment-eviter-davoir-le-teint-qui-brille-en-ete.html\/2","og_locale":"fr_FR","og_type":"article","og_title":"Comment \u00e9viter d'avoir le teint qui brille en \u00e9t\u00e9 ? - ELLE.be","og_description":"Il fait chaud, on transpire et on se tartine de cr\u00e8me solaire \u2026 mais comment faire pour \u00e9viter de trop briller en \u00e9t\u00e9\u00a0? Les conseils pratiques de notre","og_url":"https:\/\/www.elle.be\/fr\/229942-comment-eviter-davoir-le-teint-qui-brille-en-ete.html","og_site_name":"ELLE.be","article_publisher":"https:\/\/www.facebook.com\/ELLEbelgium\/","article_author":"https:\/\/www.facebook.com\/vekemans.mary","article_published_time":"2018-08-09T13:22:15+00:00","og_image":[{"width":1200,"height":628,"url":"https:\/\/www.elle.be\/fr\/wp-content\/uploads\/2018\/08\/rihanna.jpg","type":"image\/jpeg"}],"author":"Marie-No\u00eblle Vekemans","twitter_card":"summary_large_image","twitter_creator":"@ELLEBelgique","twitter_site":"@ELLEBelgique","twitter_misc":{"\u00c9crit par":"Marie-No\u00eblle Vekemans","Dur\u00e9e de lecture estim\u00e9e":"2 minutes"},"schema":{"@context":"https:\/\/schema.org","@graph":[{"@type":"NewsArticle","@id":"https:\/\/www.elle.be\/fr\/229942-comment-eviter-davoir-le-teint-qui-brille-en-ete.html#article","isPartOf":{"@id":"https:\/\/www.elle.be\/fr\/229942-comment-eviter-davoir-le-teint-qui-brille-en-ete.html"},"author":{"name":"Marie-No\u00eblle Vekemans","@id":"https:\/\/www.elle.be\/fr\/#\/schema\/person\/6bec7b95a22c85dde0b8e5c823ed7f1c"},"headline":"Comment \u00e9viter d&#8217;avoir le teint qui brille en \u00e9t\u00e9 ?","datePublished":"2018-08-09T13:22:15+00:00","mainEntityOfPage":{"@id":"https:\/\/www.elle.be\/fr\/229942-comment-eviter-davoir-le-teint-qui-brille-en-ete.html"},"wordCount":494,"publisher":{"@id":"https:\/\/www.elle.be\/fr\/#organization"},"image":{"@id":"https:\/\/www.elle.be\/fr\/229942-comment-eviter-davoir-le-teint-qui-brille-en-ete.html#primaryimage"},"thumbnailUrl":"https:\/\/www.elle.be\/fr\/wp-content\/uploads\/2018\/08\/rihanna.jpg","keywords":["maquillage","beaut\u00e9"],"articleSection":["Beaut\u00e9","Make-Up"],"inLanguage":"fr-FR"},{"@type":"WebPage","@id":"https:\/\/www.elle.be\/fr\/229942-comment-eviter-davoir-le-teint-qui-brille-en-ete.html","url":"https:\/\/www.elle.be\/fr\/229942-comment-eviter-davoir-le-teint-qui-brille-en-ete.html","name":"Comment \u00e9viter d'avoir le teint qui brille en \u00e9t\u00e9 ? - ELLE.be","isPartOf":{"@id":"https:\/\/www.elle.be\/fr\/#website"},"primaryImageOfPage":{"@id":"https:\/\/www.elle.be\/fr\/229942-comment-eviter-davoir-le-teint-qui-brille-en-ete.html#primaryimage"},"image":{"@id":"https:\/\/www.elle.be\/fr\/229942-comment-eviter-davoir-le-teint-qui-brille-en-ete.html#primaryimage"},"thumbnailUrl":"https:\/\/www.elle.be\/fr\/wp-content\/uploads\/2018\/08\/rihanna.jpg","datePublished":"2018-08-09T13:22:15+00:00","description":"Il fait chaud, on transpire et on se tartine de cr\u00e8me solaire \u2026 mais comment faire pour \u00e9viter de trop briller en \u00e9t\u00e9\u00a0? Les conseils pratiques de notre","breadcrumb":{"@id":"https:\/\/www.elle.be\/fr\/229942-comment-eviter-davoir-le-teint-qui-brille-en-ete.html#breadcrumb"},"inLanguage":"fr-FR","potentialAction":[{"@type":"ReadAction","target":["https:\/\/www.elle.be\/fr\/229942-comment-eviter-davoir-le-teint-qui-brille-en-ete.html"]}]},{"@type":"ImageObject","inLanguage":"fr-FR","@id":"https:\/\/www.elle.be\/fr\/229942-comment-eviter-davoir-le-teint-qui-brille-en-ete.html#primaryimage","url":"https:\/\/www.elle.be\/fr\/wp-content\/uploads\/2018\/08\/rihanna.jpg","contentUrl":"https:\/\/www.elle.be\/fr\/wp-content\/uploads\/2018\/08\/rihanna.jpg","width":1200,"height":628},{"@type":"BreadcrumbList","@id":"https:\/\/www.elle.be\/fr\/229942-comment-eviter-davoir-le-teint-qui-brille-en-ete.html#breadcrumb","itemListElement":[{"@type":"ListItem","position":1,"name":"FR","item":"https:\/\/www.elle.be\/fr"},{"@type":"ListItem","position":2,"name":"Beaut\u00e9","item":"https:\/\/www.elle.be\/fr\/beaute"},{"@type":"ListItem","position":3,"name":"Make-Up"}]},{"@type":"WebSite","@id":"https:\/\/www.elle.be\/fr\/#website","url":"https:\/\/www.elle.be\/fr\/","name":"ELLE.be","description":"Toutes les infos mode, beaut\u00e9 et lifestyle les plus pointues ainsi qu&#039;un contenu 100% belge d\u00e9clin\u00e9 \u00e0 360\u00b0sur le site ELLE.be, nos r\u00e9seaux sociaux et notre cha\u00eene Youtube.","publisher":{"@id":"https:\/\/www.elle.be\/fr\/#organization"},"potentialAction":[{"@type":"SearchAction","target":{"@type":"EntryPoint","urlTemplate":"https:\/\/www.elle.be\/fr\/?s={search_term_string}"},"query-input":{"@type":"PropertyValueSpecification","valueRequired":true,"valueName":"search_term_string"}}],"inLanguage":"fr-FR"},{"@type":"Organization","@id":"https:\/\/www.elle.be\/fr\/#organization","name":"ELLE Belgique","url":"https:\/\/www.elle.be\/fr\/","logo":{"@type":"ImageObject","inLanguage":"fr-FR","@id":"https:\/\/www.elle.be\/fr\/#\/schema\/logo\/image\/","url":"https:\/\/www.elle.be\/fr\/wp-content\/uploads\/2017\/03\/elle-icon-200px.jpeg","contentUrl":"https:\/\/www.elle.be\/fr\/wp-content\/uploads\/2017\/03\/elle-icon-200px.jpeg","width":200,"height":200,"caption":"ELLE Belgique"},"image":{"@id":"https:\/\/www.elle.be\/fr\/#\/schema\/logo\/image\/"},"sameAs":["https:\/\/www.facebook.com\/ELLEbelgium\/","https:\/\/x.com\/ELLEBelgique","http:\/\/instagram.com\/ellebelgique\/","https:\/\/www.pinterest.com\/ellebelgique\/","https:\/\/www.youtube.com\/user\/ELLEbelgique1"]},{"@type":"Person","@id":"https:\/\/www.elle.be\/fr\/#\/schema\/person\/6bec7b95a22c85dde0b8e5c823ed7f1c","name":"Marie-No\u00eblle Vekemans","image":{"@type":"ImageObject","inLanguage":"fr-FR","@id":"https:\/\/www.elle.be\/fr\/wp-content\/uploads\/2017\/03\/elle_marie-noelle-96x96.jpg","url":"https:\/\/www.elle.be\/fr\/wp-content\/uploads\/2017\/03\/elle_marie-noelle-96x96.jpg","contentUrl":"https:\/\/www.elle.be\/fr\/wp-content\/uploads\/2017\/03\/elle_marie-noelle-96x96.jpg","caption":"Marie-No\u00eblle Vekemans"},"sameAs":["https:\/\/www.facebook.com\/vekemans.mary","http:\/\/instagram.com\/maryvekemans"],"url":"https:\/\/www.elle.be\/fr\/author\/marie-noelle"}]}},"_links":{"self":[{"href":"https:\/\/www.elle.be\/fr\/wp-json\/wp\/v2\/posts\/229942","targetHints":{"allow":["GET"]}}],"collection":[{"href":"https:\/\/www.elle.be\/fr\/wp-json\/wp\/v2\/posts"}],"about":[{"href":"https:\/\/www.elle.be\/fr\/wp-json\/wp\/v2\/types\/post"}],"author":[{"embeddable":true,"href":"https:\/\/www.elle.be\/fr\/wp-json\/wp\/v2\/users\/4"}],"replies":[{"embeddable":true,"href":"https:\/\/www.elle.be\/fr\/wp-json\/wp\/v2\/comments?post=229942"}],"version-history":[{"count":1,"href":"https:\/\/www.elle.be\/fr\/wp-json\/wp\/v2\/posts\/229942\/revisions"}],"predecessor-version":[{"id":229999,"href":"https:\/\/www.elle.be\/fr\/wp-json\/wp\/v2\/posts\/229942\/revisions\/229999"}],"wp:featuredmedia":[{"embeddable":true,"href":"https:\/\/www.elle.be\/fr\/wp-json\/wp\/v2\/media\/229943"}],"wp:attachment":[{"href":"https:\/\/www.elle.be\/fr\/wp-json\/wp\/v2\/media?parent=229942"}],"wp:term":[{"taxonomy":"category","embeddable":true,"href":"https:\/\/www.elle.be\/fr\/wp-json\/wp\/v2\/categories?post=229942"},{"taxonomy":"post_tag","embeddable":true,"href":"https:\/\/www.elle.be\/fr\/wp-json\/wp\/v2\/tags?post=229942"}],"curies":[{"name":"wp","href":"https:\/\/api.w.org\/{rel}","templated":true}]}}