{"id":218216,"date":"2018-05-17T10:00:56","date_gmt":"2018-05-17T08:00:56","guid":{"rendered":"https:\/\/www.elle.be\/fr\/?p=218216"},"modified":"2019-02-19T09:59:19","modified_gmt":"2019-02-19T08:59:19","slug":"seraphina-la-marque-qui-met-honneur-le-made-in-africa","status":"publish","type":"post","link":"https:\/\/www.elle.be\/fr\/218216-seraphina-la-marque-qui-met-honneur-le-made-in-africa.html","title":{"rendered":"Seraphina : la marque qui met \u00e0 l&#8217;honneur le made in Africa"},"content":{"rendered":"","protected":false},"excerpt":{"rendered":"Des lignes sobres et \u00e9pur\u00e9es, des mati\u00e8res nobles et fluides, des coupes cintr\u00e9es qui mettent en valeurs nos courbes et le tout \u00e0 un prix tr\u00e8s raisonnable.","protected":false},"author":6,"featured_media":218634,"comment_status":"closed","ping_status":"closed","sticky":false,"template":"","format":"standard","meta":{"_acf_changed":false,"footnotes":""},"categories":[5,2202],"tags":[949,1079,2406],"class_list":["post-218216","post","type-post","status-publish","format-standard","has-post-thumbnail","hentry","category-mode","category-news-actu","tag-vetements","tag-mode","tag-nouvelle-collection"],"acf":[],"image_verticale":"","_yoast_wpseo_title":null,"_yoast_wpseo_metadesc":null,"_yoast_wpseo_focuskw_text_input":"seraphina","_yoast_wpseo_opengraph-title":null,"yoast_head":"<!-- This site is optimized with the Yoast SEO plugin v27.4 - https:\/\/yoast.com\/product\/yoast-seo-wordpress\/ -->\n<title>Seraphina : la marque qui met \u00e0 l&#039;honneur le made in Africa - ELLE.be<\/title>\n<meta name=\"description\" content=\"Des lignes sobres et \u00e9pur\u00e9es, des mati\u00e8res nobles et fluides, des coupes cintr\u00e9es qui mettent en valeurs nos courbes et le tout \u00e0 un prix tr\u00e8s raisonnable... C\u2019est ce que nous proposent deux jeunes cr\u00e9atrices \u00e0 travers leur toute nouvelle marque Seraphina. On fait les pr\u00e9sentations\u00a0!\" \/>\n<meta name=\"robots\" content=\"index, follow, max-snippet:-1, max-image-preview:large, max-video-preview:-1\" \/>\n<link rel=\"canonical\" href=\"https:\/\/www.elle.be\/fr\/218216-seraphina-la-marque-qui-met-honneur-le-made-in-africa.html\" \/>\n<meta property=\"og:locale\" content=\"fr_FR\" \/>\n<meta property=\"og:type\" content=\"article\" \/>\n<meta property=\"og:title\" content=\"Seraphina : la marque qui met \u00e0 l&#039;honneur le made in Africa - ELLE.be\" \/>\n<meta property=\"og:description\" content=\"Des lignes sobres et \u00e9pur\u00e9es, des mati\u00e8res nobles et fluides, des coupes cintr\u00e9es qui mettent en valeurs nos courbes et le tout \u00e0 un prix tr\u00e8s raisonnable... C\u2019est ce que nous proposent deux jeunes cr\u00e9atrices \u00e0 travers leur toute nouvelle marque Seraphina. On fait les pr\u00e9sentations\u00a0!\" \/>\n<meta property=\"og:url\" content=\"https:\/\/www.elle.be\/fr\/218216-seraphina-la-marque-qui-met-honneur-le-made-in-africa.html\" \/>\n<meta property=\"og:site_name\" content=\"ELLE.be\" \/>\n<meta property=\"article:publisher\" content=\"https:\/\/www.facebook.com\/ELLEbelgium\/\" \/>\n<meta property=\"article:author\" content=\"https:\/\/www.facebook.com\/pages\/ELLE-Belgique\/37490723084\" \/>\n<meta property=\"article:published_time\" content=\"2018-05-17T08:00:56+00:00\" \/>\n<meta property=\"article:modified_time\" content=\"2019-02-19T08:59:19+00:00\" \/>\n<meta property=\"og:image\" content=\"https:\/\/www.elle.be\/fr\/wp-content\/uploads\/2018\/05\/seraphina_cover.jpg\" \/>\n\t<meta property=\"og:image:width\" content=\"1200\" \/>\n\t<meta property=\"og:image:height\" content=\"638\" \/>\n\t<meta property=\"og:image:type\" content=\"image\/jpeg\" \/>\n<meta name=\"author\" content=\"La r\u00e9daction\" \/>\n<meta name=\"twitter:card\" content=\"summary_large_image\" \/>\n<meta name=\"twitter:creator\" content=\"@ELLEBelgique\" \/>\n<meta name=\"twitter:site\" content=\"@ELLEBelgique\" \/>\n<meta name=\"twitter:label1\" content=\"\u00c9crit par\" \/>\n\t<meta name=\"twitter:data1\" content=\"La r\u00e9daction\" \/>\n\t<meta name=\"twitter:label2\" content=\"Dur\u00e9e de lecture estim\u00e9e\" \/>\n\t<meta name=\"twitter:data2\" content=\"5 minutes\" \/>\n<script type=\"application\/ld+json\" class=\"yoast-schema-graph\">{\"@context\":\"https:\\\/\\\/schema.org\",\"@graph\":[{\"@type\":\"NewsArticle\",\"@id\":\"https:\\\/\\\/www.elle.be\\\/fr\\\/218216-seraphina-la-marque-qui-met-honneur-le-made-in-africa.html#article\",\"isPartOf\":{\"@id\":\"https:\\\/\\\/www.elle.be\\\/fr\\\/218216-seraphina-la-marque-qui-met-honneur-le-made-in-africa.html\"},\"author\":{\"name\":\"La r\u00e9daction\",\"@id\":\"https:\\\/\\\/www.elle.be\\\/fr\\\/#\\\/schema\\\/person\\\/16ba064c2e0ef434bf6ed0b45c6e813f\"},\"headline\":\"Seraphina : la marque qui met \u00e0 l&#8217;honneur le made in Africa\",\"datePublished\":\"2018-05-17T08:00:56+00:00\",\"dateModified\":\"2019-02-19T08:59:19+00:00\",\"mainEntityOfPage\":{\"@id\":\"https:\\\/\\\/www.elle.be\\\/fr\\\/218216-seraphina-la-marque-qui-met-honneur-le-made-in-africa.html\"},\"wordCount\":1031,\"publisher\":{\"@id\":\"https:\\\/\\\/www.elle.be\\\/fr\\\/#organization\"},\"image\":{\"@id\":\"https:\\\/\\\/www.elle.be\\\/fr\\\/218216-seraphina-la-marque-qui-met-honneur-le-made-in-africa.html#primaryimage\"},\"thumbnailUrl\":\"https:\\\/\\\/www.elle.be\\\/fr\\\/wp-content\\\/uploads\\\/2018\\\/05\\\/seraphina_cover.jpg\",\"keywords\":[\"vetements\",\"mode\",\"Nouvelle collection\"],\"articleSection\":[\"Mode\",\"News Actu\"],\"inLanguage\":\"fr-FR\"},{\"@type\":\"WebPage\",\"@id\":\"https:\\\/\\\/www.elle.be\\\/fr\\\/218216-seraphina-la-marque-qui-met-honneur-le-made-in-africa.html\",\"url\":\"https:\\\/\\\/www.elle.be\\\/fr\\\/218216-seraphina-la-marque-qui-met-honneur-le-made-in-africa.html\",\"name\":\"Seraphina : la marque qui met \u00e0 l'honneur le made in Africa - ELLE.be\",\"isPartOf\":{\"@id\":\"https:\\\/\\\/www.elle.be\\\/fr\\\/#website\"},\"primaryImageOfPage\":{\"@id\":\"https:\\\/\\\/www.elle.be\\\/fr\\\/218216-seraphina-la-marque-qui-met-honneur-le-made-in-africa.html#primaryimage\"},\"image\":{\"@id\":\"https:\\\/\\\/www.elle.be\\\/fr\\\/218216-seraphina-la-marque-qui-met-honneur-le-made-in-africa.html#primaryimage\"},\"thumbnailUrl\":\"https:\\\/\\\/www.elle.be\\\/fr\\\/wp-content\\\/uploads\\\/2018\\\/05\\\/seraphina_cover.jpg\",\"datePublished\":\"2018-05-17T08:00:56+00:00\",\"dateModified\":\"2019-02-19T08:59:19+00:00\",\"description\":\"Des lignes sobres et \u00e9pur\u00e9es, des mati\u00e8res nobles et fluides, des coupes cintr\u00e9es qui mettent en valeurs nos courbes et le tout \u00e0 un prix tr\u00e8s raisonnable... C\u2019est ce que nous proposent deux jeunes cr\u00e9atrices \u00e0 travers leur toute nouvelle marque Seraphina. On fait les pr\u00e9sentations\u00a0!\",\"breadcrumb\":{\"@id\":\"https:\\\/\\\/www.elle.be\\\/fr\\\/218216-seraphina-la-marque-qui-met-honneur-le-made-in-africa.html#breadcrumb\"},\"inLanguage\":\"fr-FR\",\"potentialAction\":[{\"@type\":\"ReadAction\",\"target\":[\"https:\\\/\\\/www.elle.be\\\/fr\\\/218216-seraphina-la-marque-qui-met-honneur-le-made-in-africa.html\"]}]},{\"@type\":\"ImageObject\",\"inLanguage\":\"fr-FR\",\"@id\":\"https:\\\/\\\/www.elle.be\\\/fr\\\/218216-seraphina-la-marque-qui-met-honneur-le-made-in-africa.html#primaryimage\",\"url\":\"https:\\\/\\\/www.elle.be\\\/fr\\\/wp-content\\\/uploads\\\/2018\\\/05\\\/seraphina_cover.jpg\",\"contentUrl\":\"https:\\\/\\\/www.elle.be\\\/fr\\\/wp-content\\\/uploads\\\/2018\\\/05\\\/seraphina_cover.jpg\",\"width\":1200,\"height\":638,\"caption\":\"\u00a9 Laurie Depas\"},{\"@type\":\"BreadcrumbList\",\"@id\":\"https:\\\/\\\/www.elle.be\\\/fr\\\/218216-seraphina-la-marque-qui-met-honneur-le-made-in-africa.html#breadcrumb\",\"itemListElement\":[{\"@type\":\"ListItem\",\"position\":1,\"name\":\"FR\",\"item\":\"https:\\\/\\\/www.elle.be\\\/fr\"},{\"@type\":\"ListItem\",\"position\":2,\"name\":\"Mode\",\"item\":\"https:\\\/\\\/www.elle.be\\\/fr\\\/mode\"},{\"@type\":\"ListItem\",\"position\":3,\"name\":\"Seraphina : la marque qui met \u00e0 l&rsquo;honneur le made in Africa\"}]},{\"@type\":\"WebSite\",\"@id\":\"https:\\\/\\\/www.elle.be\\\/fr\\\/#website\",\"url\":\"https:\\\/\\\/www.elle.be\\\/fr\\\/\",\"name\":\"ELLE.be\",\"description\":\"Toutes les infos mode, beaut\u00e9 et lifestyle les plus pointues ainsi qu&#039;un contenu 100% belge d\u00e9clin\u00e9 \u00e0 360\u00b0sur le site ELLE.be, nos r\u00e9seaux sociaux et notre cha\u00eene Youtube.\",\"publisher\":{\"@id\":\"https:\\\/\\\/www.elle.be\\\/fr\\\/#organization\"},\"potentialAction\":[{\"@type\":\"SearchAction\",\"target\":{\"@type\":\"EntryPoint\",\"urlTemplate\":\"https:\\\/\\\/www.elle.be\\\/fr\\\/?s={search_term_string}\"},\"query-input\":{\"@type\":\"PropertyValueSpecification\",\"valueRequired\":true,\"valueName\":\"search_term_string\"}}],\"inLanguage\":\"fr-FR\"},{\"@type\":\"Organization\",\"@id\":\"https:\\\/\\\/www.elle.be\\\/fr\\\/#organization\",\"name\":\"ELLE Belgique\",\"url\":\"https:\\\/\\\/www.elle.be\\\/fr\\\/\",\"logo\":{\"@type\":\"ImageObject\",\"inLanguage\":\"fr-FR\",\"@id\":\"https:\\\/\\\/www.elle.be\\\/fr\\\/#\\\/schema\\\/logo\\\/image\\\/\",\"url\":\"https:\\\/\\\/www.elle.be\\\/fr\\\/wp-content\\\/uploads\\\/2017\\\/03\\\/elle-icon-200px.jpeg\",\"contentUrl\":\"https:\\\/\\\/www.elle.be\\\/fr\\\/wp-content\\\/uploads\\\/2017\\\/03\\\/elle-icon-200px.jpeg\",\"width\":200,\"height\":200,\"caption\":\"ELLE Belgique\"},\"image\":{\"@id\":\"https:\\\/\\\/www.elle.be\\\/fr\\\/#\\\/schema\\\/logo\\\/image\\\/\"},\"sameAs\":[\"https:\\\/\\\/www.facebook.com\\\/ELLEbelgium\\\/\",\"https:\\\/\\\/x.com\\\/ELLEBelgique\",\"http:\\\/\\\/instagram.com\\\/ellebelgique\\\/\",\"https:\\\/\\\/www.pinterest.com\\\/ellebelgique\\\/\",\"https:\\\/\\\/www.youtube.com\\\/user\\\/ELLEbelgique1\"]},{\"@type\":\"Person\",\"@id\":\"https:\\\/\\\/www.elle.be\\\/fr\\\/#\\\/schema\\\/person\\\/16ba064c2e0ef434bf6ed0b45c6e813f\",\"name\":\"La r\u00e9daction\",\"image\":{\"@type\":\"ImageObject\",\"inLanguage\":\"fr-FR\",\"@id\":\"https:\\\/\\\/www.elle.be\\\/fr\\\/wp-content\\\/uploads\\\/2017\\\/03\\\/cover_FR166-96x96.jpg\",\"url\":\"https:\\\/\\\/www.elle.be\\\/fr\\\/wp-content\\\/uploads\\\/2017\\\/03\\\/cover_FR166-96x96.jpg\",\"contentUrl\":\"https:\\\/\\\/www.elle.be\\\/fr\\\/wp-content\\\/uploads\\\/2017\\\/03\\\/cover_FR166-96x96.jpg\",\"caption\":\"La r\u00e9daction\"},\"description\":\"Toutes les infos mode, beaut\u00e9 et lifestyle les plus pointues ainsi qu'un contenu 100% belge d\u00e9clin\u00e9 \u00e0 360\u00b0sur le site ELLE.be, nos r\u00e9seaux sociaux et notre cha\u00eene Youtube.\",\"sameAs\":[\"http:\\\/\\\/www.elle.be\\\/fr\\\/\",\"https:\\\/\\\/www.facebook.com\\\/pages\\\/ELLE-Belgique\\\/37490723084\",\"http:\\\/\\\/instagram.com\\\/ellebelgique#\",\"http:\\\/\\\/www.pinterest.com\\\/ellebelgique\\\/pins\\\/\",\"https:\\\/\\\/x.com\\\/ELLEBelgique\"],\"url\":\"https:\\\/\\\/www.elle.be\\\/fr\\\/author\\\/elle-be\"}]}<\/script>\n<!-- \/ Yoast SEO plugin. -->","yoast_head_json":{"title":"Seraphina : la marque qui met \u00e0 l'honneur le made in Africa - ELLE.be","description":"Des lignes sobres et \u00e9pur\u00e9es, des mati\u00e8res nobles et fluides, des coupes cintr\u00e9es qui mettent en valeurs nos courbes et le tout \u00e0 un prix tr\u00e8s raisonnable... C\u2019est ce que nous proposent deux jeunes cr\u00e9atrices \u00e0 travers leur toute nouvelle marque Seraphina. On fait les pr\u00e9sentations\u00a0!","robots":{"index":"index","follow":"follow","max-snippet":"max-snippet:-1","max-image-preview":"max-image-preview:large","max-video-preview":"max-video-preview:-1"},"canonical":"https:\/\/www.elle.be\/fr\/218216-seraphina-la-marque-qui-met-honneur-le-made-in-africa.html","og_locale":"fr_FR","og_type":"article","og_title":"Seraphina : la marque qui met \u00e0 l'honneur le made in Africa - ELLE.be","og_description":"Des lignes sobres et \u00e9pur\u00e9es, des mati\u00e8res nobles et fluides, des coupes cintr\u00e9es qui mettent en valeurs nos courbes et le tout \u00e0 un prix tr\u00e8s raisonnable... C\u2019est ce que nous proposent deux jeunes cr\u00e9atrices \u00e0 travers leur toute nouvelle marque Seraphina. On fait les pr\u00e9sentations\u00a0!","og_url":"https:\/\/www.elle.be\/fr\/218216-seraphina-la-marque-qui-met-honneur-le-made-in-africa.html","og_site_name":"ELLE.be","article_publisher":"https:\/\/www.facebook.com\/ELLEbelgium\/","article_author":"https:\/\/www.facebook.com\/pages\/ELLE-Belgique\/37490723084","article_published_time":"2018-05-17T08:00:56+00:00","article_modified_time":"2019-02-19T08:59:19+00:00","og_image":[{"width":1200,"height":638,"url":"https:\/\/www.elle.be\/fr\/wp-content\/uploads\/2018\/05\/seraphina_cover.jpg","type":"image\/jpeg"}],"author":"La r\u00e9daction","twitter_card":"summary_large_image","twitter_creator":"@ELLEBelgique","twitter_site":"@ELLEBelgique","twitter_misc":{"\u00c9crit par":"La r\u00e9daction","Dur\u00e9e de lecture estim\u00e9e":"5 minutes"},"schema":{"@context":"https:\/\/schema.org","@graph":[{"@type":"NewsArticle","@id":"https:\/\/www.elle.be\/fr\/218216-seraphina-la-marque-qui-met-honneur-le-made-in-africa.html#article","isPartOf":{"@id":"https:\/\/www.elle.be\/fr\/218216-seraphina-la-marque-qui-met-honneur-le-made-in-africa.html"},"author":{"name":"La r\u00e9daction","@id":"https:\/\/www.elle.be\/fr\/#\/schema\/person\/16ba064c2e0ef434bf6ed0b45c6e813f"},"headline":"Seraphina : la marque qui met \u00e0 l&#8217;honneur le made in Africa","datePublished":"2018-05-17T08:00:56+00:00","dateModified":"2019-02-19T08:59:19+00:00","mainEntityOfPage":{"@id":"https:\/\/www.elle.be\/fr\/218216-seraphina-la-marque-qui-met-honneur-le-made-in-africa.html"},"wordCount":1031,"publisher":{"@id":"https:\/\/www.elle.be\/fr\/#organization"},"image":{"@id":"https:\/\/www.elle.be\/fr\/218216-seraphina-la-marque-qui-met-honneur-le-made-in-africa.html#primaryimage"},"thumbnailUrl":"https:\/\/www.elle.be\/fr\/wp-content\/uploads\/2018\/05\/seraphina_cover.jpg","keywords":["vetements","mode","Nouvelle collection"],"articleSection":["Mode","News Actu"],"inLanguage":"fr-FR"},{"@type":"WebPage","@id":"https:\/\/www.elle.be\/fr\/218216-seraphina-la-marque-qui-met-honneur-le-made-in-africa.html","url":"https:\/\/www.elle.be\/fr\/218216-seraphina-la-marque-qui-met-honneur-le-made-in-africa.html","name":"Seraphina : la marque qui met \u00e0 l'honneur le made in Africa - ELLE.be","isPartOf":{"@id":"https:\/\/www.elle.be\/fr\/#website"},"primaryImageOfPage":{"@id":"https:\/\/www.elle.be\/fr\/218216-seraphina-la-marque-qui-met-honneur-le-made-in-africa.html#primaryimage"},"image":{"@id":"https:\/\/www.elle.be\/fr\/218216-seraphina-la-marque-qui-met-honneur-le-made-in-africa.html#primaryimage"},"thumbnailUrl":"https:\/\/www.elle.be\/fr\/wp-content\/uploads\/2018\/05\/seraphina_cover.jpg","datePublished":"2018-05-17T08:00:56+00:00","dateModified":"2019-02-19T08:59:19+00:00","description":"Des lignes sobres et \u00e9pur\u00e9es, des mati\u00e8res nobles et fluides, des coupes cintr\u00e9es qui mettent en valeurs nos courbes et le tout \u00e0 un prix tr\u00e8s raisonnable... C\u2019est ce que nous proposent deux jeunes cr\u00e9atrices \u00e0 travers leur toute nouvelle marque Seraphina. On fait les pr\u00e9sentations\u00a0!","breadcrumb":{"@id":"https:\/\/www.elle.be\/fr\/218216-seraphina-la-marque-qui-met-honneur-le-made-in-africa.html#breadcrumb"},"inLanguage":"fr-FR","potentialAction":[{"@type":"ReadAction","target":["https:\/\/www.elle.be\/fr\/218216-seraphina-la-marque-qui-met-honneur-le-made-in-africa.html"]}]},{"@type":"ImageObject","inLanguage":"fr-FR","@id":"https:\/\/www.elle.be\/fr\/218216-seraphina-la-marque-qui-met-honneur-le-made-in-africa.html#primaryimage","url":"https:\/\/www.elle.be\/fr\/wp-content\/uploads\/2018\/05\/seraphina_cover.jpg","contentUrl":"https:\/\/www.elle.be\/fr\/wp-content\/uploads\/2018\/05\/seraphina_cover.jpg","width":1200,"height":638,"caption":"\u00a9 Laurie Depas"},{"@type":"BreadcrumbList","@id":"https:\/\/www.elle.be\/fr\/218216-seraphina-la-marque-qui-met-honneur-le-made-in-africa.html#breadcrumb","itemListElement":[{"@type":"ListItem","position":1,"name":"FR","item":"https:\/\/www.elle.be\/fr"},{"@type":"ListItem","position":2,"name":"Mode","item":"https:\/\/www.elle.be\/fr\/mode"},{"@type":"ListItem","position":3,"name":"Seraphina : la marque qui met \u00e0 l&rsquo;honneur le made in Africa"}]},{"@type":"WebSite","@id":"https:\/\/www.elle.be\/fr\/#website","url":"https:\/\/www.elle.be\/fr\/","name":"ELLE.be","description":"Toutes les infos mode, beaut\u00e9 et lifestyle les plus pointues ainsi qu&#039;un contenu 100% belge d\u00e9clin\u00e9 \u00e0 360\u00b0sur le site ELLE.be, nos r\u00e9seaux sociaux et notre cha\u00eene Youtube.","publisher":{"@id":"https:\/\/www.elle.be\/fr\/#organization"},"potentialAction":[{"@type":"SearchAction","target":{"@type":"EntryPoint","urlTemplate":"https:\/\/www.elle.be\/fr\/?s={search_term_string}"},"query-input":{"@type":"PropertyValueSpecification","valueRequired":true,"valueName":"search_term_string"}}],"inLanguage":"fr-FR"},{"@type":"Organization","@id":"https:\/\/www.elle.be\/fr\/#organization","name":"ELLE Belgique","url":"https:\/\/www.elle.be\/fr\/","logo":{"@type":"ImageObject","inLanguage":"fr-FR","@id":"https:\/\/www.elle.be\/fr\/#\/schema\/logo\/image\/","url":"https:\/\/www.elle.be\/fr\/wp-content\/uploads\/2017\/03\/elle-icon-200px.jpeg","contentUrl":"https:\/\/www.elle.be\/fr\/wp-content\/uploads\/2017\/03\/elle-icon-200px.jpeg","width":200,"height":200,"caption":"ELLE Belgique"},"image":{"@id":"https:\/\/www.elle.be\/fr\/#\/schema\/logo\/image\/"},"sameAs":["https:\/\/www.facebook.com\/ELLEbelgium\/","https:\/\/x.com\/ELLEBelgique","http:\/\/instagram.com\/ellebelgique\/","https:\/\/www.pinterest.com\/ellebelgique\/","https:\/\/www.youtube.com\/user\/ELLEbelgique1"]},{"@type":"Person","@id":"https:\/\/www.elle.be\/fr\/#\/schema\/person\/16ba064c2e0ef434bf6ed0b45c6e813f","name":"La r\u00e9daction","image":{"@type":"ImageObject","inLanguage":"fr-FR","@id":"https:\/\/www.elle.be\/fr\/wp-content\/uploads\/2017\/03\/cover_FR166-96x96.jpg","url":"https:\/\/www.elle.be\/fr\/wp-content\/uploads\/2017\/03\/cover_FR166-96x96.jpg","contentUrl":"https:\/\/www.elle.be\/fr\/wp-content\/uploads\/2017\/03\/cover_FR166-96x96.jpg","caption":"La r\u00e9daction"},"description":"Toutes les infos mode, beaut\u00e9 et lifestyle les plus pointues ainsi qu'un contenu 100% belge d\u00e9clin\u00e9 \u00e0 360\u00b0sur le site ELLE.be, nos r\u00e9seaux sociaux et notre cha\u00eene Youtube.","sameAs":["http:\/\/www.elle.be\/fr\/","https:\/\/www.facebook.com\/pages\/ELLE-Belgique\/37490723084","http:\/\/instagram.com\/ellebelgique#","http:\/\/www.pinterest.com\/ellebelgique\/pins\/","https:\/\/x.com\/ELLEBelgique"],"url":"https:\/\/www.elle.be\/fr\/author\/elle-be"}]}},"_links":{"self":[{"href":"https:\/\/www.elle.be\/fr\/wp-json\/wp\/v2\/posts\/218216","targetHints":{"allow":["GET"]}}],"collection":[{"href":"https:\/\/www.elle.be\/fr\/wp-json\/wp\/v2\/posts"}],"about":[{"href":"https:\/\/www.elle.be\/fr\/wp-json\/wp\/v2\/types\/post"}],"author":[{"embeddable":true,"href":"https:\/\/www.elle.be\/fr\/wp-json\/wp\/v2\/users\/6"}],"replies":[{"embeddable":true,"href":"https:\/\/www.elle.be\/fr\/wp-json\/wp\/v2\/comments?post=218216"}],"version-history":[{"count":27,"href":"https:\/\/www.elle.be\/fr\/wp-json\/wp\/v2\/posts\/218216\/revisions"}],"predecessor-version":[{"id":250583,"href":"https:\/\/www.elle.be\/fr\/wp-json\/wp\/v2\/posts\/218216\/revisions\/250583"}],"wp:featuredmedia":[{"embeddable":true,"href":"https:\/\/www.elle.be\/fr\/wp-json\/wp\/v2\/media\/218634"}],"wp:attachment":[{"href":"https:\/\/www.elle.be\/fr\/wp-json\/wp\/v2\/media?parent=218216"}],"wp:term":[{"taxonomy":"category","embeddable":true,"href":"https:\/\/www.elle.be\/fr\/wp-json\/wp\/v2\/categories?post=218216"},{"taxonomy":"post_tag","embeddable":true,"href":"https:\/\/www.elle.be\/fr\/wp-json\/wp\/v2\/tags?post=218216"}],"curies":[{"name":"wp","href":"https:\/\/api.w.org\/{rel}","templated":true}]}}