{"id":216933,"date":"2018-04-30T13:45:55","date_gmt":"2018-04-30T11:45:55","guid":{"rendered":"https:\/\/www.elle.be\/fr\/?p=216933"},"modified":"2018-04-30T13:45:55","modified_gmt":"2018-04-30T11:45:55","slug":"10-petits-sacs-en-osier-a-soffrir-cet-ete","status":"publish","type":"post","link":"https:\/\/www.elle.be\/fr\/216933-10-petits-sacs-en-osier-a-soffrir-cet-ete.html","title":{"rendered":"12 petits sacs en osier \u00e0 s&#8217;offrir cet \u00e9t\u00e9"},"content":{"rendered":"","protected":false},"excerpt":{"rendered":"Vous n&#8217;avez pas encore le v\u00f4tre ? Depuis quelques saisons, le sac en osier est devenu la pi\u00e8ce indispensable de l&#8217;\u00e9t\u00e9. ...","protected":false},"author":3,"featured_media":216986,"comment_status":"closed","ping_status":"closed","sticky":false,"template":"","format":"standard","meta":{"_acf_changed":false,"footnotes":""},"categories":[5,2040],"tags":[],"class_list":["post-216933","post","type-post","status-publish","format-standard","has-post-thumbnail","hentry","category-mode","category-shopping"],"acf":[],"image_verticale":"216989","_yoast_wpseo_title":"Sac en osier: nos 10 pi\u00e8ces coup de coeur \u00e0 s'offrir cet \u00e9t\u00e9","_yoast_wpseo_metadesc":"Vous n'avez pas encore le v\u00f4tre ? Depuis quelques saisons, le sac en osier est devenu la pi\u00e8ce indispensable de l'\u00e9t\u00e9. Id\u00e9al pour partir en voyage, on aime son petit format et son aspect naturel. D\u00e9couvrez notre s\u00e9lection !","_yoast_wpseo_focuskw_text_input":"sac en osier","_yoast_wpseo_opengraph-title":null,"yoast_head":"<!-- This site is optimized with the Yoast SEO plugin v27.4 - https:\/\/yoast.com\/product\/yoast-seo-wordpress\/ -->\n<title>Sac en osier: nos 10 pi\u00e8ces coup de coeur \u00e0 s&#039;offrir cet \u00e9t\u00e9<\/title>\n<meta name=\"description\" content=\"Vous n&#039;avez pas encore le v\u00f4tre ? Depuis quelques saisons, le sac en osier est devenu la pi\u00e8ce indispensable de l&#039;\u00e9t\u00e9. Id\u00e9al pour partir en voyage, on aime son petit format et son aspect naturel. D\u00e9couvrez notre s\u00e9lection !\" \/>\n<meta name=\"robots\" content=\"index, follow, max-snippet:-1, max-image-preview:large, max-video-preview:-1\" \/>\n<link rel=\"canonical\" href=\"https:\/\/www.elle.be\/fr\/216933-10-petits-sacs-en-osier-a-soffrir-cet-ete.html\" \/>\n<meta property=\"og:locale\" content=\"fr_FR\" \/>\n<meta property=\"og:type\" content=\"article\" \/>\n<meta property=\"og:title\" content=\"Sac en osier: nos 10 pi\u00e8ces coup de coeur \u00e0 s&#039;offrir cet \u00e9t\u00e9\" \/>\n<meta property=\"og:description\" content=\"Vous n&#039;avez pas encore le v\u00f4tre ? Depuis quelques saisons, le sac en osier est devenu la pi\u00e8ce indispensable de l&#039;\u00e9t\u00e9. Id\u00e9al pour partir en voyage, on aime son petit format et son aspect naturel. D\u00e9couvrez notre s\u00e9lection !\" \/>\n<meta property=\"og:url\" content=\"https:\/\/www.elle.be\/fr\/216933-10-petits-sacs-en-osier-a-soffrir-cet-ete.html\" \/>\n<meta property=\"og:site_name\" content=\"ELLE.be\" \/>\n<meta property=\"article:publisher\" content=\"https:\/\/www.facebook.com\/ELLEbelgium\/\" \/>\n<meta property=\"article:author\" content=\"https:\/\/www.facebook.com\/Marie-Gurin-1721050434849149\/\" \/>\n<meta property=\"article:published_time\" content=\"2018-04-30T11:45:55+00:00\" \/>\n<meta property=\"og:image\" content=\"https:\/\/www.elle.be\/fr\/wp-content\/uploads\/2018\/04\/sac-en-osier.jpg\" \/>\n\t<meta property=\"og:image:width\" content=\"1200\" \/>\n\t<meta property=\"og:image:height\" content=\"628\" \/>\n\t<meta property=\"og:image:type\" content=\"image\/jpeg\" \/>\n<meta name=\"author\" content=\"Marie Gu\u00e9rin\" \/>\n<meta name=\"twitter:card\" content=\"summary_large_image\" \/>\n<meta name=\"twitter:creator\" content=\"@marie_elle_be\" \/>\n<meta name=\"twitter:site\" content=\"@ELLEBelgique\" \/>\n<meta name=\"twitter:label1\" content=\"\u00c9crit par\" \/>\n\t<meta name=\"twitter:data1\" content=\"Marie Gu\u00e9rin\" \/>\n<script type=\"application\/ld+json\" class=\"yoast-schema-graph\">{\"@context\":\"https:\\\/\\\/schema.org\",\"@graph\":[{\"@type\":\"NewsArticle\",\"@id\":\"https:\\\/\\\/www.elle.be\\\/fr\\\/216933-10-petits-sacs-en-osier-a-soffrir-cet-ete.html#article\",\"isPartOf\":{\"@id\":\"https:\\\/\\\/www.elle.be\\\/fr\\\/216933-10-petits-sacs-en-osier-a-soffrir-cet-ete.html\"},\"author\":{\"name\":\"Marie Gu\u00e9rin\",\"@id\":\"https:\\\/\\\/www.elle.be\\\/fr\\\/#\\\/schema\\\/person\\\/aa4e257722b2e3dd300f8fbdb031db01\"},\"headline\":\"12 petits sacs en osier \u00e0 s&#8217;offrir cet \u00e9t\u00e9\",\"datePublished\":\"2018-04-30T11:45:55+00:00\",\"mainEntityOfPage\":{\"@id\":\"https:\\\/\\\/www.elle.be\\\/fr\\\/216933-10-petits-sacs-en-osier-a-soffrir-cet-ete.html\"},\"wordCount\":99,\"publisher\":{\"@id\":\"https:\\\/\\\/www.elle.be\\\/fr\\\/#organization\"},\"image\":{\"@id\":\"https:\\\/\\\/www.elle.be\\\/fr\\\/216933-10-petits-sacs-en-osier-a-soffrir-cet-ete.html#primaryimage\"},\"thumbnailUrl\":\"https:\\\/\\\/www.elle.be\\\/fr\\\/wp-content\\\/uploads\\\/2018\\\/04\\\/sac-en-osier.jpg\",\"articleSection\":[\"Mode\",\"Shopping\"],\"inLanguage\":\"fr-FR\"},{\"@type\":\"WebPage\",\"@id\":\"https:\\\/\\\/www.elle.be\\\/fr\\\/216933-10-petits-sacs-en-osier-a-soffrir-cet-ete.html\",\"url\":\"https:\\\/\\\/www.elle.be\\\/fr\\\/216933-10-petits-sacs-en-osier-a-soffrir-cet-ete.html\",\"name\":\"Sac en osier: nos 10 pi\u00e8ces coup de coeur \u00e0 s'offrir cet \u00e9t\u00e9\",\"isPartOf\":{\"@id\":\"https:\\\/\\\/www.elle.be\\\/fr\\\/#website\"},\"primaryImageOfPage\":{\"@id\":\"https:\\\/\\\/www.elle.be\\\/fr\\\/216933-10-petits-sacs-en-osier-a-soffrir-cet-ete.html#primaryimage\"},\"image\":{\"@id\":\"https:\\\/\\\/www.elle.be\\\/fr\\\/216933-10-petits-sacs-en-osier-a-soffrir-cet-ete.html#primaryimage\"},\"thumbnailUrl\":\"https:\\\/\\\/www.elle.be\\\/fr\\\/wp-content\\\/uploads\\\/2018\\\/04\\\/sac-en-osier.jpg\",\"datePublished\":\"2018-04-30T11:45:55+00:00\",\"description\":\"Vous n'avez pas encore le v\u00f4tre ? Depuis quelques saisons, le sac en osier est devenu la pi\u00e8ce indispensable de l'\u00e9t\u00e9. Id\u00e9al pour partir en voyage, on aime son petit format et son aspect naturel. D\u00e9couvrez notre s\u00e9lection !\",\"breadcrumb\":{\"@id\":\"https:\\\/\\\/www.elle.be\\\/fr\\\/216933-10-petits-sacs-en-osier-a-soffrir-cet-ete.html#breadcrumb\"},\"inLanguage\":\"fr-FR\",\"potentialAction\":[{\"@type\":\"ReadAction\",\"target\":[\"https:\\\/\\\/www.elle.be\\\/fr\\\/216933-10-petits-sacs-en-osier-a-soffrir-cet-ete.html\"]}]},{\"@type\":\"ImageObject\",\"inLanguage\":\"fr-FR\",\"@id\":\"https:\\\/\\\/www.elle.be\\\/fr\\\/216933-10-petits-sacs-en-osier-a-soffrir-cet-ete.html#primaryimage\",\"url\":\"https:\\\/\\\/www.elle.be\\\/fr\\\/wp-content\\\/uploads\\\/2018\\\/04\\\/sac-en-osier.jpg\",\"contentUrl\":\"https:\\\/\\\/www.elle.be\\\/fr\\\/wp-content\\\/uploads\\\/2018\\\/04\\\/sac-en-osier.jpg\",\"width\":1200,\"height\":628},{\"@type\":\"BreadcrumbList\",\"@id\":\"https:\\\/\\\/www.elle.be\\\/fr\\\/216933-10-petits-sacs-en-osier-a-soffrir-cet-ete.html#breadcrumb\",\"itemListElement\":[{\"@type\":\"ListItem\",\"position\":1,\"name\":\"FR\",\"item\":\"https:\\\/\\\/www.elle.be\\\/fr\"},{\"@type\":\"ListItem\",\"position\":2,\"name\":\"Mode\",\"item\":\"https:\\\/\\\/www.elle.be\\\/fr\\\/mode\"},{\"@type\":\"ListItem\",\"position\":3,\"name\":\"12 petits sacs en osier \u00e0 s&rsquo;offrir cet \u00e9t\u00e9\"}]},{\"@type\":\"WebSite\",\"@id\":\"https:\\\/\\\/www.elle.be\\\/fr\\\/#website\",\"url\":\"https:\\\/\\\/www.elle.be\\\/fr\\\/\",\"name\":\"ELLE.be\",\"description\":\"Toutes les infos mode, beaut\u00e9 et lifestyle les plus pointues ainsi qu&#039;un contenu 100% belge d\u00e9clin\u00e9 \u00e0 360\u00b0sur le site ELLE.be, nos r\u00e9seaux sociaux et notre cha\u00eene Youtube.\",\"publisher\":{\"@id\":\"https:\\\/\\\/www.elle.be\\\/fr\\\/#organization\"},\"potentialAction\":[{\"@type\":\"SearchAction\",\"target\":{\"@type\":\"EntryPoint\",\"urlTemplate\":\"https:\\\/\\\/www.elle.be\\\/fr\\\/?s={search_term_string}\"},\"query-input\":{\"@type\":\"PropertyValueSpecification\",\"valueRequired\":true,\"valueName\":\"search_term_string\"}}],\"inLanguage\":\"fr-FR\"},{\"@type\":\"Organization\",\"@id\":\"https:\\\/\\\/www.elle.be\\\/fr\\\/#organization\",\"name\":\"ELLE Belgique\",\"url\":\"https:\\\/\\\/www.elle.be\\\/fr\\\/\",\"logo\":{\"@type\":\"ImageObject\",\"inLanguage\":\"fr-FR\",\"@id\":\"https:\\\/\\\/www.elle.be\\\/fr\\\/#\\\/schema\\\/logo\\\/image\\\/\",\"url\":\"https:\\\/\\\/www.elle.be\\\/fr\\\/wp-content\\\/uploads\\\/2017\\\/03\\\/elle-icon-200px.jpeg\",\"contentUrl\":\"https:\\\/\\\/www.elle.be\\\/fr\\\/wp-content\\\/uploads\\\/2017\\\/03\\\/elle-icon-200px.jpeg\",\"width\":200,\"height\":200,\"caption\":\"ELLE Belgique\"},\"image\":{\"@id\":\"https:\\\/\\\/www.elle.be\\\/fr\\\/#\\\/schema\\\/logo\\\/image\\\/\"},\"sameAs\":[\"https:\\\/\\\/www.facebook.com\\\/ELLEbelgium\\\/\",\"https:\\\/\\\/x.com\\\/ELLEBelgique\",\"http:\\\/\\\/instagram.com\\\/ellebelgique\\\/\",\"https:\\\/\\\/www.pinterest.com\\\/ellebelgique\\\/\",\"https:\\\/\\\/www.youtube.com\\\/user\\\/ELLEbelgique1\"]},{\"@type\":\"Person\",\"@id\":\"https:\\\/\\\/www.elle.be\\\/fr\\\/#\\\/schema\\\/person\\\/aa4e257722b2e3dd300f8fbdb031db01\",\"name\":\"Marie Gu\u00e9rin\",\"image\":{\"@type\":\"ImageObject\",\"inLanguage\":\"fr-FR\",\"@id\":\"https:\\\/\\\/www.elle.be\\\/fr\\\/wp-content\\\/uploads\\\/2017\\\/03\\\/IMG_4442-96x96.jpg\",\"url\":\"https:\\\/\\\/www.elle.be\\\/fr\\\/wp-content\\\/uploads\\\/2017\\\/03\\\/IMG_4442-96x96.jpg\",\"contentUrl\":\"https:\\\/\\\/www.elle.be\\\/fr\\\/wp-content\\\/uploads\\\/2017\\\/03\\\/IMG_4442-96x96.jpg\",\"caption\":\"Marie Gu\u00e9rin\"},\"description\":\"Obs\u00e9d\u00e9e par les stilettos et tout ce qui facilite la marche \u00e0 pied, cette journaliste sportive (ou pas) sillonne pour vous le monde entier (et la Belgique le reste du temps) \u00e0 la recherche de l'actu mode, beaut\u00e9, lifestyle et de ses meilleurs bons plans.\",\"sameAs\":[\"https:\\\/\\\/www.facebook.com\\\/Marie-Gurin-1721050434849149\\\/\",\"https:\\\/\\\/www.instagram.com\\\/marie_elle_be\\\/\",\"https:\\\/\\\/x.com\\\/marie_elle_be\"],\"url\":\"https:\\\/\\\/www.elle.be\\\/fr\\\/author\\\/marie\"}]}<\/script>\n<!-- \/ Yoast SEO plugin. -->","yoast_head_json":{"title":"Sac en osier: nos 10 pi\u00e8ces coup de coeur \u00e0 s'offrir cet \u00e9t\u00e9","description":"Vous n'avez pas encore le v\u00f4tre ? Depuis quelques saisons, le sac en osier est devenu la pi\u00e8ce indispensable de l'\u00e9t\u00e9. Id\u00e9al pour partir en voyage, on aime son petit format et son aspect naturel. D\u00e9couvrez notre s\u00e9lection !","robots":{"index":"index","follow":"follow","max-snippet":"max-snippet:-1","max-image-preview":"max-image-preview:large","max-video-preview":"max-video-preview:-1"},"canonical":"https:\/\/www.elle.be\/fr\/216933-10-petits-sacs-en-osier-a-soffrir-cet-ete.html","og_locale":"fr_FR","og_type":"article","og_title":"Sac en osier: nos 10 pi\u00e8ces coup de coeur \u00e0 s'offrir cet \u00e9t\u00e9","og_description":"Vous n'avez pas encore le v\u00f4tre ? Depuis quelques saisons, le sac en osier est devenu la pi\u00e8ce indispensable de l'\u00e9t\u00e9. Id\u00e9al pour partir en voyage, on aime son petit format et son aspect naturel. D\u00e9couvrez notre s\u00e9lection !","og_url":"https:\/\/www.elle.be\/fr\/216933-10-petits-sacs-en-osier-a-soffrir-cet-ete.html","og_site_name":"ELLE.be","article_publisher":"https:\/\/www.facebook.com\/ELLEbelgium\/","article_author":"https:\/\/www.facebook.com\/Marie-Gurin-1721050434849149\/","article_published_time":"2018-04-30T11:45:55+00:00","og_image":[{"width":1200,"height":628,"url":"https:\/\/www.elle.be\/fr\/wp-content\/uploads\/2018\/04\/sac-en-osier.jpg","type":"image\/jpeg"}],"author":"Marie Gu\u00e9rin","twitter_card":"summary_large_image","twitter_creator":"@marie_elle_be","twitter_site":"@ELLEBelgique","twitter_misc":{"\u00c9crit par":"Marie Gu\u00e9rin"},"schema":{"@context":"https:\/\/schema.org","@graph":[{"@type":"NewsArticle","@id":"https:\/\/www.elle.be\/fr\/216933-10-petits-sacs-en-osier-a-soffrir-cet-ete.html#article","isPartOf":{"@id":"https:\/\/www.elle.be\/fr\/216933-10-petits-sacs-en-osier-a-soffrir-cet-ete.html"},"author":{"name":"Marie Gu\u00e9rin","@id":"https:\/\/www.elle.be\/fr\/#\/schema\/person\/aa4e257722b2e3dd300f8fbdb031db01"},"headline":"12 petits sacs en osier \u00e0 s&#8217;offrir cet \u00e9t\u00e9","datePublished":"2018-04-30T11:45:55+00:00","mainEntityOfPage":{"@id":"https:\/\/www.elle.be\/fr\/216933-10-petits-sacs-en-osier-a-soffrir-cet-ete.html"},"wordCount":99,"publisher":{"@id":"https:\/\/www.elle.be\/fr\/#organization"},"image":{"@id":"https:\/\/www.elle.be\/fr\/216933-10-petits-sacs-en-osier-a-soffrir-cet-ete.html#primaryimage"},"thumbnailUrl":"https:\/\/www.elle.be\/fr\/wp-content\/uploads\/2018\/04\/sac-en-osier.jpg","articleSection":["Mode","Shopping"],"inLanguage":"fr-FR"},{"@type":"WebPage","@id":"https:\/\/www.elle.be\/fr\/216933-10-petits-sacs-en-osier-a-soffrir-cet-ete.html","url":"https:\/\/www.elle.be\/fr\/216933-10-petits-sacs-en-osier-a-soffrir-cet-ete.html","name":"Sac en osier: nos 10 pi\u00e8ces coup de coeur \u00e0 s'offrir cet \u00e9t\u00e9","isPartOf":{"@id":"https:\/\/www.elle.be\/fr\/#website"},"primaryImageOfPage":{"@id":"https:\/\/www.elle.be\/fr\/216933-10-petits-sacs-en-osier-a-soffrir-cet-ete.html#primaryimage"},"image":{"@id":"https:\/\/www.elle.be\/fr\/216933-10-petits-sacs-en-osier-a-soffrir-cet-ete.html#primaryimage"},"thumbnailUrl":"https:\/\/www.elle.be\/fr\/wp-content\/uploads\/2018\/04\/sac-en-osier.jpg","datePublished":"2018-04-30T11:45:55+00:00","description":"Vous n'avez pas encore le v\u00f4tre ? Depuis quelques saisons, le sac en osier est devenu la pi\u00e8ce indispensable de l'\u00e9t\u00e9. Id\u00e9al pour partir en voyage, on aime son petit format et son aspect naturel. D\u00e9couvrez notre s\u00e9lection !","breadcrumb":{"@id":"https:\/\/www.elle.be\/fr\/216933-10-petits-sacs-en-osier-a-soffrir-cet-ete.html#breadcrumb"},"inLanguage":"fr-FR","potentialAction":[{"@type":"ReadAction","target":["https:\/\/www.elle.be\/fr\/216933-10-petits-sacs-en-osier-a-soffrir-cet-ete.html"]}]},{"@type":"ImageObject","inLanguage":"fr-FR","@id":"https:\/\/www.elle.be\/fr\/216933-10-petits-sacs-en-osier-a-soffrir-cet-ete.html#primaryimage","url":"https:\/\/www.elle.be\/fr\/wp-content\/uploads\/2018\/04\/sac-en-osier.jpg","contentUrl":"https:\/\/www.elle.be\/fr\/wp-content\/uploads\/2018\/04\/sac-en-osier.jpg","width":1200,"height":628},{"@type":"BreadcrumbList","@id":"https:\/\/www.elle.be\/fr\/216933-10-petits-sacs-en-osier-a-soffrir-cet-ete.html#breadcrumb","itemListElement":[{"@type":"ListItem","position":1,"name":"FR","item":"https:\/\/www.elle.be\/fr"},{"@type":"ListItem","position":2,"name":"Mode","item":"https:\/\/www.elle.be\/fr\/mode"},{"@type":"ListItem","position":3,"name":"12 petits sacs en osier \u00e0 s&rsquo;offrir cet \u00e9t\u00e9"}]},{"@type":"WebSite","@id":"https:\/\/www.elle.be\/fr\/#website","url":"https:\/\/www.elle.be\/fr\/","name":"ELLE.be","description":"Toutes les infos mode, beaut\u00e9 et lifestyle les plus pointues ainsi qu&#039;un contenu 100% belge d\u00e9clin\u00e9 \u00e0 360\u00b0sur le site ELLE.be, nos r\u00e9seaux sociaux et notre cha\u00eene Youtube.","publisher":{"@id":"https:\/\/www.elle.be\/fr\/#organization"},"potentialAction":[{"@type":"SearchAction","target":{"@type":"EntryPoint","urlTemplate":"https:\/\/www.elle.be\/fr\/?s={search_term_string}"},"query-input":{"@type":"PropertyValueSpecification","valueRequired":true,"valueName":"search_term_string"}}],"inLanguage":"fr-FR"},{"@type":"Organization","@id":"https:\/\/www.elle.be\/fr\/#organization","name":"ELLE Belgique","url":"https:\/\/www.elle.be\/fr\/","logo":{"@type":"ImageObject","inLanguage":"fr-FR","@id":"https:\/\/www.elle.be\/fr\/#\/schema\/logo\/image\/","url":"https:\/\/www.elle.be\/fr\/wp-content\/uploads\/2017\/03\/elle-icon-200px.jpeg","contentUrl":"https:\/\/www.elle.be\/fr\/wp-content\/uploads\/2017\/03\/elle-icon-200px.jpeg","width":200,"height":200,"caption":"ELLE Belgique"},"image":{"@id":"https:\/\/www.elle.be\/fr\/#\/schema\/logo\/image\/"},"sameAs":["https:\/\/www.facebook.com\/ELLEbelgium\/","https:\/\/x.com\/ELLEBelgique","http:\/\/instagram.com\/ellebelgique\/","https:\/\/www.pinterest.com\/ellebelgique\/","https:\/\/www.youtube.com\/user\/ELLEbelgique1"]},{"@type":"Person","@id":"https:\/\/www.elle.be\/fr\/#\/schema\/person\/aa4e257722b2e3dd300f8fbdb031db01","name":"Marie Gu\u00e9rin","image":{"@type":"ImageObject","inLanguage":"fr-FR","@id":"https:\/\/www.elle.be\/fr\/wp-content\/uploads\/2017\/03\/IMG_4442-96x96.jpg","url":"https:\/\/www.elle.be\/fr\/wp-content\/uploads\/2017\/03\/IMG_4442-96x96.jpg","contentUrl":"https:\/\/www.elle.be\/fr\/wp-content\/uploads\/2017\/03\/IMG_4442-96x96.jpg","caption":"Marie Gu\u00e9rin"},"description":"Obs\u00e9d\u00e9e par les stilettos et tout ce qui facilite la marche \u00e0 pied, cette journaliste sportive (ou pas) sillonne pour vous le monde entier (et la Belgique le reste du temps) \u00e0 la recherche de l'actu mode, beaut\u00e9, lifestyle et de ses meilleurs bons plans.","sameAs":["https:\/\/www.facebook.com\/Marie-Gurin-1721050434849149\/","https:\/\/www.instagram.com\/marie_elle_be\/","https:\/\/x.com\/marie_elle_be"],"url":"https:\/\/www.elle.be\/fr\/author\/marie"}]}},"_links":{"self":[{"href":"https:\/\/www.elle.be\/fr\/wp-json\/wp\/v2\/posts\/216933","targetHints":{"allow":["GET"]}}],"collection":[{"href":"https:\/\/www.elle.be\/fr\/wp-json\/wp\/v2\/posts"}],"about":[{"href":"https:\/\/www.elle.be\/fr\/wp-json\/wp\/v2\/types\/post"}],"author":[{"embeddable":true,"href":"https:\/\/www.elle.be\/fr\/wp-json\/wp\/v2\/users\/3"}],"replies":[{"embeddable":true,"href":"https:\/\/www.elle.be\/fr\/wp-json\/wp\/v2\/comments?post=216933"}],"version-history":[{"count":1,"href":"https:\/\/www.elle.be\/fr\/wp-json\/wp\/v2\/posts\/216933\/revisions"}],"predecessor-version":[{"id":216990,"href":"https:\/\/www.elle.be\/fr\/wp-json\/wp\/v2\/posts\/216933\/revisions\/216990"}],"wp:featuredmedia":[{"embeddable":true,"href":"https:\/\/www.elle.be\/fr\/wp-json\/wp\/v2\/media\/216986"}],"wp:attachment":[{"href":"https:\/\/www.elle.be\/fr\/wp-json\/wp\/v2\/media?parent=216933"}],"wp:term":[{"taxonomy":"category","embeddable":true,"href":"https:\/\/www.elle.be\/fr\/wp-json\/wp\/v2\/categories?post=216933"},{"taxonomy":"post_tag","embeddable":true,"href":"https:\/\/www.elle.be\/fr\/wp-json\/wp\/v2\/tags?post=216933"}],"curies":[{"name":"wp","href":"https:\/\/api.w.org\/{rel}","templated":true}]}}