{"id":213839,"date":"2018-04-10T09:52:24","date_gmt":"2018-04-10T07:52:24","guid":{"rendered":"https:\/\/www.elle.be\/fr\/?p=213839"},"modified":"2018-04-10T12:38:24","modified_gmt":"2018-04-10T10:38:24","slug":"mosaert-is-back-interview-confidences-de-stromae-tribe","status":"publish","type":"post","link":"https:\/\/www.elle.be\/fr\/213839-mosaert-is-back-interview-confidences-de-stromae-tribe.html","title":{"rendered":"Mosaert is back! Interview confidences de Stromae et sa tribe"},"content":{"rendered":"","protected":false},"excerpt":{"rendered":"Autour de la table, ils sont trois. ...","protected":false},"author":8,"featured_media":213872,"comment_status":"closed","ping_status":"closed","sticky":false,"template":"","format":"standard","meta":{"_acf_changed":false,"footnotes":""},"categories":[5,2202],"tags":[131,1079,2531],"class_list":["post-213839","post","type-post","status-publish","format-standard","has-post-thumbnail","hentry","category-mode","category-news-actu","tag-stromae","tag-mode","tag-interview"],"acf":[],"image_verticale":"213875","_yoast_wpseo_title":"Mosaert Capsule 5: interview confidences de Stromae et sa tribu","_yoast_wpseo_metadesc":"Interview de Paul Van Haver (alias Stromae), son bin\u00f4me \u2013 \u00e0 la sc\u00e8ne comme \u00e0 la ville \u2013 la styliste Coralie Barbier et son fr\u00e8re Luc Junior Tam, directeur artistique du label (et bo\u00eete de prod) Mosaert \u00e0 l'occasion de la sortie de leur cinqui\u00e8me capsule au Bon March\u00e9 Rive Gauche \u00e0 Paris.","_yoast_wpseo_focuskw_text_input":"Mosaert Capsule 5","_yoast_wpseo_opengraph-title":null,"yoast_head":"<!-- This site is optimized with the Yoast SEO plugin v27.4 - https:\/\/yoast.com\/product\/yoast-seo-wordpress\/ -->\n<title>Mosaert Capsule 5: interview confidences de Stromae et sa tribu<\/title>\n<meta name=\"description\" content=\"Interview de Paul Van Haver (alias Stromae), son bin\u00f4me \u2013 \u00e0 la sc\u00e8ne comme \u00e0 la ville \u2013 la styliste Coralie Barbier et son fr\u00e8re Luc Junior Tam, directeur artistique du label (et bo\u00eete de prod) Mosaert \u00e0 l&#039;occasion de la sortie de leur cinqui\u00e8me capsule au Bon March\u00e9 Rive Gauche \u00e0 Paris.\" \/>\n<meta name=\"robots\" content=\"index, follow, max-snippet:-1, max-image-preview:large, max-video-preview:-1\" \/>\n<link rel=\"canonical\" href=\"https:\/\/www.elle.be\/fr\/213839-mosaert-is-back-interview-confidences-de-stromae-tribe.html\" \/>\n<meta property=\"og:locale\" content=\"fr_FR\" \/>\n<meta property=\"og:type\" content=\"article\" \/>\n<meta property=\"og:title\" content=\"Mosaert Capsule 5: interview confidences de Stromae et sa tribu\" \/>\n<meta property=\"og:description\" content=\"Interview de Paul Van Haver (alias Stromae), son bin\u00f4me \u2013 \u00e0 la sc\u00e8ne comme \u00e0 la ville \u2013 la styliste Coralie Barbier et son fr\u00e8re Luc Junior Tam, directeur artistique du label (et bo\u00eete de prod) Mosaert \u00e0 l&#039;occasion de la sortie de leur cinqui\u00e8me capsule au Bon March\u00e9 Rive Gauche \u00e0 Paris.\" \/>\n<meta property=\"og:url\" content=\"https:\/\/www.elle.be\/fr\/213839-mosaert-is-back-interview-confidences-de-stromae-tribe.html\" \/>\n<meta property=\"og:site_name\" content=\"ELLE.be\" \/>\n<meta property=\"article:publisher\" content=\"https:\/\/www.facebook.com\/ELLEbelgium\/\" \/>\n<meta property=\"article:author\" content=\"https:\/\/www.facebook.com\/celine.pecheux\" \/>\n<meta property=\"article:published_time\" content=\"2018-04-10T07:52:24+00:00\" \/>\n<meta property=\"article:modified_time\" content=\"2018-04-10T10:38:24+00:00\" \/>\n<meta property=\"og:image\" content=\"https:\/\/www.elle.be\/fr\/wp-content\/uploads\/2018\/04\/ELLE_MOSAERT-coverhorizontale.jpg\" \/>\n\t<meta property=\"og:image:width\" content=\"1780\" \/>\n\t<meta property=\"og:image:height\" content=\"932\" \/>\n\t<meta property=\"og:image:type\" content=\"image\/jpeg\" \/>\n<meta name=\"author\" content=\"C\u00e9line P\u00e9cheux\" \/>\n<meta name=\"twitter:card\" content=\"summary_large_image\" \/>\n<meta name=\"twitter:creator\" content=\"@celinepecheux\" \/>\n<meta name=\"twitter:site\" content=\"@ELLEBelgique\" \/>\n<meta name=\"twitter:label1\" content=\"\u00c9crit par\" \/>\n\t<meta name=\"twitter:data1\" content=\"C\u00e9line P\u00e9cheux\" \/>\n\t<meta name=\"twitter:label2\" content=\"Dur\u00e9e de lecture estim\u00e9e\" \/>\n\t<meta name=\"twitter:data2\" content=\"8 minutes\" \/>\n<script type=\"application\/ld+json\" class=\"yoast-schema-graph\">{\"@context\":\"https:\\\/\\\/schema.org\",\"@graph\":[{\"@type\":\"NewsArticle\",\"@id\":\"https:\\\/\\\/www.elle.be\\\/fr\\\/213839-mosaert-is-back-interview-confidences-de-stromae-tribe.html#article\",\"isPartOf\":{\"@id\":\"https:\\\/\\\/www.elle.be\\\/fr\\\/213839-mosaert-is-back-interview-confidences-de-stromae-tribe.html\"},\"author\":{\"name\":\"C\u00e9line P\u00e9cheux\",\"@id\":\"https:\\\/\\\/www.elle.be\\\/fr\\\/#\\\/schema\\\/person\\\/6caa2c7d3ffa4152fff44b8eab8af245\"},\"headline\":\"Mosaert is back! Interview confidences de Stromae et sa tribe\",\"datePublished\":\"2018-04-10T07:52:24+00:00\",\"dateModified\":\"2018-04-10T10:38:24+00:00\",\"mainEntityOfPage\":{\"@id\":\"https:\\\/\\\/www.elle.be\\\/fr\\\/213839-mosaert-is-back-interview-confidences-de-stromae-tribe.html\"},\"wordCount\":1583,\"publisher\":{\"@id\":\"https:\\\/\\\/www.elle.be\\\/fr\\\/#organization\"},\"image\":{\"@id\":\"https:\\\/\\\/www.elle.be\\\/fr\\\/213839-mosaert-is-back-interview-confidences-de-stromae-tribe.html#primaryimage\"},\"thumbnailUrl\":\"https:\\\/\\\/www.elle.be\\\/fr\\\/wp-content\\\/uploads\\\/2018\\\/04\\\/ELLE_MOSAERT-coverhorizontale.jpg\",\"keywords\":[\"stromae\",\"mode\",\"interview\"],\"articleSection\":[\"Mode\",\"News Actu\"],\"inLanguage\":\"fr-FR\"},{\"@type\":\"WebPage\",\"@id\":\"https:\\\/\\\/www.elle.be\\\/fr\\\/213839-mosaert-is-back-interview-confidences-de-stromae-tribe.html\",\"url\":\"https:\\\/\\\/www.elle.be\\\/fr\\\/213839-mosaert-is-back-interview-confidences-de-stromae-tribe.html\",\"name\":\"Mosaert Capsule 5: interview confidences de Stromae et sa tribu\",\"isPartOf\":{\"@id\":\"https:\\\/\\\/www.elle.be\\\/fr\\\/#website\"},\"primaryImageOfPage\":{\"@id\":\"https:\\\/\\\/www.elle.be\\\/fr\\\/213839-mosaert-is-back-interview-confidences-de-stromae-tribe.html#primaryimage\"},\"image\":{\"@id\":\"https:\\\/\\\/www.elle.be\\\/fr\\\/213839-mosaert-is-back-interview-confidences-de-stromae-tribe.html#primaryimage\"},\"thumbnailUrl\":\"https:\\\/\\\/www.elle.be\\\/fr\\\/wp-content\\\/uploads\\\/2018\\\/04\\\/ELLE_MOSAERT-coverhorizontale.jpg\",\"datePublished\":\"2018-04-10T07:52:24+00:00\",\"dateModified\":\"2018-04-10T10:38:24+00:00\",\"description\":\"Interview de Paul Van Haver (alias Stromae), son bin\u00f4me \u2013 \u00e0 la sc\u00e8ne comme \u00e0 la ville \u2013 la styliste Coralie Barbier et son fr\u00e8re Luc Junior Tam, directeur artistique du label (et bo\u00eete de prod) Mosaert \u00e0 l'occasion de la sortie de leur cinqui\u00e8me capsule au Bon March\u00e9 Rive Gauche \u00e0 Paris.\",\"breadcrumb\":{\"@id\":\"https:\\\/\\\/www.elle.be\\\/fr\\\/213839-mosaert-is-back-interview-confidences-de-stromae-tribe.html#breadcrumb\"},\"inLanguage\":\"fr-FR\",\"potentialAction\":[{\"@type\":\"ReadAction\",\"target\":[\"https:\\\/\\\/www.elle.be\\\/fr\\\/213839-mosaert-is-back-interview-confidences-de-stromae-tribe.html\"]}]},{\"@type\":\"ImageObject\",\"inLanguage\":\"fr-FR\",\"@id\":\"https:\\\/\\\/www.elle.be\\\/fr\\\/213839-mosaert-is-back-interview-confidences-de-stromae-tribe.html#primaryimage\",\"url\":\"https:\\\/\\\/www.elle.be\\\/fr\\\/wp-content\\\/uploads\\\/2018\\\/04\\\/ELLE_MOSAERT-coverhorizontale.jpg\",\"contentUrl\":\"https:\\\/\\\/www.elle.be\\\/fr\\\/wp-content\\\/uploads\\\/2018\\\/04\\\/ELLE_MOSAERT-coverhorizontale.jpg\",\"width\":1780,\"height\":932,\"caption\":\"Mosaert Capsule 5\"},{\"@type\":\"BreadcrumbList\",\"@id\":\"https:\\\/\\\/www.elle.be\\\/fr\\\/213839-mosaert-is-back-interview-confidences-de-stromae-tribe.html#breadcrumb\",\"itemListElement\":[{\"@type\":\"ListItem\",\"position\":1,\"name\":\"FR\",\"item\":\"https:\\\/\\\/www.elle.be\\\/fr\"},{\"@type\":\"ListItem\",\"position\":2,\"name\":\"Mode\",\"item\":\"https:\\\/\\\/www.elle.be\\\/fr\\\/mode\"},{\"@type\":\"ListItem\",\"position\":3,\"name\":\"Mosaert is back! Interview confidences de Stromae et sa tribe\"}]},{\"@type\":\"WebSite\",\"@id\":\"https:\\\/\\\/www.elle.be\\\/fr\\\/#website\",\"url\":\"https:\\\/\\\/www.elle.be\\\/fr\\\/\",\"name\":\"ELLE.be\",\"description\":\"Toutes les infos mode, beaut\u00e9 et lifestyle les plus pointues ainsi qu&#039;un contenu 100% belge d\u00e9clin\u00e9 \u00e0 360\u00b0sur le site ELLE.be, nos r\u00e9seaux sociaux et notre cha\u00eene Youtube.\",\"publisher\":{\"@id\":\"https:\\\/\\\/www.elle.be\\\/fr\\\/#organization\"},\"potentialAction\":[{\"@type\":\"SearchAction\",\"target\":{\"@type\":\"EntryPoint\",\"urlTemplate\":\"https:\\\/\\\/www.elle.be\\\/fr\\\/?s={search_term_string}\"},\"query-input\":{\"@type\":\"PropertyValueSpecification\",\"valueRequired\":true,\"valueName\":\"search_term_string\"}}],\"inLanguage\":\"fr-FR\"},{\"@type\":\"Organization\",\"@id\":\"https:\\\/\\\/www.elle.be\\\/fr\\\/#organization\",\"name\":\"ELLE Belgique\",\"url\":\"https:\\\/\\\/www.elle.be\\\/fr\\\/\",\"logo\":{\"@type\":\"ImageObject\",\"inLanguage\":\"fr-FR\",\"@id\":\"https:\\\/\\\/www.elle.be\\\/fr\\\/#\\\/schema\\\/logo\\\/image\\\/\",\"url\":\"https:\\\/\\\/www.elle.be\\\/fr\\\/wp-content\\\/uploads\\\/2017\\\/03\\\/elle-icon-200px.jpeg\",\"contentUrl\":\"https:\\\/\\\/www.elle.be\\\/fr\\\/wp-content\\\/uploads\\\/2017\\\/03\\\/elle-icon-200px.jpeg\",\"width\":200,\"height\":200,\"caption\":\"ELLE Belgique\"},\"image\":{\"@id\":\"https:\\\/\\\/www.elle.be\\\/fr\\\/#\\\/schema\\\/logo\\\/image\\\/\"},\"sameAs\":[\"https:\\\/\\\/www.facebook.com\\\/ELLEbelgium\\\/\",\"https:\\\/\\\/x.com\\\/ELLEBelgique\",\"http:\\\/\\\/instagram.com\\\/ellebelgique\\\/\",\"https:\\\/\\\/www.pinterest.com\\\/ellebelgique\\\/\",\"https:\\\/\\\/www.youtube.com\\\/user\\\/ELLEbelgique1\"]},{\"@type\":\"Person\",\"@id\":\"https:\\\/\\\/www.elle.be\\\/fr\\\/#\\\/schema\\\/person\\\/6caa2c7d3ffa4152fff44b8eab8af245\",\"name\":\"C\u00e9line P\u00e9cheux\",\"image\":{\"@type\":\"ImageObject\",\"inLanguage\":\"fr-FR\",\"@id\":\"https:\\\/\\\/www.elle.be\\\/fr\\\/wp-content\\\/uploads\\\/2017\\\/03\\\/celine_pecheux-150x150.jpg\",\"url\":\"https:\\\/\\\/www.elle.be\\\/fr\\\/wp-content\\\/uploads\\\/2017\\\/03\\\/celine_pecheux-150x150.jpg\",\"contentUrl\":\"https:\\\/\\\/www.elle.be\\\/fr\\\/wp-content\\\/uploads\\\/2017\\\/03\\\/celine_pecheux-150x150.jpg\",\"caption\":\"C\u00e9line P\u00e9cheux\"},\"description\":\"Carnet d'adresses ambulant, nomade, vintage freak et foodholic, elle traque les endroits et bons plans voyage, food et d\u00e9co et parle des personnalit\u00e9s qui aiment c\u00e9l\u00e9brer l'art de vivre.\",\"sameAs\":[\"https:\\\/\\\/www.facebook.com\\\/celine.pecheux\",\"http:\\\/\\\/instagram.com\\\/celinepecheux\",\"http:\\\/\\\/pinterest.com\\\/celinepecheux\",\"https:\\\/\\\/x.com\\\/celinepecheux\"],\"url\":\"https:\\\/\\\/www.elle.be\\\/fr\\\/author\\\/celine\"}]}<\/script>\n<!-- \/ Yoast SEO plugin. -->","yoast_head_json":{"title":"Mosaert Capsule 5: interview confidences de Stromae et sa tribu","description":"Interview de Paul Van Haver (alias Stromae), son bin\u00f4me \u2013 \u00e0 la sc\u00e8ne comme \u00e0 la ville \u2013 la styliste Coralie Barbier et son fr\u00e8re Luc Junior Tam, directeur artistique du label (et bo\u00eete de prod) Mosaert \u00e0 l'occasion de la sortie de leur cinqui\u00e8me capsule au Bon March\u00e9 Rive Gauche \u00e0 Paris.","robots":{"index":"index","follow":"follow","max-snippet":"max-snippet:-1","max-image-preview":"max-image-preview:large","max-video-preview":"max-video-preview:-1"},"canonical":"https:\/\/www.elle.be\/fr\/213839-mosaert-is-back-interview-confidences-de-stromae-tribe.html","og_locale":"fr_FR","og_type":"article","og_title":"Mosaert Capsule 5: interview confidences de Stromae et sa tribu","og_description":"Interview de Paul Van Haver (alias Stromae), son bin\u00f4me \u2013 \u00e0 la sc\u00e8ne comme \u00e0 la ville \u2013 la styliste Coralie Barbier et son fr\u00e8re Luc Junior Tam, directeur artistique du label (et bo\u00eete de prod) Mosaert \u00e0 l'occasion de la sortie de leur cinqui\u00e8me capsule au Bon March\u00e9 Rive Gauche \u00e0 Paris.","og_url":"https:\/\/www.elle.be\/fr\/213839-mosaert-is-back-interview-confidences-de-stromae-tribe.html","og_site_name":"ELLE.be","article_publisher":"https:\/\/www.facebook.com\/ELLEbelgium\/","article_author":"https:\/\/www.facebook.com\/celine.pecheux","article_published_time":"2018-04-10T07:52:24+00:00","article_modified_time":"2018-04-10T10:38:24+00:00","og_image":[{"width":1780,"height":932,"url":"https:\/\/www.elle.be\/fr\/wp-content\/uploads\/2018\/04\/ELLE_MOSAERT-coverhorizontale.jpg","type":"image\/jpeg"}],"author":"C\u00e9line P\u00e9cheux","twitter_card":"summary_large_image","twitter_creator":"@celinepecheux","twitter_site":"@ELLEBelgique","twitter_misc":{"\u00c9crit par":"C\u00e9line P\u00e9cheux","Dur\u00e9e de lecture estim\u00e9e":"8 minutes"},"schema":{"@context":"https:\/\/schema.org","@graph":[{"@type":"NewsArticle","@id":"https:\/\/www.elle.be\/fr\/213839-mosaert-is-back-interview-confidences-de-stromae-tribe.html#article","isPartOf":{"@id":"https:\/\/www.elle.be\/fr\/213839-mosaert-is-back-interview-confidences-de-stromae-tribe.html"},"author":{"name":"C\u00e9line P\u00e9cheux","@id":"https:\/\/www.elle.be\/fr\/#\/schema\/person\/6caa2c7d3ffa4152fff44b8eab8af245"},"headline":"Mosaert is back! Interview confidences de Stromae et sa tribe","datePublished":"2018-04-10T07:52:24+00:00","dateModified":"2018-04-10T10:38:24+00:00","mainEntityOfPage":{"@id":"https:\/\/www.elle.be\/fr\/213839-mosaert-is-back-interview-confidences-de-stromae-tribe.html"},"wordCount":1583,"publisher":{"@id":"https:\/\/www.elle.be\/fr\/#organization"},"image":{"@id":"https:\/\/www.elle.be\/fr\/213839-mosaert-is-back-interview-confidences-de-stromae-tribe.html#primaryimage"},"thumbnailUrl":"https:\/\/www.elle.be\/fr\/wp-content\/uploads\/2018\/04\/ELLE_MOSAERT-coverhorizontale.jpg","keywords":["stromae","mode","interview"],"articleSection":["Mode","News Actu"],"inLanguage":"fr-FR"},{"@type":"WebPage","@id":"https:\/\/www.elle.be\/fr\/213839-mosaert-is-back-interview-confidences-de-stromae-tribe.html","url":"https:\/\/www.elle.be\/fr\/213839-mosaert-is-back-interview-confidences-de-stromae-tribe.html","name":"Mosaert Capsule 5: interview confidences de Stromae et sa tribu","isPartOf":{"@id":"https:\/\/www.elle.be\/fr\/#website"},"primaryImageOfPage":{"@id":"https:\/\/www.elle.be\/fr\/213839-mosaert-is-back-interview-confidences-de-stromae-tribe.html#primaryimage"},"image":{"@id":"https:\/\/www.elle.be\/fr\/213839-mosaert-is-back-interview-confidences-de-stromae-tribe.html#primaryimage"},"thumbnailUrl":"https:\/\/www.elle.be\/fr\/wp-content\/uploads\/2018\/04\/ELLE_MOSAERT-coverhorizontale.jpg","datePublished":"2018-04-10T07:52:24+00:00","dateModified":"2018-04-10T10:38:24+00:00","description":"Interview de Paul Van Haver (alias Stromae), son bin\u00f4me \u2013 \u00e0 la sc\u00e8ne comme \u00e0 la ville \u2013 la styliste Coralie Barbier et son fr\u00e8re Luc Junior Tam, directeur artistique du label (et bo\u00eete de prod) Mosaert \u00e0 l'occasion de la sortie de leur cinqui\u00e8me capsule au Bon March\u00e9 Rive Gauche \u00e0 Paris.","breadcrumb":{"@id":"https:\/\/www.elle.be\/fr\/213839-mosaert-is-back-interview-confidences-de-stromae-tribe.html#breadcrumb"},"inLanguage":"fr-FR","potentialAction":[{"@type":"ReadAction","target":["https:\/\/www.elle.be\/fr\/213839-mosaert-is-back-interview-confidences-de-stromae-tribe.html"]}]},{"@type":"ImageObject","inLanguage":"fr-FR","@id":"https:\/\/www.elle.be\/fr\/213839-mosaert-is-back-interview-confidences-de-stromae-tribe.html#primaryimage","url":"https:\/\/www.elle.be\/fr\/wp-content\/uploads\/2018\/04\/ELLE_MOSAERT-coverhorizontale.jpg","contentUrl":"https:\/\/www.elle.be\/fr\/wp-content\/uploads\/2018\/04\/ELLE_MOSAERT-coverhorizontale.jpg","width":1780,"height":932,"caption":"Mosaert Capsule 5"},{"@type":"BreadcrumbList","@id":"https:\/\/www.elle.be\/fr\/213839-mosaert-is-back-interview-confidences-de-stromae-tribe.html#breadcrumb","itemListElement":[{"@type":"ListItem","position":1,"name":"FR","item":"https:\/\/www.elle.be\/fr"},{"@type":"ListItem","position":2,"name":"Mode","item":"https:\/\/www.elle.be\/fr\/mode"},{"@type":"ListItem","position":3,"name":"Mosaert is back! Interview confidences de Stromae et sa tribe"}]},{"@type":"WebSite","@id":"https:\/\/www.elle.be\/fr\/#website","url":"https:\/\/www.elle.be\/fr\/","name":"ELLE.be","description":"Toutes les infos mode, beaut\u00e9 et lifestyle les plus pointues ainsi qu&#039;un contenu 100% belge d\u00e9clin\u00e9 \u00e0 360\u00b0sur le site ELLE.be, nos r\u00e9seaux sociaux et notre cha\u00eene Youtube.","publisher":{"@id":"https:\/\/www.elle.be\/fr\/#organization"},"potentialAction":[{"@type":"SearchAction","target":{"@type":"EntryPoint","urlTemplate":"https:\/\/www.elle.be\/fr\/?s={search_term_string}"},"query-input":{"@type":"PropertyValueSpecification","valueRequired":true,"valueName":"search_term_string"}}],"inLanguage":"fr-FR"},{"@type":"Organization","@id":"https:\/\/www.elle.be\/fr\/#organization","name":"ELLE Belgique","url":"https:\/\/www.elle.be\/fr\/","logo":{"@type":"ImageObject","inLanguage":"fr-FR","@id":"https:\/\/www.elle.be\/fr\/#\/schema\/logo\/image\/","url":"https:\/\/www.elle.be\/fr\/wp-content\/uploads\/2017\/03\/elle-icon-200px.jpeg","contentUrl":"https:\/\/www.elle.be\/fr\/wp-content\/uploads\/2017\/03\/elle-icon-200px.jpeg","width":200,"height":200,"caption":"ELLE Belgique"},"image":{"@id":"https:\/\/www.elle.be\/fr\/#\/schema\/logo\/image\/"},"sameAs":["https:\/\/www.facebook.com\/ELLEbelgium\/","https:\/\/x.com\/ELLEBelgique","http:\/\/instagram.com\/ellebelgique\/","https:\/\/www.pinterest.com\/ellebelgique\/","https:\/\/www.youtube.com\/user\/ELLEbelgique1"]},{"@type":"Person","@id":"https:\/\/www.elle.be\/fr\/#\/schema\/person\/6caa2c7d3ffa4152fff44b8eab8af245","name":"C\u00e9line P\u00e9cheux","image":{"@type":"ImageObject","inLanguage":"fr-FR","@id":"https:\/\/www.elle.be\/fr\/wp-content\/uploads\/2017\/03\/celine_pecheux-150x150.jpg","url":"https:\/\/www.elle.be\/fr\/wp-content\/uploads\/2017\/03\/celine_pecheux-150x150.jpg","contentUrl":"https:\/\/www.elle.be\/fr\/wp-content\/uploads\/2017\/03\/celine_pecheux-150x150.jpg","caption":"C\u00e9line P\u00e9cheux"},"description":"Carnet d'adresses ambulant, nomade, vintage freak et foodholic, elle traque les endroits et bons plans voyage, food et d\u00e9co et parle des personnalit\u00e9s qui aiment c\u00e9l\u00e9brer l'art de vivre.","sameAs":["https:\/\/www.facebook.com\/celine.pecheux","http:\/\/instagram.com\/celinepecheux","http:\/\/pinterest.com\/celinepecheux","https:\/\/x.com\/celinepecheux"],"url":"https:\/\/www.elle.be\/fr\/author\/celine"}]}},"_links":{"self":[{"href":"https:\/\/www.elle.be\/fr\/wp-json\/wp\/v2\/posts\/213839","targetHints":{"allow":["GET"]}}],"collection":[{"href":"https:\/\/www.elle.be\/fr\/wp-json\/wp\/v2\/posts"}],"about":[{"href":"https:\/\/www.elle.be\/fr\/wp-json\/wp\/v2\/types\/post"}],"author":[{"embeddable":true,"href":"https:\/\/www.elle.be\/fr\/wp-json\/wp\/v2\/users\/8"}],"replies":[{"embeddable":true,"href":"https:\/\/www.elle.be\/fr\/wp-json\/wp\/v2\/comments?post=213839"}],"version-history":[{"count":13,"href":"https:\/\/www.elle.be\/fr\/wp-json\/wp\/v2\/posts\/213839\/revisions"}],"predecessor-version":[{"id":214058,"href":"https:\/\/www.elle.be\/fr\/wp-json\/wp\/v2\/posts\/213839\/revisions\/214058"}],"wp:featuredmedia":[{"embeddable":true,"href":"https:\/\/www.elle.be\/fr\/wp-json\/wp\/v2\/media\/213872"}],"wp:attachment":[{"href":"https:\/\/www.elle.be\/fr\/wp-json\/wp\/v2\/media?parent=213839"}],"wp:term":[{"taxonomy":"category","embeddable":true,"href":"https:\/\/www.elle.be\/fr\/wp-json\/wp\/v2\/categories?post=213839"},{"taxonomy":"post_tag","embeddable":true,"href":"https:\/\/www.elle.be\/fr\/wp-json\/wp\/v2\/tags?post=213839"}],"curies":[{"name":"wp","href":"https:\/\/api.w.org\/{rel}","templated":true}]}}