{"id":210691,"date":"2018-03-17T09:53:05","date_gmt":"2018-03-17T08:53:05","guid":{"rendered":"https:\/\/www.elle.be\/fr\/?p=210691"},"modified":"2018-03-24T18:41:36","modified_gmt":"2018-03-24T17:41:36","slug":"green-me-kiko-lance-premiere-collection-capsule-inspiree-de-nature","status":"publish","type":"post","link":"https:\/\/www.elle.be\/fr\/210691-green-me-kiko-lance-premiere-collection-capsule-inspiree-de-nature.html","title":{"rendered":"Green Me: la premi\u00e8re collection inspir\u00e9e de la nature de KIKO"},"content":{"rendered":"","protected":false},"excerpt":{"rendered":"La collection capsule &#8220;Green Me&#8221; de la c\u00e9l\u00e8bre marque de cosm\u00e9tiques italienne, Kiko Milano, est disponible en \u00e9dition limit\u00e9e depuis le 15 mars 2018 dans tous les magasins et en ligne sur kikocosmetics.","protected":false},"author":6,"featured_media":210712,"comment_status":"closed","ping_status":"closed","sticky":false,"template":"","format":"standard","meta":{"_acf_changed":false,"footnotes":""},"categories":[2842,2207],"tags":[400,870,1530,2406],"class_list":["post-210691","post","type-post","status-publish","format-standard","has-post-thumbnail","hentry","category-beaute","category-make-up","tag-make-up","tag-green","tag-kiko","tag-nouvelle-collection"],"acf":[],"image_verticale":"","_yoast_wpseo_title":null,"_yoast_wpseo_metadesc":null,"_yoast_wpseo_focuskw_text_input":"KIKO","_yoast_wpseo_opengraph-title":null,"yoast_head":"<!-- This site is optimized with the Yoast SEO plugin v27.4 - https:\/\/yoast.com\/product\/yoast-seo-wordpress\/ -->\n<title>Green Me: la premi\u00e8re collection inspir\u00e9e de la nature de KIKO - ELLE.be<\/title>\n<meta name=\"description\" content=\"La collection capsule &quot;Green Me&quot; de la c\u00e9l\u00e8bre marque de cosm\u00e9tiques italienne, Kiko Milano, est disponible en \u00e9dition limit\u00e9e depuis le 15 mars 2018 dans tous les magasins et en ligne sur kikocosmetics.com.\" \/>\n<meta name=\"robots\" content=\"index, follow, max-snippet:-1, max-image-preview:large, max-video-preview:-1\" \/>\n<link rel=\"canonical\" href=\"https:\/\/www.elle.be\/fr\/210691-green-me-kiko-lance-premiere-collection-capsule-inspiree-de-nature.html\" \/>\n<meta property=\"og:locale\" content=\"fr_FR\" \/>\n<meta property=\"og:type\" content=\"article\" \/>\n<meta property=\"og:title\" content=\"Green Me: la premi\u00e8re collection inspir\u00e9e de la nature de KIKO - ELLE.be\" \/>\n<meta property=\"og:description\" content=\"La collection capsule &quot;Green Me&quot; de la c\u00e9l\u00e8bre marque de cosm\u00e9tiques italienne, Kiko Milano, est disponible en \u00e9dition limit\u00e9e depuis le 15 mars 2018 dans tous les magasins et en ligne sur kikocosmetics.com.\" \/>\n<meta property=\"og:url\" content=\"https:\/\/www.elle.be\/fr\/210691-green-me-kiko-lance-premiere-collection-capsule-inspiree-de-nature.html\" \/>\n<meta property=\"og:site_name\" content=\"ELLE.be\" \/>\n<meta property=\"article:publisher\" content=\"https:\/\/www.facebook.com\/ELLEbelgium\/\" \/>\n<meta property=\"article:author\" content=\"https:\/\/www.facebook.com\/pages\/ELLE-Belgique\/37490723084\" \/>\n<meta property=\"article:published_time\" content=\"2018-03-17T08:53:05+00:00\" \/>\n<meta property=\"article:modified_time\" content=\"2018-03-24T17:41:36+00:00\" \/>\n<meta property=\"og:image\" content=\"https:\/\/www.elle.be\/fr\/wp-content\/uploads\/2018\/03\/photodensemblekiko.jpg\" \/>\n\t<meta property=\"og:image:width\" content=\"1200\" \/>\n\t<meta property=\"og:image:height\" content=\"628\" \/>\n\t<meta property=\"og:image:type\" content=\"image\/jpeg\" \/>\n<meta name=\"author\" content=\"La r\u00e9daction\" \/>\n<meta name=\"twitter:card\" content=\"summary_large_image\" \/>\n<meta name=\"twitter:creator\" content=\"@ELLEBelgique\" \/>\n<meta name=\"twitter:site\" content=\"@ELLEBelgique\" \/>\n<meta name=\"twitter:label1\" content=\"\u00c9crit par\" \/>\n\t<meta name=\"twitter:data1\" content=\"La r\u00e9daction\" \/>\n\t<meta name=\"twitter:label2\" content=\"Dur\u00e9e de lecture estim\u00e9e\" \/>\n\t<meta name=\"twitter:data2\" content=\"2 minutes\" \/>\n<script type=\"application\/ld+json\" class=\"yoast-schema-graph\">{\"@context\":\"https:\\\/\\\/schema.org\",\"@graph\":[{\"@type\":\"NewsArticle\",\"@id\":\"https:\\\/\\\/www.elle.be\\\/fr\\\/210691-green-me-kiko-lance-premiere-collection-capsule-inspiree-de-nature.html#article\",\"isPartOf\":{\"@id\":\"https:\\\/\\\/www.elle.be\\\/fr\\\/210691-green-me-kiko-lance-premiere-collection-capsule-inspiree-de-nature.html\"},\"author\":{\"name\":\"La r\u00e9daction\",\"@id\":\"https:\\\/\\\/www.elle.be\\\/fr\\\/#\\\/schema\\\/person\\\/16ba064c2e0ef434bf6ed0b45c6e813f\"},\"headline\":\"Green Me: la premi\u00e8re collection inspir\u00e9e de la nature de KIKO\",\"datePublished\":\"2018-03-17T08:53:05+00:00\",\"dateModified\":\"2018-03-24T17:41:36+00:00\",\"mainEntityOfPage\":{\"@id\":\"https:\\\/\\\/www.elle.be\\\/fr\\\/210691-green-me-kiko-lance-premiere-collection-capsule-inspiree-de-nature.html\"},\"wordCount\":313,\"publisher\":{\"@id\":\"https:\\\/\\\/www.elle.be\\\/fr\\\/#organization\"},\"image\":{\"@id\":\"https:\\\/\\\/www.elle.be\\\/fr\\\/210691-green-me-kiko-lance-premiere-collection-capsule-inspiree-de-nature.html#primaryimage\"},\"thumbnailUrl\":\"https:\\\/\\\/www.elle.be\\\/fr\\\/wp-content\\\/uploads\\\/2018\\\/03\\\/photodensemblekiko.jpg\",\"keywords\":[\"make-up\",\"green\",\"kiko\",\"Nouvelle collection\"],\"articleSection\":[\"Beaut\u00e9\",\"Make-Up\"],\"inLanguage\":\"fr-FR\"},{\"@type\":\"WebPage\",\"@id\":\"https:\\\/\\\/www.elle.be\\\/fr\\\/210691-green-me-kiko-lance-premiere-collection-capsule-inspiree-de-nature.html\",\"url\":\"https:\\\/\\\/www.elle.be\\\/fr\\\/210691-green-me-kiko-lance-premiere-collection-capsule-inspiree-de-nature.html\",\"name\":\"Green Me: la premi\u00e8re collection inspir\u00e9e de la nature de KIKO - ELLE.be\",\"isPartOf\":{\"@id\":\"https:\\\/\\\/www.elle.be\\\/fr\\\/#website\"},\"primaryImageOfPage\":{\"@id\":\"https:\\\/\\\/www.elle.be\\\/fr\\\/210691-green-me-kiko-lance-premiere-collection-capsule-inspiree-de-nature.html#primaryimage\"},\"image\":{\"@id\":\"https:\\\/\\\/www.elle.be\\\/fr\\\/210691-green-me-kiko-lance-premiere-collection-capsule-inspiree-de-nature.html#primaryimage\"},\"thumbnailUrl\":\"https:\\\/\\\/www.elle.be\\\/fr\\\/wp-content\\\/uploads\\\/2018\\\/03\\\/photodensemblekiko.jpg\",\"datePublished\":\"2018-03-17T08:53:05+00:00\",\"dateModified\":\"2018-03-24T17:41:36+00:00\",\"description\":\"La collection capsule \\\"Green Me\\\" de la c\u00e9l\u00e8bre marque de cosm\u00e9tiques italienne, Kiko Milano, est disponible en \u00e9dition limit\u00e9e depuis le 15 mars 2018 dans tous les magasins et en ligne sur kikocosmetics.com.\",\"breadcrumb\":{\"@id\":\"https:\\\/\\\/www.elle.be\\\/fr\\\/210691-green-me-kiko-lance-premiere-collection-capsule-inspiree-de-nature.html#breadcrumb\"},\"inLanguage\":\"fr-FR\",\"potentialAction\":[{\"@type\":\"ReadAction\",\"target\":[\"https:\\\/\\\/www.elle.be\\\/fr\\\/210691-green-me-kiko-lance-premiere-collection-capsule-inspiree-de-nature.html\"]}]},{\"@type\":\"ImageObject\",\"inLanguage\":\"fr-FR\",\"@id\":\"https:\\\/\\\/www.elle.be\\\/fr\\\/210691-green-me-kiko-lance-premiere-collection-capsule-inspiree-de-nature.html#primaryimage\",\"url\":\"https:\\\/\\\/www.elle.be\\\/fr\\\/wp-content\\\/uploads\\\/2018\\\/03\\\/photodensemblekiko.jpg\",\"contentUrl\":\"https:\\\/\\\/www.elle.be\\\/fr\\\/wp-content\\\/uploads\\\/2018\\\/03\\\/photodensemblekiko.jpg\",\"width\":1200,\"height\":628},{\"@type\":\"BreadcrumbList\",\"@id\":\"https:\\\/\\\/www.elle.be\\\/fr\\\/210691-green-me-kiko-lance-premiere-collection-capsule-inspiree-de-nature.html#breadcrumb\",\"itemListElement\":[{\"@type\":\"ListItem\",\"position\":1,\"name\":\"FR\",\"item\":\"https:\\\/\\\/www.elle.be\\\/fr\"},{\"@type\":\"ListItem\",\"position\":2,\"name\":\"Beaut\u00e9\",\"item\":\"https:\\\/\\\/www.elle.be\\\/fr\\\/beaute\"},{\"@type\":\"ListItem\",\"position\":3,\"name\":\"Make-Up\",\"item\":\"https:\\\/\\\/www.elle.be\\\/fr\\\/beaute\\\/make-up\"},{\"@type\":\"ListItem\",\"position\":4,\"name\":\"Green Me: la premi\u00e8re collection inspir\u00e9e de la nature de KIKO\"}]},{\"@type\":\"WebSite\",\"@id\":\"https:\\\/\\\/www.elle.be\\\/fr\\\/#website\",\"url\":\"https:\\\/\\\/www.elle.be\\\/fr\\\/\",\"name\":\"ELLE.be\",\"description\":\"Toutes les infos mode, beaut\u00e9 et lifestyle les plus pointues ainsi qu&#039;un contenu 100% belge d\u00e9clin\u00e9 \u00e0 360\u00b0sur le site ELLE.be, nos r\u00e9seaux sociaux et notre cha\u00eene Youtube.\",\"publisher\":{\"@id\":\"https:\\\/\\\/www.elle.be\\\/fr\\\/#organization\"},\"potentialAction\":[{\"@type\":\"SearchAction\",\"target\":{\"@type\":\"EntryPoint\",\"urlTemplate\":\"https:\\\/\\\/www.elle.be\\\/fr\\\/?s={search_term_string}\"},\"query-input\":{\"@type\":\"PropertyValueSpecification\",\"valueRequired\":true,\"valueName\":\"search_term_string\"}}],\"inLanguage\":\"fr-FR\"},{\"@type\":\"Organization\",\"@id\":\"https:\\\/\\\/www.elle.be\\\/fr\\\/#organization\",\"name\":\"ELLE Belgique\",\"url\":\"https:\\\/\\\/www.elle.be\\\/fr\\\/\",\"logo\":{\"@type\":\"ImageObject\",\"inLanguage\":\"fr-FR\",\"@id\":\"https:\\\/\\\/www.elle.be\\\/fr\\\/#\\\/schema\\\/logo\\\/image\\\/\",\"url\":\"https:\\\/\\\/www.elle.be\\\/fr\\\/wp-content\\\/uploads\\\/2017\\\/03\\\/elle-icon-200px.jpeg\",\"contentUrl\":\"https:\\\/\\\/www.elle.be\\\/fr\\\/wp-content\\\/uploads\\\/2017\\\/03\\\/elle-icon-200px.jpeg\",\"width\":200,\"height\":200,\"caption\":\"ELLE Belgique\"},\"image\":{\"@id\":\"https:\\\/\\\/www.elle.be\\\/fr\\\/#\\\/schema\\\/logo\\\/image\\\/\"},\"sameAs\":[\"https:\\\/\\\/www.facebook.com\\\/ELLEbelgium\\\/\",\"https:\\\/\\\/x.com\\\/ELLEBelgique\",\"http:\\\/\\\/instagram.com\\\/ellebelgique\\\/\",\"https:\\\/\\\/www.pinterest.com\\\/ellebelgique\\\/\",\"https:\\\/\\\/www.youtube.com\\\/user\\\/ELLEbelgique1\"]},{\"@type\":\"Person\",\"@id\":\"https:\\\/\\\/www.elle.be\\\/fr\\\/#\\\/schema\\\/person\\\/16ba064c2e0ef434bf6ed0b45c6e813f\",\"name\":\"La r\u00e9daction\",\"image\":{\"@type\":\"ImageObject\",\"inLanguage\":\"fr-FR\",\"@id\":\"https:\\\/\\\/www.elle.be\\\/fr\\\/wp-content\\\/uploads\\\/2017\\\/03\\\/cover_FR166-96x96.jpg\",\"url\":\"https:\\\/\\\/www.elle.be\\\/fr\\\/wp-content\\\/uploads\\\/2017\\\/03\\\/cover_FR166-96x96.jpg\",\"contentUrl\":\"https:\\\/\\\/www.elle.be\\\/fr\\\/wp-content\\\/uploads\\\/2017\\\/03\\\/cover_FR166-96x96.jpg\",\"caption\":\"La r\u00e9daction\"},\"description\":\"Toutes les infos mode, beaut\u00e9 et lifestyle les plus pointues ainsi qu'un contenu 100% belge d\u00e9clin\u00e9 \u00e0 360\u00b0sur le site ELLE.be, nos r\u00e9seaux sociaux et notre cha\u00eene Youtube.\",\"sameAs\":[\"http:\\\/\\\/www.elle.be\\\/fr\\\/\",\"https:\\\/\\\/www.facebook.com\\\/pages\\\/ELLE-Belgique\\\/37490723084\",\"http:\\\/\\\/instagram.com\\\/ellebelgique#\",\"http:\\\/\\\/www.pinterest.com\\\/ellebelgique\\\/pins\\\/\",\"https:\\\/\\\/x.com\\\/ELLEBelgique\"],\"url\":\"https:\\\/\\\/www.elle.be\\\/fr\\\/author\\\/elle-be\"}]}<\/script>\n<!-- \/ Yoast SEO plugin. -->","yoast_head_json":{"title":"Green Me: la premi\u00e8re collection inspir\u00e9e de la nature de KIKO - ELLE.be","description":"La collection capsule \"Green Me\" de la c\u00e9l\u00e8bre marque de cosm\u00e9tiques italienne, Kiko Milano, est disponible en \u00e9dition limit\u00e9e depuis le 15 mars 2018 dans tous les magasins et en ligne sur kikocosmetics.com.","robots":{"index":"index","follow":"follow","max-snippet":"max-snippet:-1","max-image-preview":"max-image-preview:large","max-video-preview":"max-video-preview:-1"},"canonical":"https:\/\/www.elle.be\/fr\/210691-green-me-kiko-lance-premiere-collection-capsule-inspiree-de-nature.html","og_locale":"fr_FR","og_type":"article","og_title":"Green Me: la premi\u00e8re collection inspir\u00e9e de la nature de KIKO - ELLE.be","og_description":"La collection capsule \"Green Me\" de la c\u00e9l\u00e8bre marque de cosm\u00e9tiques italienne, Kiko Milano, est disponible en \u00e9dition limit\u00e9e depuis le 15 mars 2018 dans tous les magasins et en ligne sur kikocosmetics.com.","og_url":"https:\/\/www.elle.be\/fr\/210691-green-me-kiko-lance-premiere-collection-capsule-inspiree-de-nature.html","og_site_name":"ELLE.be","article_publisher":"https:\/\/www.facebook.com\/ELLEbelgium\/","article_author":"https:\/\/www.facebook.com\/pages\/ELLE-Belgique\/37490723084","article_published_time":"2018-03-17T08:53:05+00:00","article_modified_time":"2018-03-24T17:41:36+00:00","og_image":[{"width":1200,"height":628,"url":"https:\/\/www.elle.be\/fr\/wp-content\/uploads\/2018\/03\/photodensemblekiko.jpg","type":"image\/jpeg"}],"author":"La r\u00e9daction","twitter_card":"summary_large_image","twitter_creator":"@ELLEBelgique","twitter_site":"@ELLEBelgique","twitter_misc":{"\u00c9crit par":"La r\u00e9daction","Dur\u00e9e de lecture estim\u00e9e":"2 minutes"},"schema":{"@context":"https:\/\/schema.org","@graph":[{"@type":"NewsArticle","@id":"https:\/\/www.elle.be\/fr\/210691-green-me-kiko-lance-premiere-collection-capsule-inspiree-de-nature.html#article","isPartOf":{"@id":"https:\/\/www.elle.be\/fr\/210691-green-me-kiko-lance-premiere-collection-capsule-inspiree-de-nature.html"},"author":{"name":"La r\u00e9daction","@id":"https:\/\/www.elle.be\/fr\/#\/schema\/person\/16ba064c2e0ef434bf6ed0b45c6e813f"},"headline":"Green Me: la premi\u00e8re collection inspir\u00e9e de la nature de KIKO","datePublished":"2018-03-17T08:53:05+00:00","dateModified":"2018-03-24T17:41:36+00:00","mainEntityOfPage":{"@id":"https:\/\/www.elle.be\/fr\/210691-green-me-kiko-lance-premiere-collection-capsule-inspiree-de-nature.html"},"wordCount":313,"publisher":{"@id":"https:\/\/www.elle.be\/fr\/#organization"},"image":{"@id":"https:\/\/www.elle.be\/fr\/210691-green-me-kiko-lance-premiere-collection-capsule-inspiree-de-nature.html#primaryimage"},"thumbnailUrl":"https:\/\/www.elle.be\/fr\/wp-content\/uploads\/2018\/03\/photodensemblekiko.jpg","keywords":["make-up","green","kiko","Nouvelle collection"],"articleSection":["Beaut\u00e9","Make-Up"],"inLanguage":"fr-FR"},{"@type":"WebPage","@id":"https:\/\/www.elle.be\/fr\/210691-green-me-kiko-lance-premiere-collection-capsule-inspiree-de-nature.html","url":"https:\/\/www.elle.be\/fr\/210691-green-me-kiko-lance-premiere-collection-capsule-inspiree-de-nature.html","name":"Green Me: la premi\u00e8re collection inspir\u00e9e de la nature de KIKO - ELLE.be","isPartOf":{"@id":"https:\/\/www.elle.be\/fr\/#website"},"primaryImageOfPage":{"@id":"https:\/\/www.elle.be\/fr\/210691-green-me-kiko-lance-premiere-collection-capsule-inspiree-de-nature.html#primaryimage"},"image":{"@id":"https:\/\/www.elle.be\/fr\/210691-green-me-kiko-lance-premiere-collection-capsule-inspiree-de-nature.html#primaryimage"},"thumbnailUrl":"https:\/\/www.elle.be\/fr\/wp-content\/uploads\/2018\/03\/photodensemblekiko.jpg","datePublished":"2018-03-17T08:53:05+00:00","dateModified":"2018-03-24T17:41:36+00:00","description":"La collection capsule \"Green Me\" de la c\u00e9l\u00e8bre marque de cosm\u00e9tiques italienne, Kiko Milano, est disponible en \u00e9dition limit\u00e9e depuis le 15 mars 2018 dans tous les magasins et en ligne sur kikocosmetics.com.","breadcrumb":{"@id":"https:\/\/www.elle.be\/fr\/210691-green-me-kiko-lance-premiere-collection-capsule-inspiree-de-nature.html#breadcrumb"},"inLanguage":"fr-FR","potentialAction":[{"@type":"ReadAction","target":["https:\/\/www.elle.be\/fr\/210691-green-me-kiko-lance-premiere-collection-capsule-inspiree-de-nature.html"]}]},{"@type":"ImageObject","inLanguage":"fr-FR","@id":"https:\/\/www.elle.be\/fr\/210691-green-me-kiko-lance-premiere-collection-capsule-inspiree-de-nature.html#primaryimage","url":"https:\/\/www.elle.be\/fr\/wp-content\/uploads\/2018\/03\/photodensemblekiko.jpg","contentUrl":"https:\/\/www.elle.be\/fr\/wp-content\/uploads\/2018\/03\/photodensemblekiko.jpg","width":1200,"height":628},{"@type":"BreadcrumbList","@id":"https:\/\/www.elle.be\/fr\/210691-green-me-kiko-lance-premiere-collection-capsule-inspiree-de-nature.html#breadcrumb","itemListElement":[{"@type":"ListItem","position":1,"name":"FR","item":"https:\/\/www.elle.be\/fr"},{"@type":"ListItem","position":2,"name":"Beaut\u00e9","item":"https:\/\/www.elle.be\/fr\/beaute"},{"@type":"ListItem","position":3,"name":"Make-Up","item":"https:\/\/www.elle.be\/fr\/beaute\/make-up"},{"@type":"ListItem","position":4,"name":"Green Me: la premi\u00e8re collection inspir\u00e9e de la nature de KIKO"}]},{"@type":"WebSite","@id":"https:\/\/www.elle.be\/fr\/#website","url":"https:\/\/www.elle.be\/fr\/","name":"ELLE.be","description":"Toutes les infos mode, beaut\u00e9 et lifestyle les plus pointues ainsi qu&#039;un contenu 100% belge d\u00e9clin\u00e9 \u00e0 360\u00b0sur le site ELLE.be, nos r\u00e9seaux sociaux et notre cha\u00eene Youtube.","publisher":{"@id":"https:\/\/www.elle.be\/fr\/#organization"},"potentialAction":[{"@type":"SearchAction","target":{"@type":"EntryPoint","urlTemplate":"https:\/\/www.elle.be\/fr\/?s={search_term_string}"},"query-input":{"@type":"PropertyValueSpecification","valueRequired":true,"valueName":"search_term_string"}}],"inLanguage":"fr-FR"},{"@type":"Organization","@id":"https:\/\/www.elle.be\/fr\/#organization","name":"ELLE Belgique","url":"https:\/\/www.elle.be\/fr\/","logo":{"@type":"ImageObject","inLanguage":"fr-FR","@id":"https:\/\/www.elle.be\/fr\/#\/schema\/logo\/image\/","url":"https:\/\/www.elle.be\/fr\/wp-content\/uploads\/2017\/03\/elle-icon-200px.jpeg","contentUrl":"https:\/\/www.elle.be\/fr\/wp-content\/uploads\/2017\/03\/elle-icon-200px.jpeg","width":200,"height":200,"caption":"ELLE Belgique"},"image":{"@id":"https:\/\/www.elle.be\/fr\/#\/schema\/logo\/image\/"},"sameAs":["https:\/\/www.facebook.com\/ELLEbelgium\/","https:\/\/x.com\/ELLEBelgique","http:\/\/instagram.com\/ellebelgique\/","https:\/\/www.pinterest.com\/ellebelgique\/","https:\/\/www.youtube.com\/user\/ELLEbelgique1"]},{"@type":"Person","@id":"https:\/\/www.elle.be\/fr\/#\/schema\/person\/16ba064c2e0ef434bf6ed0b45c6e813f","name":"La r\u00e9daction","image":{"@type":"ImageObject","inLanguage":"fr-FR","@id":"https:\/\/www.elle.be\/fr\/wp-content\/uploads\/2017\/03\/cover_FR166-96x96.jpg","url":"https:\/\/www.elle.be\/fr\/wp-content\/uploads\/2017\/03\/cover_FR166-96x96.jpg","contentUrl":"https:\/\/www.elle.be\/fr\/wp-content\/uploads\/2017\/03\/cover_FR166-96x96.jpg","caption":"La r\u00e9daction"},"description":"Toutes les infos mode, beaut\u00e9 et lifestyle les plus pointues ainsi qu'un contenu 100% belge d\u00e9clin\u00e9 \u00e0 360\u00b0sur le site ELLE.be, nos r\u00e9seaux sociaux et notre cha\u00eene Youtube.","sameAs":["http:\/\/www.elle.be\/fr\/","https:\/\/www.facebook.com\/pages\/ELLE-Belgique\/37490723084","http:\/\/instagram.com\/ellebelgique#","http:\/\/www.pinterest.com\/ellebelgique\/pins\/","https:\/\/x.com\/ELLEBelgique"],"url":"https:\/\/www.elle.be\/fr\/author\/elle-be"}]}},"_links":{"self":[{"href":"https:\/\/www.elle.be\/fr\/wp-json\/wp\/v2\/posts\/210691","targetHints":{"allow":["GET"]}}],"collection":[{"href":"https:\/\/www.elle.be\/fr\/wp-json\/wp\/v2\/posts"}],"about":[{"href":"https:\/\/www.elle.be\/fr\/wp-json\/wp\/v2\/types\/post"}],"author":[{"embeddable":true,"href":"https:\/\/www.elle.be\/fr\/wp-json\/wp\/v2\/users\/6"}],"replies":[{"embeddable":true,"href":"https:\/\/www.elle.be\/fr\/wp-json\/wp\/v2\/comments?post=210691"}],"version-history":[{"count":16,"href":"https:\/\/www.elle.be\/fr\/wp-json\/wp\/v2\/posts\/210691\/revisions"}],"predecessor-version":[{"id":211711,"href":"https:\/\/www.elle.be\/fr\/wp-json\/wp\/v2\/posts\/210691\/revisions\/211711"}],"wp:featuredmedia":[{"embeddable":true,"href":"https:\/\/www.elle.be\/fr\/wp-json\/wp\/v2\/media\/210712"}],"wp:attachment":[{"href":"https:\/\/www.elle.be\/fr\/wp-json\/wp\/v2\/media?parent=210691"}],"wp:term":[{"taxonomy":"category","embeddable":true,"href":"https:\/\/www.elle.be\/fr\/wp-json\/wp\/v2\/categories?post=210691"},{"taxonomy":"post_tag","embeddable":true,"href":"https:\/\/www.elle.be\/fr\/wp-json\/wp\/v2\/tags?post=210691"}],"curies":[{"name":"wp","href":"https:\/\/api.w.org\/{rel}","templated":true}]}}