{"id":210297,"date":"2018-03-15T10:30:51","date_gmt":"2018-03-15T09:30:51","guid":{"rendered":"https:\/\/www.elle.be\/fr\/?p=210297"},"modified":"2018-03-14T18:32:37","modified_gmt":"2018-03-14T17:32:37","slug":"bar-de-pate-a-cookie-va-ouvrir-belgique","status":"publish","type":"post","link":"https:\/\/www.elle.be\/fr\/210297-bar-de-pate-a-cookie-va-ouvrir-belgique.html","title":{"rendered":"Un bar de p\u00e2te \u00e0 cookie va ouvrir en Belgique"},"content":{"rendered":"","protected":false},"excerpt":{"rendered":"Votre parfum de glace pr\u00e9f\u00e9r\u00e9, c&#8217;est la cookie dough? Vous ne pouvez pas vous emp\u00eacher de go\u00fbter la p\u00e2te avant qu&#8217;elle ne soit cuite? Vous allez \u00eatre ravis, bienvenue au paradis!\u00a0\nExcitation maximum, un nouveau hot spot va ouvrir ses portes chez nous.","protected":false},"author":46,"featured_media":210298,"comment_status":"closed","ping_status":"closed","sticky":false,"template":"","format":"standard","meta":{"_acf_changed":false,"footnotes":""},"categories":[2191,1150],"tags":[241],"class_list":["post-210297","post","type-post","status-publish","format-standard","has-post-thumbnail","hentry","category-lifestyle","category-adresses","tag-restaurant"],"acf":[],"image_verticale":"210299","_yoast_wpseo_title":null,"_yoast_wpseo_metadesc":null,"_yoast_wpseo_focuskw_text_input":"p\u00e2te \u00e0 cookies","_yoast_wpseo_opengraph-title":null,"yoast_head":"<!-- This site is optimized with the Yoast SEO plugin v27.4 - https:\/\/yoast.com\/product\/yoast-seo-wordpress\/ -->\n<title>Un bar de p\u00e2te \u00e0 cookie va ouvrir en Belgique - ELLE.be<\/title>\n<meta name=\"description\" content=\"Votre parfum de glace pr\u00e9f\u00e9r\u00e9, c&#039;est la cookie dough? Vous ne pouvez pas vous emp\u00eacher de go\u00fbter la p\u00e2te avant qu&#039;elle ne soit cuite? Vous allez \u00eatre\" \/>\n<meta name=\"robots\" content=\"index, follow, max-snippet:-1, max-image-preview:large, max-video-preview:-1\" \/>\n<link rel=\"canonical\" href=\"https:\/\/www.elle.be\/fr\/210297-bar-de-pate-a-cookie-va-ouvrir-belgique.html\" \/>\n<meta property=\"og:locale\" content=\"fr_FR\" \/>\n<meta property=\"og:type\" content=\"article\" \/>\n<meta property=\"og:title\" content=\"Un bar de p\u00e2te \u00e0 cookie va ouvrir en Belgique - ELLE.be\" \/>\n<meta property=\"og:description\" content=\"Votre parfum de glace pr\u00e9f\u00e9r\u00e9, c&#039;est la cookie dough? Vous ne pouvez pas vous emp\u00eacher de go\u00fbter la p\u00e2te avant qu&#039;elle ne soit cuite? Vous allez \u00eatre\" \/>\n<meta property=\"og:url\" content=\"https:\/\/www.elle.be\/fr\/210297-bar-de-pate-a-cookie-va-ouvrir-belgique.html\" \/>\n<meta property=\"og:site_name\" content=\"ELLE.be\" \/>\n<meta property=\"article:publisher\" content=\"https:\/\/www.facebook.com\/ELLEbelgium\/\" \/>\n<meta property=\"article:published_time\" content=\"2018-03-15T09:30:51+00:00\" \/>\n<meta property=\"og:image\" content=\"https:\/\/www.elle.be\/fr\/wp-content\/uploads\/2018\/03\/cookie1.jpg\" \/>\n\t<meta property=\"og:image:width\" content=\"1200\" \/>\n\t<meta property=\"og:image:height\" content=\"628\" \/>\n\t<meta property=\"og:image:type\" content=\"image\/jpeg\" \/>\n<meta name=\"author\" content=\"Laurence Donis\" \/>\n<meta name=\"twitter:card\" content=\"summary_large_image\" \/>\n<meta name=\"twitter:creator\" content=\"@DonisLaurence\" \/>\n<meta name=\"twitter:site\" content=\"@ELLEBelgique\" \/>\n<meta name=\"twitter:label1\" content=\"\u00c9crit par\" \/>\n\t<meta name=\"twitter:data1\" content=\"Laurence Donis\" \/>\n\t<meta name=\"twitter:label2\" content=\"Dur\u00e9e de lecture estim\u00e9e\" \/>\n\t<meta name=\"twitter:data2\" content=\"2 minutes\" \/>\n<script type=\"application\/ld+json\" class=\"yoast-schema-graph\">{\"@context\":\"https:\\\/\\\/schema.org\",\"@graph\":[{\"@type\":\"NewsArticle\",\"@id\":\"https:\\\/\\\/www.elle.be\\\/fr\\\/210297-bar-de-pate-a-cookie-va-ouvrir-belgique.html#article\",\"isPartOf\":{\"@id\":\"https:\\\/\\\/www.elle.be\\\/fr\\\/210297-bar-de-pate-a-cookie-va-ouvrir-belgique.html\"},\"author\":{\"name\":\"Laurence Donis\",\"@id\":\"https:\\\/\\\/www.elle.be\\\/fr\\\/#\\\/schema\\\/person\\\/517177ad0a70e8c475948fa3169deacd\"},\"headline\":\"Un bar de p\u00e2te \u00e0 cookie va ouvrir en Belgique\",\"datePublished\":\"2018-03-15T09:30:51+00:00\",\"mainEntityOfPage\":{\"@id\":\"https:\\\/\\\/www.elle.be\\\/fr\\\/210297-bar-de-pate-a-cookie-va-ouvrir-belgique.html\"},\"wordCount\":341,\"publisher\":{\"@id\":\"https:\\\/\\\/www.elle.be\\\/fr\\\/#organization\"},\"image\":{\"@id\":\"https:\\\/\\\/www.elle.be\\\/fr\\\/210297-bar-de-pate-a-cookie-va-ouvrir-belgique.html#primaryimage\"},\"thumbnailUrl\":\"https:\\\/\\\/www.elle.be\\\/fr\\\/wp-content\\\/uploads\\\/2018\\\/03\\\/cookie1.jpg\",\"keywords\":[\"Restaurant\"],\"articleSection\":[\"Lifestyle\",\"Adresses\"],\"inLanguage\":\"fr-FR\"},{\"@type\":\"WebPage\",\"@id\":\"https:\\\/\\\/www.elle.be\\\/fr\\\/210297-bar-de-pate-a-cookie-va-ouvrir-belgique.html\",\"url\":\"https:\\\/\\\/www.elle.be\\\/fr\\\/210297-bar-de-pate-a-cookie-va-ouvrir-belgique.html\",\"name\":\"Un bar de p\u00e2te \u00e0 cookie va ouvrir en Belgique - ELLE.be\",\"isPartOf\":{\"@id\":\"https:\\\/\\\/www.elle.be\\\/fr\\\/#website\"},\"primaryImageOfPage\":{\"@id\":\"https:\\\/\\\/www.elle.be\\\/fr\\\/210297-bar-de-pate-a-cookie-va-ouvrir-belgique.html#primaryimage\"},\"image\":{\"@id\":\"https:\\\/\\\/www.elle.be\\\/fr\\\/210297-bar-de-pate-a-cookie-va-ouvrir-belgique.html#primaryimage\"},\"thumbnailUrl\":\"https:\\\/\\\/www.elle.be\\\/fr\\\/wp-content\\\/uploads\\\/2018\\\/03\\\/cookie1.jpg\",\"datePublished\":\"2018-03-15T09:30:51+00:00\",\"description\":\"Votre parfum de glace pr\u00e9f\u00e9r\u00e9, c'est la cookie dough? Vous ne pouvez pas vous emp\u00eacher de go\u00fbter la p\u00e2te avant qu'elle ne soit cuite? Vous allez \u00eatre\",\"breadcrumb\":{\"@id\":\"https:\\\/\\\/www.elle.be\\\/fr\\\/210297-bar-de-pate-a-cookie-va-ouvrir-belgique.html#breadcrumb\"},\"inLanguage\":\"fr-FR\",\"potentialAction\":[{\"@type\":\"ReadAction\",\"target\":[\"https:\\\/\\\/www.elle.be\\\/fr\\\/210297-bar-de-pate-a-cookie-va-ouvrir-belgique.html\"]}]},{\"@type\":\"ImageObject\",\"inLanguage\":\"fr-FR\",\"@id\":\"https:\\\/\\\/www.elle.be\\\/fr\\\/210297-bar-de-pate-a-cookie-va-ouvrir-belgique.html#primaryimage\",\"url\":\"https:\\\/\\\/www.elle.be\\\/fr\\\/wp-content\\\/uploads\\\/2018\\\/03\\\/cookie1.jpg\",\"contentUrl\":\"https:\\\/\\\/www.elle.be\\\/fr\\\/wp-content\\\/uploads\\\/2018\\\/03\\\/cookie1.jpg\",\"width\":1200,\"height\":628,\"caption\":\"p\u00e2te \u00e0 cookies\"},{\"@type\":\"BreadcrumbList\",\"@id\":\"https:\\\/\\\/www.elle.be\\\/fr\\\/210297-bar-de-pate-a-cookie-va-ouvrir-belgique.html#breadcrumb\",\"itemListElement\":[{\"@type\":\"ListItem\",\"position\":1,\"name\":\"FR\",\"item\":\"https:\\\/\\\/www.elle.be\\\/fr\"},{\"@type\":\"ListItem\",\"position\":2,\"name\":\"Lifestyle\",\"item\":\"https:\\\/\\\/www.elle.be\\\/fr\\\/lifestyle\"},{\"@type\":\"ListItem\",\"position\":3,\"name\":\"Un bar de p\u00e2te \u00e0 cookie va ouvrir en Belgique\"}]},{\"@type\":\"WebSite\",\"@id\":\"https:\\\/\\\/www.elle.be\\\/fr\\\/#website\",\"url\":\"https:\\\/\\\/www.elle.be\\\/fr\\\/\",\"name\":\"ELLE.be\",\"description\":\"Toutes les infos mode, beaut\u00e9 et lifestyle les plus pointues ainsi qu&#039;un contenu 100% belge d\u00e9clin\u00e9 \u00e0 360\u00b0sur le site ELLE.be, nos r\u00e9seaux sociaux et notre cha\u00eene Youtube.\",\"publisher\":{\"@id\":\"https:\\\/\\\/www.elle.be\\\/fr\\\/#organization\"},\"potentialAction\":[{\"@type\":\"SearchAction\",\"target\":{\"@type\":\"EntryPoint\",\"urlTemplate\":\"https:\\\/\\\/www.elle.be\\\/fr\\\/?s={search_term_string}\"},\"query-input\":{\"@type\":\"PropertyValueSpecification\",\"valueRequired\":true,\"valueName\":\"search_term_string\"}}],\"inLanguage\":\"fr-FR\"},{\"@type\":\"Organization\",\"@id\":\"https:\\\/\\\/www.elle.be\\\/fr\\\/#organization\",\"name\":\"ELLE Belgique\",\"url\":\"https:\\\/\\\/www.elle.be\\\/fr\\\/\",\"logo\":{\"@type\":\"ImageObject\",\"inLanguage\":\"fr-FR\",\"@id\":\"https:\\\/\\\/www.elle.be\\\/fr\\\/#\\\/schema\\\/logo\\\/image\\\/\",\"url\":\"https:\\\/\\\/www.elle.be\\\/fr\\\/wp-content\\\/uploads\\\/2017\\\/03\\\/elle-icon-200px.jpeg\",\"contentUrl\":\"https:\\\/\\\/www.elle.be\\\/fr\\\/wp-content\\\/uploads\\\/2017\\\/03\\\/elle-icon-200px.jpeg\",\"width\":200,\"height\":200,\"caption\":\"ELLE Belgique\"},\"image\":{\"@id\":\"https:\\\/\\\/www.elle.be\\\/fr\\\/#\\\/schema\\\/logo\\\/image\\\/\"},\"sameAs\":[\"https:\\\/\\\/www.facebook.com\\\/ELLEbelgium\\\/\",\"https:\\\/\\\/x.com\\\/ELLEBelgique\",\"http:\\\/\\\/instagram.com\\\/ellebelgique\\\/\",\"https:\\\/\\\/www.pinterest.com\\\/ellebelgique\\\/\",\"https:\\\/\\\/www.youtube.com\\\/user\\\/ELLEbelgique1\"]},{\"@type\":\"Person\",\"@id\":\"https:\\\/\\\/www.elle.be\\\/fr\\\/#\\\/schema\\\/person\\\/517177ad0a70e8c475948fa3169deacd\",\"name\":\"Laurence Donis\",\"image\":{\"@type\":\"ImageObject\",\"inLanguage\":\"fr-FR\",\"@id\":\"https:\\\/\\\/www.elle.be\\\/fr\\\/wp-content\\\/uploads\\\/2017\\\/03\\\/moii-96x96.jpg\",\"url\":\"https:\\\/\\\/www.elle.be\\\/fr\\\/wp-content\\\/uploads\\\/2017\\\/03\\\/moii-96x96.jpg\",\"contentUrl\":\"https:\\\/\\\/www.elle.be\\\/fr\\\/wp-content\\\/uploads\\\/2017\\\/03\\\/moii-96x96.jpg\",\"caption\":\"Laurence Donis\"},\"description\":\"Convaincue que le f\u00e9minisme n'est pas un gros mot (ou un combat d\u00e9pass\u00e9) mais que l'on peut aussi en parler d'une mani\u00e8re moderne, fun et d\u00e9cal\u00e9e. Gourmande inv\u00e9t\u00e9r\u00e9e, elle reste aussi \u00e0 l'aff\u00fbt des bons plans food toute l'ann\u00e9e.\",\"sameAs\":[\"https:\\\/\\\/www.instagram.com\\\/laurence.donis\\\/\",\"https:\\\/\\\/x.com\\\/DonisLaurence\"],\"url\":\"https:\\\/\\\/www.elle.be\\\/fr\\\/author\\\/laurenced\"}]}<\/script>\n<!-- \/ Yoast SEO plugin. -->","yoast_head_json":{"title":"Un bar de p\u00e2te \u00e0 cookie va ouvrir en Belgique - ELLE.be","description":"Votre parfum de glace pr\u00e9f\u00e9r\u00e9, c'est la cookie dough? Vous ne pouvez pas vous emp\u00eacher de go\u00fbter la p\u00e2te avant qu'elle ne soit cuite? Vous allez \u00eatre","robots":{"index":"index","follow":"follow","max-snippet":"max-snippet:-1","max-image-preview":"max-image-preview:large","max-video-preview":"max-video-preview:-1"},"canonical":"https:\/\/www.elle.be\/fr\/210297-bar-de-pate-a-cookie-va-ouvrir-belgique.html","og_locale":"fr_FR","og_type":"article","og_title":"Un bar de p\u00e2te \u00e0 cookie va ouvrir en Belgique - ELLE.be","og_description":"Votre parfum de glace pr\u00e9f\u00e9r\u00e9, c'est la cookie dough? Vous ne pouvez pas vous emp\u00eacher de go\u00fbter la p\u00e2te avant qu'elle ne soit cuite? Vous allez \u00eatre","og_url":"https:\/\/www.elle.be\/fr\/210297-bar-de-pate-a-cookie-va-ouvrir-belgique.html","og_site_name":"ELLE.be","article_publisher":"https:\/\/www.facebook.com\/ELLEbelgium\/","article_published_time":"2018-03-15T09:30:51+00:00","og_image":[{"width":1200,"height":628,"url":"https:\/\/www.elle.be\/fr\/wp-content\/uploads\/2018\/03\/cookie1.jpg","type":"image\/jpeg"}],"author":"Laurence Donis","twitter_card":"summary_large_image","twitter_creator":"@DonisLaurence","twitter_site":"@ELLEBelgique","twitter_misc":{"\u00c9crit par":"Laurence Donis","Dur\u00e9e de lecture estim\u00e9e":"2 minutes"},"schema":{"@context":"https:\/\/schema.org","@graph":[{"@type":"NewsArticle","@id":"https:\/\/www.elle.be\/fr\/210297-bar-de-pate-a-cookie-va-ouvrir-belgique.html#article","isPartOf":{"@id":"https:\/\/www.elle.be\/fr\/210297-bar-de-pate-a-cookie-va-ouvrir-belgique.html"},"author":{"name":"Laurence Donis","@id":"https:\/\/www.elle.be\/fr\/#\/schema\/person\/517177ad0a70e8c475948fa3169deacd"},"headline":"Un bar de p\u00e2te \u00e0 cookie va ouvrir en Belgique","datePublished":"2018-03-15T09:30:51+00:00","mainEntityOfPage":{"@id":"https:\/\/www.elle.be\/fr\/210297-bar-de-pate-a-cookie-va-ouvrir-belgique.html"},"wordCount":341,"publisher":{"@id":"https:\/\/www.elle.be\/fr\/#organization"},"image":{"@id":"https:\/\/www.elle.be\/fr\/210297-bar-de-pate-a-cookie-va-ouvrir-belgique.html#primaryimage"},"thumbnailUrl":"https:\/\/www.elle.be\/fr\/wp-content\/uploads\/2018\/03\/cookie1.jpg","keywords":["Restaurant"],"articleSection":["Lifestyle","Adresses"],"inLanguage":"fr-FR"},{"@type":"WebPage","@id":"https:\/\/www.elle.be\/fr\/210297-bar-de-pate-a-cookie-va-ouvrir-belgique.html","url":"https:\/\/www.elle.be\/fr\/210297-bar-de-pate-a-cookie-va-ouvrir-belgique.html","name":"Un bar de p\u00e2te \u00e0 cookie va ouvrir en Belgique - ELLE.be","isPartOf":{"@id":"https:\/\/www.elle.be\/fr\/#website"},"primaryImageOfPage":{"@id":"https:\/\/www.elle.be\/fr\/210297-bar-de-pate-a-cookie-va-ouvrir-belgique.html#primaryimage"},"image":{"@id":"https:\/\/www.elle.be\/fr\/210297-bar-de-pate-a-cookie-va-ouvrir-belgique.html#primaryimage"},"thumbnailUrl":"https:\/\/www.elle.be\/fr\/wp-content\/uploads\/2018\/03\/cookie1.jpg","datePublished":"2018-03-15T09:30:51+00:00","description":"Votre parfum de glace pr\u00e9f\u00e9r\u00e9, c'est la cookie dough? Vous ne pouvez pas vous emp\u00eacher de go\u00fbter la p\u00e2te avant qu'elle ne soit cuite? Vous allez \u00eatre","breadcrumb":{"@id":"https:\/\/www.elle.be\/fr\/210297-bar-de-pate-a-cookie-va-ouvrir-belgique.html#breadcrumb"},"inLanguage":"fr-FR","potentialAction":[{"@type":"ReadAction","target":["https:\/\/www.elle.be\/fr\/210297-bar-de-pate-a-cookie-va-ouvrir-belgique.html"]}]},{"@type":"ImageObject","inLanguage":"fr-FR","@id":"https:\/\/www.elle.be\/fr\/210297-bar-de-pate-a-cookie-va-ouvrir-belgique.html#primaryimage","url":"https:\/\/www.elle.be\/fr\/wp-content\/uploads\/2018\/03\/cookie1.jpg","contentUrl":"https:\/\/www.elle.be\/fr\/wp-content\/uploads\/2018\/03\/cookie1.jpg","width":1200,"height":628,"caption":"p\u00e2te \u00e0 cookies"},{"@type":"BreadcrumbList","@id":"https:\/\/www.elle.be\/fr\/210297-bar-de-pate-a-cookie-va-ouvrir-belgique.html#breadcrumb","itemListElement":[{"@type":"ListItem","position":1,"name":"FR","item":"https:\/\/www.elle.be\/fr"},{"@type":"ListItem","position":2,"name":"Lifestyle","item":"https:\/\/www.elle.be\/fr\/lifestyle"},{"@type":"ListItem","position":3,"name":"Un bar de p\u00e2te \u00e0 cookie va ouvrir en Belgique"}]},{"@type":"WebSite","@id":"https:\/\/www.elle.be\/fr\/#website","url":"https:\/\/www.elle.be\/fr\/","name":"ELLE.be","description":"Toutes les infos mode, beaut\u00e9 et lifestyle les plus pointues ainsi qu&#039;un contenu 100% belge d\u00e9clin\u00e9 \u00e0 360\u00b0sur le site ELLE.be, nos r\u00e9seaux sociaux et notre cha\u00eene Youtube.","publisher":{"@id":"https:\/\/www.elle.be\/fr\/#organization"},"potentialAction":[{"@type":"SearchAction","target":{"@type":"EntryPoint","urlTemplate":"https:\/\/www.elle.be\/fr\/?s={search_term_string}"},"query-input":{"@type":"PropertyValueSpecification","valueRequired":true,"valueName":"search_term_string"}}],"inLanguage":"fr-FR"},{"@type":"Organization","@id":"https:\/\/www.elle.be\/fr\/#organization","name":"ELLE Belgique","url":"https:\/\/www.elle.be\/fr\/","logo":{"@type":"ImageObject","inLanguage":"fr-FR","@id":"https:\/\/www.elle.be\/fr\/#\/schema\/logo\/image\/","url":"https:\/\/www.elle.be\/fr\/wp-content\/uploads\/2017\/03\/elle-icon-200px.jpeg","contentUrl":"https:\/\/www.elle.be\/fr\/wp-content\/uploads\/2017\/03\/elle-icon-200px.jpeg","width":200,"height":200,"caption":"ELLE Belgique"},"image":{"@id":"https:\/\/www.elle.be\/fr\/#\/schema\/logo\/image\/"},"sameAs":["https:\/\/www.facebook.com\/ELLEbelgium\/","https:\/\/x.com\/ELLEBelgique","http:\/\/instagram.com\/ellebelgique\/","https:\/\/www.pinterest.com\/ellebelgique\/","https:\/\/www.youtube.com\/user\/ELLEbelgique1"]},{"@type":"Person","@id":"https:\/\/www.elle.be\/fr\/#\/schema\/person\/517177ad0a70e8c475948fa3169deacd","name":"Laurence Donis","image":{"@type":"ImageObject","inLanguage":"fr-FR","@id":"https:\/\/www.elle.be\/fr\/wp-content\/uploads\/2017\/03\/moii-96x96.jpg","url":"https:\/\/www.elle.be\/fr\/wp-content\/uploads\/2017\/03\/moii-96x96.jpg","contentUrl":"https:\/\/www.elle.be\/fr\/wp-content\/uploads\/2017\/03\/moii-96x96.jpg","caption":"Laurence Donis"},"description":"Convaincue que le f\u00e9minisme n'est pas un gros mot (ou un combat d\u00e9pass\u00e9) mais que l'on peut aussi en parler d'une mani\u00e8re moderne, fun et d\u00e9cal\u00e9e. Gourmande inv\u00e9t\u00e9r\u00e9e, elle reste aussi \u00e0 l'aff\u00fbt des bons plans food toute l'ann\u00e9e.","sameAs":["https:\/\/www.instagram.com\/laurence.donis\/","https:\/\/x.com\/DonisLaurence"],"url":"https:\/\/www.elle.be\/fr\/author\/laurenced"}]}},"_links":{"self":[{"href":"https:\/\/www.elle.be\/fr\/wp-json\/wp\/v2\/posts\/210297","targetHints":{"allow":["GET"]}}],"collection":[{"href":"https:\/\/www.elle.be\/fr\/wp-json\/wp\/v2\/posts"}],"about":[{"href":"https:\/\/www.elle.be\/fr\/wp-json\/wp\/v2\/types\/post"}],"author":[{"embeddable":true,"href":"https:\/\/www.elle.be\/fr\/wp-json\/wp\/v2\/users\/46"}],"replies":[{"embeddable":true,"href":"https:\/\/www.elle.be\/fr\/wp-json\/wp\/v2\/comments?post=210297"}],"version-history":[{"count":6,"href":"https:\/\/www.elle.be\/fr\/wp-json\/wp\/v2\/posts\/210297\/revisions"}],"predecessor-version":[{"id":210348,"href":"https:\/\/www.elle.be\/fr\/wp-json\/wp\/v2\/posts\/210297\/revisions\/210348"}],"wp:featuredmedia":[{"embeddable":true,"href":"https:\/\/www.elle.be\/fr\/wp-json\/wp\/v2\/media\/210298"}],"wp:attachment":[{"href":"https:\/\/www.elle.be\/fr\/wp-json\/wp\/v2\/media?parent=210297"}],"wp:term":[{"taxonomy":"category","embeddable":true,"href":"https:\/\/www.elle.be\/fr\/wp-json\/wp\/v2\/categories?post=210297"},{"taxonomy":"post_tag","embeddable":true,"href":"https:\/\/www.elle.be\/fr\/wp-json\/wp\/v2\/tags?post=210297"}],"curies":[{"name":"wp","href":"https:\/\/api.w.org\/{rel}","templated":true}]}}