{"id":209857,"date":"2018-03-12T20:23:05","date_gmt":"2018-03-12T19:23:05","guid":{"rendered":"https:\/\/www.elle.be\/fr\/?p=209857"},"modified":"2018-03-12T20:25:49","modified_gmt":"2018-03-12T19:25:49","slug":"hubert-de-givenchy-lun-derniers-couturiers-sen-alle","status":"publish","type":"post","link":"https:\/\/www.elle.be\/fr\/209857-hubert-de-givenchy-lun-derniers-couturiers-sen-alle.html","title":{"rendered":"Qui \u00e9tait Hubert de Givenchy ?"},"content":{"rendered":"","protected":false},"excerpt":{"rendered":"Il repr\u00e9sentait l&#8217;\u00e2ge d&#8217;or des Maisons de Coutures, quand c&#8217;\u00e9taient encore des entreprises ind\u00e9pendantes, men\u00e9es par la personne qui les avait cr\u00e9\u00e9es, et avant qu&#8217;on n&#8217;appelle les couturiers des &#8220;directeurs artistiques&#8221;.","protected":false},"author":13,"featured_media":209860,"comment_status":"closed","ping_status":"closed","sticky":false,"template":"","format":"standard","meta":{"_acf_changed":false,"footnotes":""},"categories":[5,2202],"tags":[602],"class_list":["post-209857","post","type-post","status-publish","format-standard","has-post-thumbnail","hentry","category-mode","category-news-actu","tag-givenchy"],"acf":[],"image_verticale":"209864","_yoast_wpseo_title":null,"_yoast_wpseo_metadesc":null,"_yoast_wpseo_focuskw_text_input":"hubert de givenchy","_yoast_wpseo_opengraph-title":null,"yoast_head":"<!-- This site is optimized with the Yoast SEO plugin v27.4 - https:\/\/yoast.com\/product\/yoast-seo-wordpress\/ -->\n<title>Qui \u00e9tait Hubert de Givenchy ? - ELLE.be<\/title>\n<meta name=\"description\" content=\"Il repr\u00e9sentait l&#039;\u00e2ge d&#039;or des Maisons de Coutures, quand c&#039;\u00e9taient encore des entreprises ind\u00e9pendantes, men\u00e9es par la personne qui les avait cr\u00e9\u00e9es, et avant qu&#039;on n&#039;appelle les couturiers des &quot;directeurs artistiques&quot;. A 91 ans, Hubert de Givenchy a rejoint Audrey Hepburn, \u00e0 qui il venait de consacrer une \u00e9mouvante exposition.\" \/>\n<meta name=\"robots\" content=\"index, follow, max-snippet:-1, max-image-preview:large, max-video-preview:-1\" \/>\n<link rel=\"canonical\" href=\"https:\/\/www.elle.be\/fr\/209857-hubert-de-givenchy-lun-derniers-couturiers-sen-alle.html\" \/>\n<meta property=\"og:locale\" content=\"fr_FR\" \/>\n<meta property=\"og:type\" content=\"article\" \/>\n<meta property=\"og:title\" content=\"Qui \u00e9tait Hubert de Givenchy ? - ELLE.be\" \/>\n<meta property=\"og:description\" content=\"Il repr\u00e9sentait l&#039;\u00e2ge d&#039;or des Maisons de Coutures, quand c&#039;\u00e9taient encore des entreprises ind\u00e9pendantes, men\u00e9es par la personne qui les avait cr\u00e9\u00e9es, et avant qu&#039;on n&#039;appelle les couturiers des &quot;directeurs artistiques&quot;. A 91 ans, Hubert de Givenchy a rejoint Audrey Hepburn, \u00e0 qui il venait de consacrer une \u00e9mouvante exposition.\" \/>\n<meta property=\"og:url\" content=\"https:\/\/www.elle.be\/fr\/209857-hubert-de-givenchy-lun-derniers-couturiers-sen-alle.html\" \/>\n<meta property=\"og:site_name\" content=\"ELLE.be\" \/>\n<meta property=\"article:publisher\" content=\"https:\/\/www.facebook.com\/ELLEbelgium\/\" \/>\n<meta property=\"article:author\" content=\"http:\/\/www.facebook.com\/elisabethclausspage\/\" \/>\n<meta property=\"article:published_time\" content=\"2018-03-12T19:23:05+00:00\" \/>\n<meta property=\"article:modified_time\" content=\"2018-03-12T19:25:49+00:00\" \/>\n<meta property=\"og:image\" content=\"https:\/\/www.elle.be\/fr\/wp-content\/uploads\/2018\/03\/givenchy-audrey-hepburn-cr-courtesy.jpg\" \/>\n\t<meta property=\"og:image:width\" content=\"1200\" \/>\n\t<meta property=\"og:image:height\" content=\"628\" \/>\n\t<meta property=\"og:image:type\" content=\"image\/jpeg\" \/>\n<meta name=\"author\" content=\"Elisabeth Clauss\" \/>\n<meta name=\"twitter:card\" content=\"summary_large_image\" \/>\n<meta name=\"twitter:creator\" content=\"@eliclauss\" \/>\n<meta name=\"twitter:site\" content=\"@ELLEBelgique\" \/>\n<meta name=\"twitter:label1\" content=\"\u00c9crit par\" \/>\n\t<meta name=\"twitter:data1\" content=\"Elisabeth Clauss\" \/>\n\t<meta name=\"twitter:label2\" content=\"Dur\u00e9e de lecture estim\u00e9e\" \/>\n\t<meta name=\"twitter:data2\" content=\"4 minutes\" \/>\n<script type=\"application\/ld+json\" class=\"yoast-schema-graph\">{\"@context\":\"https:\\\/\\\/schema.org\",\"@graph\":[{\"@type\":\"NewsArticle\",\"@id\":\"https:\\\/\\\/www.elle.be\\\/fr\\\/209857-hubert-de-givenchy-lun-derniers-couturiers-sen-alle.html#article\",\"isPartOf\":{\"@id\":\"https:\\\/\\\/www.elle.be\\\/fr\\\/209857-hubert-de-givenchy-lun-derniers-couturiers-sen-alle.html\"},\"author\":{\"name\":\"Elisabeth Clauss\",\"@id\":\"https:\\\/\\\/www.elle.be\\\/fr\\\/#\\\/schema\\\/person\\\/731dc88a91a1cebdbc692c487314efaf\"},\"headline\":\"Qui \u00e9tait Hubert de Givenchy ?\",\"datePublished\":\"2018-03-12T19:23:05+00:00\",\"dateModified\":\"2018-03-12T19:25:49+00:00\",\"mainEntityOfPage\":{\"@id\":\"https:\\\/\\\/www.elle.be\\\/fr\\\/209857-hubert-de-givenchy-lun-derniers-couturiers-sen-alle.html\"},\"wordCount\":765,\"publisher\":{\"@id\":\"https:\\\/\\\/www.elle.be\\\/fr\\\/#organization\"},\"image\":{\"@id\":\"https:\\\/\\\/www.elle.be\\\/fr\\\/209857-hubert-de-givenchy-lun-derniers-couturiers-sen-alle.html#primaryimage\"},\"thumbnailUrl\":\"https:\\\/\\\/www.elle.be\\\/fr\\\/wp-content\\\/uploads\\\/2018\\\/03\\\/givenchy-audrey-hepburn-cr-courtesy.jpg\",\"keywords\":[\"givenchy\"],\"articleSection\":[\"Mode\",\"News Actu\"],\"inLanguage\":\"fr-FR\"},{\"@type\":\"WebPage\",\"@id\":\"https:\\\/\\\/www.elle.be\\\/fr\\\/209857-hubert-de-givenchy-lun-derniers-couturiers-sen-alle.html\",\"url\":\"https:\\\/\\\/www.elle.be\\\/fr\\\/209857-hubert-de-givenchy-lun-derniers-couturiers-sen-alle.html\",\"name\":\"Qui \u00e9tait Hubert de Givenchy ? - ELLE.be\",\"isPartOf\":{\"@id\":\"https:\\\/\\\/www.elle.be\\\/fr\\\/#website\"},\"primaryImageOfPage\":{\"@id\":\"https:\\\/\\\/www.elle.be\\\/fr\\\/209857-hubert-de-givenchy-lun-derniers-couturiers-sen-alle.html#primaryimage\"},\"image\":{\"@id\":\"https:\\\/\\\/www.elle.be\\\/fr\\\/209857-hubert-de-givenchy-lun-derniers-couturiers-sen-alle.html#primaryimage\"},\"thumbnailUrl\":\"https:\\\/\\\/www.elle.be\\\/fr\\\/wp-content\\\/uploads\\\/2018\\\/03\\\/givenchy-audrey-hepburn-cr-courtesy.jpg\",\"datePublished\":\"2018-03-12T19:23:05+00:00\",\"dateModified\":\"2018-03-12T19:25:49+00:00\",\"description\":\"Il repr\u00e9sentait l'\u00e2ge d'or des Maisons de Coutures, quand c'\u00e9taient encore des entreprises ind\u00e9pendantes, men\u00e9es par la personne qui les avait cr\u00e9\u00e9es, et avant qu'on n'appelle les couturiers des \\\"directeurs artistiques\\\". A 91 ans, Hubert de Givenchy a rejoint Audrey Hepburn, \u00e0 qui il venait de consacrer une \u00e9mouvante exposition.\",\"breadcrumb\":{\"@id\":\"https:\\\/\\\/www.elle.be\\\/fr\\\/209857-hubert-de-givenchy-lun-derniers-couturiers-sen-alle.html#breadcrumb\"},\"inLanguage\":\"fr-FR\",\"potentialAction\":[{\"@type\":\"ReadAction\",\"target\":[\"https:\\\/\\\/www.elle.be\\\/fr\\\/209857-hubert-de-givenchy-lun-derniers-couturiers-sen-alle.html\"]}]},{\"@type\":\"ImageObject\",\"inLanguage\":\"fr-FR\",\"@id\":\"https:\\\/\\\/www.elle.be\\\/fr\\\/209857-hubert-de-givenchy-lun-derniers-couturiers-sen-alle.html#primaryimage\",\"url\":\"https:\\\/\\\/www.elle.be\\\/fr\\\/wp-content\\\/uploads\\\/2018\\\/03\\\/givenchy-audrey-hepburn-cr-courtesy.jpg\",\"contentUrl\":\"https:\\\/\\\/www.elle.be\\\/fr\\\/wp-content\\\/uploads\\\/2018\\\/03\\\/givenchy-audrey-hepburn-cr-courtesy.jpg\",\"width\":1200,\"height\":628},{\"@type\":\"BreadcrumbList\",\"@id\":\"https:\\\/\\\/www.elle.be\\\/fr\\\/209857-hubert-de-givenchy-lun-derniers-couturiers-sen-alle.html#breadcrumb\",\"itemListElement\":[{\"@type\":\"ListItem\",\"position\":1,\"name\":\"FR\",\"item\":\"https:\\\/\\\/www.elle.be\\\/fr\"},{\"@type\":\"ListItem\",\"position\":2,\"name\":\"Mode\",\"item\":\"https:\\\/\\\/www.elle.be\\\/fr\\\/mode\"},{\"@type\":\"ListItem\",\"position\":3,\"name\":\"Qui \u00e9tait Hubert de Givenchy ?\"}]},{\"@type\":\"WebSite\",\"@id\":\"https:\\\/\\\/www.elle.be\\\/fr\\\/#website\",\"url\":\"https:\\\/\\\/www.elle.be\\\/fr\\\/\",\"name\":\"ELLE.be\",\"description\":\"Toutes les infos mode, beaut\u00e9 et lifestyle les plus pointues ainsi qu&#039;un contenu 100% belge d\u00e9clin\u00e9 \u00e0 360\u00b0sur le site ELLE.be, nos r\u00e9seaux sociaux et notre cha\u00eene Youtube.\",\"publisher\":{\"@id\":\"https:\\\/\\\/www.elle.be\\\/fr\\\/#organization\"},\"potentialAction\":[{\"@type\":\"SearchAction\",\"target\":{\"@type\":\"EntryPoint\",\"urlTemplate\":\"https:\\\/\\\/www.elle.be\\\/fr\\\/?s={search_term_string}\"},\"query-input\":{\"@type\":\"PropertyValueSpecification\",\"valueRequired\":true,\"valueName\":\"search_term_string\"}}],\"inLanguage\":\"fr-FR\"},{\"@type\":\"Organization\",\"@id\":\"https:\\\/\\\/www.elle.be\\\/fr\\\/#organization\",\"name\":\"ELLE Belgique\",\"url\":\"https:\\\/\\\/www.elle.be\\\/fr\\\/\",\"logo\":{\"@type\":\"ImageObject\",\"inLanguage\":\"fr-FR\",\"@id\":\"https:\\\/\\\/www.elle.be\\\/fr\\\/#\\\/schema\\\/logo\\\/image\\\/\",\"url\":\"https:\\\/\\\/www.elle.be\\\/fr\\\/wp-content\\\/uploads\\\/2017\\\/03\\\/elle-icon-200px.jpeg\",\"contentUrl\":\"https:\\\/\\\/www.elle.be\\\/fr\\\/wp-content\\\/uploads\\\/2017\\\/03\\\/elle-icon-200px.jpeg\",\"width\":200,\"height\":200,\"caption\":\"ELLE Belgique\"},\"image\":{\"@id\":\"https:\\\/\\\/www.elle.be\\\/fr\\\/#\\\/schema\\\/logo\\\/image\\\/\"},\"sameAs\":[\"https:\\\/\\\/www.facebook.com\\\/ELLEbelgium\\\/\",\"https:\\\/\\\/x.com\\\/ELLEBelgique\",\"http:\\\/\\\/instagram.com\\\/ellebelgique\\\/\",\"https:\\\/\\\/www.pinterest.com\\\/ellebelgique\\\/\",\"https:\\\/\\\/www.youtube.com\\\/user\\\/ELLEbelgique1\"]},{\"@type\":\"Person\",\"@id\":\"https:\\\/\\\/www.elle.be\\\/fr\\\/#\\\/schema\\\/person\\\/731dc88a91a1cebdbc692c487314efaf\",\"name\":\"Elisabeth Clauss\",\"image\":{\"@type\":\"ImageObject\",\"inLanguage\":\"fr-FR\",\"@id\":\"https:\\\/\\\/www.elle.be\\\/fr\\\/wp-content\\\/uploads\\\/2017\\\/03\\\/v-elisabeth-clauss-credit-isabelle-mertens-23-e1738239761687-96x96.jpg\",\"url\":\"https:\\\/\\\/www.elle.be\\\/fr\\\/wp-content\\\/uploads\\\/2017\\\/03\\\/v-elisabeth-clauss-credit-isabelle-mertens-23-e1738239761687-96x96.jpg\",\"contentUrl\":\"https:\\\/\\\/www.elle.be\\\/fr\\\/wp-content\\\/uploads\\\/2017\\\/03\\\/v-elisabeth-clauss-credit-isabelle-mertens-23-e1738239761687-96x96.jpg\",\"caption\":\"Elisabeth Clauss\"},\"description\":\"Elle pense que des chaussures, c'est soit beau, soit confortable et raconte la mode, ceux qui la font, ceux qui la portent, ceux qui la supportent.\",\"sameAs\":[\"http:\\\/\\\/www.elisabethclauss.com\",\"http:\\\/\\\/www.facebook.com\\\/elisabethclausspage\\\/\",\"http:\\\/\\\/instagram.com\\\/elisabethclauss\",\"https:\\\/\\\/x.com\\\/eliclauss\"],\"url\":\"https:\\\/\\\/www.elle.be\\\/fr\\\/author\\\/elisabeth\"}]}<\/script>\n<!-- \/ Yoast SEO plugin. -->","yoast_head_json":{"title":"Qui \u00e9tait Hubert de Givenchy ? - ELLE.be","description":"Il repr\u00e9sentait l'\u00e2ge d'or des Maisons de Coutures, quand c'\u00e9taient encore des entreprises ind\u00e9pendantes, men\u00e9es par la personne qui les avait cr\u00e9\u00e9es, et avant qu'on n'appelle les couturiers des \"directeurs artistiques\". A 91 ans, Hubert de Givenchy a rejoint Audrey Hepburn, \u00e0 qui il venait de consacrer une \u00e9mouvante exposition.","robots":{"index":"index","follow":"follow","max-snippet":"max-snippet:-1","max-image-preview":"max-image-preview:large","max-video-preview":"max-video-preview:-1"},"canonical":"https:\/\/www.elle.be\/fr\/209857-hubert-de-givenchy-lun-derniers-couturiers-sen-alle.html","og_locale":"fr_FR","og_type":"article","og_title":"Qui \u00e9tait Hubert de Givenchy ? - ELLE.be","og_description":"Il repr\u00e9sentait l'\u00e2ge d'or des Maisons de Coutures, quand c'\u00e9taient encore des entreprises ind\u00e9pendantes, men\u00e9es par la personne qui les avait cr\u00e9\u00e9es, et avant qu'on n'appelle les couturiers des \"directeurs artistiques\". A 91 ans, Hubert de Givenchy a rejoint Audrey Hepburn, \u00e0 qui il venait de consacrer une \u00e9mouvante exposition.","og_url":"https:\/\/www.elle.be\/fr\/209857-hubert-de-givenchy-lun-derniers-couturiers-sen-alle.html","og_site_name":"ELLE.be","article_publisher":"https:\/\/www.facebook.com\/ELLEbelgium\/","article_author":"http:\/\/www.facebook.com\/elisabethclausspage\/","article_published_time":"2018-03-12T19:23:05+00:00","article_modified_time":"2018-03-12T19:25:49+00:00","og_image":[{"width":1200,"height":628,"url":"https:\/\/www.elle.be\/fr\/wp-content\/uploads\/2018\/03\/givenchy-audrey-hepburn-cr-courtesy.jpg","type":"image\/jpeg"}],"author":"Elisabeth Clauss","twitter_card":"summary_large_image","twitter_creator":"@eliclauss","twitter_site":"@ELLEBelgique","twitter_misc":{"\u00c9crit par":"Elisabeth Clauss","Dur\u00e9e de lecture estim\u00e9e":"4 minutes"},"schema":{"@context":"https:\/\/schema.org","@graph":[{"@type":"NewsArticle","@id":"https:\/\/www.elle.be\/fr\/209857-hubert-de-givenchy-lun-derniers-couturiers-sen-alle.html#article","isPartOf":{"@id":"https:\/\/www.elle.be\/fr\/209857-hubert-de-givenchy-lun-derniers-couturiers-sen-alle.html"},"author":{"name":"Elisabeth Clauss","@id":"https:\/\/www.elle.be\/fr\/#\/schema\/person\/731dc88a91a1cebdbc692c487314efaf"},"headline":"Qui \u00e9tait Hubert de Givenchy ?","datePublished":"2018-03-12T19:23:05+00:00","dateModified":"2018-03-12T19:25:49+00:00","mainEntityOfPage":{"@id":"https:\/\/www.elle.be\/fr\/209857-hubert-de-givenchy-lun-derniers-couturiers-sen-alle.html"},"wordCount":765,"publisher":{"@id":"https:\/\/www.elle.be\/fr\/#organization"},"image":{"@id":"https:\/\/www.elle.be\/fr\/209857-hubert-de-givenchy-lun-derniers-couturiers-sen-alle.html#primaryimage"},"thumbnailUrl":"https:\/\/www.elle.be\/fr\/wp-content\/uploads\/2018\/03\/givenchy-audrey-hepburn-cr-courtesy.jpg","keywords":["givenchy"],"articleSection":["Mode","News Actu"],"inLanguage":"fr-FR"},{"@type":"WebPage","@id":"https:\/\/www.elle.be\/fr\/209857-hubert-de-givenchy-lun-derniers-couturiers-sen-alle.html","url":"https:\/\/www.elle.be\/fr\/209857-hubert-de-givenchy-lun-derniers-couturiers-sen-alle.html","name":"Qui \u00e9tait Hubert de Givenchy ? - ELLE.be","isPartOf":{"@id":"https:\/\/www.elle.be\/fr\/#website"},"primaryImageOfPage":{"@id":"https:\/\/www.elle.be\/fr\/209857-hubert-de-givenchy-lun-derniers-couturiers-sen-alle.html#primaryimage"},"image":{"@id":"https:\/\/www.elle.be\/fr\/209857-hubert-de-givenchy-lun-derniers-couturiers-sen-alle.html#primaryimage"},"thumbnailUrl":"https:\/\/www.elle.be\/fr\/wp-content\/uploads\/2018\/03\/givenchy-audrey-hepburn-cr-courtesy.jpg","datePublished":"2018-03-12T19:23:05+00:00","dateModified":"2018-03-12T19:25:49+00:00","description":"Il repr\u00e9sentait l'\u00e2ge d'or des Maisons de Coutures, quand c'\u00e9taient encore des entreprises ind\u00e9pendantes, men\u00e9es par la personne qui les avait cr\u00e9\u00e9es, et avant qu'on n'appelle les couturiers des \"directeurs artistiques\". A 91 ans, Hubert de Givenchy a rejoint Audrey Hepburn, \u00e0 qui il venait de consacrer une \u00e9mouvante exposition.","breadcrumb":{"@id":"https:\/\/www.elle.be\/fr\/209857-hubert-de-givenchy-lun-derniers-couturiers-sen-alle.html#breadcrumb"},"inLanguage":"fr-FR","potentialAction":[{"@type":"ReadAction","target":["https:\/\/www.elle.be\/fr\/209857-hubert-de-givenchy-lun-derniers-couturiers-sen-alle.html"]}]},{"@type":"ImageObject","inLanguage":"fr-FR","@id":"https:\/\/www.elle.be\/fr\/209857-hubert-de-givenchy-lun-derniers-couturiers-sen-alle.html#primaryimage","url":"https:\/\/www.elle.be\/fr\/wp-content\/uploads\/2018\/03\/givenchy-audrey-hepburn-cr-courtesy.jpg","contentUrl":"https:\/\/www.elle.be\/fr\/wp-content\/uploads\/2018\/03\/givenchy-audrey-hepburn-cr-courtesy.jpg","width":1200,"height":628},{"@type":"BreadcrumbList","@id":"https:\/\/www.elle.be\/fr\/209857-hubert-de-givenchy-lun-derniers-couturiers-sen-alle.html#breadcrumb","itemListElement":[{"@type":"ListItem","position":1,"name":"FR","item":"https:\/\/www.elle.be\/fr"},{"@type":"ListItem","position":2,"name":"Mode","item":"https:\/\/www.elle.be\/fr\/mode"},{"@type":"ListItem","position":3,"name":"Qui \u00e9tait Hubert de Givenchy ?"}]},{"@type":"WebSite","@id":"https:\/\/www.elle.be\/fr\/#website","url":"https:\/\/www.elle.be\/fr\/","name":"ELLE.be","description":"Toutes les infos mode, beaut\u00e9 et lifestyle les plus pointues ainsi qu&#039;un contenu 100% belge d\u00e9clin\u00e9 \u00e0 360\u00b0sur le site ELLE.be, nos r\u00e9seaux sociaux et notre cha\u00eene Youtube.","publisher":{"@id":"https:\/\/www.elle.be\/fr\/#organization"},"potentialAction":[{"@type":"SearchAction","target":{"@type":"EntryPoint","urlTemplate":"https:\/\/www.elle.be\/fr\/?s={search_term_string}"},"query-input":{"@type":"PropertyValueSpecification","valueRequired":true,"valueName":"search_term_string"}}],"inLanguage":"fr-FR"},{"@type":"Organization","@id":"https:\/\/www.elle.be\/fr\/#organization","name":"ELLE Belgique","url":"https:\/\/www.elle.be\/fr\/","logo":{"@type":"ImageObject","inLanguage":"fr-FR","@id":"https:\/\/www.elle.be\/fr\/#\/schema\/logo\/image\/","url":"https:\/\/www.elle.be\/fr\/wp-content\/uploads\/2017\/03\/elle-icon-200px.jpeg","contentUrl":"https:\/\/www.elle.be\/fr\/wp-content\/uploads\/2017\/03\/elle-icon-200px.jpeg","width":200,"height":200,"caption":"ELLE Belgique"},"image":{"@id":"https:\/\/www.elle.be\/fr\/#\/schema\/logo\/image\/"},"sameAs":["https:\/\/www.facebook.com\/ELLEbelgium\/","https:\/\/x.com\/ELLEBelgique","http:\/\/instagram.com\/ellebelgique\/","https:\/\/www.pinterest.com\/ellebelgique\/","https:\/\/www.youtube.com\/user\/ELLEbelgique1"]},{"@type":"Person","@id":"https:\/\/www.elle.be\/fr\/#\/schema\/person\/731dc88a91a1cebdbc692c487314efaf","name":"Elisabeth Clauss","image":{"@type":"ImageObject","inLanguage":"fr-FR","@id":"https:\/\/www.elle.be\/fr\/wp-content\/uploads\/2017\/03\/v-elisabeth-clauss-credit-isabelle-mertens-23-e1738239761687-96x96.jpg","url":"https:\/\/www.elle.be\/fr\/wp-content\/uploads\/2017\/03\/v-elisabeth-clauss-credit-isabelle-mertens-23-e1738239761687-96x96.jpg","contentUrl":"https:\/\/www.elle.be\/fr\/wp-content\/uploads\/2017\/03\/v-elisabeth-clauss-credit-isabelle-mertens-23-e1738239761687-96x96.jpg","caption":"Elisabeth Clauss"},"description":"Elle pense que des chaussures, c'est soit beau, soit confortable et raconte la mode, ceux qui la font, ceux qui la portent, ceux qui la supportent.","sameAs":["http:\/\/www.elisabethclauss.com","http:\/\/www.facebook.com\/elisabethclausspage\/","http:\/\/instagram.com\/elisabethclauss","https:\/\/x.com\/eliclauss"],"url":"https:\/\/www.elle.be\/fr\/author\/elisabeth"}]}},"_links":{"self":[{"href":"https:\/\/www.elle.be\/fr\/wp-json\/wp\/v2\/posts\/209857","targetHints":{"allow":["GET"]}}],"collection":[{"href":"https:\/\/www.elle.be\/fr\/wp-json\/wp\/v2\/posts"}],"about":[{"href":"https:\/\/www.elle.be\/fr\/wp-json\/wp\/v2\/types\/post"}],"author":[{"embeddable":true,"href":"https:\/\/www.elle.be\/fr\/wp-json\/wp\/v2\/users\/13"}],"replies":[{"embeddable":true,"href":"https:\/\/www.elle.be\/fr\/wp-json\/wp\/v2\/comments?post=209857"}],"version-history":[{"count":5,"href":"https:\/\/www.elle.be\/fr\/wp-json\/wp\/v2\/posts\/209857\/revisions"}],"predecessor-version":[{"id":209866,"href":"https:\/\/www.elle.be\/fr\/wp-json\/wp\/v2\/posts\/209857\/revisions\/209866"}],"wp:featuredmedia":[{"embeddable":true,"href":"https:\/\/www.elle.be\/fr\/wp-json\/wp\/v2\/media\/209860"}],"wp:attachment":[{"href":"https:\/\/www.elle.be\/fr\/wp-json\/wp\/v2\/media?parent=209857"}],"wp:term":[{"taxonomy":"category","embeddable":true,"href":"https:\/\/www.elle.be\/fr\/wp-json\/wp\/v2\/categories?post=209857"},{"taxonomy":"post_tag","embeddable":true,"href":"https:\/\/www.elle.be\/fr\/wp-json\/wp\/v2\/tags?post=209857"}],"curies":[{"name":"wp","href":"https:\/\/api.w.org\/{rel}","templated":true}]}}