{"id":209713,"date":"2018-03-12T11:51:04","date_gmt":"2018-03-12T10:51:04","guid":{"rendered":"https:\/\/www.elle.be\/fr\/?p=209713"},"modified":"2018-08-24T16:29:25","modified_gmt":"2018-08-24T14:29:25","slug":"bientot-cosmetiques-cruelty-free-partout-monde","status":"publish","type":"post","link":"https:\/\/www.elle.be\/fr\/209713-bientot-cosmetiques-cruelty-free-partout-monde.html","title":{"rendered":"Bient\u00f4t des cosm\u00e9tiques cruelty-free partout dans le monde ?"},"content":{"rendered":"","protected":false},"excerpt":{"rendered":"Ce week-end marquait le 5e anniversaire de l\u2019interdiction europ\u00e9enne des exp\u00e9rimentations animales \u00e0 des fins cosm\u00e9tiques ainsi que de la vente de produits de beaut\u00e9 test\u00e9s sur les animaux.","protected":false},"author":73,"featured_media":209724,"comment_status":"closed","ping_status":"closed","sticky":false,"template":"","format":"standard","meta":{"_acf_changed":false,"footnotes":""},"categories":[2842,2206],"tags":[1341],"class_list":["post-209713","post","type-post","status-publish","format-standard","has-post-thumbnail","hentry","category-beaute","category-tendances-beaute","tag-cosmetiques"],"acf":[],"image_verticale":"","_yoast_wpseo_title":"Pour la fin des tests cosm\u00e9tiques sur les animaux dans le monde","_yoast_wpseo_metadesc":null,"_yoast_wpseo_focuskw_text_input":"cruelty-free","_yoast_wpseo_opengraph-title":null,"yoast_head":"<!-- This site is optimized with the Yoast SEO plugin v27.4 - https:\/\/yoast.com\/product\/yoast-seo-wordpress\/ -->\n<title>Pour la fin des tests cosm\u00e9tiques sur les animaux dans le monde<\/title>\n<meta name=\"description\" content=\"Ce week-end marquait le 5e anniversaire de l\u2019interdiction europ\u00e9enne des exp\u00e9rimentations animales \u00e0 des fins cosm\u00e9tiques ainsi que de la vente de\" \/>\n<meta name=\"robots\" content=\"index, follow, max-snippet:-1, max-image-preview:large, max-video-preview:-1\" \/>\n<link rel=\"canonical\" href=\"https:\/\/www.elle.be\/fr\/209713-bientot-cosmetiques-cruelty-free-partout-monde.html\" \/>\n<meta property=\"og:locale\" content=\"fr_FR\" \/>\n<meta property=\"og:type\" content=\"article\" \/>\n<meta property=\"og:title\" content=\"Pour la fin des tests cosm\u00e9tiques sur les animaux dans le monde\" \/>\n<meta property=\"og:description\" content=\"Ce week-end marquait le 5e anniversaire de l\u2019interdiction europ\u00e9enne des exp\u00e9rimentations animales \u00e0 des fins cosm\u00e9tiques ainsi que de la vente de\" \/>\n<meta property=\"og:url\" content=\"https:\/\/www.elle.be\/fr\/209713-bientot-cosmetiques-cruelty-free-partout-monde.html\" \/>\n<meta property=\"og:site_name\" content=\"ELLE.be\" \/>\n<meta property=\"article:publisher\" content=\"https:\/\/www.facebook.com\/ELLEbelgium\/\" \/>\n<meta property=\"article:published_time\" content=\"2018-03-12T10:51:04+00:00\" \/>\n<meta property=\"article:modified_time\" content=\"2018-08-24T14:29:25+00:00\" \/>\n<meta property=\"og:image\" content=\"https:\/\/www.elle.be\/fr\/wp-content\/uploads\/2018\/03\/LAPIN.jpg\" \/>\n\t<meta property=\"og:image:width\" content=\"1200\" \/>\n\t<meta property=\"og:image:height\" content=\"628\" \/>\n\t<meta property=\"og:image:type\" content=\"image\/jpeg\" \/>\n<meta name=\"author\" content=\"Elo\u00efse Pirard\" \/>\n<meta name=\"twitter:card\" content=\"summary_large_image\" \/>\n<meta name=\"twitter:creator\" content=\"@ELLEBelgique\" \/>\n<meta name=\"twitter:site\" content=\"@ELLEBelgique\" \/>\n<meta name=\"twitter:label1\" content=\"\u00c9crit par\" \/>\n\t<meta name=\"twitter:data1\" content=\"Elo\u00efse Pirard\" \/>\n\t<meta name=\"twitter:label2\" content=\"Dur\u00e9e de lecture estim\u00e9e\" \/>\n\t<meta name=\"twitter:data2\" content=\"3 minutes\" \/>\n<script type=\"application\/ld+json\" class=\"yoast-schema-graph\">{\"@context\":\"https:\\\/\\\/schema.org\",\"@graph\":[{\"@type\":\"NewsArticle\",\"@id\":\"https:\\\/\\\/www.elle.be\\\/fr\\\/209713-bientot-cosmetiques-cruelty-free-partout-monde.html#article\",\"isPartOf\":{\"@id\":\"https:\\\/\\\/www.elle.be\\\/fr\\\/209713-bientot-cosmetiques-cruelty-free-partout-monde.html\"},\"author\":{\"name\":\"Elo\u00efse Pirard\",\"@id\":\"https:\\\/\\\/www.elle.be\\\/fr\\\/#\\\/schema\\\/person\\\/a2360849a8a4d85c4dcf46c649a8116c\"},\"headline\":\"Bient\u00f4t des cosm\u00e9tiques cruelty-free partout dans le monde ?\",\"datePublished\":\"2018-03-12T10:51:04+00:00\",\"dateModified\":\"2018-08-24T14:29:25+00:00\",\"mainEntityOfPage\":{\"@id\":\"https:\\\/\\\/www.elle.be\\\/fr\\\/209713-bientot-cosmetiques-cruelty-free-partout-monde.html\"},\"wordCount\":573,\"publisher\":{\"@id\":\"https:\\\/\\\/www.elle.be\\\/fr\\\/#organization\"},\"image\":{\"@id\":\"https:\\\/\\\/www.elle.be\\\/fr\\\/209713-bientot-cosmetiques-cruelty-free-partout-monde.html#primaryimage\"},\"thumbnailUrl\":\"https:\\\/\\\/www.elle.be\\\/fr\\\/wp-content\\\/uploads\\\/2018\\\/03\\\/LAPIN.jpg\",\"keywords\":[\"cosm\u00e9tiques\"],\"articleSection\":[\"Beaut\u00e9\",\"Tendances Beaut\u00e9\"],\"inLanguage\":\"fr-FR\"},{\"@type\":\"WebPage\",\"@id\":\"https:\\\/\\\/www.elle.be\\\/fr\\\/209713-bientot-cosmetiques-cruelty-free-partout-monde.html\",\"url\":\"https:\\\/\\\/www.elle.be\\\/fr\\\/209713-bientot-cosmetiques-cruelty-free-partout-monde.html\",\"name\":\"Pour la fin des tests cosm\u00e9tiques sur les animaux dans le monde\",\"isPartOf\":{\"@id\":\"https:\\\/\\\/www.elle.be\\\/fr\\\/#website\"},\"primaryImageOfPage\":{\"@id\":\"https:\\\/\\\/www.elle.be\\\/fr\\\/209713-bientot-cosmetiques-cruelty-free-partout-monde.html#primaryimage\"},\"image\":{\"@id\":\"https:\\\/\\\/www.elle.be\\\/fr\\\/209713-bientot-cosmetiques-cruelty-free-partout-monde.html#primaryimage\"},\"thumbnailUrl\":\"https:\\\/\\\/www.elle.be\\\/fr\\\/wp-content\\\/uploads\\\/2018\\\/03\\\/LAPIN.jpg\",\"datePublished\":\"2018-03-12T10:51:04+00:00\",\"dateModified\":\"2018-08-24T14:29:25+00:00\",\"description\":\"Ce week-end marquait le 5e anniversaire de l\u2019interdiction europ\u00e9enne des exp\u00e9rimentations animales \u00e0 des fins cosm\u00e9tiques ainsi que de la vente de\",\"breadcrumb\":{\"@id\":\"https:\\\/\\\/www.elle.be\\\/fr\\\/209713-bientot-cosmetiques-cruelty-free-partout-monde.html#breadcrumb\"},\"inLanguage\":\"fr-FR\",\"potentialAction\":[{\"@type\":\"ReadAction\",\"target\":[\"https:\\\/\\\/www.elle.be\\\/fr\\\/209713-bientot-cosmetiques-cruelty-free-partout-monde.html\"]}]},{\"@type\":\"ImageObject\",\"inLanguage\":\"fr-FR\",\"@id\":\"https:\\\/\\\/www.elle.be\\\/fr\\\/209713-bientot-cosmetiques-cruelty-free-partout-monde.html#primaryimage\",\"url\":\"https:\\\/\\\/www.elle.be\\\/fr\\\/wp-content\\\/uploads\\\/2018\\\/03\\\/LAPIN.jpg\",\"contentUrl\":\"https:\\\/\\\/www.elle.be\\\/fr\\\/wp-content\\\/uploads\\\/2018\\\/03\\\/LAPIN.jpg\",\"width\":1200,\"height\":628},{\"@type\":\"BreadcrumbList\",\"@id\":\"https:\\\/\\\/www.elle.be\\\/fr\\\/209713-bientot-cosmetiques-cruelty-free-partout-monde.html#breadcrumb\",\"itemListElement\":[{\"@type\":\"ListItem\",\"position\":1,\"name\":\"FR\",\"item\":\"https:\\\/\\\/www.elle.be\\\/fr\"},{\"@type\":\"ListItem\",\"position\":2,\"name\":\"Beaut\u00e9\",\"item\":\"https:\\\/\\\/www.elle.be\\\/fr\\\/beaute\"},{\"@type\":\"ListItem\",\"position\":3,\"name\":\"Tendances Beaut\u00e9\",\"item\":\"https:\\\/\\\/www.elle.be\\\/fr\\\/beaute\\\/tendances-beaute\"},{\"@type\":\"ListItem\",\"position\":4,\"name\":\"Bient\u00f4t des cosm\u00e9tiques cruelty-free partout dans le monde ?\"}]},{\"@type\":\"WebSite\",\"@id\":\"https:\\\/\\\/www.elle.be\\\/fr\\\/#website\",\"url\":\"https:\\\/\\\/www.elle.be\\\/fr\\\/\",\"name\":\"ELLE.be\",\"description\":\"Toutes les infos mode, beaut\u00e9 et lifestyle les plus pointues ainsi qu&#039;un contenu 100% belge d\u00e9clin\u00e9 \u00e0 360\u00b0sur le site ELLE.be, nos r\u00e9seaux sociaux et notre cha\u00eene Youtube.\",\"publisher\":{\"@id\":\"https:\\\/\\\/www.elle.be\\\/fr\\\/#organization\"},\"potentialAction\":[{\"@type\":\"SearchAction\",\"target\":{\"@type\":\"EntryPoint\",\"urlTemplate\":\"https:\\\/\\\/www.elle.be\\\/fr\\\/?s={search_term_string}\"},\"query-input\":{\"@type\":\"PropertyValueSpecification\",\"valueRequired\":true,\"valueName\":\"search_term_string\"}}],\"inLanguage\":\"fr-FR\"},{\"@type\":\"Organization\",\"@id\":\"https:\\\/\\\/www.elle.be\\\/fr\\\/#organization\",\"name\":\"ELLE Belgique\",\"url\":\"https:\\\/\\\/www.elle.be\\\/fr\\\/\",\"logo\":{\"@type\":\"ImageObject\",\"inLanguage\":\"fr-FR\",\"@id\":\"https:\\\/\\\/www.elle.be\\\/fr\\\/#\\\/schema\\\/logo\\\/image\\\/\",\"url\":\"https:\\\/\\\/www.elle.be\\\/fr\\\/wp-content\\\/uploads\\\/2017\\\/03\\\/elle-icon-200px.jpeg\",\"contentUrl\":\"https:\\\/\\\/www.elle.be\\\/fr\\\/wp-content\\\/uploads\\\/2017\\\/03\\\/elle-icon-200px.jpeg\",\"width\":200,\"height\":200,\"caption\":\"ELLE Belgique\"},\"image\":{\"@id\":\"https:\\\/\\\/www.elle.be\\\/fr\\\/#\\\/schema\\\/logo\\\/image\\\/\"},\"sameAs\":[\"https:\\\/\\\/www.facebook.com\\\/ELLEbelgium\\\/\",\"https:\\\/\\\/x.com\\\/ELLEBelgique\",\"http:\\\/\\\/instagram.com\\\/ellebelgique\\\/\",\"https:\\\/\\\/www.pinterest.com\\\/ellebelgique\\\/\",\"https:\\\/\\\/www.youtube.com\\\/user\\\/ELLEbelgique1\"]},{\"@type\":\"Person\",\"@id\":\"https:\\\/\\\/www.elle.be\\\/fr\\\/#\\\/schema\\\/person\\\/a2360849a8a4d85c4dcf46c649a8116c\",\"name\":\"Elo\u00efse Pirard\",\"image\":{\"@type\":\"ImageObject\",\"inLanguage\":\"fr-FR\",\"@id\":\"https:\\\/\\\/www.elle.be\\\/fr\\\/wp-content\\\/uploads\\\/2018\\\/02\\\/eloise-150x150.jpg\",\"url\":\"https:\\\/\\\/www.elle.be\\\/fr\\\/wp-content\\\/uploads\\\/2018\\\/02\\\/eloise-150x150.jpg\",\"contentUrl\":\"https:\\\/\\\/www.elle.be\\\/fr\\\/wp-content\\\/uploads\\\/2018\\\/02\\\/eloise-150x150.jpg\",\"caption\":\"Elo\u00efse Pirard\"},\"url\":\"https:\\\/\\\/www.elle.be\\\/fr\\\/author\\\/eloise\"}]}<\/script>\n<!-- \/ Yoast SEO plugin. -->","yoast_head_json":{"title":"Pour la fin des tests cosm\u00e9tiques sur les animaux dans le monde","description":"Ce week-end marquait le 5e anniversaire de l\u2019interdiction europ\u00e9enne des exp\u00e9rimentations animales \u00e0 des fins cosm\u00e9tiques ainsi que de la vente de","robots":{"index":"index","follow":"follow","max-snippet":"max-snippet:-1","max-image-preview":"max-image-preview:large","max-video-preview":"max-video-preview:-1"},"canonical":"https:\/\/www.elle.be\/fr\/209713-bientot-cosmetiques-cruelty-free-partout-monde.html","og_locale":"fr_FR","og_type":"article","og_title":"Pour la fin des tests cosm\u00e9tiques sur les animaux dans le monde","og_description":"Ce week-end marquait le 5e anniversaire de l\u2019interdiction europ\u00e9enne des exp\u00e9rimentations animales \u00e0 des fins cosm\u00e9tiques ainsi que de la vente de","og_url":"https:\/\/www.elle.be\/fr\/209713-bientot-cosmetiques-cruelty-free-partout-monde.html","og_site_name":"ELLE.be","article_publisher":"https:\/\/www.facebook.com\/ELLEbelgium\/","article_published_time":"2018-03-12T10:51:04+00:00","article_modified_time":"2018-08-24T14:29:25+00:00","og_image":[{"width":1200,"height":628,"url":"https:\/\/www.elle.be\/fr\/wp-content\/uploads\/2018\/03\/LAPIN.jpg","type":"image\/jpeg"}],"author":"Elo\u00efse Pirard","twitter_card":"summary_large_image","twitter_creator":"@ELLEBelgique","twitter_site":"@ELLEBelgique","twitter_misc":{"\u00c9crit par":"Elo\u00efse Pirard","Dur\u00e9e de lecture estim\u00e9e":"3 minutes"},"schema":{"@context":"https:\/\/schema.org","@graph":[{"@type":"NewsArticle","@id":"https:\/\/www.elle.be\/fr\/209713-bientot-cosmetiques-cruelty-free-partout-monde.html#article","isPartOf":{"@id":"https:\/\/www.elle.be\/fr\/209713-bientot-cosmetiques-cruelty-free-partout-monde.html"},"author":{"name":"Elo\u00efse Pirard","@id":"https:\/\/www.elle.be\/fr\/#\/schema\/person\/a2360849a8a4d85c4dcf46c649a8116c"},"headline":"Bient\u00f4t des cosm\u00e9tiques cruelty-free partout dans le monde ?","datePublished":"2018-03-12T10:51:04+00:00","dateModified":"2018-08-24T14:29:25+00:00","mainEntityOfPage":{"@id":"https:\/\/www.elle.be\/fr\/209713-bientot-cosmetiques-cruelty-free-partout-monde.html"},"wordCount":573,"publisher":{"@id":"https:\/\/www.elle.be\/fr\/#organization"},"image":{"@id":"https:\/\/www.elle.be\/fr\/209713-bientot-cosmetiques-cruelty-free-partout-monde.html#primaryimage"},"thumbnailUrl":"https:\/\/www.elle.be\/fr\/wp-content\/uploads\/2018\/03\/LAPIN.jpg","keywords":["cosm\u00e9tiques"],"articleSection":["Beaut\u00e9","Tendances Beaut\u00e9"],"inLanguage":"fr-FR"},{"@type":"WebPage","@id":"https:\/\/www.elle.be\/fr\/209713-bientot-cosmetiques-cruelty-free-partout-monde.html","url":"https:\/\/www.elle.be\/fr\/209713-bientot-cosmetiques-cruelty-free-partout-monde.html","name":"Pour la fin des tests cosm\u00e9tiques sur les animaux dans le monde","isPartOf":{"@id":"https:\/\/www.elle.be\/fr\/#website"},"primaryImageOfPage":{"@id":"https:\/\/www.elle.be\/fr\/209713-bientot-cosmetiques-cruelty-free-partout-monde.html#primaryimage"},"image":{"@id":"https:\/\/www.elle.be\/fr\/209713-bientot-cosmetiques-cruelty-free-partout-monde.html#primaryimage"},"thumbnailUrl":"https:\/\/www.elle.be\/fr\/wp-content\/uploads\/2018\/03\/LAPIN.jpg","datePublished":"2018-03-12T10:51:04+00:00","dateModified":"2018-08-24T14:29:25+00:00","description":"Ce week-end marquait le 5e anniversaire de l\u2019interdiction europ\u00e9enne des exp\u00e9rimentations animales \u00e0 des fins cosm\u00e9tiques ainsi que de la vente de","breadcrumb":{"@id":"https:\/\/www.elle.be\/fr\/209713-bientot-cosmetiques-cruelty-free-partout-monde.html#breadcrumb"},"inLanguage":"fr-FR","potentialAction":[{"@type":"ReadAction","target":["https:\/\/www.elle.be\/fr\/209713-bientot-cosmetiques-cruelty-free-partout-monde.html"]}]},{"@type":"ImageObject","inLanguage":"fr-FR","@id":"https:\/\/www.elle.be\/fr\/209713-bientot-cosmetiques-cruelty-free-partout-monde.html#primaryimage","url":"https:\/\/www.elle.be\/fr\/wp-content\/uploads\/2018\/03\/LAPIN.jpg","contentUrl":"https:\/\/www.elle.be\/fr\/wp-content\/uploads\/2018\/03\/LAPIN.jpg","width":1200,"height":628},{"@type":"BreadcrumbList","@id":"https:\/\/www.elle.be\/fr\/209713-bientot-cosmetiques-cruelty-free-partout-monde.html#breadcrumb","itemListElement":[{"@type":"ListItem","position":1,"name":"FR","item":"https:\/\/www.elle.be\/fr"},{"@type":"ListItem","position":2,"name":"Beaut\u00e9","item":"https:\/\/www.elle.be\/fr\/beaute"},{"@type":"ListItem","position":3,"name":"Tendances Beaut\u00e9","item":"https:\/\/www.elle.be\/fr\/beaute\/tendances-beaute"},{"@type":"ListItem","position":4,"name":"Bient\u00f4t des cosm\u00e9tiques cruelty-free partout dans le monde ?"}]},{"@type":"WebSite","@id":"https:\/\/www.elle.be\/fr\/#website","url":"https:\/\/www.elle.be\/fr\/","name":"ELLE.be","description":"Toutes les infos mode, beaut\u00e9 et lifestyle les plus pointues ainsi qu&#039;un contenu 100% belge d\u00e9clin\u00e9 \u00e0 360\u00b0sur le site ELLE.be, nos r\u00e9seaux sociaux et notre cha\u00eene Youtube.","publisher":{"@id":"https:\/\/www.elle.be\/fr\/#organization"},"potentialAction":[{"@type":"SearchAction","target":{"@type":"EntryPoint","urlTemplate":"https:\/\/www.elle.be\/fr\/?s={search_term_string}"},"query-input":{"@type":"PropertyValueSpecification","valueRequired":true,"valueName":"search_term_string"}}],"inLanguage":"fr-FR"},{"@type":"Organization","@id":"https:\/\/www.elle.be\/fr\/#organization","name":"ELLE Belgique","url":"https:\/\/www.elle.be\/fr\/","logo":{"@type":"ImageObject","inLanguage":"fr-FR","@id":"https:\/\/www.elle.be\/fr\/#\/schema\/logo\/image\/","url":"https:\/\/www.elle.be\/fr\/wp-content\/uploads\/2017\/03\/elle-icon-200px.jpeg","contentUrl":"https:\/\/www.elle.be\/fr\/wp-content\/uploads\/2017\/03\/elle-icon-200px.jpeg","width":200,"height":200,"caption":"ELLE Belgique"},"image":{"@id":"https:\/\/www.elle.be\/fr\/#\/schema\/logo\/image\/"},"sameAs":["https:\/\/www.facebook.com\/ELLEbelgium\/","https:\/\/x.com\/ELLEBelgique","http:\/\/instagram.com\/ellebelgique\/","https:\/\/www.pinterest.com\/ellebelgique\/","https:\/\/www.youtube.com\/user\/ELLEbelgique1"]},{"@type":"Person","@id":"https:\/\/www.elle.be\/fr\/#\/schema\/person\/a2360849a8a4d85c4dcf46c649a8116c","name":"Elo\u00efse Pirard","image":{"@type":"ImageObject","inLanguage":"fr-FR","@id":"https:\/\/www.elle.be\/fr\/wp-content\/uploads\/2018\/02\/eloise-150x150.jpg","url":"https:\/\/www.elle.be\/fr\/wp-content\/uploads\/2018\/02\/eloise-150x150.jpg","contentUrl":"https:\/\/www.elle.be\/fr\/wp-content\/uploads\/2018\/02\/eloise-150x150.jpg","caption":"Elo\u00efse Pirard"},"url":"https:\/\/www.elle.be\/fr\/author\/eloise"}]}},"_links":{"self":[{"href":"https:\/\/www.elle.be\/fr\/wp-json\/wp\/v2\/posts\/209713","targetHints":{"allow":["GET"]}}],"collection":[{"href":"https:\/\/www.elle.be\/fr\/wp-json\/wp\/v2\/posts"}],"about":[{"href":"https:\/\/www.elle.be\/fr\/wp-json\/wp\/v2\/types\/post"}],"author":[{"embeddable":true,"href":"https:\/\/www.elle.be\/fr\/wp-json\/wp\/v2\/users\/73"}],"replies":[{"embeddable":true,"href":"https:\/\/www.elle.be\/fr\/wp-json\/wp\/v2\/comments?post=209713"}],"version-history":[{"count":7,"href":"https:\/\/www.elle.be\/fr\/wp-json\/wp\/v2\/posts\/209713\/revisions"}],"predecessor-version":[{"id":209962,"href":"https:\/\/www.elle.be\/fr\/wp-json\/wp\/v2\/posts\/209713\/revisions\/209962"}],"wp:featuredmedia":[{"embeddable":true,"href":"https:\/\/www.elle.be\/fr\/wp-json\/wp\/v2\/media\/209724"}],"wp:attachment":[{"href":"https:\/\/www.elle.be\/fr\/wp-json\/wp\/v2\/media?parent=209713"}],"wp:term":[{"taxonomy":"category","embeddable":true,"href":"https:\/\/www.elle.be\/fr\/wp-json\/wp\/v2\/categories?post=209713"},{"taxonomy":"post_tag","embeddable":true,"href":"https:\/\/www.elle.be\/fr\/wp-json\/wp\/v2\/tags?post=209713"}],"curies":[{"name":"wp","href":"https:\/\/api.w.org\/{rel}","templated":true}]}}