{"id":208742,"date":"2015-03-05T14:43:03","date_gmt":"2015-03-05T13:43:03","guid":{"rendered":"https:\/\/www.elle.be\/fr\/?p=208742"},"modified":"2018-03-05T15:25:25","modified_gmt":"2018-03-05T14:25:25","slug":"cappuccino-a-banane-graines-de-sesame","status":"publish","type":"post","link":"https:\/\/www.elle.be\/fr\/208742-cappuccino-a-banane-graines-de-sesame.html","title":{"rendered":"Cappuccino \u00e0 la banane et graines de s\u00e9same"},"content":{"rendered":"","protected":false},"excerpt":{"rendered":"Pr\u00e9parez la mousse de lait avec l&#8217;Aeroccino (ou un petit fouet)\n \tAjoutez le sirop de banane et le Dulce de Leche \u00e0 la mousse de lait en m\u00e9langeant doucement\n \tVersez la mousse dans une tasse\n \tFaites couler votre caf\u00e9 directement dans la tasse\n \tMettez quelques morceaux de bananes s\u00e9ch\u00e9es par dessus et saupoudrez avec des graines de s\u00e9same.","protected":false},"author":70,"featured_media":208743,"comment_status":"closed","ping_status":"closed","sticky":false,"template":"","format":"standard","meta":{"_acf_changed":false,"footnotes":""},"categories":[1,1451,1961],"tags":[1159],"class_list":["post-208742","post","type-post","status-publish","format-standard","has-post-thumbnail","hentry","category-elle","category-elle-a-table","category-recettes","tag-petit-dejeuner"],"acf":[],"image_verticale":"","_yoast_wpseo_title":null,"_yoast_wpseo_metadesc":"Un peu de douceur... Une boisson chaude, d\u00e9licieusement sucr\u00e9e, qui se savoure comme un dessert.","_yoast_wpseo_focuskw_text_input":"Cappuccino","_yoast_wpseo_opengraph-title":null,"yoast_head":"<!-- This site is optimized with the Yoast SEO plugin v27.4 - https:\/\/yoast.com\/product\/yoast-seo-wordpress\/ -->\n<title>Cappuccino \u00e0 la banane et graines de s\u00e9same - ELLE.be<\/title>\n<meta name=\"description\" content=\"Un peu de douceur... Une boisson chaude, d\u00e9licieusement sucr\u00e9e, qui se savoure comme un dessert.\" \/>\n<meta name=\"robots\" content=\"index, follow, max-snippet:-1, max-image-preview:large, max-video-preview:-1\" \/>\n<link rel=\"canonical\" href=\"https:\/\/www.elle.be\/fr\/208742-cappuccino-a-banane-graines-de-sesame.html\" \/>\n<meta property=\"og:locale\" content=\"fr_FR\" \/>\n<meta property=\"og:type\" content=\"article\" \/>\n<meta property=\"og:title\" content=\"Cappuccino \u00e0 la banane et graines de s\u00e9same - ELLE.be\" \/>\n<meta property=\"og:description\" content=\"Un peu de douceur... Une boisson chaude, d\u00e9licieusement sucr\u00e9e, qui se savoure comme un dessert.\" \/>\n<meta property=\"og:url\" content=\"https:\/\/www.elle.be\/fr\/208742-cappuccino-a-banane-graines-de-sesame.html\" \/>\n<meta property=\"og:site_name\" content=\"ELLE.be\" \/>\n<meta property=\"article:publisher\" content=\"https:\/\/www.facebook.com\/ELLEbelgium\/\" \/>\n<meta property=\"article:published_time\" content=\"2015-03-05T13:43:03+00:00\" \/>\n<meta property=\"article:modified_time\" content=\"2018-03-05T14:25:25+00:00\" \/>\n<meta property=\"og:image\" content=\"https:\/\/www.elle.be\/fr\/wp-content\/uploads\/2018\/03\/Cappuccino-banaan-1024x767.jpg\" \/>\n\t<meta property=\"og:image:width\" content=\"1024\" \/>\n\t<meta property=\"og:image:height\" content=\"767\" \/>\n\t<meta property=\"og:image:type\" content=\"image\/jpeg\" \/>\n<meta name=\"author\" content=\"ELLE OS\" \/>\n<meta name=\"twitter:card\" content=\"summary_large_image\" \/>\n<meta name=\"twitter:creator\" content=\"@ELLEBelgique\" \/>\n<meta name=\"twitter:site\" content=\"@ELLEBelgique\" \/>\n<meta name=\"twitter:label1\" content=\"\u00c9crit par\" \/>\n\t<meta name=\"twitter:data1\" content=\"ELLE OS\" \/>\n<script type=\"application\/ld+json\" class=\"yoast-schema-graph\">{\"@context\":\"https:\\\/\\\/schema.org\",\"@graph\":[{\"@type\":\"NewsArticle\",\"@id\":\"https:\\\/\\\/www.elle.be\\\/fr\\\/208742-cappuccino-a-banane-graines-de-sesame.html#article\",\"isPartOf\":{\"@id\":\"https:\\\/\\\/www.elle.be\\\/fr\\\/208742-cappuccino-a-banane-graines-de-sesame.html\"},\"author\":{\"name\":\"ELLE OS\",\"@id\":\"https:\\\/\\\/www.elle.be\\\/fr\\\/#\\\/schema\\\/person\\\/d85555ac5fc7b896def428fc600e53bc\"},\"headline\":\"Cappuccino \u00e0 la banane et graines de s\u00e9same\",\"datePublished\":\"2015-03-05T13:43:03+00:00\",\"dateModified\":\"2018-03-05T14:25:25+00:00\",\"mainEntityOfPage\":{\"@id\":\"https:\\\/\\\/www.elle.be\\\/fr\\\/208742-cappuccino-a-banane-graines-de-sesame.html\"},\"wordCount\":70,\"publisher\":{\"@id\":\"https:\\\/\\\/www.elle.be\\\/fr\\\/#organization\"},\"image\":{\"@id\":\"https:\\\/\\\/www.elle.be\\\/fr\\\/208742-cappuccino-a-banane-graines-de-sesame.html#primaryimage\"},\"thumbnailUrl\":\"https:\\\/\\\/www.elle.be\\\/fr\\\/wp-content\\\/uploads\\\/2018\\\/03\\\/Cappuccino-banaan-1024x767.jpg\",\"keywords\":[\"Petit-d\u00e9jeuner\"],\"articleSection\":{\"1\":\"ELLE \u00e0 Table\",\"2\":\"Recettes\"},\"inLanguage\":\"fr-FR\"},{\"@type\":\"WebPage\",\"@id\":\"https:\\\/\\\/www.elle.be\\\/fr\\\/208742-cappuccino-a-banane-graines-de-sesame.html\",\"url\":\"https:\\\/\\\/www.elle.be\\\/fr\\\/208742-cappuccino-a-banane-graines-de-sesame.html\",\"name\":\"Cappuccino \u00e0 la banane et graines de s\u00e9same - ELLE.be\",\"isPartOf\":{\"@id\":\"https:\\\/\\\/www.elle.be\\\/fr\\\/#website\"},\"primaryImageOfPage\":{\"@id\":\"https:\\\/\\\/www.elle.be\\\/fr\\\/208742-cappuccino-a-banane-graines-de-sesame.html#primaryimage\"},\"image\":{\"@id\":\"https:\\\/\\\/www.elle.be\\\/fr\\\/208742-cappuccino-a-banane-graines-de-sesame.html#primaryimage\"},\"thumbnailUrl\":\"https:\\\/\\\/www.elle.be\\\/fr\\\/wp-content\\\/uploads\\\/2018\\\/03\\\/Cappuccino-banaan-1024x767.jpg\",\"datePublished\":\"2015-03-05T13:43:03+00:00\",\"dateModified\":\"2018-03-05T14:25:25+00:00\",\"description\":\"Un peu de douceur... Une boisson chaude, d\u00e9licieusement sucr\u00e9e, qui se savoure comme un dessert.\",\"breadcrumb\":{\"@id\":\"https:\\\/\\\/www.elle.be\\\/fr\\\/208742-cappuccino-a-banane-graines-de-sesame.html#breadcrumb\"},\"inLanguage\":\"fr-FR\",\"potentialAction\":[{\"@type\":\"ReadAction\",\"target\":[\"https:\\\/\\\/www.elle.be\\\/fr\\\/208742-cappuccino-a-banane-graines-de-sesame.html\"]}]},{\"@type\":\"ImageObject\",\"inLanguage\":\"fr-FR\",\"@id\":\"https:\\\/\\\/www.elle.be\\\/fr\\\/208742-cappuccino-a-banane-graines-de-sesame.html#primaryimage\",\"url\":\"https:\\\/\\\/www.elle.be\\\/fr\\\/wp-content\\\/uploads\\\/2018\\\/03\\\/Cappuccino-banaan-1024x767.jpg\",\"contentUrl\":\"https:\\\/\\\/www.elle.be\\\/fr\\\/wp-content\\\/uploads\\\/2018\\\/03\\\/Cappuccino-banaan-1024x767.jpg\",\"width\":1024,\"height\":767},{\"@type\":\"BreadcrumbList\",\"@id\":\"https:\\\/\\\/www.elle.be\\\/fr\\\/208742-cappuccino-a-banane-graines-de-sesame.html#breadcrumb\",\"itemListElement\":[{\"@type\":\"ListItem\",\"position\":1,\"name\":\"FR\",\"item\":\"https:\\\/\\\/www.elle.be\\\/fr\"},{\"@type\":\"ListItem\",\"position\":2,\"name\":\"ELLE \u00e0 Table\",\"item\":\"https:\\\/\\\/www.elle.be\\\/fr\\\/elle-a-table\"},{\"@type\":\"ListItem\",\"position\":3,\"name\":\"Recettes\",\"item\":\"https:\\\/\\\/www.elle.be\\\/fr\\\/elle-a-table\\\/recettes\"},{\"@type\":\"ListItem\",\"position\":4,\"name\":\"Cappuccino \u00e0 la banane et graines de s\u00e9same\"}]},{\"@type\":\"WebSite\",\"@id\":\"https:\\\/\\\/www.elle.be\\\/fr\\\/#website\",\"url\":\"https:\\\/\\\/www.elle.be\\\/fr\\\/\",\"name\":\"ELLE.be\",\"description\":\"Toutes les infos mode, beaut\u00e9 et lifestyle les plus pointues ainsi qu&#039;un contenu 100% belge d\u00e9clin\u00e9 \u00e0 360\u00b0sur le site ELLE.be, nos r\u00e9seaux sociaux et notre cha\u00eene Youtube.\",\"publisher\":{\"@id\":\"https:\\\/\\\/www.elle.be\\\/fr\\\/#organization\"},\"potentialAction\":[{\"@type\":\"SearchAction\",\"target\":{\"@type\":\"EntryPoint\",\"urlTemplate\":\"https:\\\/\\\/www.elle.be\\\/fr\\\/?s={search_term_string}\"},\"query-input\":{\"@type\":\"PropertyValueSpecification\",\"valueRequired\":true,\"valueName\":\"search_term_string\"}}],\"inLanguage\":\"fr-FR\"},{\"@type\":\"Organization\",\"@id\":\"https:\\\/\\\/www.elle.be\\\/fr\\\/#organization\",\"name\":\"ELLE Belgique\",\"url\":\"https:\\\/\\\/www.elle.be\\\/fr\\\/\",\"logo\":{\"@type\":\"ImageObject\",\"inLanguage\":\"fr-FR\",\"@id\":\"https:\\\/\\\/www.elle.be\\\/fr\\\/#\\\/schema\\\/logo\\\/image\\\/\",\"url\":\"https:\\\/\\\/www.elle.be\\\/fr\\\/wp-content\\\/uploads\\\/2017\\\/03\\\/elle-icon-200px.jpeg\",\"contentUrl\":\"https:\\\/\\\/www.elle.be\\\/fr\\\/wp-content\\\/uploads\\\/2017\\\/03\\\/elle-icon-200px.jpeg\",\"width\":200,\"height\":200,\"caption\":\"ELLE Belgique\"},\"image\":{\"@id\":\"https:\\\/\\\/www.elle.be\\\/fr\\\/#\\\/schema\\\/logo\\\/image\\\/\"},\"sameAs\":[\"https:\\\/\\\/www.facebook.com\\\/ELLEbelgium\\\/\",\"https:\\\/\\\/x.com\\\/ELLEBelgique\",\"http:\\\/\\\/instagram.com\\\/ellebelgique\\\/\",\"https:\\\/\\\/www.pinterest.com\\\/ellebelgique\\\/\",\"https:\\\/\\\/www.youtube.com\\\/user\\\/ELLEbelgique1\"]},{\"@type\":\"Person\",\"@id\":\"https:\\\/\\\/www.elle.be\\\/fr\\\/#\\\/schema\\\/person\\\/d85555ac5fc7b896def428fc600e53bc\",\"name\":\"ELLE OS\",\"image\":{\"@type\":\"ImageObject\",\"inLanguage\":\"fr-FR\",\"@id\":\"https:\\\/\\\/secure.gravatar.com\\\/avatar\\\/5ae5ebc7abb3cfe4912ab79805ef1048564dc451eb407ab82a740a3e6a2558fa?s=96&r=g\",\"url\":\"https:\\\/\\\/secure.gravatar.com\\\/avatar\\\/5ae5ebc7abb3cfe4912ab79805ef1048564dc451eb407ab82a740a3e6a2558fa?s=96&r=g\",\"contentUrl\":\"https:\\\/\\\/secure.gravatar.com\\\/avatar\\\/5ae5ebc7abb3cfe4912ab79805ef1048564dc451eb407ab82a740a3e6a2558fa?s=96&r=g\",\"caption\":\"ELLE OS\"},\"url\":\"https:\\\/\\\/www.elle.be\\\/fr\\\/author\\\/elle-os\"}]}<\/script>\n<!-- \/ Yoast SEO plugin. -->","yoast_head_json":{"title":"Cappuccino \u00e0 la banane et graines de s\u00e9same - ELLE.be","description":"Un peu de douceur... Une boisson chaude, d\u00e9licieusement sucr\u00e9e, qui se savoure comme un dessert.","robots":{"index":"index","follow":"follow","max-snippet":"max-snippet:-1","max-image-preview":"max-image-preview:large","max-video-preview":"max-video-preview:-1"},"canonical":"https:\/\/www.elle.be\/fr\/208742-cappuccino-a-banane-graines-de-sesame.html","og_locale":"fr_FR","og_type":"article","og_title":"Cappuccino \u00e0 la banane et graines de s\u00e9same - ELLE.be","og_description":"Un peu de douceur... Une boisson chaude, d\u00e9licieusement sucr\u00e9e, qui se savoure comme un dessert.","og_url":"https:\/\/www.elle.be\/fr\/208742-cappuccino-a-banane-graines-de-sesame.html","og_site_name":"ELLE.be","article_publisher":"https:\/\/www.facebook.com\/ELLEbelgium\/","article_published_time":"2015-03-05T13:43:03+00:00","article_modified_time":"2018-03-05T14:25:25+00:00","og_image":[{"width":1024,"height":767,"url":"https:\/\/www.elle.be\/fr\/wp-content\/uploads\/2018\/03\/Cappuccino-banaan-1024x767.jpg","type":"image\/jpeg"}],"author":"ELLE OS","twitter_card":"summary_large_image","twitter_creator":"@ELLEBelgique","twitter_site":"@ELLEBelgique","twitter_misc":{"\u00c9crit par":"ELLE OS"},"schema":{"@context":"https:\/\/schema.org","@graph":[{"@type":"NewsArticle","@id":"https:\/\/www.elle.be\/fr\/208742-cappuccino-a-banane-graines-de-sesame.html#article","isPartOf":{"@id":"https:\/\/www.elle.be\/fr\/208742-cappuccino-a-banane-graines-de-sesame.html"},"author":{"name":"ELLE OS","@id":"https:\/\/www.elle.be\/fr\/#\/schema\/person\/d85555ac5fc7b896def428fc600e53bc"},"headline":"Cappuccino \u00e0 la banane et graines de s\u00e9same","datePublished":"2015-03-05T13:43:03+00:00","dateModified":"2018-03-05T14:25:25+00:00","mainEntityOfPage":{"@id":"https:\/\/www.elle.be\/fr\/208742-cappuccino-a-banane-graines-de-sesame.html"},"wordCount":70,"publisher":{"@id":"https:\/\/www.elle.be\/fr\/#organization"},"image":{"@id":"https:\/\/www.elle.be\/fr\/208742-cappuccino-a-banane-graines-de-sesame.html#primaryimage"},"thumbnailUrl":"https:\/\/www.elle.be\/fr\/wp-content\/uploads\/2018\/03\/Cappuccino-banaan-1024x767.jpg","keywords":["Petit-d\u00e9jeuner"],"articleSection":{"1":"ELLE \u00e0 Table","2":"Recettes"},"inLanguage":"fr-FR"},{"@type":"WebPage","@id":"https:\/\/www.elle.be\/fr\/208742-cappuccino-a-banane-graines-de-sesame.html","url":"https:\/\/www.elle.be\/fr\/208742-cappuccino-a-banane-graines-de-sesame.html","name":"Cappuccino \u00e0 la banane et graines de s\u00e9same - ELLE.be","isPartOf":{"@id":"https:\/\/www.elle.be\/fr\/#website"},"primaryImageOfPage":{"@id":"https:\/\/www.elle.be\/fr\/208742-cappuccino-a-banane-graines-de-sesame.html#primaryimage"},"image":{"@id":"https:\/\/www.elle.be\/fr\/208742-cappuccino-a-banane-graines-de-sesame.html#primaryimage"},"thumbnailUrl":"https:\/\/www.elle.be\/fr\/wp-content\/uploads\/2018\/03\/Cappuccino-banaan-1024x767.jpg","datePublished":"2015-03-05T13:43:03+00:00","dateModified":"2018-03-05T14:25:25+00:00","description":"Un peu de douceur... Une boisson chaude, d\u00e9licieusement sucr\u00e9e, qui se savoure comme un dessert.","breadcrumb":{"@id":"https:\/\/www.elle.be\/fr\/208742-cappuccino-a-banane-graines-de-sesame.html#breadcrumb"},"inLanguage":"fr-FR","potentialAction":[{"@type":"ReadAction","target":["https:\/\/www.elle.be\/fr\/208742-cappuccino-a-banane-graines-de-sesame.html"]}]},{"@type":"ImageObject","inLanguage":"fr-FR","@id":"https:\/\/www.elle.be\/fr\/208742-cappuccino-a-banane-graines-de-sesame.html#primaryimage","url":"https:\/\/www.elle.be\/fr\/wp-content\/uploads\/2018\/03\/Cappuccino-banaan-1024x767.jpg","contentUrl":"https:\/\/www.elle.be\/fr\/wp-content\/uploads\/2018\/03\/Cappuccino-banaan-1024x767.jpg","width":1024,"height":767},{"@type":"BreadcrumbList","@id":"https:\/\/www.elle.be\/fr\/208742-cappuccino-a-banane-graines-de-sesame.html#breadcrumb","itemListElement":[{"@type":"ListItem","position":1,"name":"FR","item":"https:\/\/www.elle.be\/fr"},{"@type":"ListItem","position":2,"name":"ELLE \u00e0 Table","item":"https:\/\/www.elle.be\/fr\/elle-a-table"},{"@type":"ListItem","position":3,"name":"Recettes","item":"https:\/\/www.elle.be\/fr\/elle-a-table\/recettes"},{"@type":"ListItem","position":4,"name":"Cappuccino \u00e0 la banane et graines de s\u00e9same"}]},{"@type":"WebSite","@id":"https:\/\/www.elle.be\/fr\/#website","url":"https:\/\/www.elle.be\/fr\/","name":"ELLE.be","description":"Toutes les infos mode, beaut\u00e9 et lifestyle les plus pointues ainsi qu&#039;un contenu 100% belge d\u00e9clin\u00e9 \u00e0 360\u00b0sur le site ELLE.be, nos r\u00e9seaux sociaux et notre cha\u00eene Youtube.","publisher":{"@id":"https:\/\/www.elle.be\/fr\/#organization"},"potentialAction":[{"@type":"SearchAction","target":{"@type":"EntryPoint","urlTemplate":"https:\/\/www.elle.be\/fr\/?s={search_term_string}"},"query-input":{"@type":"PropertyValueSpecification","valueRequired":true,"valueName":"search_term_string"}}],"inLanguage":"fr-FR"},{"@type":"Organization","@id":"https:\/\/www.elle.be\/fr\/#organization","name":"ELLE Belgique","url":"https:\/\/www.elle.be\/fr\/","logo":{"@type":"ImageObject","inLanguage":"fr-FR","@id":"https:\/\/www.elle.be\/fr\/#\/schema\/logo\/image\/","url":"https:\/\/www.elle.be\/fr\/wp-content\/uploads\/2017\/03\/elle-icon-200px.jpeg","contentUrl":"https:\/\/www.elle.be\/fr\/wp-content\/uploads\/2017\/03\/elle-icon-200px.jpeg","width":200,"height":200,"caption":"ELLE Belgique"},"image":{"@id":"https:\/\/www.elle.be\/fr\/#\/schema\/logo\/image\/"},"sameAs":["https:\/\/www.facebook.com\/ELLEbelgium\/","https:\/\/x.com\/ELLEBelgique","http:\/\/instagram.com\/ellebelgique\/","https:\/\/www.pinterest.com\/ellebelgique\/","https:\/\/www.youtube.com\/user\/ELLEbelgique1"]},{"@type":"Person","@id":"https:\/\/www.elle.be\/fr\/#\/schema\/person\/d85555ac5fc7b896def428fc600e53bc","name":"ELLE OS","image":{"@type":"ImageObject","inLanguage":"fr-FR","@id":"https:\/\/secure.gravatar.com\/avatar\/5ae5ebc7abb3cfe4912ab79805ef1048564dc451eb407ab82a740a3e6a2558fa?s=96&r=g","url":"https:\/\/secure.gravatar.com\/avatar\/5ae5ebc7abb3cfe4912ab79805ef1048564dc451eb407ab82a740a3e6a2558fa?s=96&r=g","contentUrl":"https:\/\/secure.gravatar.com\/avatar\/5ae5ebc7abb3cfe4912ab79805ef1048564dc451eb407ab82a740a3e6a2558fa?s=96&r=g","caption":"ELLE OS"},"url":"https:\/\/www.elle.be\/fr\/author\/elle-os"}]}},"_links":{"self":[{"href":"https:\/\/www.elle.be\/fr\/wp-json\/wp\/v2\/posts\/208742","targetHints":{"allow":["GET"]}}],"collection":[{"href":"https:\/\/www.elle.be\/fr\/wp-json\/wp\/v2\/posts"}],"about":[{"href":"https:\/\/www.elle.be\/fr\/wp-json\/wp\/v2\/types\/post"}],"author":[{"embeddable":true,"href":"https:\/\/www.elle.be\/fr\/wp-json\/wp\/v2\/users\/70"}],"replies":[{"embeddable":true,"href":"https:\/\/www.elle.be\/fr\/wp-json\/wp\/v2\/comments?post=208742"}],"version-history":[{"count":4,"href":"https:\/\/www.elle.be\/fr\/wp-json\/wp\/v2\/posts\/208742\/revisions"}],"predecessor-version":[{"id":208754,"href":"https:\/\/www.elle.be\/fr\/wp-json\/wp\/v2\/posts\/208742\/revisions\/208754"}],"wp:featuredmedia":[{"embeddable":true,"href":"https:\/\/www.elle.be\/fr\/wp-json\/wp\/v2\/media\/208743"}],"wp:attachment":[{"href":"https:\/\/www.elle.be\/fr\/wp-json\/wp\/v2\/media?parent=208742"}],"wp:term":[{"taxonomy":"category","embeddable":true,"href":"https:\/\/www.elle.be\/fr\/wp-json\/wp\/v2\/categories?post=208742"},{"taxonomy":"post_tag","embeddable":true,"href":"https:\/\/www.elle.be\/fr\/wp-json\/wp\/v2\/tags?post=208742"}],"curies":[{"name":"wp","href":"https:\/\/api.w.org\/{rel}","templated":true}]}}